{"id":1037,"date":"2023-06-01T07:26:17","date_gmt":"2023-06-01T07:26:17","guid":{"rendered":"https:\/\/www.externacorporativo.com\/suiza-reforma-del-impuesto-de-sociedades-2\/"},"modified":"2023-06-01T07:26:18","modified_gmt":"2023-06-01T07:26:18","slug":"suiza-reforma-del-impuesto-de-sociedades-2","status":"publish","type":"post","link":"https:\/\/www.externacorporativo.com\/es\/suiza-reforma-del-impuesto-de-sociedades-2\/","title":{"rendered":"Suiza: \u2028\u2028Reforma del Impuesto de Sociedades"},"content":{"rendered":"<p><span lang=\"es-ES\">Con el fin de contrarrestar la supresi\u00f3n de los reg\u00edmenes preferenciales del Impuesto de Sociedades, la nueva reforma del Impuesto de Sociedades <\/span><span lang=\"es-ES\">(Corporate Tax Reform III)<\/span><span lang=\"es-ES\"> incluye medidas interesantes para compensar semejantes cambios. <\/span><\/p>\n<p><span lang=\"es-ES\">Principalmente las medidas compensatorias se centran en:<\/span><\/p>\n<ul>\n<li><span lang=\"es-ES\">Una reducci\u00f3n de las tasas generales de impuestos, a discreci\u00f3n de los cantones, de entre un 12% a un 14%.<\/span><\/li>\n<li><span lang=\"es-ES\">L<\/span><span lang=\"es-ES\">a introducci\u00f3n del r\u00e9gimen de <\/span><span lang=\"es-ES\">patent box<\/span><span lang=\"es-ES\"> obligatorio para todos los cantones, aplicable a todas las patentes y a la propiedad intelectual. <\/span><\/li>\n<li><span lang=\"es-ES\">I<\/span>ncentivos de I+D ofreciendo deducciones de 150% en los gastos admisibles, a discreci\u00f3n de los cantones.<\/li>\n<\/ul>\n<p><span lang=\"es-ES\">La reducci\u00f3n combinada de impuestos con la aplicaci\u00f3n de estas medidas ( <\/span><span lang=\"es-ES\">patent box<\/span><span lang=\"es-ES\">, tasas privilegiadas para la liberaci\u00f3n de reservas ocultas, I + D, o NID) se limitar\u00edan a 80% de los impuestos cantonales \/ comunales. <\/span><\/p>\n<p><span lang=\"es-ES\">Con estas nuevas medidas fiscales y teniendo en cuenta los tipos impositivos reducidos cantonales, parece que Suiza mantendr\u00e1 su posici\u00f3n como un lugar atractivo para las empresas a nivel internacional. <\/span><\/p>\n<p><span lang=\"es-ES\">Se espera que las nuevas medidas entren en vigor a partir de 2019. Si se requiriese un refer\u00e9ndum la vigencia de estas reformas podr\u00eda retrasarse un a\u00f1o m\u00e1s.<\/span><\/p>\n","protected":false},"excerpt":{"rendered":"<p>Con el fin de contrarrestar la supresi\u00f3n de los reg\u00edmenes preferenciales del Impuesto de Sociedades, la nueva reforma del Impuesto de Sociedades (Corporate Tax Reform III) incluye medidas interesantes para compensar semejantes cambios. Principalmente las medidas compensatorias se centran en: Una reducci\u00f3n de las tasas generales de impuestos, a discreci\u00f3n de los cantones, de entre [&hellip;]<\/p>\n","protected":false},"author":2,"featured_media":0,"comment_status":"open","ping_status":"open","sticky":false,"template":"","format":"standard","meta":[],"categories":[],"tags":[],"yoast_head":"<!-- This site is optimized with the Yoast SEO plugin v20.0 - https:\/\/yoast.com\/wordpress\/plugins\/seo\/ -->\n<title>Suiza: \u2028\u2028Reforma del Impuesto de Sociedades - Externa<\/title>\n<meta name=\"robots\" content=\"index, follow, max-snippet:-1, max-image-preview:large, max-video-preview:-1\" \/>\n<link rel=\"canonical\" href=\"https:\/\/www.externacorporativo.com\/es\/suiza-reforma-del-impuesto-de-sociedades-2\/\" \/>\n<meta property=\"og:locale\" content=\"es_ES\" \/>\n<meta property=\"og:type\" content=\"article\" \/>\n<meta property=\"og:title\" content=\"Suiza: \u2028\u2028Reforma del Impuesto de Sociedades - Externa\" \/>\n<meta property=\"og:description\" content=\"Con el fin de contrarrestar la supresi\u00f3n de los reg\u00edmenes preferenciales del Impuesto de Sociedades, la nueva reforma del Impuesto de Sociedades (Corporate Tax Reform III) incluye medidas interesantes para compensar semejantes cambios. Principalmente las medidas compensatorias se centran en: Una reducci\u00f3n de las tasas generales de impuestos, a discreci\u00f3n de los cantones, de entre [&hellip;]\" \/>\n<meta property=\"og:url\" content=\"https:\/\/www.externacorporativo.com\/es\/suiza-reforma-del-impuesto-de-sociedades-2\/\" \/>\n<meta property=\"og:site_name\" content=\"Externa\" \/>\n<meta property=\"article:published_time\" content=\"2023-06-01T07:26:17+00:00\" \/>\n<meta property=\"article:modified_time\" content=\"2023-06-01T07:26:18+00:00\" \/>\n<meta name=\"author\" content=\"Programacion\" \/>\n<meta name=\"twitter:card\" content=\"summary_large_image\" \/>\n<meta name=\"twitter:label1\" content=\"Escrito por\" \/>\n\t<meta name=\"twitter:data1\" content=\"Programacion\" \/>\n\t<meta name=\"twitter:label2\" content=\"Tiempo de lectura\" \/>\n\t<meta name=\"twitter:data2\" content=\"1 minuto\" \/>\n<script type=\"application\/ld+json\" class=\"yoast-schema-graph\">{\"@context\":\"https:\/\/schema.org\",\"@graph\":[{\"@type\":\"Article\",\"@id\":\"https:\/\/www.externacorporativo.com\/es\/suiza-reforma-del-impuesto-de-sociedades-2\/#article\",\"isPartOf\":{\"@id\":\"https:\/\/www.externacorporativo.com\/es\/suiza-reforma-del-impuesto-de-sociedades-2\/\"},\"author\":{\"name\":\"Programacion\",\"@id\":\"https:\/\/www.externacorporativo.com\/es\/#\/schema\/person\/bdc7fa484ed4f3510b0ec3c089989e97\"},\"headline\":\"Suiza: \\u2028\\u2028Reforma del Impuesto de Sociedades\",\"datePublished\":\"2023-06-01T07:26:17+00:00\",\"dateModified\":\"2023-06-01T07:26:18+00:00\",\"mainEntityOfPage\":{\"@id\":\"https:\/\/www.externacorporativo.com\/es\/suiza-reforma-del-impuesto-de-sociedades-2\/\"},\"wordCount\":209,\"commentCount\":0,\"publisher\":{\"@id\":\"https:\/\/www.externacorporativo.com\/es\/#organization\"},\"inLanguage\":\"es\",\"potentialAction\":[{\"@type\":\"CommentAction\",\"name\":\"Comment\",\"target\":[\"https:\/\/www.externacorporativo.com\/es\/suiza-reforma-del-impuesto-de-sociedades-2\/#respond\"]}]},{\"@type\":\"WebPage\",\"@id\":\"https:\/\/www.externacorporativo.com\/es\/suiza-reforma-del-impuesto-de-sociedades-2\/\",\"url\":\"https:\/\/www.externacorporativo.com\/es\/suiza-reforma-del-impuesto-de-sociedades-2\/\",\"name\":\"Suiza: \\u2028\\u2028Reforma del Impuesto de Sociedades - Externa\",\"isPartOf\":{\"@id\":\"https:\/\/www.externacorporativo.com\/es\/#website\"},\"datePublished\":\"2023-06-01T07:26:17+00:00\",\"dateModified\":\"2023-06-01T07:26:18+00:00\",\"breadcrumb\":{\"@id\":\"https:\/\/www.externacorporativo.com\/es\/suiza-reforma-del-impuesto-de-sociedades-2\/#breadcrumb\"},\"inLanguage\":\"es\",\"potentialAction\":[{\"@type\":\"ReadAction\",\"target\":[\"https:\/\/www.externacorporativo.com\/es\/suiza-reforma-del-impuesto-de-sociedades-2\/\"]}]},{\"@type\":\"BreadcrumbList\",\"@id\":\"https:\/\/www.externacorporativo.com\/es\/suiza-reforma-del-impuesto-de-sociedades-2\/#breadcrumb\",\"itemListElement\":[{\"@type\":\"ListItem\",\"position\":1,\"name\":\"Portada\",\"item\":\"https:\/\/www.externacorporativo.com\/es\/\"},{\"@type\":\"ListItem\",\"position\":2,\"name\":\"Suiza: \\u2028\\u2028Reforma del Impuesto de Sociedades\"}]},{\"@type\":\"WebSite\",\"@id\":\"https:\/\/www.externacorporativo.com\/es\/#website\",\"url\":\"https:\/\/www.externacorporativo.com\/es\/\",\"name\":\"Externa\",\"description\":\"\",\"publisher\":{\"@id\":\"https:\/\/www.externacorporativo.com\/es\/#organization\"},\"potentialAction\":[{\"@type\":\"SearchAction\",\"target\":{\"@type\":\"EntryPoint\",\"urlTemplate\":\"https:\/\/www.externacorporativo.com\/es\/?s={search_term_string}\"},\"query-input\":\"required name=search_term_string\"}],\"inLanguage\":\"es\"},{\"@type\":\"Organization\",\"@id\":\"https:\/\/www.externacorporativo.com\/es\/#organization\",\"name\":\"Externa\",\"url\":\"https:\/\/www.externacorporativo.com\/es\/\",\"logo\":{\"@type\":\"ImageObject\",\"inLanguage\":\"es\",\"@id\":\"https:\/\/www.externacorporativo.com\/es\/#\/schema\/logo\/image\/\",\"url\":\"https:\/\/www.externacorporativo.com\/wp-content\/uploads\/2023\/04\/Sin-nombre.png\",\"contentUrl\":\"https:\/\/www.externacorporativo.com\/wp-content\/uploads\/2023\/04\/Sin-nombre.png\",\"width\":297,\"height\":109,\"caption\":\"Externa\"},\"image\":{\"@id\":\"https:\/\/www.externacorporativo.com\/es\/#\/schema\/logo\/image\/\"}},{\"@type\":\"Person\",\"@id\":\"https:\/\/www.externacorporativo.com\/es\/#\/schema\/person\/bdc7fa484ed4f3510b0ec3c089989e97\",\"name\":\"Programacion\",\"image\":{\"@type\":\"ImageObject\",\"inLanguage\":\"es\",\"@id\":\"https:\/\/www.externacorporativo.com\/es\/#\/schema\/person\/image\/\",\"url\":\"https:\/\/secure.gravatar.com\/avatar\/b46a7287724b495183c8c832facd7442?s=96&d=mm&r=g\",\"contentUrl\":\"https:\/\/secure.gravatar.com\/avatar\/b46a7287724b495183c8c832facd7442?s=96&d=mm&r=g\",\"caption\":\"Programacion\"},\"url\":\"https:\/\/www.externacorporativo.com\/es\/author\/programacion\/\"}]}<\/script>\n<!-- \/ Yoast SEO plugin. -->","yoast_head_json":{"title":"Suiza: \u2028\u2028Reforma del Impuesto de Sociedades - Externa","robots":{"index":"index","follow":"follow","max-snippet":"max-snippet:-1","max-image-preview":"max-image-preview:large","max-video-preview":"max-video-preview:-1"},"canonical":"https:\/\/www.externacorporativo.com\/es\/suiza-reforma-del-impuesto-de-sociedades-2\/","og_locale":"es_ES","og_type":"article","og_title":"Suiza: \u2028\u2028Reforma del Impuesto de Sociedades - Externa","og_description":"Con el fin de contrarrestar la supresi\u00f3n de los reg\u00edmenes preferenciales del Impuesto de Sociedades, la nueva reforma del Impuesto de Sociedades (Corporate Tax Reform III) incluye medidas interesantes para compensar semejantes cambios. Principalmente las medidas compensatorias se centran en: Una reducci\u00f3n de las tasas generales de impuestos, a discreci\u00f3n de los cantones, de entre [&hellip;]","og_url":"https:\/\/www.externacorporativo.com\/es\/suiza-reforma-del-impuesto-de-sociedades-2\/","og_site_name":"Externa","article_published_time":"2023-06-01T07:26:17+00:00","article_modified_time":"2023-06-01T07:26:18+00:00","author":"Programacion","twitter_card":"summary_large_image","twitter_misc":{"Escrito por":"Programacion","Tiempo de lectura":"1 minuto"},"schema":{"@context":"https:\/\/schema.org","@graph":[{"@type":"Article","@id":"https:\/\/www.externacorporativo.com\/es\/suiza-reforma-del-impuesto-de-sociedades-2\/#article","isPartOf":{"@id":"https:\/\/www.externacorporativo.com\/es\/suiza-reforma-del-impuesto-de-sociedades-2\/"},"author":{"name":"Programacion","@id":"https:\/\/www.externacorporativo.com\/es\/#\/schema\/person\/bdc7fa484ed4f3510b0ec3c089989e97"},"headline":"Suiza: \u2028\u2028Reforma del Impuesto de Sociedades","datePublished":"2023-06-01T07:26:17+00:00","dateModified":"2023-06-01T07:26:18+00:00","mainEntityOfPage":{"@id":"https:\/\/www.externacorporativo.com\/es\/suiza-reforma-del-impuesto-de-sociedades-2\/"},"wordCount":209,"commentCount":0,"publisher":{"@id":"https:\/\/www.externacorporativo.com\/es\/#organization"},"inLanguage":"es","potentialAction":[{"@type":"CommentAction","name":"Comment","target":["https:\/\/www.externacorporativo.com\/es\/suiza-reforma-del-impuesto-de-sociedades-2\/#respond"]}]},{"@type":"WebPage","@id":"https:\/\/www.externacorporativo.com\/es\/suiza-reforma-del-impuesto-de-sociedades-2\/","url":"https:\/\/www.externacorporativo.com\/es\/suiza-reforma-del-impuesto-de-sociedades-2\/","name":"Suiza: \u2028\u2028Reforma del Impuesto de Sociedades - Externa","isPartOf":{"@id":"https:\/\/www.externacorporativo.com\/es\/#website"},"datePublished":"2023-06-01T07:26:17+00:00","dateModified":"2023-06-01T07:26:18+00:00","breadcrumb":{"@id":"https:\/\/www.externacorporativo.com\/es\/suiza-reforma-del-impuesto-de-sociedades-2\/#breadcrumb"},"inLanguage":"es","potentialAction":[{"@type":"ReadAction","target":["https:\/\/www.externacorporativo.com\/es\/suiza-reforma-del-impuesto-de-sociedades-2\/"]}]},{"@type":"BreadcrumbList","@id":"https:\/\/www.externacorporativo.com\/es\/suiza-reforma-del-impuesto-de-sociedades-2\/#breadcrumb","itemListElement":[{"@type":"ListItem","position":1,"name":"Portada","item":"https:\/\/www.externacorporativo.com\/es\/"},{"@type":"ListItem","position":2,"name":"Suiza: \u2028\u2028Reforma del Impuesto de Sociedades"}]},{"@type":"WebSite","@id":"https:\/\/www.externacorporativo.com\/es\/#website","url":"https:\/\/www.externacorporativo.com\/es\/","name":"Externa","description":"","publisher":{"@id":"https:\/\/www.externacorporativo.com\/es\/#organization"},"potentialAction":[{"@type":"SearchAction","target":{"@type":"EntryPoint","urlTemplate":"https:\/\/www.externacorporativo.com\/es\/?s={search_term_string}"},"query-input":"required name=search_term_string"}],"inLanguage":"es"},{"@type":"Organization","@id":"https:\/\/www.externacorporativo.com\/es\/#organization","name":"Externa","url":"https:\/\/www.externacorporativo.com\/es\/","logo":{"@type":"ImageObject","inLanguage":"es","@id":"https:\/\/www.externacorporativo.com\/es\/#\/schema\/logo\/image\/","url":"https:\/\/www.externacorporativo.com\/wp-content\/uploads\/2023\/04\/Sin-nombre.png","contentUrl":"https:\/\/www.externacorporativo.com\/wp-content\/uploads\/2023\/04\/Sin-nombre.png","width":297,"height":109,"caption":"Externa"},"image":{"@id":"https:\/\/www.externacorporativo.com\/es\/#\/schema\/logo\/image\/"}},{"@type":"Person","@id":"https:\/\/www.externacorporativo.com\/es\/#\/schema\/person\/bdc7fa484ed4f3510b0ec3c089989e97","name":"Programacion","image":{"@type":"ImageObject","inLanguage":"es","@id":"https:\/\/www.externacorporativo.com\/es\/#\/schema\/person\/image\/","url":"https:\/\/secure.gravatar.com\/avatar\/b46a7287724b495183c8c832facd7442?s=96&d=mm&r=g","contentUrl":"https:\/\/secure.gravatar.com\/avatar\/b46a7287724b495183c8c832facd7442?s=96&d=mm&r=g","caption":"Programacion"},"url":"https:\/\/www.externacorporativo.com\/es\/author\/programacion\/"}]}},"_links":{"self":[{"href":"https:\/\/www.externacorporativo.com\/es\/wp-json\/wp\/v2\/posts\/1037"}],"collection":[{"href":"https:\/\/www.externacorporativo.com\/es\/wp-json\/wp\/v2\/posts"}],"about":[{"href":"https:\/\/www.externacorporativo.com\/es\/wp-json\/wp\/v2\/types\/post"}],"author":[{"embeddable":true,"href":"https:\/\/www.externacorporativo.com\/es\/wp-json\/wp\/v2\/users\/2"}],"replies":[{"embeddable":true,"href":"https:\/\/www.externacorporativo.com\/es\/wp-json\/wp\/v2\/comments?post=1037"}],"version-history":[{"count":1,"href":"https:\/\/www.externacorporativo.com\/es\/wp-json\/wp\/v2\/posts\/1037\/revisions"}],"predecessor-version":[{"id":1879,"href":"https:\/\/www.externacorporativo.com\/es\/wp-json\/wp\/v2\/posts\/1037\/revisions\/1879"}],"wp:attachment":[{"href":"https:\/\/www.externacorporativo.com\/es\/wp-json\/wp\/v2\/media?parent=1037"}],"wp:term":[{"taxonomy":"category","embeddable":true,"href":"https:\/\/www.externacorporativo.com\/es\/wp-json\/wp\/v2\/categories?post=1037"},{"taxonomy":"post_tag","embeddable":true,"href":"https:\/\/www.externacorporativo.com\/es\/wp-json\/wp\/v2\/tags?post=1037"}],"curies":[{"name":"wp","href":"https:\/\/api.w.org\/{rel}","templated":true}]}}