{"id":1050,"date":"2023-06-01T07:26:20","date_gmt":"2023-06-01T07:26:20","guid":{"rendered":"https:\/\/www.externacorporativo.com\/colombia-modificaciones-en-la-importacion-temporal-de-mercancias\/"},"modified":"2023-06-01T07:26:20","modified_gmt":"2023-06-01T07:26:20","slug":"colombia-modificaciones-en-la-importacion-temporal-de-mercancias","status":"publish","type":"post","link":"https:\/\/www.externacorporativo.com\/es\/colombia-modificaciones-en-la-importacion-temporal-de-mercancias\/","title":{"rendered":"Colombia: Modificaciones en la importaci\u00f3n temporal de mercanc\u00edas"},"content":{"rendered":"<p><span lang=\"es-ES\">La Subdirecci\u00f3n de Gesti\u00f3n Normativa y Doctrina de la DIAN recientemente ha aclarado que, en los casos, en los que una importaci\u00f3n temporal se decida dejar la mercanc\u00eda en el pa\u00eds, el importador deber\u00e1, <\/span><span lang=\"es-ES\">antes del vencimiento del plazo de la importaci\u00f3n temporal<\/span><span lang=\"es-ES\">, modificar la declaraci\u00f3n inicial a una importaci\u00f3n ordinaria, importaci\u00f3n con franquicia o reexportar la mercanc\u00eda pagando, cuando fuera el caso, la totalidad de los tributos aduaneros. <\/span><\/p>\n<p><span lang=\"es-ES\">En los casos de importaciones a corto plazo, el incumplimiento de esta obligaci\u00f3n supondr\u00e1 requisar las mercanc\u00edas, hacer efectiva la garant\u00eda en el importe de los tributos aduaneros y el pago de las correspondientes sanciones. <\/span><\/p>\n<p><span lang=\"es-ES\">Trat\u00e1ndose de importaciones temporales a largo plazo la Autoridad Aduanera deber\u00e1 proferir acto administrativo que declare el incumplimiento y ordene hacer efectiva la garant\u00eda, por el valor correspondiente a las cuotas insolutas m\u00e1s los intereses de mora y la correspondiente sanci\u00f3n.<\/span><\/p>\n","protected":false},"excerpt":{"rendered":"<p>La Subdirecci\u00f3n de Gesti\u00f3n Normativa y Doctrina de la DIAN recientemente ha aclarado que, en los casos, en los que una importaci\u00f3n temporal se decida dejar la mercanc\u00eda en el pa\u00eds, el importador deber\u00e1, antes del vencimiento del plazo de la importaci\u00f3n temporal, modificar la declaraci\u00f3n inicial a una importaci\u00f3n ordinaria, importaci\u00f3n con franquicia o [&hellip;]<\/p>\n","protected":false},"author":2,"featured_media":0,"comment_status":"open","ping_status":"open","sticky":false,"template":"","format":"standard","meta":[],"categories":[],"tags":[],"yoast_head":"<!-- This site is optimized with the Yoast SEO plugin v20.0 - https:\/\/yoast.com\/wordpress\/plugins\/seo\/ -->\n<title>Colombia: Modificaciones en la importaci\u00f3n temporal de mercanc\u00edas - Externa<\/title>\n<meta name=\"robots\" content=\"index, follow, max-snippet:-1, max-image-preview:large, max-video-preview:-1\" \/>\n<link rel=\"canonical\" href=\"https:\/\/www.externacorporativo.com\/es\/colombia-modificaciones-en-la-importacion-temporal-de-mercancias\/\" \/>\n<meta property=\"og:locale\" content=\"es_ES\" \/>\n<meta property=\"og:type\" content=\"article\" \/>\n<meta property=\"og:title\" content=\"Colombia: Modificaciones en la importaci\u00f3n temporal de mercanc\u00edas - Externa\" \/>\n<meta property=\"og:description\" content=\"La Subdirecci\u00f3n de Gesti\u00f3n Normativa y Doctrina de la DIAN recientemente ha aclarado que, en los casos, en los que una importaci\u00f3n temporal se decida dejar la mercanc\u00eda en el pa\u00eds, el importador deber\u00e1, antes del vencimiento del plazo de la importaci\u00f3n temporal, modificar la declaraci\u00f3n inicial a una importaci\u00f3n ordinaria, importaci\u00f3n con franquicia o [&hellip;]\" \/>\n<meta property=\"og:url\" content=\"https:\/\/www.externacorporativo.com\/es\/colombia-modificaciones-en-la-importacion-temporal-de-mercancias\/\" \/>\n<meta property=\"og:site_name\" content=\"Externa\" \/>\n<meta property=\"article:published_time\" content=\"2023-06-01T07:26:20+00:00\" \/>\n<meta name=\"author\" content=\"Programacion\" \/>\n<meta name=\"twitter:card\" content=\"summary_large_image\" \/>\n<meta name=\"twitter:label1\" content=\"Escrito por\" \/>\n\t<meta name=\"twitter:data1\" content=\"Programacion\" \/>\n\t<meta name=\"twitter:label2\" content=\"Tiempo de lectura\" \/>\n\t<meta name=\"twitter:data2\" content=\"1 minuto\" \/>\n<script type=\"application\/ld+json\" class=\"yoast-schema-graph\">{\"@context\":\"https:\/\/schema.org\",\"@graph\":[{\"@type\":\"Article\",\"@id\":\"https:\/\/www.externacorporativo.com\/es\/colombia-modificaciones-en-la-importacion-temporal-de-mercancias\/#article\",\"isPartOf\":{\"@id\":\"https:\/\/www.externacorporativo.com\/es\/colombia-modificaciones-en-la-importacion-temporal-de-mercancias\/\"},\"author\":{\"name\":\"Programacion\",\"@id\":\"https:\/\/www.externacorporativo.com\/es\/#\/schema\/person\/bdc7fa484ed4f3510b0ec3c089989e97\"},\"headline\":\"Colombia: Modificaciones en la importaci\u00f3n temporal de mercanc\u00edas\",\"datePublished\":\"2023-06-01T07:26:20+00:00\",\"dateModified\":\"2023-06-01T07:26:20+00:00\",\"mainEntityOfPage\":{\"@id\":\"https:\/\/www.externacorporativo.com\/es\/colombia-modificaciones-en-la-importacion-temporal-de-mercancias\/\"},\"wordCount\":172,\"commentCount\":0,\"publisher\":{\"@id\":\"https:\/\/www.externacorporativo.com\/es\/#organization\"},\"inLanguage\":\"es\",\"potentialAction\":[{\"@type\":\"CommentAction\",\"name\":\"Comment\",\"target\":[\"https:\/\/www.externacorporativo.com\/es\/colombia-modificaciones-en-la-importacion-temporal-de-mercancias\/#respond\"]}]},{\"@type\":\"WebPage\",\"@id\":\"https:\/\/www.externacorporativo.com\/es\/colombia-modificaciones-en-la-importacion-temporal-de-mercancias\/\",\"url\":\"https:\/\/www.externacorporativo.com\/es\/colombia-modificaciones-en-la-importacion-temporal-de-mercancias\/\",\"name\":\"Colombia: Modificaciones en la importaci\u00f3n temporal de mercanc\u00edas - Externa\",\"isPartOf\":{\"@id\":\"https:\/\/www.externacorporativo.com\/es\/#website\"},\"datePublished\":\"2023-06-01T07:26:20+00:00\",\"dateModified\":\"2023-06-01T07:26:20+00:00\",\"breadcrumb\":{\"@id\":\"https:\/\/www.externacorporativo.com\/es\/colombia-modificaciones-en-la-importacion-temporal-de-mercancias\/#breadcrumb\"},\"inLanguage\":\"es\",\"potentialAction\":[{\"@type\":\"ReadAction\",\"target\":[\"https:\/\/www.externacorporativo.com\/es\/colombia-modificaciones-en-la-importacion-temporal-de-mercancias\/\"]}]},{\"@type\":\"BreadcrumbList\",\"@id\":\"https:\/\/www.externacorporativo.com\/es\/colombia-modificaciones-en-la-importacion-temporal-de-mercancias\/#breadcrumb\",\"itemListElement\":[{\"@type\":\"ListItem\",\"position\":1,\"name\":\"Portada\",\"item\":\"https:\/\/www.externacorporativo.com\/es\/\"},{\"@type\":\"ListItem\",\"position\":2,\"name\":\"Colombia: Modificaciones en la importaci\u00f3n temporal de mercanc\u00edas\"}]},{\"@type\":\"WebSite\",\"@id\":\"https:\/\/www.externacorporativo.com\/es\/#website\",\"url\":\"https:\/\/www.externacorporativo.com\/es\/\",\"name\":\"Externa\",\"description\":\"\",\"publisher\":{\"@id\":\"https:\/\/www.externacorporativo.com\/es\/#organization\"},\"potentialAction\":[{\"@type\":\"SearchAction\",\"target\":{\"@type\":\"EntryPoint\",\"urlTemplate\":\"https:\/\/www.externacorporativo.com\/es\/?s={search_term_string}\"},\"query-input\":\"required name=search_term_string\"}],\"inLanguage\":\"es\"},{\"@type\":\"Organization\",\"@id\":\"https:\/\/www.externacorporativo.com\/es\/#organization\",\"name\":\"Externa\",\"url\":\"https:\/\/www.externacorporativo.com\/es\/\",\"logo\":{\"@type\":\"ImageObject\",\"inLanguage\":\"es\",\"@id\":\"https:\/\/www.externacorporativo.com\/es\/#\/schema\/logo\/image\/\",\"url\":\"https:\/\/www.externacorporativo.com\/wp-content\/uploads\/2023\/04\/Sin-nombre.png\",\"contentUrl\":\"https:\/\/www.externacorporativo.com\/wp-content\/uploads\/2023\/04\/Sin-nombre.png\",\"width\":297,\"height\":109,\"caption\":\"Externa\"},\"image\":{\"@id\":\"https:\/\/www.externacorporativo.com\/es\/#\/schema\/logo\/image\/\"}},{\"@type\":\"Person\",\"@id\":\"https:\/\/www.externacorporativo.com\/es\/#\/schema\/person\/bdc7fa484ed4f3510b0ec3c089989e97\",\"name\":\"Programacion\",\"image\":{\"@type\":\"ImageObject\",\"inLanguage\":\"es\",\"@id\":\"https:\/\/www.externacorporativo.com\/es\/#\/schema\/person\/image\/\",\"url\":\"https:\/\/secure.gravatar.com\/avatar\/b46a7287724b495183c8c832facd7442?s=96&d=mm&r=g\",\"contentUrl\":\"https:\/\/secure.gravatar.com\/avatar\/b46a7287724b495183c8c832facd7442?s=96&d=mm&r=g\",\"caption\":\"Programacion\"},\"url\":\"https:\/\/www.externacorporativo.com\/es\/author\/programacion\/\"}]}<\/script>\n<!-- \/ Yoast SEO plugin. -->","yoast_head_json":{"title":"Colombia: Modificaciones en la importaci\u00f3n temporal de mercanc\u00edas - Externa","robots":{"index":"index","follow":"follow","max-snippet":"max-snippet:-1","max-image-preview":"max-image-preview:large","max-video-preview":"max-video-preview:-1"},"canonical":"https:\/\/www.externacorporativo.com\/es\/colombia-modificaciones-en-la-importacion-temporal-de-mercancias\/","og_locale":"es_ES","og_type":"article","og_title":"Colombia: Modificaciones en la importaci\u00f3n temporal de mercanc\u00edas - Externa","og_description":"La Subdirecci\u00f3n de Gesti\u00f3n Normativa y Doctrina de la DIAN recientemente ha aclarado que, en los casos, en los que una importaci\u00f3n temporal se decida dejar la mercanc\u00eda en el pa\u00eds, el importador deber\u00e1, antes del vencimiento del plazo de la importaci\u00f3n temporal, modificar la declaraci\u00f3n inicial a una importaci\u00f3n ordinaria, importaci\u00f3n con franquicia o [&hellip;]","og_url":"https:\/\/www.externacorporativo.com\/es\/colombia-modificaciones-en-la-importacion-temporal-de-mercancias\/","og_site_name":"Externa","article_published_time":"2023-06-01T07:26:20+00:00","author":"Programacion","twitter_card":"summary_large_image","twitter_misc":{"Escrito por":"Programacion","Tiempo de lectura":"1 minuto"},"schema":{"@context":"https:\/\/schema.org","@graph":[{"@type":"Article","@id":"https:\/\/www.externacorporativo.com\/es\/colombia-modificaciones-en-la-importacion-temporal-de-mercancias\/#article","isPartOf":{"@id":"https:\/\/www.externacorporativo.com\/es\/colombia-modificaciones-en-la-importacion-temporal-de-mercancias\/"},"author":{"name":"Programacion","@id":"https:\/\/www.externacorporativo.com\/es\/#\/schema\/person\/bdc7fa484ed4f3510b0ec3c089989e97"},"headline":"Colombia: Modificaciones en la importaci\u00f3n temporal de mercanc\u00edas","datePublished":"2023-06-01T07:26:20+00:00","dateModified":"2023-06-01T07:26:20+00:00","mainEntityOfPage":{"@id":"https:\/\/www.externacorporativo.com\/es\/colombia-modificaciones-en-la-importacion-temporal-de-mercancias\/"},"wordCount":172,"commentCount":0,"publisher":{"@id":"https:\/\/www.externacorporativo.com\/es\/#organization"},"inLanguage":"es","potentialAction":[{"@type":"CommentAction","name":"Comment","target":["https:\/\/www.externacorporativo.com\/es\/colombia-modificaciones-en-la-importacion-temporal-de-mercancias\/#respond"]}]},{"@type":"WebPage","@id":"https:\/\/www.externacorporativo.com\/es\/colombia-modificaciones-en-la-importacion-temporal-de-mercancias\/","url":"https:\/\/www.externacorporativo.com\/es\/colombia-modificaciones-en-la-importacion-temporal-de-mercancias\/","name":"Colombia: Modificaciones en la importaci\u00f3n temporal de mercanc\u00edas - Externa","isPartOf":{"@id":"https:\/\/www.externacorporativo.com\/es\/#website"},"datePublished":"2023-06-01T07:26:20+00:00","dateModified":"2023-06-01T07:26:20+00:00","breadcrumb":{"@id":"https:\/\/www.externacorporativo.com\/es\/colombia-modificaciones-en-la-importacion-temporal-de-mercancias\/#breadcrumb"},"inLanguage":"es","potentialAction":[{"@type":"ReadAction","target":["https:\/\/www.externacorporativo.com\/es\/colombia-modificaciones-en-la-importacion-temporal-de-mercancias\/"]}]},{"@type":"BreadcrumbList","@id":"https:\/\/www.externacorporativo.com\/es\/colombia-modificaciones-en-la-importacion-temporal-de-mercancias\/#breadcrumb","itemListElement":[{"@type":"ListItem","position":1,"name":"Portada","item":"https:\/\/www.externacorporativo.com\/es\/"},{"@type":"ListItem","position":2,"name":"Colombia: Modificaciones en la importaci\u00f3n temporal de mercanc\u00edas"}]},{"@type":"WebSite","@id":"https:\/\/www.externacorporativo.com\/es\/#website","url":"https:\/\/www.externacorporativo.com\/es\/","name":"Externa","description":"","publisher":{"@id":"https:\/\/www.externacorporativo.com\/es\/#organization"},"potentialAction":[{"@type":"SearchAction","target":{"@type":"EntryPoint","urlTemplate":"https:\/\/www.externacorporativo.com\/es\/?s={search_term_string}"},"query-input":"required name=search_term_string"}],"inLanguage":"es"},{"@type":"Organization","@id":"https:\/\/www.externacorporativo.com\/es\/#organization","name":"Externa","url":"https:\/\/www.externacorporativo.com\/es\/","logo":{"@type":"ImageObject","inLanguage":"es","@id":"https:\/\/www.externacorporativo.com\/es\/#\/schema\/logo\/image\/","url":"https:\/\/www.externacorporativo.com\/wp-content\/uploads\/2023\/04\/Sin-nombre.png","contentUrl":"https:\/\/www.externacorporativo.com\/wp-content\/uploads\/2023\/04\/Sin-nombre.png","width":297,"height":109,"caption":"Externa"},"image":{"@id":"https:\/\/www.externacorporativo.com\/es\/#\/schema\/logo\/image\/"}},{"@type":"Person","@id":"https:\/\/www.externacorporativo.com\/es\/#\/schema\/person\/bdc7fa484ed4f3510b0ec3c089989e97","name":"Programacion","image":{"@type":"ImageObject","inLanguage":"es","@id":"https:\/\/www.externacorporativo.com\/es\/#\/schema\/person\/image\/","url":"https:\/\/secure.gravatar.com\/avatar\/b46a7287724b495183c8c832facd7442?s=96&d=mm&r=g","contentUrl":"https:\/\/secure.gravatar.com\/avatar\/b46a7287724b495183c8c832facd7442?s=96&d=mm&r=g","caption":"Programacion"},"url":"https:\/\/www.externacorporativo.com\/es\/author\/programacion\/"}]}},"_links":{"self":[{"href":"https:\/\/www.externacorporativo.com\/es\/wp-json\/wp\/v2\/posts\/1050"}],"collection":[{"href":"https:\/\/www.externacorporativo.com\/es\/wp-json\/wp\/v2\/posts"}],"about":[{"href":"https:\/\/www.externacorporativo.com\/es\/wp-json\/wp\/v2\/types\/post"}],"author":[{"embeddable":true,"href":"https:\/\/www.externacorporativo.com\/es\/wp-json\/wp\/v2\/users\/2"}],"replies":[{"embeddable":true,"href":"https:\/\/www.externacorporativo.com\/es\/wp-json\/wp\/v2\/comments?post=1050"}],"version-history":[{"count":1,"href":"https:\/\/www.externacorporativo.com\/es\/wp-json\/wp\/v2\/posts\/1050\/revisions"}],"predecessor-version":[{"id":1892,"href":"https:\/\/www.externacorporativo.com\/es\/wp-json\/wp\/v2\/posts\/1050\/revisions\/1892"}],"wp:attachment":[{"href":"https:\/\/www.externacorporativo.com\/es\/wp-json\/wp\/v2\/media?parent=1050"}],"wp:term":[{"taxonomy":"category","embeddable":true,"href":"https:\/\/www.externacorporativo.com\/es\/wp-json\/wp\/v2\/categories?post=1050"},{"taxonomy":"post_tag","embeddable":true,"href":"https:\/\/www.externacorporativo.com\/es\/wp-json\/wp\/v2\/tags?post=1050"}],"curies":[{"name":"wp","href":"https:\/\/api.w.org\/{rel}","templated":true}]}}