{"id":1081,"date":"2023-06-01T07:26:23","date_gmt":"2023-06-01T07:26:23","guid":{"rendered":"https:\/\/www.externacorporativo.com\/panama-3\/"},"modified":"2023-06-01T07:26:24","modified_gmt":"2023-06-01T07:26:24","slug":"panama-3","status":"publish","type":"post","link":"https:\/\/www.externacorporativo.com\/es\/panama-3\/","title":{"rendered":"PANAM\u00c1"},"content":{"rendered":"<p>Hacia la transparencia fiscal.<\/p>\n<p>El Gobierno de Panam\u00e1 aprob\u00f3 el pasado seis de septiembre, en su Consejo de Ministros, dos proyectos de ley en materia de transparencia fiscal, uno sobre el intercambio de informaci\u00f3n y otro sobre empresas abiertas en Panam\u00e1 que no operen en el pa\u00eds.<\/p>\n<p>El inter\u00e9s del gobierno paname\u00f1o, se refuerza sin duda este septiembre, con la aprobaci\u00f3n del Banco Mundial en la misma semana, de un pr\u00e9stamo de US$300 millones para apoyar los esfuerzos de este pa\u00eds en fortalecer la transparencia tributaria internacional, la integridad financiera y la gesti\u00f3n fiscal.<\/p>\n<p>Los nuevos borradores autorizan al Ministerio de Econom\u00eda y Finanzas (MEF) para solicitar, recabar y recibir la informaci\u00f3n fiscal; facultan a fiscalizar que las fuentes privadas cuenten con mecanismos y procedimientos de control interno; as\u00ed como a enviar informaci\u00f3n a los Estados Contratantes o Partes en cumplimiento de los convenios de intercambio.<\/p>\n<p>Estos proyectos de ley, que deber\u00e1n ser presentados al Parlamento, recogen as\u00ed mismo, multas de entre 500 y 10.000 d\u00f3lares para las \u00abfuentes privadas\u00bb y de 5.000 a 50.000 para las instituciones financieras, que incumplan con las obligaciones del proyecto de ley.<\/p>\n<p>Respecto a las personas jur\u00eddicas \u00abque no realicen operaciones que se perfeccionen, consuman o surtan sus efectos dentro de la Rep\u00fablica de Panam\u00e1\u00bb, se obligar\u00e1 a mantener registros contables y documentaci\u00f3n de respaldo de estas empresas por un periodo no menor a cinco a\u00f1os.<\/p>\n<p>Adem\u00e1s, se prev\u00e9 que puedan ser objeto de sanciones econ\u00f3micas e incluso de disoluci\u00f3n si deben el pago de la Tasa \u00danica por un per\u00edodo prolongado (de inicio tres a\u00f1os), o que deban el pago de alguna multa o sanci\u00f3n impuesta.<\/p>\n<p>En estos casos se suspender\u00e1n los derechos corporativos de la inscripci\u00f3n en el Registro P\u00fablico, y las sociedades no podr\u00e1n iniciar procesos legales, realizar negocios o disponer de sus activos. Cuando se inscribe la suspensi\u00f3n, se iniciar\u00e1 un per\u00edodo de disoluci\u00f3n de dos a\u00f1os, en este lapso, dejan abierta la puerta a los representantes de la sociedad para solicitar su reactivaci\u00f3n previo pago de una multa y la subsanaci\u00f3n de los motivos de la suspensi\u00f3n.<\/p>\n","protected":false},"excerpt":{"rendered":"<p>Hacia la transparencia fiscal. El Gobierno de Panam\u00e1 aprob\u00f3 el pasado seis de septiembre, en su Consejo de Ministros, dos proyectos de ley en materia de transparencia fiscal, uno sobre el intercambio de informaci\u00f3n y otro sobre empresas abiertas en Panam\u00e1 que no operen en el pa\u00eds. El inter\u00e9s del gobierno paname\u00f1o, se refuerza sin [&hellip;]<\/p>\n","protected":false},"author":2,"featured_media":0,"comment_status":"open","ping_status":"open","sticky":false,"template":"","format":"standard","meta":[],"categories":[],"tags":[],"yoast_head":"<!-- This site is optimized with the Yoast SEO plugin v20.0 - https:\/\/yoast.com\/wordpress\/plugins\/seo\/ -->\n<title>PANAM\u00c1 - Externa<\/title>\n<meta name=\"robots\" content=\"index, follow, max-snippet:-1, max-image-preview:large, max-video-preview:-1\" \/>\n<link rel=\"canonical\" href=\"https:\/\/www.externacorporativo.com\/es\/panama-3\/\" \/>\n<meta property=\"og:locale\" content=\"es_ES\" \/>\n<meta property=\"og:type\" content=\"article\" \/>\n<meta property=\"og:title\" content=\"PANAM\u00c1 - Externa\" \/>\n<meta property=\"og:description\" content=\"Hacia la transparencia fiscal. El Gobierno de Panam\u00e1 aprob\u00f3 el pasado seis de septiembre, en su Consejo de Ministros, dos proyectos de ley en materia de transparencia fiscal, uno sobre el intercambio de informaci\u00f3n y otro sobre empresas abiertas en Panam\u00e1 que no operen en el pa\u00eds. El inter\u00e9s del gobierno paname\u00f1o, se refuerza sin [&hellip;]\" \/>\n<meta property=\"og:url\" content=\"https:\/\/www.externacorporativo.com\/es\/panama-3\/\" \/>\n<meta property=\"og:site_name\" content=\"Externa\" \/>\n<meta property=\"article:published_time\" content=\"2023-06-01T07:26:23+00:00\" \/>\n<meta property=\"article:modified_time\" content=\"2023-06-01T07:26:24+00:00\" \/>\n<meta name=\"author\" content=\"Programacion\" \/>\n<meta name=\"twitter:card\" content=\"summary_large_image\" \/>\n<meta name=\"twitter:label1\" content=\"Escrito por\" \/>\n\t<meta name=\"twitter:data1\" content=\"Programacion\" \/>\n\t<meta name=\"twitter:label2\" content=\"Tiempo de lectura\" \/>\n\t<meta name=\"twitter:data2\" content=\"2 minutos\" \/>\n<script type=\"application\/ld+json\" class=\"yoast-schema-graph\">{\"@context\":\"https:\/\/schema.org\",\"@graph\":[{\"@type\":\"Article\",\"@id\":\"https:\/\/www.externacorporativo.com\/es\/panama-3\/#article\",\"isPartOf\":{\"@id\":\"https:\/\/www.externacorporativo.com\/es\/panama-3\/\"},\"author\":{\"name\":\"Programacion\",\"@id\":\"https:\/\/www.externacorporativo.com\/es\/#\/schema\/person\/bdc7fa484ed4f3510b0ec3c089989e97\"},\"headline\":\"PANAM\u00c1\",\"datePublished\":\"2023-06-01T07:26:23+00:00\",\"dateModified\":\"2023-06-01T07:26:24+00:00\",\"mainEntityOfPage\":{\"@id\":\"https:\/\/www.externacorporativo.com\/es\/panama-3\/\"},\"wordCount\":379,\"commentCount\":0,\"publisher\":{\"@id\":\"https:\/\/www.externacorporativo.com\/es\/#organization\"},\"inLanguage\":\"es\",\"potentialAction\":[{\"@type\":\"CommentAction\",\"name\":\"Comment\",\"target\":[\"https:\/\/www.externacorporativo.com\/es\/panama-3\/#respond\"]}]},{\"@type\":\"WebPage\",\"@id\":\"https:\/\/www.externacorporativo.com\/es\/panama-3\/\",\"url\":\"https:\/\/www.externacorporativo.com\/es\/panama-3\/\",\"name\":\"PANAM\u00c1 - Externa\",\"isPartOf\":{\"@id\":\"https:\/\/www.externacorporativo.com\/es\/#website\"},\"datePublished\":\"2023-06-01T07:26:23+00:00\",\"dateModified\":\"2023-06-01T07:26:24+00:00\",\"breadcrumb\":{\"@id\":\"https:\/\/www.externacorporativo.com\/es\/panama-3\/#breadcrumb\"},\"inLanguage\":\"es\",\"potentialAction\":[{\"@type\":\"ReadAction\",\"target\":[\"https:\/\/www.externacorporativo.com\/es\/panama-3\/\"]}]},{\"@type\":\"BreadcrumbList\",\"@id\":\"https:\/\/www.externacorporativo.com\/es\/panama-3\/#breadcrumb\",\"itemListElement\":[{\"@type\":\"ListItem\",\"position\":1,\"name\":\"Portada\",\"item\":\"https:\/\/www.externacorporativo.com\/es\/\"},{\"@type\":\"ListItem\",\"position\":2,\"name\":\"PANAM\u00c1\"}]},{\"@type\":\"WebSite\",\"@id\":\"https:\/\/www.externacorporativo.com\/es\/#website\",\"url\":\"https:\/\/www.externacorporativo.com\/es\/\",\"name\":\"Externa\",\"description\":\"\",\"publisher\":{\"@id\":\"https:\/\/www.externacorporativo.com\/es\/#organization\"},\"potentialAction\":[{\"@type\":\"SearchAction\",\"target\":{\"@type\":\"EntryPoint\",\"urlTemplate\":\"https:\/\/www.externacorporativo.com\/es\/?s={search_term_string}\"},\"query-input\":\"required name=search_term_string\"}],\"inLanguage\":\"es\"},{\"@type\":\"Organization\",\"@id\":\"https:\/\/www.externacorporativo.com\/es\/#organization\",\"name\":\"Externa\",\"url\":\"https:\/\/www.externacorporativo.com\/es\/\",\"logo\":{\"@type\":\"ImageObject\",\"inLanguage\":\"es\",\"@id\":\"https:\/\/www.externacorporativo.com\/es\/#\/schema\/logo\/image\/\",\"url\":\"https:\/\/www.externacorporativo.com\/wp-content\/uploads\/2023\/04\/Sin-nombre.png\",\"contentUrl\":\"https:\/\/www.externacorporativo.com\/wp-content\/uploads\/2023\/04\/Sin-nombre.png\",\"width\":297,\"height\":109,\"caption\":\"Externa\"},\"image\":{\"@id\":\"https:\/\/www.externacorporativo.com\/es\/#\/schema\/logo\/image\/\"}},{\"@type\":\"Person\",\"@id\":\"https:\/\/www.externacorporativo.com\/es\/#\/schema\/person\/bdc7fa484ed4f3510b0ec3c089989e97\",\"name\":\"Programacion\",\"image\":{\"@type\":\"ImageObject\",\"inLanguage\":\"es\",\"@id\":\"https:\/\/www.externacorporativo.com\/es\/#\/schema\/person\/image\/\",\"url\":\"https:\/\/secure.gravatar.com\/avatar\/b46a7287724b495183c8c832facd7442?s=96&d=mm&r=g\",\"contentUrl\":\"https:\/\/secure.gravatar.com\/avatar\/b46a7287724b495183c8c832facd7442?s=96&d=mm&r=g\",\"caption\":\"Programacion\"},\"url\":\"https:\/\/www.externacorporativo.com\/es\/author\/programacion\/\"}]}<\/script>\n<!-- \/ Yoast SEO plugin. -->","yoast_head_json":{"title":"PANAM\u00c1 - Externa","robots":{"index":"index","follow":"follow","max-snippet":"max-snippet:-1","max-image-preview":"max-image-preview:large","max-video-preview":"max-video-preview:-1"},"canonical":"https:\/\/www.externacorporativo.com\/es\/panama-3\/","og_locale":"es_ES","og_type":"article","og_title":"PANAM\u00c1 - Externa","og_description":"Hacia la transparencia fiscal. El Gobierno de Panam\u00e1 aprob\u00f3 el pasado seis de septiembre, en su Consejo de Ministros, dos proyectos de ley en materia de transparencia fiscal, uno sobre el intercambio de informaci\u00f3n y otro sobre empresas abiertas en Panam\u00e1 que no operen en el pa\u00eds. El inter\u00e9s del gobierno paname\u00f1o, se refuerza sin [&hellip;]","og_url":"https:\/\/www.externacorporativo.com\/es\/panama-3\/","og_site_name":"Externa","article_published_time":"2023-06-01T07:26:23+00:00","article_modified_time":"2023-06-01T07:26:24+00:00","author":"Programacion","twitter_card":"summary_large_image","twitter_misc":{"Escrito por":"Programacion","Tiempo de lectura":"2 minutos"},"schema":{"@context":"https:\/\/schema.org","@graph":[{"@type":"Article","@id":"https:\/\/www.externacorporativo.com\/es\/panama-3\/#article","isPartOf":{"@id":"https:\/\/www.externacorporativo.com\/es\/panama-3\/"},"author":{"name":"Programacion","@id":"https:\/\/www.externacorporativo.com\/es\/#\/schema\/person\/bdc7fa484ed4f3510b0ec3c089989e97"},"headline":"PANAM\u00c1","datePublished":"2023-06-01T07:26:23+00:00","dateModified":"2023-06-01T07:26:24+00:00","mainEntityOfPage":{"@id":"https:\/\/www.externacorporativo.com\/es\/panama-3\/"},"wordCount":379,"commentCount":0,"publisher":{"@id":"https:\/\/www.externacorporativo.com\/es\/#organization"},"inLanguage":"es","potentialAction":[{"@type":"CommentAction","name":"Comment","target":["https:\/\/www.externacorporativo.com\/es\/panama-3\/#respond"]}]},{"@type":"WebPage","@id":"https:\/\/www.externacorporativo.com\/es\/panama-3\/","url":"https:\/\/www.externacorporativo.com\/es\/panama-3\/","name":"PANAM\u00c1 - Externa","isPartOf":{"@id":"https:\/\/www.externacorporativo.com\/es\/#website"},"datePublished":"2023-06-01T07:26:23+00:00","dateModified":"2023-06-01T07:26:24+00:00","breadcrumb":{"@id":"https:\/\/www.externacorporativo.com\/es\/panama-3\/#breadcrumb"},"inLanguage":"es","potentialAction":[{"@type":"ReadAction","target":["https:\/\/www.externacorporativo.com\/es\/panama-3\/"]}]},{"@type":"BreadcrumbList","@id":"https:\/\/www.externacorporativo.com\/es\/panama-3\/#breadcrumb","itemListElement":[{"@type":"ListItem","position":1,"name":"Portada","item":"https:\/\/www.externacorporativo.com\/es\/"},{"@type":"ListItem","position":2,"name":"PANAM\u00c1"}]},{"@type":"WebSite","@id":"https:\/\/www.externacorporativo.com\/es\/#website","url":"https:\/\/www.externacorporativo.com\/es\/","name":"Externa","description":"","publisher":{"@id":"https:\/\/www.externacorporativo.com\/es\/#organization"},"potentialAction":[{"@type":"SearchAction","target":{"@type":"EntryPoint","urlTemplate":"https:\/\/www.externacorporativo.com\/es\/?s={search_term_string}"},"query-input":"required name=search_term_string"}],"inLanguage":"es"},{"@type":"Organization","@id":"https:\/\/www.externacorporativo.com\/es\/#organization","name":"Externa","url":"https:\/\/www.externacorporativo.com\/es\/","logo":{"@type":"ImageObject","inLanguage":"es","@id":"https:\/\/www.externacorporativo.com\/es\/#\/schema\/logo\/image\/","url":"https:\/\/www.externacorporativo.com\/wp-content\/uploads\/2023\/04\/Sin-nombre.png","contentUrl":"https:\/\/www.externacorporativo.com\/wp-content\/uploads\/2023\/04\/Sin-nombre.png","width":297,"height":109,"caption":"Externa"},"image":{"@id":"https:\/\/www.externacorporativo.com\/es\/#\/schema\/logo\/image\/"}},{"@type":"Person","@id":"https:\/\/www.externacorporativo.com\/es\/#\/schema\/person\/bdc7fa484ed4f3510b0ec3c089989e97","name":"Programacion","image":{"@type":"ImageObject","inLanguage":"es","@id":"https:\/\/www.externacorporativo.com\/es\/#\/schema\/person\/image\/","url":"https:\/\/secure.gravatar.com\/avatar\/b46a7287724b495183c8c832facd7442?s=96&d=mm&r=g","contentUrl":"https:\/\/secure.gravatar.com\/avatar\/b46a7287724b495183c8c832facd7442?s=96&d=mm&r=g","caption":"Programacion"},"url":"https:\/\/www.externacorporativo.com\/es\/author\/programacion\/"}]}},"_links":{"self":[{"href":"https:\/\/www.externacorporativo.com\/es\/wp-json\/wp\/v2\/posts\/1081"}],"collection":[{"href":"https:\/\/www.externacorporativo.com\/es\/wp-json\/wp\/v2\/posts"}],"about":[{"href":"https:\/\/www.externacorporativo.com\/es\/wp-json\/wp\/v2\/types\/post"}],"author":[{"embeddable":true,"href":"https:\/\/www.externacorporativo.com\/es\/wp-json\/wp\/v2\/users\/2"}],"replies":[{"embeddable":true,"href":"https:\/\/www.externacorporativo.com\/es\/wp-json\/wp\/v2\/comments?post=1081"}],"version-history":[{"count":1,"href":"https:\/\/www.externacorporativo.com\/es\/wp-json\/wp\/v2\/posts\/1081\/revisions"}],"predecessor-version":[{"id":1923,"href":"https:\/\/www.externacorporativo.com\/es\/wp-json\/wp\/v2\/posts\/1081\/revisions\/1923"}],"wp:attachment":[{"href":"https:\/\/www.externacorporativo.com\/es\/wp-json\/wp\/v2\/media?parent=1081"}],"wp:term":[{"taxonomy":"category","embeddable":true,"href":"https:\/\/www.externacorporativo.com\/es\/wp-json\/wp\/v2\/categories?post=1081"},{"taxonomy":"post_tag","embeddable":true,"href":"https:\/\/www.externacorporativo.com\/es\/wp-json\/wp\/v2\/tags?post=1081"}],"curies":[{"name":"wp","href":"https:\/\/api.w.org\/{rel}","templated":true}]}}