{"id":1082,"date":"2023-06-01T07:26:23","date_gmt":"2023-06-01T07:26:23","guid":{"rendered":"https:\/\/www.externacorporativo.com\/espana-2\/"},"modified":"2023-06-01T07:26:25","modified_gmt":"2023-06-01T07:26:25","slug":"espana-2","status":"publish","type":"post","link":"https:\/\/www.externacorporativo.com\/es\/espana-2\/","title":{"rendered":"ESPA\u00d1A"},"content":{"rendered":"<p>TJUE: Contratos fijos y temporales, \u00bfindemnizaci\u00f3n similar?<\/p>\n<p>El Tribunal de Justicia de la Uni\u00f3n Europea (TJUE) ha dictado una sorprendente sentencia el pasado 14 de septiembre en relaci\u00f3n a la indemnizaci\u00f3n que debe percibir un trabajador interino por la terminaci\u00f3n legal de su contrato, realizando una novedosa interpretaci\u00f3n de la normativa espa\u00f1ola.<\/p>\n<p>El TJUE en aplicaci\u00f3n del principio de no discriminaci\u00f3n, considera que, si se realiza un trabajo id\u00e9ntico y comparable, no es relevante que el contrato laboral sea indefinido o temporal a la hora de considerar los importes de indemnizaci\u00f3n por terminaci\u00f3n legal del mismo.<\/p>\n<p>El juicio comparativo respecto a si la naturaleza y condiciones del trabajo realizado son realmente similares y comparables en los casos de contrataci\u00f3n laboral temporal\/interino, con las de los trabajadores indefinidos en puestos semejantes, es lo que determinar\u00e1 que esta sentencia no sea considerada de aplicaci\u00f3n autom\u00e1tica de acuerdo a su contenido, que en ning\u00fan caso establece un principio general de equiparaci\u00f3n de las indemnizaciones pertinentes.<\/p>\n<p>Adem\u00e1s, habr\u00e1 que esperar a la reacci\u00f3n en el marco de las relaciones laborales en Espa\u00f1a y a la interpretaci\u00f3n que de la misma realizan los \u00f3rganos judiciales para conocer el alcance exacto de la misma.<\/p>\n<p>Sin embargo, aun en el caso de que el legislador no traspusiese la normativa que le marca la UE, o se retrasara, lo que es evidente es que se ha abierto una v\u00eda para reclamar ante los jueces espa\u00f1oles.<\/p>\n<p>TJUE: Deducciones de IVA a pesar de incumplimientos formales.<\/p>\n<p>Otras sentencias destacadas del Tribunal de Justicia de la UE, se han dictado este 15 de septiembre respecto al cumplimiento de las obligaciones del IVA y a la deducci\u00f3n del mismo. En ellas, este Tribunal destaca que en algunos Estados Miembros, las autoridades fiscales rechazan de inicio la deducci\u00f3n del IVA soportado por incumplimiento de motivos formales, con las graves repercusiones que ello ocasiona a las empresas afectadas.<\/p>\n<p>Estas sentencias subrayan que el derecho de los sujetos pasivos a deducir el IVA soportado por los bienes y servicios recibidos constituye un principio fundamental del sistema com\u00fan del IVA establecido por la UE, y que exige que se conceda la deducci\u00f3n del IVA soportado si se cumplen los requisitos materiales, aun cuando los sujetos pasivos hayan omitido determinados requisitos formales.<\/p>\n<p>El TJUE se\u00f1ala con absoluta claridad que siempre que la Administraci\u00f3n fiscal disponga de los datos necesarios para determinar que se cumplen los requisitos materiales, no puede imponer, respecto al derecho de deducir este impuesto, requisitos adicionales que puedan tener como efecto la imposibilidad absoluta de ejercer tal derecho.<\/p>\n<p>Adem\u00e1s, clarifica que \u201cuna cosa es la ausencia total de factura y otra, que la misma adolezca de alg\u00fan defecto que pueda ser objeto de subsanaci\u00f3n\u201d; y que puede aceptarse tanto la rectificaci\u00f3n de la factura con efectos retroactivos como la aportaci\u00f3n de otros medios de prueba para verificar que se cumplen los requisitos materiales para ejercitar el derecho a la deducci\u00f3n.<\/p>\n","protected":false},"excerpt":{"rendered":"<p>TJUE: Contratos fijos y temporales, \u00bfindemnizaci\u00f3n similar? El Tribunal de Justicia de la Uni\u00f3n Europea (TJUE) ha dictado una sorprendente sentencia el pasado 14 de septiembre en relaci\u00f3n a la indemnizaci\u00f3n que debe percibir un trabajador interino por la terminaci\u00f3n legal de su contrato, realizando una novedosa interpretaci\u00f3n de la normativa espa\u00f1ola. El TJUE en [&hellip;]<\/p>\n","protected":false},"author":2,"featured_media":0,"comment_status":"open","ping_status":"open","sticky":false,"template":"","format":"standard","meta":[],"categories":[],"tags":[],"yoast_head":"<!-- This site is optimized with the Yoast SEO plugin v20.0 - https:\/\/yoast.com\/wordpress\/plugins\/seo\/ -->\n<title>ESPA\u00d1A - Externa<\/title>\n<meta name=\"robots\" content=\"index, follow, max-snippet:-1, max-image-preview:large, max-video-preview:-1\" \/>\n<link rel=\"canonical\" href=\"https:\/\/www.externacorporativo.com\/es\/espana-2\/\" \/>\n<meta property=\"og:locale\" content=\"es_ES\" \/>\n<meta property=\"og:type\" content=\"article\" \/>\n<meta property=\"og:title\" content=\"ESPA\u00d1A - Externa\" \/>\n<meta property=\"og:description\" content=\"TJUE: Contratos fijos y temporales, \u00bfindemnizaci\u00f3n similar? El Tribunal de Justicia de la Uni\u00f3n Europea (TJUE) ha dictado una sorprendente sentencia el pasado 14 de septiembre en relaci\u00f3n a la indemnizaci\u00f3n que debe percibir un trabajador interino por la terminaci\u00f3n legal de su contrato, realizando una novedosa interpretaci\u00f3n de la normativa espa\u00f1ola. El TJUE en [&hellip;]\" \/>\n<meta property=\"og:url\" content=\"https:\/\/www.externacorporativo.com\/es\/espana-2\/\" \/>\n<meta property=\"og:site_name\" content=\"Externa\" \/>\n<meta property=\"article:published_time\" content=\"2023-06-01T07:26:23+00:00\" \/>\n<meta property=\"article:modified_time\" content=\"2023-06-01T07:26:25+00:00\" \/>\n<meta name=\"author\" content=\"Programacion\" \/>\n<meta name=\"twitter:card\" content=\"summary_large_image\" \/>\n<meta name=\"twitter:label1\" content=\"Escrito por\" \/>\n\t<meta name=\"twitter:data1\" content=\"Programacion\" \/>\n\t<meta name=\"twitter:label2\" content=\"Tiempo de lectura\" \/>\n\t<meta name=\"twitter:data2\" content=\"3 minutos\" \/>\n<script type=\"application\/ld+json\" class=\"yoast-schema-graph\">{\"@context\":\"https:\/\/schema.org\",\"@graph\":[{\"@type\":\"Article\",\"@id\":\"https:\/\/www.externacorporativo.com\/es\/espana-2\/#article\",\"isPartOf\":{\"@id\":\"https:\/\/www.externacorporativo.com\/es\/espana-2\/\"},\"author\":{\"name\":\"Programacion\",\"@id\":\"https:\/\/www.externacorporativo.com\/es\/#\/schema\/person\/bdc7fa484ed4f3510b0ec3c089989e97\"},\"headline\":\"ESPA\u00d1A\",\"datePublished\":\"2023-06-01T07:26:23+00:00\",\"dateModified\":\"2023-06-01T07:26:25+00:00\",\"mainEntityOfPage\":{\"@id\":\"https:\/\/www.externacorporativo.com\/es\/espana-2\/\"},\"wordCount\":522,\"commentCount\":0,\"publisher\":{\"@id\":\"https:\/\/www.externacorporativo.com\/es\/#organization\"},\"inLanguage\":\"es\",\"potentialAction\":[{\"@type\":\"CommentAction\",\"name\":\"Comment\",\"target\":[\"https:\/\/www.externacorporativo.com\/es\/espana-2\/#respond\"]}]},{\"@type\":\"WebPage\",\"@id\":\"https:\/\/www.externacorporativo.com\/es\/espana-2\/\",\"url\":\"https:\/\/www.externacorporativo.com\/es\/espana-2\/\",\"name\":\"ESPA\u00d1A - Externa\",\"isPartOf\":{\"@id\":\"https:\/\/www.externacorporativo.com\/es\/#website\"},\"datePublished\":\"2023-06-01T07:26:23+00:00\",\"dateModified\":\"2023-06-01T07:26:25+00:00\",\"breadcrumb\":{\"@id\":\"https:\/\/www.externacorporativo.com\/es\/espana-2\/#breadcrumb\"},\"inLanguage\":\"es\",\"potentialAction\":[{\"@type\":\"ReadAction\",\"target\":[\"https:\/\/www.externacorporativo.com\/es\/espana-2\/\"]}]},{\"@type\":\"BreadcrumbList\",\"@id\":\"https:\/\/www.externacorporativo.com\/es\/espana-2\/#breadcrumb\",\"itemListElement\":[{\"@type\":\"ListItem\",\"position\":1,\"name\":\"Portada\",\"item\":\"https:\/\/www.externacorporativo.com\/es\/\"},{\"@type\":\"ListItem\",\"position\":2,\"name\":\"ESPA\u00d1A\"}]},{\"@type\":\"WebSite\",\"@id\":\"https:\/\/www.externacorporativo.com\/es\/#website\",\"url\":\"https:\/\/www.externacorporativo.com\/es\/\",\"name\":\"Externa\",\"description\":\"\",\"publisher\":{\"@id\":\"https:\/\/www.externacorporativo.com\/es\/#organization\"},\"potentialAction\":[{\"@type\":\"SearchAction\",\"target\":{\"@type\":\"EntryPoint\",\"urlTemplate\":\"https:\/\/www.externacorporativo.com\/es\/?s={search_term_string}\"},\"query-input\":\"required name=search_term_string\"}],\"inLanguage\":\"es\"},{\"@type\":\"Organization\",\"@id\":\"https:\/\/www.externacorporativo.com\/es\/#organization\",\"name\":\"Externa\",\"url\":\"https:\/\/www.externacorporativo.com\/es\/\",\"logo\":{\"@type\":\"ImageObject\",\"inLanguage\":\"es\",\"@id\":\"https:\/\/www.externacorporativo.com\/es\/#\/schema\/logo\/image\/\",\"url\":\"https:\/\/www.externacorporativo.com\/wp-content\/uploads\/2023\/04\/Sin-nombre.png\",\"contentUrl\":\"https:\/\/www.externacorporativo.com\/wp-content\/uploads\/2023\/04\/Sin-nombre.png\",\"width\":297,\"height\":109,\"caption\":\"Externa\"},\"image\":{\"@id\":\"https:\/\/www.externacorporativo.com\/es\/#\/schema\/logo\/image\/\"}},{\"@type\":\"Person\",\"@id\":\"https:\/\/www.externacorporativo.com\/es\/#\/schema\/person\/bdc7fa484ed4f3510b0ec3c089989e97\",\"name\":\"Programacion\",\"image\":{\"@type\":\"ImageObject\",\"inLanguage\":\"es\",\"@id\":\"https:\/\/www.externacorporativo.com\/es\/#\/schema\/person\/image\/\",\"url\":\"https:\/\/secure.gravatar.com\/avatar\/b46a7287724b495183c8c832facd7442?s=96&d=mm&r=g\",\"contentUrl\":\"https:\/\/secure.gravatar.com\/avatar\/b46a7287724b495183c8c832facd7442?s=96&d=mm&r=g\",\"caption\":\"Programacion\"},\"url\":\"https:\/\/www.externacorporativo.com\/es\/author\/programacion\/\"}]}<\/script>\n<!-- \/ Yoast SEO plugin. -->","yoast_head_json":{"title":"ESPA\u00d1A - Externa","robots":{"index":"index","follow":"follow","max-snippet":"max-snippet:-1","max-image-preview":"max-image-preview:large","max-video-preview":"max-video-preview:-1"},"canonical":"https:\/\/www.externacorporativo.com\/es\/espana-2\/","og_locale":"es_ES","og_type":"article","og_title":"ESPA\u00d1A - Externa","og_description":"TJUE: Contratos fijos y temporales, \u00bfindemnizaci\u00f3n similar? El Tribunal de Justicia de la Uni\u00f3n Europea (TJUE) ha dictado una sorprendente sentencia el pasado 14 de septiembre en relaci\u00f3n a la indemnizaci\u00f3n que debe percibir un trabajador interino por la terminaci\u00f3n legal de su contrato, realizando una novedosa interpretaci\u00f3n de la normativa espa\u00f1ola. El TJUE en [&hellip;]","og_url":"https:\/\/www.externacorporativo.com\/es\/espana-2\/","og_site_name":"Externa","article_published_time":"2023-06-01T07:26:23+00:00","article_modified_time":"2023-06-01T07:26:25+00:00","author":"Programacion","twitter_card":"summary_large_image","twitter_misc":{"Escrito por":"Programacion","Tiempo de lectura":"3 minutos"},"schema":{"@context":"https:\/\/schema.org","@graph":[{"@type":"Article","@id":"https:\/\/www.externacorporativo.com\/es\/espana-2\/#article","isPartOf":{"@id":"https:\/\/www.externacorporativo.com\/es\/espana-2\/"},"author":{"name":"Programacion","@id":"https:\/\/www.externacorporativo.com\/es\/#\/schema\/person\/bdc7fa484ed4f3510b0ec3c089989e97"},"headline":"ESPA\u00d1A","datePublished":"2023-06-01T07:26:23+00:00","dateModified":"2023-06-01T07:26:25+00:00","mainEntityOfPage":{"@id":"https:\/\/www.externacorporativo.com\/es\/espana-2\/"},"wordCount":522,"commentCount":0,"publisher":{"@id":"https:\/\/www.externacorporativo.com\/es\/#organization"},"inLanguage":"es","potentialAction":[{"@type":"CommentAction","name":"Comment","target":["https:\/\/www.externacorporativo.com\/es\/espana-2\/#respond"]}]},{"@type":"WebPage","@id":"https:\/\/www.externacorporativo.com\/es\/espana-2\/","url":"https:\/\/www.externacorporativo.com\/es\/espana-2\/","name":"ESPA\u00d1A - Externa","isPartOf":{"@id":"https:\/\/www.externacorporativo.com\/es\/#website"},"datePublished":"2023-06-01T07:26:23+00:00","dateModified":"2023-06-01T07:26:25+00:00","breadcrumb":{"@id":"https:\/\/www.externacorporativo.com\/es\/espana-2\/#breadcrumb"},"inLanguage":"es","potentialAction":[{"@type":"ReadAction","target":["https:\/\/www.externacorporativo.com\/es\/espana-2\/"]}]},{"@type":"BreadcrumbList","@id":"https:\/\/www.externacorporativo.com\/es\/espana-2\/#breadcrumb","itemListElement":[{"@type":"ListItem","position":1,"name":"Portada","item":"https:\/\/www.externacorporativo.com\/es\/"},{"@type":"ListItem","position":2,"name":"ESPA\u00d1A"}]},{"@type":"WebSite","@id":"https:\/\/www.externacorporativo.com\/es\/#website","url":"https:\/\/www.externacorporativo.com\/es\/","name":"Externa","description":"","publisher":{"@id":"https:\/\/www.externacorporativo.com\/es\/#organization"},"potentialAction":[{"@type":"SearchAction","target":{"@type":"EntryPoint","urlTemplate":"https:\/\/www.externacorporativo.com\/es\/?s={search_term_string}"},"query-input":"required name=search_term_string"}],"inLanguage":"es"},{"@type":"Organization","@id":"https:\/\/www.externacorporativo.com\/es\/#organization","name":"Externa","url":"https:\/\/www.externacorporativo.com\/es\/","logo":{"@type":"ImageObject","inLanguage":"es","@id":"https:\/\/www.externacorporativo.com\/es\/#\/schema\/logo\/image\/","url":"https:\/\/www.externacorporativo.com\/wp-content\/uploads\/2023\/04\/Sin-nombre.png","contentUrl":"https:\/\/www.externacorporativo.com\/wp-content\/uploads\/2023\/04\/Sin-nombre.png","width":297,"height":109,"caption":"Externa"},"image":{"@id":"https:\/\/www.externacorporativo.com\/es\/#\/schema\/logo\/image\/"}},{"@type":"Person","@id":"https:\/\/www.externacorporativo.com\/es\/#\/schema\/person\/bdc7fa484ed4f3510b0ec3c089989e97","name":"Programacion","image":{"@type":"ImageObject","inLanguage":"es","@id":"https:\/\/www.externacorporativo.com\/es\/#\/schema\/person\/image\/","url":"https:\/\/secure.gravatar.com\/avatar\/b46a7287724b495183c8c832facd7442?s=96&d=mm&r=g","contentUrl":"https:\/\/secure.gravatar.com\/avatar\/b46a7287724b495183c8c832facd7442?s=96&d=mm&r=g","caption":"Programacion"},"url":"https:\/\/www.externacorporativo.com\/es\/author\/programacion\/"}]}},"_links":{"self":[{"href":"https:\/\/www.externacorporativo.com\/es\/wp-json\/wp\/v2\/posts\/1082"}],"collection":[{"href":"https:\/\/www.externacorporativo.com\/es\/wp-json\/wp\/v2\/posts"}],"about":[{"href":"https:\/\/www.externacorporativo.com\/es\/wp-json\/wp\/v2\/types\/post"}],"author":[{"embeddable":true,"href":"https:\/\/www.externacorporativo.com\/es\/wp-json\/wp\/v2\/users\/2"}],"replies":[{"embeddable":true,"href":"https:\/\/www.externacorporativo.com\/es\/wp-json\/wp\/v2\/comments?post=1082"}],"version-history":[{"count":1,"href":"https:\/\/www.externacorporativo.com\/es\/wp-json\/wp\/v2\/posts\/1082\/revisions"}],"predecessor-version":[{"id":1924,"href":"https:\/\/www.externacorporativo.com\/es\/wp-json\/wp\/v2\/posts\/1082\/revisions\/1924"}],"wp:attachment":[{"href":"https:\/\/www.externacorporativo.com\/es\/wp-json\/wp\/v2\/media?parent=1082"}],"wp:term":[{"taxonomy":"category","embeddable":true,"href":"https:\/\/www.externacorporativo.com\/es\/wp-json\/wp\/v2\/categories?post=1082"},{"taxonomy":"post_tag","embeddable":true,"href":"https:\/\/www.externacorporativo.com\/es\/wp-json\/wp\/v2\/tags?post=1082"}],"curies":[{"name":"wp","href":"https:\/\/api.w.org\/{rel}","templated":true}]}}