{"id":1084,"date":"2023-06-01T07:26:23","date_gmt":"2023-06-01T07:26:23","guid":{"rendered":"https:\/\/www.externacorporativo.com\/union-europea-2\/"},"modified":"2023-06-01T07:26:25","modified_gmt":"2023-06-01T07:26:25","slug":"union-europea-2","status":"publish","type":"post","link":"https:\/\/www.externacorporativo.com\/es\/union-europea-2\/","title":{"rendered":"UNION EUROPEA"},"content":{"rendered":"<p>Primera lista de jurisdicciones fiscales no cooperadoras.<\/p>\n<p>Dentro del programa general de la UE contra la evasi\u00f3n y la elusi\u00f3n fiscales, la Comisi\u00f3n Europea ha dado un gran paso en la elaboraci\u00f3n de la primera lista com\u00fan de jurisdicciones fiscales no cooperadoras, estableciendo un \u201ccuadro de indicadores\u201d com\u00fan de pa\u00edses no pertenecientes a la UE que se niegan a observar los est\u00e1ndares internacionales de buena gobernanza fiscal.<\/p>\n<p>La idea es unificar criterios, evitando la diversidad de listas nacionales que cada Estado maneja actualmente. Como primer paso, el cuadro de indicadores presenta informaci\u00f3n f\u00e1ctica neutral sobre cada pa\u00eds tercero, en funci\u00f3n de tres indicadores: v\u00ednculos econ\u00f3micos con la UE, actividad financiera y factores de estabilidad, analizando procedimientos de gobernanza fiscal, grado de transparencia y uso de reg\u00edmenes tributarios preferentes.<\/p>\n<p>Corresponde ahora a los Estados miembros, decidir qu\u00e9 pa\u00edses deber\u00e1n ser sometidos a un examen m\u00e1s completo en los pr\u00f3ximos meses a fin de determinar con exactitud cu\u00e1les no juegan limpio en materia de fiscalidad.<\/p>\n<p>Esta evaluaci\u00f3n previa se present\u00f3 el pasado 14 de septiembre a los Expertos de los Estados Miembros. Una vez completado el proceso de examen, los terceros pa\u00edses que se hayan negado a cooperar o a dialogar con la UE sobre cuestiones de buena gobernanza fiscal deber\u00edan figurar en esta lista com\u00fan de la UE.<\/p>\n<p>El objetivo es poder disponer de una primera lista de la UE de jurisdicciones fiscales no cooperadoras antes de finales de 2017.<\/p>\n","protected":false},"excerpt":{"rendered":"<p>Primera lista de jurisdicciones fiscales no cooperadoras. Dentro del programa general de la UE contra la evasi\u00f3n y la elusi\u00f3n fiscales, la Comisi\u00f3n Europea ha dado un gran paso en la elaboraci\u00f3n de la primera lista com\u00fan de jurisdicciones fiscales no cooperadoras, estableciendo un \u201ccuadro de indicadores\u201d com\u00fan de pa\u00edses no pertenecientes a la UE [&hellip;]<\/p>\n","protected":false},"author":2,"featured_media":0,"comment_status":"open","ping_status":"open","sticky":false,"template":"","format":"standard","meta":[],"categories":[],"tags":[],"yoast_head":"<!-- This site is optimized with the Yoast SEO plugin v20.0 - https:\/\/yoast.com\/wordpress\/plugins\/seo\/ -->\n<title>UNION EUROPEA - Externa<\/title>\n<meta name=\"robots\" content=\"index, follow, max-snippet:-1, max-image-preview:large, max-video-preview:-1\" \/>\n<link rel=\"canonical\" href=\"https:\/\/www.externacorporativo.com\/es\/union-europea-2\/\" \/>\n<meta property=\"og:locale\" content=\"es_ES\" \/>\n<meta property=\"og:type\" content=\"article\" \/>\n<meta property=\"og:title\" content=\"UNION EUROPEA - Externa\" \/>\n<meta property=\"og:description\" content=\"Primera lista de jurisdicciones fiscales no cooperadoras. Dentro del programa general de la UE contra la evasi\u00f3n y la elusi\u00f3n fiscales, la Comisi\u00f3n Europea ha dado un gran paso en la elaboraci\u00f3n de la primera lista com\u00fan de jurisdicciones fiscales no cooperadoras, estableciendo un \u201ccuadro de indicadores\u201d com\u00fan de pa\u00edses no pertenecientes a la UE [&hellip;]\" \/>\n<meta property=\"og:url\" content=\"https:\/\/www.externacorporativo.com\/es\/union-europea-2\/\" \/>\n<meta property=\"og:site_name\" content=\"Externa\" \/>\n<meta property=\"article:published_time\" content=\"2023-06-01T07:26:23+00:00\" \/>\n<meta property=\"article:modified_time\" content=\"2023-06-01T07:26:25+00:00\" \/>\n<meta name=\"author\" content=\"Programacion\" \/>\n<meta name=\"twitter:card\" content=\"summary_large_image\" \/>\n<meta name=\"twitter:label1\" content=\"Escrito por\" \/>\n\t<meta name=\"twitter:data1\" content=\"Programacion\" \/>\n\t<meta name=\"twitter:label2\" content=\"Tiempo de lectura\" \/>\n\t<meta name=\"twitter:data2\" content=\"1 minuto\" \/>\n<script type=\"application\/ld+json\" class=\"yoast-schema-graph\">{\"@context\":\"https:\/\/schema.org\",\"@graph\":[{\"@type\":\"Article\",\"@id\":\"https:\/\/www.externacorporativo.com\/es\/union-europea-2\/#article\",\"isPartOf\":{\"@id\":\"https:\/\/www.externacorporativo.com\/es\/union-europea-2\/\"},\"author\":{\"name\":\"Programacion\",\"@id\":\"https:\/\/www.externacorporativo.com\/es\/#\/schema\/person\/bdc7fa484ed4f3510b0ec3c089989e97\"},\"headline\":\"UNION EUROPEA\",\"datePublished\":\"2023-06-01T07:26:23+00:00\",\"dateModified\":\"2023-06-01T07:26:25+00:00\",\"mainEntityOfPage\":{\"@id\":\"https:\/\/www.externacorporativo.com\/es\/union-europea-2\/\"},\"wordCount\":263,\"commentCount\":0,\"publisher\":{\"@id\":\"https:\/\/www.externacorporativo.com\/es\/#organization\"},\"inLanguage\":\"es\",\"potentialAction\":[{\"@type\":\"CommentAction\",\"name\":\"Comment\",\"target\":[\"https:\/\/www.externacorporativo.com\/es\/union-europea-2\/#respond\"]}]},{\"@type\":\"WebPage\",\"@id\":\"https:\/\/www.externacorporativo.com\/es\/union-europea-2\/\",\"url\":\"https:\/\/www.externacorporativo.com\/es\/union-europea-2\/\",\"name\":\"UNION EUROPEA - Externa\",\"isPartOf\":{\"@id\":\"https:\/\/www.externacorporativo.com\/es\/#website\"},\"datePublished\":\"2023-06-01T07:26:23+00:00\",\"dateModified\":\"2023-06-01T07:26:25+00:00\",\"breadcrumb\":{\"@id\":\"https:\/\/www.externacorporativo.com\/es\/union-europea-2\/#breadcrumb\"},\"inLanguage\":\"es\",\"potentialAction\":[{\"@type\":\"ReadAction\",\"target\":[\"https:\/\/www.externacorporativo.com\/es\/union-europea-2\/\"]}]},{\"@type\":\"BreadcrumbList\",\"@id\":\"https:\/\/www.externacorporativo.com\/es\/union-europea-2\/#breadcrumb\",\"itemListElement\":[{\"@type\":\"ListItem\",\"position\":1,\"name\":\"Portada\",\"item\":\"https:\/\/www.externacorporativo.com\/es\/\"},{\"@type\":\"ListItem\",\"position\":2,\"name\":\"UNION EUROPEA\"}]},{\"@type\":\"WebSite\",\"@id\":\"https:\/\/www.externacorporativo.com\/es\/#website\",\"url\":\"https:\/\/www.externacorporativo.com\/es\/\",\"name\":\"Externa\",\"description\":\"\",\"publisher\":{\"@id\":\"https:\/\/www.externacorporativo.com\/es\/#organization\"},\"potentialAction\":[{\"@type\":\"SearchAction\",\"target\":{\"@type\":\"EntryPoint\",\"urlTemplate\":\"https:\/\/www.externacorporativo.com\/es\/?s={search_term_string}\"},\"query-input\":\"required name=search_term_string\"}],\"inLanguage\":\"es\"},{\"@type\":\"Organization\",\"@id\":\"https:\/\/www.externacorporativo.com\/es\/#organization\",\"name\":\"Externa\",\"url\":\"https:\/\/www.externacorporativo.com\/es\/\",\"logo\":{\"@type\":\"ImageObject\",\"inLanguage\":\"es\",\"@id\":\"https:\/\/www.externacorporativo.com\/es\/#\/schema\/logo\/image\/\",\"url\":\"https:\/\/www.externacorporativo.com\/wp-content\/uploads\/2023\/04\/Sin-nombre.png\",\"contentUrl\":\"https:\/\/www.externacorporativo.com\/wp-content\/uploads\/2023\/04\/Sin-nombre.png\",\"width\":297,\"height\":109,\"caption\":\"Externa\"},\"image\":{\"@id\":\"https:\/\/www.externacorporativo.com\/es\/#\/schema\/logo\/image\/\"}},{\"@type\":\"Person\",\"@id\":\"https:\/\/www.externacorporativo.com\/es\/#\/schema\/person\/bdc7fa484ed4f3510b0ec3c089989e97\",\"name\":\"Programacion\",\"image\":{\"@type\":\"ImageObject\",\"inLanguage\":\"es\",\"@id\":\"https:\/\/www.externacorporativo.com\/es\/#\/schema\/person\/image\/\",\"url\":\"https:\/\/secure.gravatar.com\/avatar\/b46a7287724b495183c8c832facd7442?s=96&d=mm&r=g\",\"contentUrl\":\"https:\/\/secure.gravatar.com\/avatar\/b46a7287724b495183c8c832facd7442?s=96&d=mm&r=g\",\"caption\":\"Programacion\"},\"url\":\"https:\/\/www.externacorporativo.com\/es\/author\/programacion\/\"}]}<\/script>\n<!-- \/ Yoast SEO plugin. -->","yoast_head_json":{"title":"UNION EUROPEA - Externa","robots":{"index":"index","follow":"follow","max-snippet":"max-snippet:-1","max-image-preview":"max-image-preview:large","max-video-preview":"max-video-preview:-1"},"canonical":"https:\/\/www.externacorporativo.com\/es\/union-europea-2\/","og_locale":"es_ES","og_type":"article","og_title":"UNION EUROPEA - Externa","og_description":"Primera lista de jurisdicciones fiscales no cooperadoras. Dentro del programa general de la UE contra la evasi\u00f3n y la elusi\u00f3n fiscales, la Comisi\u00f3n Europea ha dado un gran paso en la elaboraci\u00f3n de la primera lista com\u00fan de jurisdicciones fiscales no cooperadoras, estableciendo un \u201ccuadro de indicadores\u201d com\u00fan de pa\u00edses no pertenecientes a la UE [&hellip;]","og_url":"https:\/\/www.externacorporativo.com\/es\/union-europea-2\/","og_site_name":"Externa","article_published_time":"2023-06-01T07:26:23+00:00","article_modified_time":"2023-06-01T07:26:25+00:00","author":"Programacion","twitter_card":"summary_large_image","twitter_misc":{"Escrito por":"Programacion","Tiempo de lectura":"1 minuto"},"schema":{"@context":"https:\/\/schema.org","@graph":[{"@type":"Article","@id":"https:\/\/www.externacorporativo.com\/es\/union-europea-2\/#article","isPartOf":{"@id":"https:\/\/www.externacorporativo.com\/es\/union-europea-2\/"},"author":{"name":"Programacion","@id":"https:\/\/www.externacorporativo.com\/es\/#\/schema\/person\/bdc7fa484ed4f3510b0ec3c089989e97"},"headline":"UNION EUROPEA","datePublished":"2023-06-01T07:26:23+00:00","dateModified":"2023-06-01T07:26:25+00:00","mainEntityOfPage":{"@id":"https:\/\/www.externacorporativo.com\/es\/union-europea-2\/"},"wordCount":263,"commentCount":0,"publisher":{"@id":"https:\/\/www.externacorporativo.com\/es\/#organization"},"inLanguage":"es","potentialAction":[{"@type":"CommentAction","name":"Comment","target":["https:\/\/www.externacorporativo.com\/es\/union-europea-2\/#respond"]}]},{"@type":"WebPage","@id":"https:\/\/www.externacorporativo.com\/es\/union-europea-2\/","url":"https:\/\/www.externacorporativo.com\/es\/union-europea-2\/","name":"UNION EUROPEA - Externa","isPartOf":{"@id":"https:\/\/www.externacorporativo.com\/es\/#website"},"datePublished":"2023-06-01T07:26:23+00:00","dateModified":"2023-06-01T07:26:25+00:00","breadcrumb":{"@id":"https:\/\/www.externacorporativo.com\/es\/union-europea-2\/#breadcrumb"},"inLanguage":"es","potentialAction":[{"@type":"ReadAction","target":["https:\/\/www.externacorporativo.com\/es\/union-europea-2\/"]}]},{"@type":"BreadcrumbList","@id":"https:\/\/www.externacorporativo.com\/es\/union-europea-2\/#breadcrumb","itemListElement":[{"@type":"ListItem","position":1,"name":"Portada","item":"https:\/\/www.externacorporativo.com\/es\/"},{"@type":"ListItem","position":2,"name":"UNION EUROPEA"}]},{"@type":"WebSite","@id":"https:\/\/www.externacorporativo.com\/es\/#website","url":"https:\/\/www.externacorporativo.com\/es\/","name":"Externa","description":"","publisher":{"@id":"https:\/\/www.externacorporativo.com\/es\/#organization"},"potentialAction":[{"@type":"SearchAction","target":{"@type":"EntryPoint","urlTemplate":"https:\/\/www.externacorporativo.com\/es\/?s={search_term_string}"},"query-input":"required name=search_term_string"}],"inLanguage":"es"},{"@type":"Organization","@id":"https:\/\/www.externacorporativo.com\/es\/#organization","name":"Externa","url":"https:\/\/www.externacorporativo.com\/es\/","logo":{"@type":"ImageObject","inLanguage":"es","@id":"https:\/\/www.externacorporativo.com\/es\/#\/schema\/logo\/image\/","url":"https:\/\/www.externacorporativo.com\/wp-content\/uploads\/2023\/04\/Sin-nombre.png","contentUrl":"https:\/\/www.externacorporativo.com\/wp-content\/uploads\/2023\/04\/Sin-nombre.png","width":297,"height":109,"caption":"Externa"},"image":{"@id":"https:\/\/www.externacorporativo.com\/es\/#\/schema\/logo\/image\/"}},{"@type":"Person","@id":"https:\/\/www.externacorporativo.com\/es\/#\/schema\/person\/bdc7fa484ed4f3510b0ec3c089989e97","name":"Programacion","image":{"@type":"ImageObject","inLanguage":"es","@id":"https:\/\/www.externacorporativo.com\/es\/#\/schema\/person\/image\/","url":"https:\/\/secure.gravatar.com\/avatar\/b46a7287724b495183c8c832facd7442?s=96&d=mm&r=g","contentUrl":"https:\/\/secure.gravatar.com\/avatar\/b46a7287724b495183c8c832facd7442?s=96&d=mm&r=g","caption":"Programacion"},"url":"https:\/\/www.externacorporativo.com\/es\/author\/programacion\/"}]}},"_links":{"self":[{"href":"https:\/\/www.externacorporativo.com\/es\/wp-json\/wp\/v2\/posts\/1084"}],"collection":[{"href":"https:\/\/www.externacorporativo.com\/es\/wp-json\/wp\/v2\/posts"}],"about":[{"href":"https:\/\/www.externacorporativo.com\/es\/wp-json\/wp\/v2\/types\/post"}],"author":[{"embeddable":true,"href":"https:\/\/www.externacorporativo.com\/es\/wp-json\/wp\/v2\/users\/2"}],"replies":[{"embeddable":true,"href":"https:\/\/www.externacorporativo.com\/es\/wp-json\/wp\/v2\/comments?post=1084"}],"version-history":[{"count":1,"href":"https:\/\/www.externacorporativo.com\/es\/wp-json\/wp\/v2\/posts\/1084\/revisions"}],"predecessor-version":[{"id":1926,"href":"https:\/\/www.externacorporativo.com\/es\/wp-json\/wp\/v2\/posts\/1084\/revisions\/1926"}],"wp:attachment":[{"href":"https:\/\/www.externacorporativo.com\/es\/wp-json\/wp\/v2\/media?parent=1084"}],"wp:term":[{"taxonomy":"category","embeddable":true,"href":"https:\/\/www.externacorporativo.com\/es\/wp-json\/wp\/v2\/categories?post=1084"},{"taxonomy":"post_tag","embeddable":true,"href":"https:\/\/www.externacorporativo.com\/es\/wp-json\/wp\/v2\/tags?post=1084"}],"curies":[{"name":"wp","href":"https:\/\/api.w.org\/{rel}","templated":true}]}}