{"id":1101,"date":"2023-06-01T07:26:26","date_gmt":"2023-06-01T07:26:26","guid":{"rendered":"https:\/\/www.externacorporativo.com\/gibraltar-punto-de-mira-de-la-comision-europea-sobre-el-tax-ruling-2\/"},"modified":"2023-06-01T07:26:28","modified_gmt":"2023-06-01T07:26:28","slug":"gibraltar-punto-de-mira-de-la-comision-europea-sobre-el-tax-ruling-2","status":"publish","type":"post","link":"https:\/\/www.externacorporativo.com\/es\/gibraltar-punto-de-mira-de-la-comision-europea-sobre-el-tax-ruling-2\/","title":{"rendered":"GIBRALTAR: Punto de mira de la Comisi\u00f3n Europea sobre el &quot;Tax Ruling&quot;"},"content":{"rendered":"<p style=\"text-align: justify;\">El enfriamiento de las relaciones entre la UE y el Reino Unido tras el <em>Brexit, <\/em>se subraya con la publicaci\u00f3n por parte de la Comisi\u00f3n Europea del contenido de la solicitud de informaci\u00f3n realizada al Reino Unido, en Octubre de 2014, respecto a la posible aplicaci\u00f3n indebida del procedimiento conocido como <em>Tax Ruling<\/em>.<\/p>\n<p style=\"text-align: justify;\">El <em>Tax Ruling, &#8211; <\/em>como se denomina a las decisiones fiscales llevadas a cabo sobre empresas, residentes o no en Gibraltar, respecto a los ingresos generados por actividades supuestamente desarrolladas fuera del territorio-, se basa en el Principio de Territorialidad que rige en Gibraltar, y por lo tanto, permite que dichas rentas resulten exentas.<\/p>\n<p style=\"text-align: justify;\">Espa\u00f1a ya hab\u00eda solicitado una investigaci\u00f3n al respecto, bas\u00e1ndose en sospechas de evasi\u00f3n fiscal y la Comisi\u00f3n Europea, de oficio, decidi\u00f3 solicitar informaci\u00f3n sobre estas decisiones fiscales emitidas en los ejercicios 2011, 2012 y 2013, que afectan a 165 empresas.<\/p>\n<p style=\"text-align: justify;\">Tras la negativa de Reino Unido a aportar informaci\u00f3n aclaratoria aludiendo a la confidencialidad, ahora la Comisi\u00f3n Europea, ha decidido dar publicidad al procedimiento incluyendo la lista de empresas afectadas, e instando a presentar la documentaci\u00f3n que justifique las exenciones fiscales que est\u00e1n disfrutando aun a posteriori.<\/p>\n","protected":false},"excerpt":{"rendered":"<p>El enfriamiento de las relaciones entre la UE y el Reino Unido tras el Brexit, se subraya con la publicaci\u00f3n por parte de la Comisi\u00f3n Europea del contenido de la solicitud de informaci\u00f3n realizada al Reino Unido, en Octubre de 2014, respecto a la posible aplicaci\u00f3n indebida del procedimiento conocido como Tax Ruling. El Tax [&hellip;]<\/p>\n","protected":false},"author":2,"featured_media":0,"comment_status":"open","ping_status":"open","sticky":false,"template":"","format":"standard","meta":[],"categories":[],"tags":[],"yoast_head":"<!-- This site is optimized with the Yoast SEO plugin v20.0 - https:\/\/yoast.com\/wordpress\/plugins\/seo\/ -->\n<title>GIBRALTAR: Punto de mira de la Comisi\u00f3n Europea sobre el &quot;Tax Ruling&quot; - Externa<\/title>\n<meta name=\"robots\" content=\"index, follow, max-snippet:-1, max-image-preview:large, max-video-preview:-1\" \/>\n<link rel=\"canonical\" href=\"https:\/\/www.externacorporativo.com\/es\/gibraltar-punto-de-mira-de-la-comision-europea-sobre-el-tax-ruling-2\/\" \/>\n<meta property=\"og:locale\" content=\"es_ES\" \/>\n<meta property=\"og:type\" content=\"article\" \/>\n<meta property=\"og:title\" content=\"GIBRALTAR: Punto de mira de la Comisi\u00f3n Europea sobre el &quot;Tax Ruling&quot; - Externa\" \/>\n<meta property=\"og:description\" content=\"El enfriamiento de las relaciones entre la UE y el Reino Unido tras el Brexit, se subraya con la publicaci\u00f3n por parte de la Comisi\u00f3n Europea del contenido de la solicitud de informaci\u00f3n realizada al Reino Unido, en Octubre de 2014, respecto a la posible aplicaci\u00f3n indebida del procedimiento conocido como Tax Ruling. El Tax [&hellip;]\" \/>\n<meta property=\"og:url\" content=\"https:\/\/www.externacorporativo.com\/es\/gibraltar-punto-de-mira-de-la-comision-europea-sobre-el-tax-ruling-2\/\" \/>\n<meta property=\"og:site_name\" content=\"Externa\" \/>\n<meta property=\"article:published_time\" content=\"2023-06-01T07:26:26+00:00\" \/>\n<meta property=\"article:modified_time\" content=\"2023-06-01T07:26:28+00:00\" \/>\n<meta name=\"author\" content=\"Programacion\" \/>\n<meta name=\"twitter:card\" content=\"summary_large_image\" \/>\n<meta name=\"twitter:label1\" content=\"Escrito por\" \/>\n\t<meta name=\"twitter:data1\" content=\"Programacion\" \/>\n\t<meta name=\"twitter:label2\" content=\"Tiempo de lectura\" \/>\n\t<meta name=\"twitter:data2\" content=\"1 minuto\" \/>\n<script type=\"application\/ld+json\" class=\"yoast-schema-graph\">{\"@context\":\"https:\/\/schema.org\",\"@graph\":[{\"@type\":\"Article\",\"@id\":\"https:\/\/www.externacorporativo.com\/es\/gibraltar-punto-de-mira-de-la-comision-europea-sobre-el-tax-ruling-2\/#article\",\"isPartOf\":{\"@id\":\"https:\/\/www.externacorporativo.com\/es\/gibraltar-punto-de-mira-de-la-comision-europea-sobre-el-tax-ruling-2\/\"},\"author\":{\"name\":\"Programacion\",\"@id\":\"https:\/\/www.externacorporativo.com\/es\/#\/schema\/person\/bdc7fa484ed4f3510b0ec3c089989e97\"},\"headline\":\"GIBRALTAR: Punto de mira de la Comisi\u00f3n Europea sobre el &quot;Tax Ruling&quot;\",\"datePublished\":\"2023-06-01T07:26:26+00:00\",\"dateModified\":\"2023-06-01T07:26:28+00:00\",\"mainEntityOfPage\":{\"@id\":\"https:\/\/www.externacorporativo.com\/es\/gibraltar-punto-de-mira-de-la-comision-europea-sobre-el-tax-ruling-2\/\"},\"wordCount\":219,\"commentCount\":0,\"publisher\":{\"@id\":\"https:\/\/www.externacorporativo.com\/es\/#organization\"},\"inLanguage\":\"es\",\"potentialAction\":[{\"@type\":\"CommentAction\",\"name\":\"Comment\",\"target\":[\"https:\/\/www.externacorporativo.com\/es\/gibraltar-punto-de-mira-de-la-comision-europea-sobre-el-tax-ruling-2\/#respond\"]}]},{\"@type\":\"WebPage\",\"@id\":\"https:\/\/www.externacorporativo.com\/es\/gibraltar-punto-de-mira-de-la-comision-europea-sobre-el-tax-ruling-2\/\",\"url\":\"https:\/\/www.externacorporativo.com\/es\/gibraltar-punto-de-mira-de-la-comision-europea-sobre-el-tax-ruling-2\/\",\"name\":\"GIBRALTAR: Punto de mira de la Comisi\u00f3n Europea sobre el &quot;Tax Ruling&quot; - Externa\",\"isPartOf\":{\"@id\":\"https:\/\/www.externacorporativo.com\/es\/#website\"},\"datePublished\":\"2023-06-01T07:26:26+00:00\",\"dateModified\":\"2023-06-01T07:26:28+00:00\",\"breadcrumb\":{\"@id\":\"https:\/\/www.externacorporativo.com\/es\/gibraltar-punto-de-mira-de-la-comision-europea-sobre-el-tax-ruling-2\/#breadcrumb\"},\"inLanguage\":\"es\",\"potentialAction\":[{\"@type\":\"ReadAction\",\"target\":[\"https:\/\/www.externacorporativo.com\/es\/gibraltar-punto-de-mira-de-la-comision-europea-sobre-el-tax-ruling-2\/\"]}]},{\"@type\":\"BreadcrumbList\",\"@id\":\"https:\/\/www.externacorporativo.com\/es\/gibraltar-punto-de-mira-de-la-comision-europea-sobre-el-tax-ruling-2\/#breadcrumb\",\"itemListElement\":[{\"@type\":\"ListItem\",\"position\":1,\"name\":\"Portada\",\"item\":\"https:\/\/www.externacorporativo.com\/es\/\"},{\"@type\":\"ListItem\",\"position\":2,\"name\":\"GIBRALTAR: Punto de mira de la Comisi\u00f3n Europea sobre el &quot;Tax Ruling&quot;\"}]},{\"@type\":\"WebSite\",\"@id\":\"https:\/\/www.externacorporativo.com\/es\/#website\",\"url\":\"https:\/\/www.externacorporativo.com\/es\/\",\"name\":\"Externa\",\"description\":\"\",\"publisher\":{\"@id\":\"https:\/\/www.externacorporativo.com\/es\/#organization\"},\"potentialAction\":[{\"@type\":\"SearchAction\",\"target\":{\"@type\":\"EntryPoint\",\"urlTemplate\":\"https:\/\/www.externacorporativo.com\/es\/?s={search_term_string}\"},\"query-input\":\"required name=search_term_string\"}],\"inLanguage\":\"es\"},{\"@type\":\"Organization\",\"@id\":\"https:\/\/www.externacorporativo.com\/es\/#organization\",\"name\":\"Externa\",\"url\":\"https:\/\/www.externacorporativo.com\/es\/\",\"logo\":{\"@type\":\"ImageObject\",\"inLanguage\":\"es\",\"@id\":\"https:\/\/www.externacorporativo.com\/es\/#\/schema\/logo\/image\/\",\"url\":\"https:\/\/www.externacorporativo.com\/wp-content\/uploads\/2023\/04\/Sin-nombre.png\",\"contentUrl\":\"https:\/\/www.externacorporativo.com\/wp-content\/uploads\/2023\/04\/Sin-nombre.png\",\"width\":297,\"height\":109,\"caption\":\"Externa\"},\"image\":{\"@id\":\"https:\/\/www.externacorporativo.com\/es\/#\/schema\/logo\/image\/\"}},{\"@type\":\"Person\",\"@id\":\"https:\/\/www.externacorporativo.com\/es\/#\/schema\/person\/bdc7fa484ed4f3510b0ec3c089989e97\",\"name\":\"Programacion\",\"image\":{\"@type\":\"ImageObject\",\"inLanguage\":\"es\",\"@id\":\"https:\/\/www.externacorporativo.com\/es\/#\/schema\/person\/image\/\",\"url\":\"https:\/\/secure.gravatar.com\/avatar\/b46a7287724b495183c8c832facd7442?s=96&d=mm&r=g\",\"contentUrl\":\"https:\/\/secure.gravatar.com\/avatar\/b46a7287724b495183c8c832facd7442?s=96&d=mm&r=g\",\"caption\":\"Programacion\"},\"url\":\"https:\/\/www.externacorporativo.com\/es\/author\/programacion\/\"}]}<\/script>\n<!-- \/ Yoast SEO plugin. -->","yoast_head_json":{"title":"GIBRALTAR: Punto de mira de la Comisi\u00f3n Europea sobre el &quot;Tax Ruling&quot; - Externa","robots":{"index":"index","follow":"follow","max-snippet":"max-snippet:-1","max-image-preview":"max-image-preview:large","max-video-preview":"max-video-preview:-1"},"canonical":"https:\/\/www.externacorporativo.com\/es\/gibraltar-punto-de-mira-de-la-comision-europea-sobre-el-tax-ruling-2\/","og_locale":"es_ES","og_type":"article","og_title":"GIBRALTAR: Punto de mira de la Comisi\u00f3n Europea sobre el &quot;Tax Ruling&quot; - Externa","og_description":"El enfriamiento de las relaciones entre la UE y el Reino Unido tras el Brexit, se subraya con la publicaci\u00f3n por parte de la Comisi\u00f3n Europea del contenido de la solicitud de informaci\u00f3n realizada al Reino Unido, en Octubre de 2014, respecto a la posible aplicaci\u00f3n indebida del procedimiento conocido como Tax Ruling. El Tax [&hellip;]","og_url":"https:\/\/www.externacorporativo.com\/es\/gibraltar-punto-de-mira-de-la-comision-europea-sobre-el-tax-ruling-2\/","og_site_name":"Externa","article_published_time":"2023-06-01T07:26:26+00:00","article_modified_time":"2023-06-01T07:26:28+00:00","author":"Programacion","twitter_card":"summary_large_image","twitter_misc":{"Escrito por":"Programacion","Tiempo de lectura":"1 minuto"},"schema":{"@context":"https:\/\/schema.org","@graph":[{"@type":"Article","@id":"https:\/\/www.externacorporativo.com\/es\/gibraltar-punto-de-mira-de-la-comision-europea-sobre-el-tax-ruling-2\/#article","isPartOf":{"@id":"https:\/\/www.externacorporativo.com\/es\/gibraltar-punto-de-mira-de-la-comision-europea-sobre-el-tax-ruling-2\/"},"author":{"name":"Programacion","@id":"https:\/\/www.externacorporativo.com\/es\/#\/schema\/person\/bdc7fa484ed4f3510b0ec3c089989e97"},"headline":"GIBRALTAR: Punto de mira de la Comisi\u00f3n Europea sobre el &quot;Tax Ruling&quot;","datePublished":"2023-06-01T07:26:26+00:00","dateModified":"2023-06-01T07:26:28+00:00","mainEntityOfPage":{"@id":"https:\/\/www.externacorporativo.com\/es\/gibraltar-punto-de-mira-de-la-comision-europea-sobre-el-tax-ruling-2\/"},"wordCount":219,"commentCount":0,"publisher":{"@id":"https:\/\/www.externacorporativo.com\/es\/#organization"},"inLanguage":"es","potentialAction":[{"@type":"CommentAction","name":"Comment","target":["https:\/\/www.externacorporativo.com\/es\/gibraltar-punto-de-mira-de-la-comision-europea-sobre-el-tax-ruling-2\/#respond"]}]},{"@type":"WebPage","@id":"https:\/\/www.externacorporativo.com\/es\/gibraltar-punto-de-mira-de-la-comision-europea-sobre-el-tax-ruling-2\/","url":"https:\/\/www.externacorporativo.com\/es\/gibraltar-punto-de-mira-de-la-comision-europea-sobre-el-tax-ruling-2\/","name":"GIBRALTAR: Punto de mira de la Comisi\u00f3n Europea sobre el &quot;Tax Ruling&quot; - Externa","isPartOf":{"@id":"https:\/\/www.externacorporativo.com\/es\/#website"},"datePublished":"2023-06-01T07:26:26+00:00","dateModified":"2023-06-01T07:26:28+00:00","breadcrumb":{"@id":"https:\/\/www.externacorporativo.com\/es\/gibraltar-punto-de-mira-de-la-comision-europea-sobre-el-tax-ruling-2\/#breadcrumb"},"inLanguage":"es","potentialAction":[{"@type":"ReadAction","target":["https:\/\/www.externacorporativo.com\/es\/gibraltar-punto-de-mira-de-la-comision-europea-sobre-el-tax-ruling-2\/"]}]},{"@type":"BreadcrumbList","@id":"https:\/\/www.externacorporativo.com\/es\/gibraltar-punto-de-mira-de-la-comision-europea-sobre-el-tax-ruling-2\/#breadcrumb","itemListElement":[{"@type":"ListItem","position":1,"name":"Portada","item":"https:\/\/www.externacorporativo.com\/es\/"},{"@type":"ListItem","position":2,"name":"GIBRALTAR: Punto de mira de la Comisi\u00f3n Europea sobre el &quot;Tax Ruling&quot;"}]},{"@type":"WebSite","@id":"https:\/\/www.externacorporativo.com\/es\/#website","url":"https:\/\/www.externacorporativo.com\/es\/","name":"Externa","description":"","publisher":{"@id":"https:\/\/www.externacorporativo.com\/es\/#organization"},"potentialAction":[{"@type":"SearchAction","target":{"@type":"EntryPoint","urlTemplate":"https:\/\/www.externacorporativo.com\/es\/?s={search_term_string}"},"query-input":"required name=search_term_string"}],"inLanguage":"es"},{"@type":"Organization","@id":"https:\/\/www.externacorporativo.com\/es\/#organization","name":"Externa","url":"https:\/\/www.externacorporativo.com\/es\/","logo":{"@type":"ImageObject","inLanguage":"es","@id":"https:\/\/www.externacorporativo.com\/es\/#\/schema\/logo\/image\/","url":"https:\/\/www.externacorporativo.com\/wp-content\/uploads\/2023\/04\/Sin-nombre.png","contentUrl":"https:\/\/www.externacorporativo.com\/wp-content\/uploads\/2023\/04\/Sin-nombre.png","width":297,"height":109,"caption":"Externa"},"image":{"@id":"https:\/\/www.externacorporativo.com\/es\/#\/schema\/logo\/image\/"}},{"@type":"Person","@id":"https:\/\/www.externacorporativo.com\/es\/#\/schema\/person\/bdc7fa484ed4f3510b0ec3c089989e97","name":"Programacion","image":{"@type":"ImageObject","inLanguage":"es","@id":"https:\/\/www.externacorporativo.com\/es\/#\/schema\/person\/image\/","url":"https:\/\/secure.gravatar.com\/avatar\/b46a7287724b495183c8c832facd7442?s=96&d=mm&r=g","contentUrl":"https:\/\/secure.gravatar.com\/avatar\/b46a7287724b495183c8c832facd7442?s=96&d=mm&r=g","caption":"Programacion"},"url":"https:\/\/www.externacorporativo.com\/es\/author\/programacion\/"}]}},"_links":{"self":[{"href":"https:\/\/www.externacorporativo.com\/es\/wp-json\/wp\/v2\/posts\/1101"}],"collection":[{"href":"https:\/\/www.externacorporativo.com\/es\/wp-json\/wp\/v2\/posts"}],"about":[{"href":"https:\/\/www.externacorporativo.com\/es\/wp-json\/wp\/v2\/types\/post"}],"author":[{"embeddable":true,"href":"https:\/\/www.externacorporativo.com\/es\/wp-json\/wp\/v2\/users\/2"}],"replies":[{"embeddable":true,"href":"https:\/\/www.externacorporativo.com\/es\/wp-json\/wp\/v2\/comments?post=1101"}],"version-history":[{"count":1,"href":"https:\/\/www.externacorporativo.com\/es\/wp-json\/wp\/v2\/posts\/1101\/revisions"}],"predecessor-version":[{"id":1943,"href":"https:\/\/www.externacorporativo.com\/es\/wp-json\/wp\/v2\/posts\/1101\/revisions\/1943"}],"wp:attachment":[{"href":"https:\/\/www.externacorporativo.com\/es\/wp-json\/wp\/v2\/media?parent=1101"}],"wp:term":[{"taxonomy":"category","embeddable":true,"href":"https:\/\/www.externacorporativo.com\/es\/wp-json\/wp\/v2\/categories?post=1101"},{"taxonomy":"post_tag","embeddable":true,"href":"https:\/\/www.externacorporativo.com\/es\/wp-json\/wp\/v2\/tags?post=1101"}],"curies":[{"name":"wp","href":"https:\/\/api.w.org\/{rel}","templated":true}]}}