{"id":1125,"date":"2023-06-01T07:26:29","date_gmt":"2023-06-01T07:26:29","guid":{"rendered":"https:\/\/www.externacorporativo.com\/espana-arabia-saudi-entra-en-vigor-el-acuerdo-para-la-promocion-y-proteccion-reciproca-de-inversiones-3\/"},"modified":"2023-06-01T07:26:31","modified_gmt":"2023-06-01T07:26:31","slug":"espana-arabia-saudi-entra-en-vigor-el-acuerdo-para-la-promocion-y-proteccion-reciproca-de-inversiones-3","status":"publish","type":"post","link":"https:\/\/www.externacorporativo.com\/es\/espana-arabia-saudi-entra-en-vigor-el-acuerdo-para-la-promocion-y-proteccion-reciproca-de-inversiones-3\/","title":{"rendered":"ESPA\u00d1A \u2013 ARABIA SAUD\u00cd: Entra en vigor el Acuerdo para la promoci\u00f3n y protecci\u00f3n rec\u00edproca de inversiones"},"content":{"rendered":"<p style=\"text-align: justify;\">En el BOE del d\u00eda 28 de noviembre se publica finalmente el Acuerdo entre Espa\u00f1a y el Reino de Arabia Saud\u00ed estableciendo su entrada en vigor para el pr\u00f3ximo 14 de diciembre de 2016.<\/p>\n<p style=\"text-align: justify;\">La idea principal de este acuerdo estimular las iniciativas del sector privado creando condiciones favorables para los inversores de ambos Estados.<\/p>\n<p style=\"text-align: justify;\">El acuerdo recoge expresamente la limitaci\u00f3n a posibles nacionalizaciones o expropiaciones de inversiones salvo por motivos de utilidad p\u00fablica, casos que deber\u00e1n ser justificados e indemnizados a precio de mercado. Tambi\u00e9n se tratan las p\u00e9rdidas por guerra o conflicto armado, considerando compensaciones o contraprestaciones econ\u00f3micas.<\/p>\n<p style=\"text-align: justify;\">El acuerdo garantiza la libre trasferencia de todos los pagos relacionados con las inversiones, ya sean por capital, devoluci\u00f3n de pr\u00e9stamos, rentas, ventas, indemnizaciones&#8230;, garantizando el tipo de cambio del d\u00eda que se haya solicitado la transferencia.<\/p>\n<p style=\"text-align: justify;\">Adem\u00e1s, el Acuerdo tendr\u00e1 car\u00e1cter retroactivo para todas las inversiones previas salvo los casos reclamaciones o controversias que hayan sido abiertas o est\u00e9n en procedimiento de resoluci\u00f3n.<\/p>\n<p style=\"text-align: justify;\">La publicaci\u00f3n en el BOE de este Acuerdo y su entrada en vigor coincide con un principio de acuerdo entre el Consorcio espa\u00f1ol y Arabia Saud\u00ed por la construcci\u00f3n del AVE a la Meca por el que se concede un plazo adicional de 14 meses, hasta marzo de 2018, lo que da un respiro a las empresas espa\u00f1olas y alivia las relaciones entre ambos pa\u00edses.<\/p>\n","protected":false},"excerpt":{"rendered":"<p>En el BOE del d\u00eda 28 de noviembre se publica finalmente el Acuerdo entre Espa\u00f1a y el Reino de Arabia Saud\u00ed estableciendo su entrada en vigor para el pr\u00f3ximo 14 de diciembre de 2016. La idea principal de este acuerdo estimular las iniciativas del sector privado creando condiciones favorables para los inversores de ambos Estados. [&hellip;]<\/p>\n","protected":false},"author":2,"featured_media":0,"comment_status":"open","ping_status":"open","sticky":false,"template":"","format":"standard","meta":[],"categories":[],"tags":[],"yoast_head":"<!-- This site is optimized with the Yoast SEO plugin v20.0 - https:\/\/yoast.com\/wordpress\/plugins\/seo\/ -->\n<title>ESPA\u00d1A \u2013 ARABIA SAUD\u00cd: Entra en vigor el Acuerdo para la promoci\u00f3n y protecci\u00f3n rec\u00edproca de inversiones - Externa<\/title>\n<meta name=\"robots\" content=\"index, follow, max-snippet:-1, max-image-preview:large, max-video-preview:-1\" \/>\n<link rel=\"canonical\" href=\"https:\/\/www.externacorporativo.com\/es\/espana-arabia-saudi-entra-en-vigor-el-acuerdo-para-la-promocion-y-proteccion-reciproca-de-inversiones-3\/\" \/>\n<meta property=\"og:locale\" content=\"es_ES\" \/>\n<meta property=\"og:type\" content=\"article\" \/>\n<meta property=\"og:title\" content=\"ESPA\u00d1A \u2013 ARABIA SAUD\u00cd: Entra en vigor el Acuerdo para la promoci\u00f3n y protecci\u00f3n rec\u00edproca de inversiones - Externa\" \/>\n<meta property=\"og:description\" content=\"En el BOE del d\u00eda 28 de noviembre se publica finalmente el Acuerdo entre Espa\u00f1a y el Reino de Arabia Saud\u00ed estableciendo su entrada en vigor para el pr\u00f3ximo 14 de diciembre de 2016. La idea principal de este acuerdo estimular las iniciativas del sector privado creando condiciones favorables para los inversores de ambos Estados. [&hellip;]\" \/>\n<meta property=\"og:url\" content=\"https:\/\/www.externacorporativo.com\/es\/espana-arabia-saudi-entra-en-vigor-el-acuerdo-para-la-promocion-y-proteccion-reciproca-de-inversiones-3\/\" \/>\n<meta property=\"og:site_name\" content=\"Externa\" \/>\n<meta property=\"article:published_time\" content=\"2023-06-01T07:26:29+00:00\" \/>\n<meta property=\"article:modified_time\" content=\"2023-06-01T07:26:31+00:00\" \/>\n<meta name=\"author\" content=\"Programacion\" \/>\n<meta name=\"twitter:card\" content=\"summary_large_image\" \/>\n<meta name=\"twitter:label1\" content=\"Escrito por\" \/>\n\t<meta name=\"twitter:data1\" content=\"Programacion\" \/>\n\t<meta name=\"twitter:label2\" content=\"Tiempo de lectura\" \/>\n\t<meta name=\"twitter:data2\" content=\"1 minuto\" \/>\n<script type=\"application\/ld+json\" class=\"yoast-schema-graph\">{\"@context\":\"https:\/\/schema.org\",\"@graph\":[{\"@type\":\"Article\",\"@id\":\"https:\/\/www.externacorporativo.com\/es\/espana-arabia-saudi-entra-en-vigor-el-acuerdo-para-la-promocion-y-proteccion-reciproca-de-inversiones-3\/#article\",\"isPartOf\":{\"@id\":\"https:\/\/www.externacorporativo.com\/es\/espana-arabia-saudi-entra-en-vigor-el-acuerdo-para-la-promocion-y-proteccion-reciproca-de-inversiones-3\/\"},\"author\":{\"name\":\"Programacion\",\"@id\":\"https:\/\/www.externacorporativo.com\/es\/#\/schema\/person\/bdc7fa484ed4f3510b0ec3c089989e97\"},\"headline\":\"ESPA\u00d1A \u2013 ARABIA SAUD\u00cd: Entra en vigor el Acuerdo para la promoci\u00f3n y protecci\u00f3n rec\u00edproca de inversiones\",\"datePublished\":\"2023-06-01T07:26:29+00:00\",\"dateModified\":\"2023-06-01T07:26:31+00:00\",\"mainEntityOfPage\":{\"@id\":\"https:\/\/www.externacorporativo.com\/es\/espana-arabia-saudi-entra-en-vigor-el-acuerdo-para-la-promocion-y-proteccion-reciproca-de-inversiones-3\/\"},\"wordCount\":265,\"commentCount\":0,\"publisher\":{\"@id\":\"https:\/\/www.externacorporativo.com\/es\/#organization\"},\"inLanguage\":\"es\",\"potentialAction\":[{\"@type\":\"CommentAction\",\"name\":\"Comment\",\"target\":[\"https:\/\/www.externacorporativo.com\/es\/espana-arabia-saudi-entra-en-vigor-el-acuerdo-para-la-promocion-y-proteccion-reciproca-de-inversiones-3\/#respond\"]}]},{\"@type\":\"WebPage\",\"@id\":\"https:\/\/www.externacorporativo.com\/es\/espana-arabia-saudi-entra-en-vigor-el-acuerdo-para-la-promocion-y-proteccion-reciproca-de-inversiones-3\/\",\"url\":\"https:\/\/www.externacorporativo.com\/es\/espana-arabia-saudi-entra-en-vigor-el-acuerdo-para-la-promocion-y-proteccion-reciproca-de-inversiones-3\/\",\"name\":\"ESPA\u00d1A \u2013 ARABIA SAUD\u00cd: Entra en vigor el Acuerdo para la promoci\u00f3n y protecci\u00f3n rec\u00edproca de inversiones - Externa\",\"isPartOf\":{\"@id\":\"https:\/\/www.externacorporativo.com\/es\/#website\"},\"datePublished\":\"2023-06-01T07:26:29+00:00\",\"dateModified\":\"2023-06-01T07:26:31+00:00\",\"breadcrumb\":{\"@id\":\"https:\/\/www.externacorporativo.com\/es\/espana-arabia-saudi-entra-en-vigor-el-acuerdo-para-la-promocion-y-proteccion-reciproca-de-inversiones-3\/#breadcrumb\"},\"inLanguage\":\"es\",\"potentialAction\":[{\"@type\":\"ReadAction\",\"target\":[\"https:\/\/www.externacorporativo.com\/es\/espana-arabia-saudi-entra-en-vigor-el-acuerdo-para-la-promocion-y-proteccion-reciproca-de-inversiones-3\/\"]}]},{\"@type\":\"BreadcrumbList\",\"@id\":\"https:\/\/www.externacorporativo.com\/es\/espana-arabia-saudi-entra-en-vigor-el-acuerdo-para-la-promocion-y-proteccion-reciproca-de-inversiones-3\/#breadcrumb\",\"itemListElement\":[{\"@type\":\"ListItem\",\"position\":1,\"name\":\"Portada\",\"item\":\"https:\/\/www.externacorporativo.com\/es\/\"},{\"@type\":\"ListItem\",\"position\":2,\"name\":\"ESPA\u00d1A \u2013 ARABIA SAUD\u00cd: Entra en vigor el Acuerdo para la promoci\u00f3n y protecci\u00f3n rec\u00edproca de inversiones\"}]},{\"@type\":\"WebSite\",\"@id\":\"https:\/\/www.externacorporativo.com\/es\/#website\",\"url\":\"https:\/\/www.externacorporativo.com\/es\/\",\"name\":\"Externa\",\"description\":\"\",\"publisher\":{\"@id\":\"https:\/\/www.externacorporativo.com\/es\/#organization\"},\"potentialAction\":[{\"@type\":\"SearchAction\",\"target\":{\"@type\":\"EntryPoint\",\"urlTemplate\":\"https:\/\/www.externacorporativo.com\/es\/?s={search_term_string}\"},\"query-input\":\"required name=search_term_string\"}],\"inLanguage\":\"es\"},{\"@type\":\"Organization\",\"@id\":\"https:\/\/www.externacorporativo.com\/es\/#organization\",\"name\":\"Externa\",\"url\":\"https:\/\/www.externacorporativo.com\/es\/\",\"logo\":{\"@type\":\"ImageObject\",\"inLanguage\":\"es\",\"@id\":\"https:\/\/www.externacorporativo.com\/es\/#\/schema\/logo\/image\/\",\"url\":\"https:\/\/www.externacorporativo.com\/wp-content\/uploads\/2023\/04\/Sin-nombre.png\",\"contentUrl\":\"https:\/\/www.externacorporativo.com\/wp-content\/uploads\/2023\/04\/Sin-nombre.png\",\"width\":297,\"height\":109,\"caption\":\"Externa\"},\"image\":{\"@id\":\"https:\/\/www.externacorporativo.com\/es\/#\/schema\/logo\/image\/\"}},{\"@type\":\"Person\",\"@id\":\"https:\/\/www.externacorporativo.com\/es\/#\/schema\/person\/bdc7fa484ed4f3510b0ec3c089989e97\",\"name\":\"Programacion\",\"image\":{\"@type\":\"ImageObject\",\"inLanguage\":\"es\",\"@id\":\"https:\/\/www.externacorporativo.com\/es\/#\/schema\/person\/image\/\",\"url\":\"https:\/\/secure.gravatar.com\/avatar\/b46a7287724b495183c8c832facd7442?s=96&d=mm&r=g\",\"contentUrl\":\"https:\/\/secure.gravatar.com\/avatar\/b46a7287724b495183c8c832facd7442?s=96&d=mm&r=g\",\"caption\":\"Programacion\"},\"url\":\"https:\/\/www.externacorporativo.com\/es\/author\/programacion\/\"}]}<\/script>\n<!-- \/ Yoast SEO plugin. -->","yoast_head_json":{"title":"ESPA\u00d1A \u2013 ARABIA SAUD\u00cd: Entra en vigor el Acuerdo para la promoci\u00f3n y protecci\u00f3n rec\u00edproca de inversiones - Externa","robots":{"index":"index","follow":"follow","max-snippet":"max-snippet:-1","max-image-preview":"max-image-preview:large","max-video-preview":"max-video-preview:-1"},"canonical":"https:\/\/www.externacorporativo.com\/es\/espana-arabia-saudi-entra-en-vigor-el-acuerdo-para-la-promocion-y-proteccion-reciproca-de-inversiones-3\/","og_locale":"es_ES","og_type":"article","og_title":"ESPA\u00d1A \u2013 ARABIA SAUD\u00cd: Entra en vigor el Acuerdo para la promoci\u00f3n y protecci\u00f3n rec\u00edproca de inversiones - Externa","og_description":"En el BOE del d\u00eda 28 de noviembre se publica finalmente el Acuerdo entre Espa\u00f1a y el Reino de Arabia Saud\u00ed estableciendo su entrada en vigor para el pr\u00f3ximo 14 de diciembre de 2016. La idea principal de este acuerdo estimular las iniciativas del sector privado creando condiciones favorables para los inversores de ambos Estados. [&hellip;]","og_url":"https:\/\/www.externacorporativo.com\/es\/espana-arabia-saudi-entra-en-vigor-el-acuerdo-para-la-promocion-y-proteccion-reciproca-de-inversiones-3\/","og_site_name":"Externa","article_published_time":"2023-06-01T07:26:29+00:00","article_modified_time":"2023-06-01T07:26:31+00:00","author":"Programacion","twitter_card":"summary_large_image","twitter_misc":{"Escrito por":"Programacion","Tiempo de lectura":"1 minuto"},"schema":{"@context":"https:\/\/schema.org","@graph":[{"@type":"Article","@id":"https:\/\/www.externacorporativo.com\/es\/espana-arabia-saudi-entra-en-vigor-el-acuerdo-para-la-promocion-y-proteccion-reciproca-de-inversiones-3\/#article","isPartOf":{"@id":"https:\/\/www.externacorporativo.com\/es\/espana-arabia-saudi-entra-en-vigor-el-acuerdo-para-la-promocion-y-proteccion-reciproca-de-inversiones-3\/"},"author":{"name":"Programacion","@id":"https:\/\/www.externacorporativo.com\/es\/#\/schema\/person\/bdc7fa484ed4f3510b0ec3c089989e97"},"headline":"ESPA\u00d1A \u2013 ARABIA SAUD\u00cd: Entra en vigor el Acuerdo para la promoci\u00f3n y protecci\u00f3n rec\u00edproca de inversiones","datePublished":"2023-06-01T07:26:29+00:00","dateModified":"2023-06-01T07:26:31+00:00","mainEntityOfPage":{"@id":"https:\/\/www.externacorporativo.com\/es\/espana-arabia-saudi-entra-en-vigor-el-acuerdo-para-la-promocion-y-proteccion-reciproca-de-inversiones-3\/"},"wordCount":265,"commentCount":0,"publisher":{"@id":"https:\/\/www.externacorporativo.com\/es\/#organization"},"inLanguage":"es","potentialAction":[{"@type":"CommentAction","name":"Comment","target":["https:\/\/www.externacorporativo.com\/es\/espana-arabia-saudi-entra-en-vigor-el-acuerdo-para-la-promocion-y-proteccion-reciproca-de-inversiones-3\/#respond"]}]},{"@type":"WebPage","@id":"https:\/\/www.externacorporativo.com\/es\/espana-arabia-saudi-entra-en-vigor-el-acuerdo-para-la-promocion-y-proteccion-reciproca-de-inversiones-3\/","url":"https:\/\/www.externacorporativo.com\/es\/espana-arabia-saudi-entra-en-vigor-el-acuerdo-para-la-promocion-y-proteccion-reciproca-de-inversiones-3\/","name":"ESPA\u00d1A \u2013 ARABIA SAUD\u00cd: Entra en vigor el Acuerdo para la promoci\u00f3n y protecci\u00f3n rec\u00edproca de inversiones - Externa","isPartOf":{"@id":"https:\/\/www.externacorporativo.com\/es\/#website"},"datePublished":"2023-06-01T07:26:29+00:00","dateModified":"2023-06-01T07:26:31+00:00","breadcrumb":{"@id":"https:\/\/www.externacorporativo.com\/es\/espana-arabia-saudi-entra-en-vigor-el-acuerdo-para-la-promocion-y-proteccion-reciproca-de-inversiones-3\/#breadcrumb"},"inLanguage":"es","potentialAction":[{"@type":"ReadAction","target":["https:\/\/www.externacorporativo.com\/es\/espana-arabia-saudi-entra-en-vigor-el-acuerdo-para-la-promocion-y-proteccion-reciproca-de-inversiones-3\/"]}]},{"@type":"BreadcrumbList","@id":"https:\/\/www.externacorporativo.com\/es\/espana-arabia-saudi-entra-en-vigor-el-acuerdo-para-la-promocion-y-proteccion-reciproca-de-inversiones-3\/#breadcrumb","itemListElement":[{"@type":"ListItem","position":1,"name":"Portada","item":"https:\/\/www.externacorporativo.com\/es\/"},{"@type":"ListItem","position":2,"name":"ESPA\u00d1A \u2013 ARABIA SAUD\u00cd: Entra en vigor el Acuerdo para la promoci\u00f3n y protecci\u00f3n rec\u00edproca de inversiones"}]},{"@type":"WebSite","@id":"https:\/\/www.externacorporativo.com\/es\/#website","url":"https:\/\/www.externacorporativo.com\/es\/","name":"Externa","description":"","publisher":{"@id":"https:\/\/www.externacorporativo.com\/es\/#organization"},"potentialAction":[{"@type":"SearchAction","target":{"@type":"EntryPoint","urlTemplate":"https:\/\/www.externacorporativo.com\/es\/?s={search_term_string}"},"query-input":"required name=search_term_string"}],"inLanguage":"es"},{"@type":"Organization","@id":"https:\/\/www.externacorporativo.com\/es\/#organization","name":"Externa","url":"https:\/\/www.externacorporativo.com\/es\/","logo":{"@type":"ImageObject","inLanguage":"es","@id":"https:\/\/www.externacorporativo.com\/es\/#\/schema\/logo\/image\/","url":"https:\/\/www.externacorporativo.com\/wp-content\/uploads\/2023\/04\/Sin-nombre.png","contentUrl":"https:\/\/www.externacorporativo.com\/wp-content\/uploads\/2023\/04\/Sin-nombre.png","width":297,"height":109,"caption":"Externa"},"image":{"@id":"https:\/\/www.externacorporativo.com\/es\/#\/schema\/logo\/image\/"}},{"@type":"Person","@id":"https:\/\/www.externacorporativo.com\/es\/#\/schema\/person\/bdc7fa484ed4f3510b0ec3c089989e97","name":"Programacion","image":{"@type":"ImageObject","inLanguage":"es","@id":"https:\/\/www.externacorporativo.com\/es\/#\/schema\/person\/image\/","url":"https:\/\/secure.gravatar.com\/avatar\/b46a7287724b495183c8c832facd7442?s=96&d=mm&r=g","contentUrl":"https:\/\/secure.gravatar.com\/avatar\/b46a7287724b495183c8c832facd7442?s=96&d=mm&r=g","caption":"Programacion"},"url":"https:\/\/www.externacorporativo.com\/es\/author\/programacion\/"}]}},"_links":{"self":[{"href":"https:\/\/www.externacorporativo.com\/es\/wp-json\/wp\/v2\/posts\/1125"}],"collection":[{"href":"https:\/\/www.externacorporativo.com\/es\/wp-json\/wp\/v2\/posts"}],"about":[{"href":"https:\/\/www.externacorporativo.com\/es\/wp-json\/wp\/v2\/types\/post"}],"author":[{"embeddable":true,"href":"https:\/\/www.externacorporativo.com\/es\/wp-json\/wp\/v2\/users\/2"}],"replies":[{"embeddable":true,"href":"https:\/\/www.externacorporativo.com\/es\/wp-json\/wp\/v2\/comments?post=1125"}],"version-history":[{"count":1,"href":"https:\/\/www.externacorporativo.com\/es\/wp-json\/wp\/v2\/posts\/1125\/revisions"}],"predecessor-version":[{"id":1967,"href":"https:\/\/www.externacorporativo.com\/es\/wp-json\/wp\/v2\/posts\/1125\/revisions\/1967"}],"wp:attachment":[{"href":"https:\/\/www.externacorporativo.com\/es\/wp-json\/wp\/v2\/media?parent=1125"}],"wp:term":[{"taxonomy":"category","embeddable":true,"href":"https:\/\/www.externacorporativo.com\/es\/wp-json\/wp\/v2\/categories?post=1125"},{"taxonomy":"post_tag","embeddable":true,"href":"https:\/\/www.externacorporativo.com\/es\/wp-json\/wp\/v2\/tags?post=1125"}],"curies":[{"name":"wp","href":"https:\/\/api.w.org\/{rel}","templated":true}]}}