{"id":1134,"date":"2023-06-01T07:26:32","date_gmt":"2023-06-01T07:26:32","guid":{"rendered":"https:\/\/www.externacorporativo.com\/colombia-reforma-tributaria-3\/"},"modified":"2023-06-01T07:26:33","modified_gmt":"2023-06-01T07:26:33","slug":"colombia-reforma-tributaria-3","status":"publish","type":"post","link":"https:\/\/www.externacorporativo.com\/es\/colombia-reforma-tributaria-3\/","title":{"rendered":"COLOMBIA: Reforma tributaria"},"content":{"rendered":"<p style=\"text-align: justify;\">Desde el pasado 1 de enero entr\u00f3 en vigor la nueva reforma tributaria recogida en la Ley 1819 de 2016, aprobada las pasadas navidades.<\/p>\n<p style=\"text-align: justify;\">La principal novedad es el incremento de tipo gen\u00e9rico de IVA que asciende de un 16 a un 19%, salvo para determinados productos higi\u00e9nicos que por primera vez se establece un tipo reducido del 5%.<\/p>\n<p style=\"text-align: justify;\">La tarifa gen\u00e9rica para el impuesto sobre la renta de las personas jur\u00eddicas, establecimientos permanentes de entidades extranjeras o sin residencia en el pa\u00eds, se fija en el 33%. Para las personas naturales, el tipo marginal llegar\u00e1 al 35%.<\/p>\n<p style=\"text-align: justify;\">Otras novedades destacables son la del \u201cimpuesto verde\u201d que encarecer\u00e1 los combustibles y el \u201cmonotributo\u201d que afecta a los peque\u00f1os comerciantes quienes a partir de ahora pagar\u00e1n conjuntamente el IVA y el impuesto sobre la renta sobre el 1% de sus ingresos.<\/p>\n<p style=\"text-align: justify;\">La evasi\u00f3n de impuestos se refleja en esta reforma con pena de prisi\u00f3n de 4 a 9 a\u00f1os por evasiones de m\u00e1s de 172 Millones de Pesos<\/p>\n","protected":false},"excerpt":{"rendered":"<p>Desde el pasado 1 de enero entr\u00f3 en vigor la nueva reforma tributaria recogida en la Ley 1819 de 2016, aprobada las pasadas navidades. La principal novedad es el incremento de tipo gen\u00e9rico de IVA que asciende de un 16 a un 19%, salvo para determinados productos higi\u00e9nicos que por primera vez se establece un [&hellip;]<\/p>\n","protected":false},"author":2,"featured_media":0,"comment_status":"open","ping_status":"open","sticky":false,"template":"","format":"standard","meta":[],"categories":[],"tags":[],"yoast_head":"<!-- This site is optimized with the Yoast SEO plugin v20.0 - https:\/\/yoast.com\/wordpress\/plugins\/seo\/ -->\n<title>COLOMBIA: Reforma tributaria - Externa<\/title>\n<meta name=\"robots\" content=\"index, follow, max-snippet:-1, max-image-preview:large, max-video-preview:-1\" \/>\n<link rel=\"canonical\" href=\"https:\/\/www.externacorporativo.com\/es\/colombia-reforma-tributaria-3\/\" \/>\n<meta property=\"og:locale\" content=\"es_ES\" \/>\n<meta property=\"og:type\" content=\"article\" \/>\n<meta property=\"og:title\" content=\"COLOMBIA: Reforma tributaria - Externa\" \/>\n<meta property=\"og:description\" content=\"Desde el pasado 1 de enero entr\u00f3 en vigor la nueva reforma tributaria recogida en la Ley 1819 de 2016, aprobada las pasadas navidades. La principal novedad es el incremento de tipo gen\u00e9rico de IVA que asciende de un 16 a un 19%, salvo para determinados productos higi\u00e9nicos que por primera vez se establece un [&hellip;]\" \/>\n<meta property=\"og:url\" content=\"https:\/\/www.externacorporativo.com\/es\/colombia-reforma-tributaria-3\/\" \/>\n<meta property=\"og:site_name\" content=\"Externa\" \/>\n<meta property=\"article:published_time\" content=\"2023-06-01T07:26:32+00:00\" \/>\n<meta property=\"article:modified_time\" content=\"2023-06-01T07:26:33+00:00\" \/>\n<meta name=\"author\" content=\"Programacion\" \/>\n<meta name=\"twitter:card\" content=\"summary_large_image\" \/>\n<meta name=\"twitter:label1\" content=\"Escrito por\" \/>\n\t<meta name=\"twitter:data1\" content=\"Programacion\" \/>\n\t<meta name=\"twitter:label2\" content=\"Tiempo de lectura\" \/>\n\t<meta name=\"twitter:data2\" content=\"1 minuto\" \/>\n<script type=\"application\/ld+json\" class=\"yoast-schema-graph\">{\"@context\":\"https:\/\/schema.org\",\"@graph\":[{\"@type\":\"Article\",\"@id\":\"https:\/\/www.externacorporativo.com\/es\/colombia-reforma-tributaria-3\/#article\",\"isPartOf\":{\"@id\":\"https:\/\/www.externacorporativo.com\/es\/colombia-reforma-tributaria-3\/\"},\"author\":{\"name\":\"Programacion\",\"@id\":\"https:\/\/www.externacorporativo.com\/es\/#\/schema\/person\/bdc7fa484ed4f3510b0ec3c089989e97\"},\"headline\":\"COLOMBIA: Reforma tributaria\",\"datePublished\":\"2023-06-01T07:26:32+00:00\",\"dateModified\":\"2023-06-01T07:26:33+00:00\",\"mainEntityOfPage\":{\"@id\":\"https:\/\/www.externacorporativo.com\/es\/colombia-reforma-tributaria-3\/\"},\"wordCount\":169,\"commentCount\":0,\"publisher\":{\"@id\":\"https:\/\/www.externacorporativo.com\/es\/#organization\"},\"inLanguage\":\"es\",\"potentialAction\":[{\"@type\":\"CommentAction\",\"name\":\"Comment\",\"target\":[\"https:\/\/www.externacorporativo.com\/es\/colombia-reforma-tributaria-3\/#respond\"]}]},{\"@type\":\"WebPage\",\"@id\":\"https:\/\/www.externacorporativo.com\/es\/colombia-reforma-tributaria-3\/\",\"url\":\"https:\/\/www.externacorporativo.com\/es\/colombia-reforma-tributaria-3\/\",\"name\":\"COLOMBIA: Reforma tributaria - Externa\",\"isPartOf\":{\"@id\":\"https:\/\/www.externacorporativo.com\/es\/#website\"},\"datePublished\":\"2023-06-01T07:26:32+00:00\",\"dateModified\":\"2023-06-01T07:26:33+00:00\",\"breadcrumb\":{\"@id\":\"https:\/\/www.externacorporativo.com\/es\/colombia-reforma-tributaria-3\/#breadcrumb\"},\"inLanguage\":\"es\",\"potentialAction\":[{\"@type\":\"ReadAction\",\"target\":[\"https:\/\/www.externacorporativo.com\/es\/colombia-reforma-tributaria-3\/\"]}]},{\"@type\":\"BreadcrumbList\",\"@id\":\"https:\/\/www.externacorporativo.com\/es\/colombia-reforma-tributaria-3\/#breadcrumb\",\"itemListElement\":[{\"@type\":\"ListItem\",\"position\":1,\"name\":\"Portada\",\"item\":\"https:\/\/www.externacorporativo.com\/es\/\"},{\"@type\":\"ListItem\",\"position\":2,\"name\":\"COLOMBIA: Reforma tributaria\"}]},{\"@type\":\"WebSite\",\"@id\":\"https:\/\/www.externacorporativo.com\/es\/#website\",\"url\":\"https:\/\/www.externacorporativo.com\/es\/\",\"name\":\"Externa\",\"description\":\"\",\"publisher\":{\"@id\":\"https:\/\/www.externacorporativo.com\/es\/#organization\"},\"potentialAction\":[{\"@type\":\"SearchAction\",\"target\":{\"@type\":\"EntryPoint\",\"urlTemplate\":\"https:\/\/www.externacorporativo.com\/es\/?s={search_term_string}\"},\"query-input\":\"required name=search_term_string\"}],\"inLanguage\":\"es\"},{\"@type\":\"Organization\",\"@id\":\"https:\/\/www.externacorporativo.com\/es\/#organization\",\"name\":\"Externa\",\"url\":\"https:\/\/www.externacorporativo.com\/es\/\",\"logo\":{\"@type\":\"ImageObject\",\"inLanguage\":\"es\",\"@id\":\"https:\/\/www.externacorporativo.com\/es\/#\/schema\/logo\/image\/\",\"url\":\"https:\/\/www.externacorporativo.com\/wp-content\/uploads\/2023\/04\/Sin-nombre.png\",\"contentUrl\":\"https:\/\/www.externacorporativo.com\/wp-content\/uploads\/2023\/04\/Sin-nombre.png\",\"width\":297,\"height\":109,\"caption\":\"Externa\"},\"image\":{\"@id\":\"https:\/\/www.externacorporativo.com\/es\/#\/schema\/logo\/image\/\"}},{\"@type\":\"Person\",\"@id\":\"https:\/\/www.externacorporativo.com\/es\/#\/schema\/person\/bdc7fa484ed4f3510b0ec3c089989e97\",\"name\":\"Programacion\",\"image\":{\"@type\":\"ImageObject\",\"inLanguage\":\"es\",\"@id\":\"https:\/\/www.externacorporativo.com\/es\/#\/schema\/person\/image\/\",\"url\":\"https:\/\/secure.gravatar.com\/avatar\/b46a7287724b495183c8c832facd7442?s=96&d=mm&r=g\",\"contentUrl\":\"https:\/\/secure.gravatar.com\/avatar\/b46a7287724b495183c8c832facd7442?s=96&d=mm&r=g\",\"caption\":\"Programacion\"},\"url\":\"https:\/\/www.externacorporativo.com\/es\/author\/programacion\/\"}]}<\/script>\n<!-- \/ Yoast SEO plugin. -->","yoast_head_json":{"title":"COLOMBIA: Reforma tributaria - Externa","robots":{"index":"index","follow":"follow","max-snippet":"max-snippet:-1","max-image-preview":"max-image-preview:large","max-video-preview":"max-video-preview:-1"},"canonical":"https:\/\/www.externacorporativo.com\/es\/colombia-reforma-tributaria-3\/","og_locale":"es_ES","og_type":"article","og_title":"COLOMBIA: Reforma tributaria - Externa","og_description":"Desde el pasado 1 de enero entr\u00f3 en vigor la nueva reforma tributaria recogida en la Ley 1819 de 2016, aprobada las pasadas navidades. La principal novedad es el incremento de tipo gen\u00e9rico de IVA que asciende de un 16 a un 19%, salvo para determinados productos higi\u00e9nicos que por primera vez se establece un [&hellip;]","og_url":"https:\/\/www.externacorporativo.com\/es\/colombia-reforma-tributaria-3\/","og_site_name":"Externa","article_published_time":"2023-06-01T07:26:32+00:00","article_modified_time":"2023-06-01T07:26:33+00:00","author":"Programacion","twitter_card":"summary_large_image","twitter_misc":{"Escrito por":"Programacion","Tiempo de lectura":"1 minuto"},"schema":{"@context":"https:\/\/schema.org","@graph":[{"@type":"Article","@id":"https:\/\/www.externacorporativo.com\/es\/colombia-reforma-tributaria-3\/#article","isPartOf":{"@id":"https:\/\/www.externacorporativo.com\/es\/colombia-reforma-tributaria-3\/"},"author":{"name":"Programacion","@id":"https:\/\/www.externacorporativo.com\/es\/#\/schema\/person\/bdc7fa484ed4f3510b0ec3c089989e97"},"headline":"COLOMBIA: Reforma tributaria","datePublished":"2023-06-01T07:26:32+00:00","dateModified":"2023-06-01T07:26:33+00:00","mainEntityOfPage":{"@id":"https:\/\/www.externacorporativo.com\/es\/colombia-reforma-tributaria-3\/"},"wordCount":169,"commentCount":0,"publisher":{"@id":"https:\/\/www.externacorporativo.com\/es\/#organization"},"inLanguage":"es","potentialAction":[{"@type":"CommentAction","name":"Comment","target":["https:\/\/www.externacorporativo.com\/es\/colombia-reforma-tributaria-3\/#respond"]}]},{"@type":"WebPage","@id":"https:\/\/www.externacorporativo.com\/es\/colombia-reforma-tributaria-3\/","url":"https:\/\/www.externacorporativo.com\/es\/colombia-reforma-tributaria-3\/","name":"COLOMBIA: Reforma tributaria - Externa","isPartOf":{"@id":"https:\/\/www.externacorporativo.com\/es\/#website"},"datePublished":"2023-06-01T07:26:32+00:00","dateModified":"2023-06-01T07:26:33+00:00","breadcrumb":{"@id":"https:\/\/www.externacorporativo.com\/es\/colombia-reforma-tributaria-3\/#breadcrumb"},"inLanguage":"es","potentialAction":[{"@type":"ReadAction","target":["https:\/\/www.externacorporativo.com\/es\/colombia-reforma-tributaria-3\/"]}]},{"@type":"BreadcrumbList","@id":"https:\/\/www.externacorporativo.com\/es\/colombia-reforma-tributaria-3\/#breadcrumb","itemListElement":[{"@type":"ListItem","position":1,"name":"Portada","item":"https:\/\/www.externacorporativo.com\/es\/"},{"@type":"ListItem","position":2,"name":"COLOMBIA: Reforma tributaria"}]},{"@type":"WebSite","@id":"https:\/\/www.externacorporativo.com\/es\/#website","url":"https:\/\/www.externacorporativo.com\/es\/","name":"Externa","description":"","publisher":{"@id":"https:\/\/www.externacorporativo.com\/es\/#organization"},"potentialAction":[{"@type":"SearchAction","target":{"@type":"EntryPoint","urlTemplate":"https:\/\/www.externacorporativo.com\/es\/?s={search_term_string}"},"query-input":"required name=search_term_string"}],"inLanguage":"es"},{"@type":"Organization","@id":"https:\/\/www.externacorporativo.com\/es\/#organization","name":"Externa","url":"https:\/\/www.externacorporativo.com\/es\/","logo":{"@type":"ImageObject","inLanguage":"es","@id":"https:\/\/www.externacorporativo.com\/es\/#\/schema\/logo\/image\/","url":"https:\/\/www.externacorporativo.com\/wp-content\/uploads\/2023\/04\/Sin-nombre.png","contentUrl":"https:\/\/www.externacorporativo.com\/wp-content\/uploads\/2023\/04\/Sin-nombre.png","width":297,"height":109,"caption":"Externa"},"image":{"@id":"https:\/\/www.externacorporativo.com\/es\/#\/schema\/logo\/image\/"}},{"@type":"Person","@id":"https:\/\/www.externacorporativo.com\/es\/#\/schema\/person\/bdc7fa484ed4f3510b0ec3c089989e97","name":"Programacion","image":{"@type":"ImageObject","inLanguage":"es","@id":"https:\/\/www.externacorporativo.com\/es\/#\/schema\/person\/image\/","url":"https:\/\/secure.gravatar.com\/avatar\/b46a7287724b495183c8c832facd7442?s=96&d=mm&r=g","contentUrl":"https:\/\/secure.gravatar.com\/avatar\/b46a7287724b495183c8c832facd7442?s=96&d=mm&r=g","caption":"Programacion"},"url":"https:\/\/www.externacorporativo.com\/es\/author\/programacion\/"}]}},"_links":{"self":[{"href":"https:\/\/www.externacorporativo.com\/es\/wp-json\/wp\/v2\/posts\/1134"}],"collection":[{"href":"https:\/\/www.externacorporativo.com\/es\/wp-json\/wp\/v2\/posts"}],"about":[{"href":"https:\/\/www.externacorporativo.com\/es\/wp-json\/wp\/v2\/types\/post"}],"author":[{"embeddable":true,"href":"https:\/\/www.externacorporativo.com\/es\/wp-json\/wp\/v2\/users\/2"}],"replies":[{"embeddable":true,"href":"https:\/\/www.externacorporativo.com\/es\/wp-json\/wp\/v2\/comments?post=1134"}],"version-history":[{"count":1,"href":"https:\/\/www.externacorporativo.com\/es\/wp-json\/wp\/v2\/posts\/1134\/revisions"}],"predecessor-version":[{"id":1976,"href":"https:\/\/www.externacorporativo.com\/es\/wp-json\/wp\/v2\/posts\/1134\/revisions\/1976"}],"wp:attachment":[{"href":"https:\/\/www.externacorporativo.com\/es\/wp-json\/wp\/v2\/media?parent=1134"}],"wp:term":[{"taxonomy":"category","embeddable":true,"href":"https:\/\/www.externacorporativo.com\/es\/wp-json\/wp\/v2\/categories?post=1134"},{"taxonomy":"post_tag","embeddable":true,"href":"https:\/\/www.externacorporativo.com\/es\/wp-json\/wp\/v2\/tags?post=1134"}],"curies":[{"name":"wp","href":"https:\/\/api.w.org\/{rel}","templated":true}]}}