{"id":1153,"date":"2023-06-01T07:26:35","date_gmt":"2023-06-01T07:26:35","guid":{"rendered":"https:\/\/www.externacorporativo.com\/union-europea-ue-canada-avances-en-el-tratado-de-libre-comercio-entre-la-ue-y-canada-ceta-4\/"},"modified":"2023-06-01T07:26:36","modified_gmt":"2023-06-01T07:26:36","slug":"union-europea-ue-canada-avances-en-el-tratado-de-libre-comercio-entre-la-ue-y-canada-ceta-4","status":"publish","type":"post","link":"https:\/\/www.externacorporativo.com\/es\/union-europea-ue-canada-avances-en-el-tratado-de-libre-comercio-entre-la-ue-y-canada-ceta-4\/","title":{"rendered":"UNI\u00d3N EUROPEA: UE &#8211; CANAD\u00c1: Avances en el Tratado de Libre Comercio entre la UE y Canad\u00e1 (CETA)"},"content":{"rendered":"<p style=\"text-align: justify;\">El pasado 15 de febrero, el Parlamento Europeo vot\u00f3 con holgada mayor\u00eda a favor del a aprobaci\u00f3n del Tratado de Libre Comercio entre la UE y Canad\u00e1, m\u00e1s conocido como CETA.<\/p>\n<p style=\"text-align: justify;\">El acuerdo elimina los aranceles de la mayor\u00eda de bienes y servicios, pero m\u00e1s all\u00e1 de las ventajas econ\u00f3micas que pueda representar, sobre todo en cuanto a volumen de exportaciones, este Acuerdo se ha convertido en un s\u00edmbolo de las fuerzas antiglobalizaci\u00f3n que pretenden evitar que se convierta en un precedente a imitar.<\/p>\n<p style=\"text-align: justify;\">Si bien supondr\u00e1 ventajas para las PYMES a nivel exportaciones y certificaciones aduaneras, por otro lado, se teme que las grandes multinacionales tengan v\u00eda libre en sectores como la salud, la educaci\u00f3n o los servicios sociales ya que el Acuerdo prev\u00e9 libertad a los Estados para organizarse.<\/p>\n<p style=\"text-align: justify;\">Durante el 2016, este Acuerdo sufri\u00f3 muchos retrasos y fue objeto arrojadizo entre las pol\u00edticas de izquierdas y de derechas, el hecho de que el Parlamento Europeo lo haya aprobado supone un paso esencial y requisito indispensable para su provisional entrada en vigor con car\u00e1cter inmediato, aunque pendiente de su ratificaci\u00f3n por parte de cada Estado miembro.<\/p>\n","protected":false},"excerpt":{"rendered":"<p>El pasado 15 de febrero, el Parlamento Europeo vot\u00f3 con holgada mayor\u00eda a favor del a aprobaci\u00f3n del Tratado de Libre Comercio entre la UE y Canad\u00e1, m\u00e1s conocido como CETA. El acuerdo elimina los aranceles de la mayor\u00eda de bienes y servicios, pero m\u00e1s all\u00e1 de las ventajas econ\u00f3micas que pueda representar, sobre todo [&hellip;]<\/p>\n","protected":false},"author":2,"featured_media":0,"comment_status":"open","ping_status":"open","sticky":false,"template":"","format":"standard","meta":[],"categories":[],"tags":[],"yoast_head":"<!-- This site is optimized with the Yoast SEO plugin v20.0 - https:\/\/yoast.com\/wordpress\/plugins\/seo\/ -->\n<title>UNI\u00d3N EUROPEA: UE - CANAD\u00c1: Avances en el Tratado de Libre Comercio entre la UE y Canad\u00e1 (CETA) - Externa<\/title>\n<meta name=\"robots\" content=\"index, follow, max-snippet:-1, max-image-preview:large, max-video-preview:-1\" \/>\n<link rel=\"canonical\" href=\"https:\/\/www.externacorporativo.com\/es\/union-europea-ue-canada-avances-en-el-tratado-de-libre-comercio-entre-la-ue-y-canada-ceta-4\/\" \/>\n<meta property=\"og:locale\" content=\"es_ES\" \/>\n<meta property=\"og:type\" content=\"article\" \/>\n<meta property=\"og:title\" content=\"UNI\u00d3N EUROPEA: UE - CANAD\u00c1: Avances en el Tratado de Libre Comercio entre la UE y Canad\u00e1 (CETA) - Externa\" \/>\n<meta property=\"og:description\" content=\"El pasado 15 de febrero, el Parlamento Europeo vot\u00f3 con holgada mayor\u00eda a favor del a aprobaci\u00f3n del Tratado de Libre Comercio entre la UE y Canad\u00e1, m\u00e1s conocido como CETA. El acuerdo elimina los aranceles de la mayor\u00eda de bienes y servicios, pero m\u00e1s all\u00e1 de las ventajas econ\u00f3micas que pueda representar, sobre todo [&hellip;]\" \/>\n<meta property=\"og:url\" content=\"https:\/\/www.externacorporativo.com\/es\/union-europea-ue-canada-avances-en-el-tratado-de-libre-comercio-entre-la-ue-y-canada-ceta-4\/\" \/>\n<meta property=\"og:site_name\" content=\"Externa\" \/>\n<meta property=\"article:published_time\" content=\"2023-06-01T07:26:35+00:00\" \/>\n<meta property=\"article:modified_time\" content=\"2023-06-01T07:26:36+00:00\" \/>\n<meta name=\"author\" content=\"Programacion\" \/>\n<meta name=\"twitter:card\" content=\"summary_large_image\" \/>\n<meta name=\"twitter:label1\" content=\"Escrito por\" \/>\n\t<meta name=\"twitter:data1\" content=\"Programacion\" \/>\n\t<meta name=\"twitter:label2\" content=\"Tiempo de lectura\" \/>\n\t<meta name=\"twitter:data2\" content=\"1 minuto\" \/>\n<script type=\"application\/ld+json\" class=\"yoast-schema-graph\">{\"@context\":\"https:\/\/schema.org\",\"@graph\":[{\"@type\":\"Article\",\"@id\":\"https:\/\/www.externacorporativo.com\/es\/union-europea-ue-canada-avances-en-el-tratado-de-libre-comercio-entre-la-ue-y-canada-ceta-4\/#article\",\"isPartOf\":{\"@id\":\"https:\/\/www.externacorporativo.com\/es\/union-europea-ue-canada-avances-en-el-tratado-de-libre-comercio-entre-la-ue-y-canada-ceta-4\/\"},\"author\":{\"name\":\"Programacion\",\"@id\":\"https:\/\/www.externacorporativo.com\/es\/#\/schema\/person\/bdc7fa484ed4f3510b0ec3c089989e97\"},\"headline\":\"UNI\u00d3N EUROPEA: UE &#8211; CANAD\u00c1: Avances en el Tratado de Libre Comercio entre la UE y Canad\u00e1 (CETA)\",\"datePublished\":\"2023-06-01T07:26:35+00:00\",\"dateModified\":\"2023-06-01T07:26:36+00:00\",\"mainEntityOfPage\":{\"@id\":\"https:\/\/www.externacorporativo.com\/es\/union-europea-ue-canada-avances-en-el-tratado-de-libre-comercio-entre-la-ue-y-canada-ceta-4\/\"},\"wordCount\":218,\"commentCount\":0,\"publisher\":{\"@id\":\"https:\/\/www.externacorporativo.com\/es\/#organization\"},\"inLanguage\":\"es\",\"potentialAction\":[{\"@type\":\"CommentAction\",\"name\":\"Comment\",\"target\":[\"https:\/\/www.externacorporativo.com\/es\/union-europea-ue-canada-avances-en-el-tratado-de-libre-comercio-entre-la-ue-y-canada-ceta-4\/#respond\"]}]},{\"@type\":\"WebPage\",\"@id\":\"https:\/\/www.externacorporativo.com\/es\/union-europea-ue-canada-avances-en-el-tratado-de-libre-comercio-entre-la-ue-y-canada-ceta-4\/\",\"url\":\"https:\/\/www.externacorporativo.com\/es\/union-europea-ue-canada-avances-en-el-tratado-de-libre-comercio-entre-la-ue-y-canada-ceta-4\/\",\"name\":\"UNI\u00d3N EUROPEA: UE - CANAD\u00c1: Avances en el Tratado de Libre Comercio entre la UE y Canad\u00e1 (CETA) - Externa\",\"isPartOf\":{\"@id\":\"https:\/\/www.externacorporativo.com\/es\/#website\"},\"datePublished\":\"2023-06-01T07:26:35+00:00\",\"dateModified\":\"2023-06-01T07:26:36+00:00\",\"breadcrumb\":{\"@id\":\"https:\/\/www.externacorporativo.com\/es\/union-europea-ue-canada-avances-en-el-tratado-de-libre-comercio-entre-la-ue-y-canada-ceta-4\/#breadcrumb\"},\"inLanguage\":\"es\",\"potentialAction\":[{\"@type\":\"ReadAction\",\"target\":[\"https:\/\/www.externacorporativo.com\/es\/union-europea-ue-canada-avances-en-el-tratado-de-libre-comercio-entre-la-ue-y-canada-ceta-4\/\"]}]},{\"@type\":\"BreadcrumbList\",\"@id\":\"https:\/\/www.externacorporativo.com\/es\/union-europea-ue-canada-avances-en-el-tratado-de-libre-comercio-entre-la-ue-y-canada-ceta-4\/#breadcrumb\",\"itemListElement\":[{\"@type\":\"ListItem\",\"position\":1,\"name\":\"Portada\",\"item\":\"https:\/\/www.externacorporativo.com\/es\/\"},{\"@type\":\"ListItem\",\"position\":2,\"name\":\"UNI\u00d3N EUROPEA: UE &#8211; CANAD\u00c1: Avances en el Tratado de Libre Comercio entre la UE y Canad\u00e1 (CETA)\"}]},{\"@type\":\"WebSite\",\"@id\":\"https:\/\/www.externacorporativo.com\/es\/#website\",\"url\":\"https:\/\/www.externacorporativo.com\/es\/\",\"name\":\"Externa\",\"description\":\"\",\"publisher\":{\"@id\":\"https:\/\/www.externacorporativo.com\/es\/#organization\"},\"potentialAction\":[{\"@type\":\"SearchAction\",\"target\":{\"@type\":\"EntryPoint\",\"urlTemplate\":\"https:\/\/www.externacorporativo.com\/es\/?s={search_term_string}\"},\"query-input\":\"required name=search_term_string\"}],\"inLanguage\":\"es\"},{\"@type\":\"Organization\",\"@id\":\"https:\/\/www.externacorporativo.com\/es\/#organization\",\"name\":\"Externa\",\"url\":\"https:\/\/www.externacorporativo.com\/es\/\",\"logo\":{\"@type\":\"ImageObject\",\"inLanguage\":\"es\",\"@id\":\"https:\/\/www.externacorporativo.com\/es\/#\/schema\/logo\/image\/\",\"url\":\"https:\/\/www.externacorporativo.com\/wp-content\/uploads\/2023\/04\/Sin-nombre.png\",\"contentUrl\":\"https:\/\/www.externacorporativo.com\/wp-content\/uploads\/2023\/04\/Sin-nombre.png\",\"width\":297,\"height\":109,\"caption\":\"Externa\"},\"image\":{\"@id\":\"https:\/\/www.externacorporativo.com\/es\/#\/schema\/logo\/image\/\"}},{\"@type\":\"Person\",\"@id\":\"https:\/\/www.externacorporativo.com\/es\/#\/schema\/person\/bdc7fa484ed4f3510b0ec3c089989e97\",\"name\":\"Programacion\",\"image\":{\"@type\":\"ImageObject\",\"inLanguage\":\"es\",\"@id\":\"https:\/\/www.externacorporativo.com\/es\/#\/schema\/person\/image\/\",\"url\":\"https:\/\/secure.gravatar.com\/avatar\/b46a7287724b495183c8c832facd7442?s=96&d=mm&r=g\",\"contentUrl\":\"https:\/\/secure.gravatar.com\/avatar\/b46a7287724b495183c8c832facd7442?s=96&d=mm&r=g\",\"caption\":\"Programacion\"},\"url\":\"https:\/\/www.externacorporativo.com\/es\/author\/programacion\/\"}]}<\/script>\n<!-- \/ Yoast SEO plugin. -->","yoast_head_json":{"title":"UNI\u00d3N EUROPEA: UE - CANAD\u00c1: Avances en el Tratado de Libre Comercio entre la UE y Canad\u00e1 (CETA) - Externa","robots":{"index":"index","follow":"follow","max-snippet":"max-snippet:-1","max-image-preview":"max-image-preview:large","max-video-preview":"max-video-preview:-1"},"canonical":"https:\/\/www.externacorporativo.com\/es\/union-europea-ue-canada-avances-en-el-tratado-de-libre-comercio-entre-la-ue-y-canada-ceta-4\/","og_locale":"es_ES","og_type":"article","og_title":"UNI\u00d3N EUROPEA: UE - CANAD\u00c1: Avances en el Tratado de Libre Comercio entre la UE y Canad\u00e1 (CETA) - Externa","og_description":"El pasado 15 de febrero, el Parlamento Europeo vot\u00f3 con holgada mayor\u00eda a favor del a aprobaci\u00f3n del Tratado de Libre Comercio entre la UE y Canad\u00e1, m\u00e1s conocido como CETA. El acuerdo elimina los aranceles de la mayor\u00eda de bienes y servicios, pero m\u00e1s all\u00e1 de las ventajas econ\u00f3micas que pueda representar, sobre todo [&hellip;]","og_url":"https:\/\/www.externacorporativo.com\/es\/union-europea-ue-canada-avances-en-el-tratado-de-libre-comercio-entre-la-ue-y-canada-ceta-4\/","og_site_name":"Externa","article_published_time":"2023-06-01T07:26:35+00:00","article_modified_time":"2023-06-01T07:26:36+00:00","author":"Programacion","twitter_card":"summary_large_image","twitter_misc":{"Escrito por":"Programacion","Tiempo de lectura":"1 minuto"},"schema":{"@context":"https:\/\/schema.org","@graph":[{"@type":"Article","@id":"https:\/\/www.externacorporativo.com\/es\/union-europea-ue-canada-avances-en-el-tratado-de-libre-comercio-entre-la-ue-y-canada-ceta-4\/#article","isPartOf":{"@id":"https:\/\/www.externacorporativo.com\/es\/union-europea-ue-canada-avances-en-el-tratado-de-libre-comercio-entre-la-ue-y-canada-ceta-4\/"},"author":{"name":"Programacion","@id":"https:\/\/www.externacorporativo.com\/es\/#\/schema\/person\/bdc7fa484ed4f3510b0ec3c089989e97"},"headline":"UNI\u00d3N EUROPEA: UE &#8211; CANAD\u00c1: Avances en el Tratado de Libre Comercio entre la UE y Canad\u00e1 (CETA)","datePublished":"2023-06-01T07:26:35+00:00","dateModified":"2023-06-01T07:26:36+00:00","mainEntityOfPage":{"@id":"https:\/\/www.externacorporativo.com\/es\/union-europea-ue-canada-avances-en-el-tratado-de-libre-comercio-entre-la-ue-y-canada-ceta-4\/"},"wordCount":218,"commentCount":0,"publisher":{"@id":"https:\/\/www.externacorporativo.com\/es\/#organization"},"inLanguage":"es","potentialAction":[{"@type":"CommentAction","name":"Comment","target":["https:\/\/www.externacorporativo.com\/es\/union-europea-ue-canada-avances-en-el-tratado-de-libre-comercio-entre-la-ue-y-canada-ceta-4\/#respond"]}]},{"@type":"WebPage","@id":"https:\/\/www.externacorporativo.com\/es\/union-europea-ue-canada-avances-en-el-tratado-de-libre-comercio-entre-la-ue-y-canada-ceta-4\/","url":"https:\/\/www.externacorporativo.com\/es\/union-europea-ue-canada-avances-en-el-tratado-de-libre-comercio-entre-la-ue-y-canada-ceta-4\/","name":"UNI\u00d3N EUROPEA: UE - CANAD\u00c1: Avances en el Tratado de Libre Comercio entre la UE y Canad\u00e1 (CETA) - Externa","isPartOf":{"@id":"https:\/\/www.externacorporativo.com\/es\/#website"},"datePublished":"2023-06-01T07:26:35+00:00","dateModified":"2023-06-01T07:26:36+00:00","breadcrumb":{"@id":"https:\/\/www.externacorporativo.com\/es\/union-europea-ue-canada-avances-en-el-tratado-de-libre-comercio-entre-la-ue-y-canada-ceta-4\/#breadcrumb"},"inLanguage":"es","potentialAction":[{"@type":"ReadAction","target":["https:\/\/www.externacorporativo.com\/es\/union-europea-ue-canada-avances-en-el-tratado-de-libre-comercio-entre-la-ue-y-canada-ceta-4\/"]}]},{"@type":"BreadcrumbList","@id":"https:\/\/www.externacorporativo.com\/es\/union-europea-ue-canada-avances-en-el-tratado-de-libre-comercio-entre-la-ue-y-canada-ceta-4\/#breadcrumb","itemListElement":[{"@type":"ListItem","position":1,"name":"Portada","item":"https:\/\/www.externacorporativo.com\/es\/"},{"@type":"ListItem","position":2,"name":"UNI\u00d3N EUROPEA: UE &#8211; CANAD\u00c1: Avances en el Tratado de Libre Comercio entre la UE y Canad\u00e1 (CETA)"}]},{"@type":"WebSite","@id":"https:\/\/www.externacorporativo.com\/es\/#website","url":"https:\/\/www.externacorporativo.com\/es\/","name":"Externa","description":"","publisher":{"@id":"https:\/\/www.externacorporativo.com\/es\/#organization"},"potentialAction":[{"@type":"SearchAction","target":{"@type":"EntryPoint","urlTemplate":"https:\/\/www.externacorporativo.com\/es\/?s={search_term_string}"},"query-input":"required name=search_term_string"}],"inLanguage":"es"},{"@type":"Organization","@id":"https:\/\/www.externacorporativo.com\/es\/#organization","name":"Externa","url":"https:\/\/www.externacorporativo.com\/es\/","logo":{"@type":"ImageObject","inLanguage":"es","@id":"https:\/\/www.externacorporativo.com\/es\/#\/schema\/logo\/image\/","url":"https:\/\/www.externacorporativo.com\/wp-content\/uploads\/2023\/04\/Sin-nombre.png","contentUrl":"https:\/\/www.externacorporativo.com\/wp-content\/uploads\/2023\/04\/Sin-nombre.png","width":297,"height":109,"caption":"Externa"},"image":{"@id":"https:\/\/www.externacorporativo.com\/es\/#\/schema\/logo\/image\/"}},{"@type":"Person","@id":"https:\/\/www.externacorporativo.com\/es\/#\/schema\/person\/bdc7fa484ed4f3510b0ec3c089989e97","name":"Programacion","image":{"@type":"ImageObject","inLanguage":"es","@id":"https:\/\/www.externacorporativo.com\/es\/#\/schema\/person\/image\/","url":"https:\/\/secure.gravatar.com\/avatar\/b46a7287724b495183c8c832facd7442?s=96&d=mm&r=g","contentUrl":"https:\/\/secure.gravatar.com\/avatar\/b46a7287724b495183c8c832facd7442?s=96&d=mm&r=g","caption":"Programacion"},"url":"https:\/\/www.externacorporativo.com\/es\/author\/programacion\/"}]}},"_links":{"self":[{"href":"https:\/\/www.externacorporativo.com\/es\/wp-json\/wp\/v2\/posts\/1153"}],"collection":[{"href":"https:\/\/www.externacorporativo.com\/es\/wp-json\/wp\/v2\/posts"}],"about":[{"href":"https:\/\/www.externacorporativo.com\/es\/wp-json\/wp\/v2\/types\/post"}],"author":[{"embeddable":true,"href":"https:\/\/www.externacorporativo.com\/es\/wp-json\/wp\/v2\/users\/2"}],"replies":[{"embeddable":true,"href":"https:\/\/www.externacorporativo.com\/es\/wp-json\/wp\/v2\/comments?post=1153"}],"version-history":[{"count":1,"href":"https:\/\/www.externacorporativo.com\/es\/wp-json\/wp\/v2\/posts\/1153\/revisions"}],"predecessor-version":[{"id":1995,"href":"https:\/\/www.externacorporativo.com\/es\/wp-json\/wp\/v2\/posts\/1153\/revisions\/1995"}],"wp:attachment":[{"href":"https:\/\/www.externacorporativo.com\/es\/wp-json\/wp\/v2\/media?parent=1153"}],"wp:term":[{"taxonomy":"category","embeddable":true,"href":"https:\/\/www.externacorporativo.com\/es\/wp-json\/wp\/v2\/categories?post=1153"},{"taxonomy":"post_tag","embeddable":true,"href":"https:\/\/www.externacorporativo.com\/es\/wp-json\/wp\/v2\/tags?post=1153"}],"curies":[{"name":"wp","href":"https:\/\/api.w.org\/{rel}","templated":true}]}}