{"id":1154,"date":"2023-06-01T07:26:35","date_gmt":"2023-06-01T07:26:35","guid":{"rendered":"https:\/\/www.externacorporativo.com\/canada-el-gobierno-canadiense-anuncia-medidas-contra-la-evasion-fiscal-3\/"},"modified":"2023-06-01T07:26:36","modified_gmt":"2023-06-01T07:26:36","slug":"canada-el-gobierno-canadiense-anuncia-medidas-contra-la-evasion-fiscal-3","status":"publish","type":"post","link":"https:\/\/www.externacorporativo.com\/es\/canada-el-gobierno-canadiense-anuncia-medidas-contra-la-evasion-fiscal-3\/","title":{"rendered":"CANAD\u00c1: El Gobierno canadiense anuncia medidas contra la evasi\u00f3n fiscal"},"content":{"rendered":"<p style=\"text-align: justify;\">El pasado a\u00f1o, el Comit\u00e9 Permanente de finanzas canadienses realiz\u00f3 una serie de objeciones y recomendaciones al Gobierno respecto a la evasi\u00f3n fiscal que est\u00e1 sufriendo el pa\u00eds. Ahora el Gobierno ha publicado que acepta todas las recomendaciones y que las llevar\u00e1 a la pr\u00e1ctica en breve.<\/p>\n<p style=\"text-align: justify;\">La Hacienda Canadiense (CRA) tiene previsto revisar y modificar el sistema de declaraci\u00f3n impositiva voluntario y contar\u00e1 con diversos agentes de control tales como el Comit\u00e9 asesor de cumplimiento offshore. En su \u00e1nimo de aceleraci\u00f3n del control, el Gobierno ha anunciado que publicar\u00e1 una gu\u00eda para el cumplimiento de la correcta declaraci\u00f3n del impuesto sobre la renta en esta primavera a fin de acabar con \u201clos trucos fiscales de algunos\u201d que perjudican y se convierten en una carga para el sistema tributario general.<\/p>\n<p style=\"text-align: justify;\">Ya est\u00e1n bajo supervisi\u00f3n un total de 41.000 transacciones financieras realizadas recientemente<\/p>\n","protected":false},"excerpt":{"rendered":"<p>El pasado a\u00f1o, el Comit\u00e9 Permanente de finanzas canadienses realiz\u00f3 una serie de objeciones y recomendaciones al Gobierno respecto a la evasi\u00f3n fiscal que est\u00e1 sufriendo el pa\u00eds. Ahora el Gobierno ha publicado que acepta todas las recomendaciones y que las llevar\u00e1 a la pr\u00e1ctica en breve. La Hacienda Canadiense (CRA) tiene previsto revisar y [&hellip;]<\/p>\n","protected":false},"author":2,"featured_media":0,"comment_status":"open","ping_status":"open","sticky":false,"template":"","format":"standard","meta":[],"categories":[],"tags":[],"yoast_head":"<!-- This site is optimized with the Yoast SEO plugin v20.0 - https:\/\/yoast.com\/wordpress\/plugins\/seo\/ -->\n<title>CANAD\u00c1: El Gobierno canadiense anuncia medidas contra la evasi\u00f3n fiscal - Externa<\/title>\n<meta name=\"robots\" content=\"index, follow, max-snippet:-1, max-image-preview:large, max-video-preview:-1\" \/>\n<link rel=\"canonical\" href=\"https:\/\/www.externacorporativo.com\/es\/canada-el-gobierno-canadiense-anuncia-medidas-contra-la-evasion-fiscal-3\/\" \/>\n<meta property=\"og:locale\" content=\"es_ES\" \/>\n<meta property=\"og:type\" content=\"article\" \/>\n<meta property=\"og:title\" content=\"CANAD\u00c1: El Gobierno canadiense anuncia medidas contra la evasi\u00f3n fiscal - Externa\" \/>\n<meta property=\"og:description\" content=\"El pasado a\u00f1o, el Comit\u00e9 Permanente de finanzas canadienses realiz\u00f3 una serie de objeciones y recomendaciones al Gobierno respecto a la evasi\u00f3n fiscal que est\u00e1 sufriendo el pa\u00eds. Ahora el Gobierno ha publicado que acepta todas las recomendaciones y que las llevar\u00e1 a la pr\u00e1ctica en breve. La Hacienda Canadiense (CRA) tiene previsto revisar y [&hellip;]\" \/>\n<meta property=\"og:url\" content=\"https:\/\/www.externacorporativo.com\/es\/canada-el-gobierno-canadiense-anuncia-medidas-contra-la-evasion-fiscal-3\/\" \/>\n<meta property=\"og:site_name\" content=\"Externa\" \/>\n<meta property=\"article:published_time\" content=\"2023-06-01T07:26:35+00:00\" \/>\n<meta property=\"article:modified_time\" content=\"2023-06-01T07:26:36+00:00\" \/>\n<meta name=\"author\" content=\"Programacion\" \/>\n<meta name=\"twitter:card\" content=\"summary_large_image\" \/>\n<meta name=\"twitter:label1\" content=\"Escrito por\" \/>\n\t<meta name=\"twitter:data1\" content=\"Programacion\" \/>\n\t<meta name=\"twitter:label2\" content=\"Tiempo de lectura\" \/>\n\t<meta name=\"twitter:data2\" content=\"1 minuto\" \/>\n<script type=\"application\/ld+json\" class=\"yoast-schema-graph\">{\"@context\":\"https:\/\/schema.org\",\"@graph\":[{\"@type\":\"Article\",\"@id\":\"https:\/\/www.externacorporativo.com\/es\/canada-el-gobierno-canadiense-anuncia-medidas-contra-la-evasion-fiscal-3\/#article\",\"isPartOf\":{\"@id\":\"https:\/\/www.externacorporativo.com\/es\/canada-el-gobierno-canadiense-anuncia-medidas-contra-la-evasion-fiscal-3\/\"},\"author\":{\"name\":\"Programacion\",\"@id\":\"https:\/\/www.externacorporativo.com\/es\/#\/schema\/person\/bdc7fa484ed4f3510b0ec3c089989e97\"},\"headline\":\"CANAD\u00c1: El Gobierno canadiense anuncia medidas contra la evasi\u00f3n fiscal\",\"datePublished\":\"2023-06-01T07:26:35+00:00\",\"dateModified\":\"2023-06-01T07:26:36+00:00\",\"mainEntityOfPage\":{\"@id\":\"https:\/\/www.externacorporativo.com\/es\/canada-el-gobierno-canadiense-anuncia-medidas-contra-la-evasion-fiscal-3\/\"},\"wordCount\":162,\"commentCount\":0,\"publisher\":{\"@id\":\"https:\/\/www.externacorporativo.com\/es\/#organization\"},\"inLanguage\":\"es\",\"potentialAction\":[{\"@type\":\"CommentAction\",\"name\":\"Comment\",\"target\":[\"https:\/\/www.externacorporativo.com\/es\/canada-el-gobierno-canadiense-anuncia-medidas-contra-la-evasion-fiscal-3\/#respond\"]}]},{\"@type\":\"WebPage\",\"@id\":\"https:\/\/www.externacorporativo.com\/es\/canada-el-gobierno-canadiense-anuncia-medidas-contra-la-evasion-fiscal-3\/\",\"url\":\"https:\/\/www.externacorporativo.com\/es\/canada-el-gobierno-canadiense-anuncia-medidas-contra-la-evasion-fiscal-3\/\",\"name\":\"CANAD\u00c1: El Gobierno canadiense anuncia medidas contra la evasi\u00f3n fiscal - Externa\",\"isPartOf\":{\"@id\":\"https:\/\/www.externacorporativo.com\/es\/#website\"},\"datePublished\":\"2023-06-01T07:26:35+00:00\",\"dateModified\":\"2023-06-01T07:26:36+00:00\",\"breadcrumb\":{\"@id\":\"https:\/\/www.externacorporativo.com\/es\/canada-el-gobierno-canadiense-anuncia-medidas-contra-la-evasion-fiscal-3\/#breadcrumb\"},\"inLanguage\":\"es\",\"potentialAction\":[{\"@type\":\"ReadAction\",\"target\":[\"https:\/\/www.externacorporativo.com\/es\/canada-el-gobierno-canadiense-anuncia-medidas-contra-la-evasion-fiscal-3\/\"]}]},{\"@type\":\"BreadcrumbList\",\"@id\":\"https:\/\/www.externacorporativo.com\/es\/canada-el-gobierno-canadiense-anuncia-medidas-contra-la-evasion-fiscal-3\/#breadcrumb\",\"itemListElement\":[{\"@type\":\"ListItem\",\"position\":1,\"name\":\"Portada\",\"item\":\"https:\/\/www.externacorporativo.com\/es\/\"},{\"@type\":\"ListItem\",\"position\":2,\"name\":\"CANAD\u00c1: El Gobierno canadiense anuncia medidas contra la evasi\u00f3n fiscal\"}]},{\"@type\":\"WebSite\",\"@id\":\"https:\/\/www.externacorporativo.com\/es\/#website\",\"url\":\"https:\/\/www.externacorporativo.com\/es\/\",\"name\":\"Externa\",\"description\":\"\",\"publisher\":{\"@id\":\"https:\/\/www.externacorporativo.com\/es\/#organization\"},\"potentialAction\":[{\"@type\":\"SearchAction\",\"target\":{\"@type\":\"EntryPoint\",\"urlTemplate\":\"https:\/\/www.externacorporativo.com\/es\/?s={search_term_string}\"},\"query-input\":\"required name=search_term_string\"}],\"inLanguage\":\"es\"},{\"@type\":\"Organization\",\"@id\":\"https:\/\/www.externacorporativo.com\/es\/#organization\",\"name\":\"Externa\",\"url\":\"https:\/\/www.externacorporativo.com\/es\/\",\"logo\":{\"@type\":\"ImageObject\",\"inLanguage\":\"es\",\"@id\":\"https:\/\/www.externacorporativo.com\/es\/#\/schema\/logo\/image\/\",\"url\":\"https:\/\/www.externacorporativo.com\/wp-content\/uploads\/2023\/04\/Sin-nombre.png\",\"contentUrl\":\"https:\/\/www.externacorporativo.com\/wp-content\/uploads\/2023\/04\/Sin-nombre.png\",\"width\":297,\"height\":109,\"caption\":\"Externa\"},\"image\":{\"@id\":\"https:\/\/www.externacorporativo.com\/es\/#\/schema\/logo\/image\/\"}},{\"@type\":\"Person\",\"@id\":\"https:\/\/www.externacorporativo.com\/es\/#\/schema\/person\/bdc7fa484ed4f3510b0ec3c089989e97\",\"name\":\"Programacion\",\"image\":{\"@type\":\"ImageObject\",\"inLanguage\":\"es\",\"@id\":\"https:\/\/www.externacorporativo.com\/es\/#\/schema\/person\/image\/\",\"url\":\"https:\/\/secure.gravatar.com\/avatar\/b46a7287724b495183c8c832facd7442?s=96&d=mm&r=g\",\"contentUrl\":\"https:\/\/secure.gravatar.com\/avatar\/b46a7287724b495183c8c832facd7442?s=96&d=mm&r=g\",\"caption\":\"Programacion\"},\"url\":\"https:\/\/www.externacorporativo.com\/es\/author\/programacion\/\"}]}<\/script>\n<!-- \/ Yoast SEO plugin. -->","yoast_head_json":{"title":"CANAD\u00c1: El Gobierno canadiense anuncia medidas contra la evasi\u00f3n fiscal - Externa","robots":{"index":"index","follow":"follow","max-snippet":"max-snippet:-1","max-image-preview":"max-image-preview:large","max-video-preview":"max-video-preview:-1"},"canonical":"https:\/\/www.externacorporativo.com\/es\/canada-el-gobierno-canadiense-anuncia-medidas-contra-la-evasion-fiscal-3\/","og_locale":"es_ES","og_type":"article","og_title":"CANAD\u00c1: El Gobierno canadiense anuncia medidas contra la evasi\u00f3n fiscal - Externa","og_description":"El pasado a\u00f1o, el Comit\u00e9 Permanente de finanzas canadienses realiz\u00f3 una serie de objeciones y recomendaciones al Gobierno respecto a la evasi\u00f3n fiscal que est\u00e1 sufriendo el pa\u00eds. Ahora el Gobierno ha publicado que acepta todas las recomendaciones y que las llevar\u00e1 a la pr\u00e1ctica en breve. La Hacienda Canadiense (CRA) tiene previsto revisar y [&hellip;]","og_url":"https:\/\/www.externacorporativo.com\/es\/canada-el-gobierno-canadiense-anuncia-medidas-contra-la-evasion-fiscal-3\/","og_site_name":"Externa","article_published_time":"2023-06-01T07:26:35+00:00","article_modified_time":"2023-06-01T07:26:36+00:00","author":"Programacion","twitter_card":"summary_large_image","twitter_misc":{"Escrito por":"Programacion","Tiempo de lectura":"1 minuto"},"schema":{"@context":"https:\/\/schema.org","@graph":[{"@type":"Article","@id":"https:\/\/www.externacorporativo.com\/es\/canada-el-gobierno-canadiense-anuncia-medidas-contra-la-evasion-fiscal-3\/#article","isPartOf":{"@id":"https:\/\/www.externacorporativo.com\/es\/canada-el-gobierno-canadiense-anuncia-medidas-contra-la-evasion-fiscal-3\/"},"author":{"name":"Programacion","@id":"https:\/\/www.externacorporativo.com\/es\/#\/schema\/person\/bdc7fa484ed4f3510b0ec3c089989e97"},"headline":"CANAD\u00c1: El Gobierno canadiense anuncia medidas contra la evasi\u00f3n fiscal","datePublished":"2023-06-01T07:26:35+00:00","dateModified":"2023-06-01T07:26:36+00:00","mainEntityOfPage":{"@id":"https:\/\/www.externacorporativo.com\/es\/canada-el-gobierno-canadiense-anuncia-medidas-contra-la-evasion-fiscal-3\/"},"wordCount":162,"commentCount":0,"publisher":{"@id":"https:\/\/www.externacorporativo.com\/es\/#organization"},"inLanguage":"es","potentialAction":[{"@type":"CommentAction","name":"Comment","target":["https:\/\/www.externacorporativo.com\/es\/canada-el-gobierno-canadiense-anuncia-medidas-contra-la-evasion-fiscal-3\/#respond"]}]},{"@type":"WebPage","@id":"https:\/\/www.externacorporativo.com\/es\/canada-el-gobierno-canadiense-anuncia-medidas-contra-la-evasion-fiscal-3\/","url":"https:\/\/www.externacorporativo.com\/es\/canada-el-gobierno-canadiense-anuncia-medidas-contra-la-evasion-fiscal-3\/","name":"CANAD\u00c1: El Gobierno canadiense anuncia medidas contra la evasi\u00f3n fiscal - Externa","isPartOf":{"@id":"https:\/\/www.externacorporativo.com\/es\/#website"},"datePublished":"2023-06-01T07:26:35+00:00","dateModified":"2023-06-01T07:26:36+00:00","breadcrumb":{"@id":"https:\/\/www.externacorporativo.com\/es\/canada-el-gobierno-canadiense-anuncia-medidas-contra-la-evasion-fiscal-3\/#breadcrumb"},"inLanguage":"es","potentialAction":[{"@type":"ReadAction","target":["https:\/\/www.externacorporativo.com\/es\/canada-el-gobierno-canadiense-anuncia-medidas-contra-la-evasion-fiscal-3\/"]}]},{"@type":"BreadcrumbList","@id":"https:\/\/www.externacorporativo.com\/es\/canada-el-gobierno-canadiense-anuncia-medidas-contra-la-evasion-fiscal-3\/#breadcrumb","itemListElement":[{"@type":"ListItem","position":1,"name":"Portada","item":"https:\/\/www.externacorporativo.com\/es\/"},{"@type":"ListItem","position":2,"name":"CANAD\u00c1: El Gobierno canadiense anuncia medidas contra la evasi\u00f3n fiscal"}]},{"@type":"WebSite","@id":"https:\/\/www.externacorporativo.com\/es\/#website","url":"https:\/\/www.externacorporativo.com\/es\/","name":"Externa","description":"","publisher":{"@id":"https:\/\/www.externacorporativo.com\/es\/#organization"},"potentialAction":[{"@type":"SearchAction","target":{"@type":"EntryPoint","urlTemplate":"https:\/\/www.externacorporativo.com\/es\/?s={search_term_string}"},"query-input":"required name=search_term_string"}],"inLanguage":"es"},{"@type":"Organization","@id":"https:\/\/www.externacorporativo.com\/es\/#organization","name":"Externa","url":"https:\/\/www.externacorporativo.com\/es\/","logo":{"@type":"ImageObject","inLanguage":"es","@id":"https:\/\/www.externacorporativo.com\/es\/#\/schema\/logo\/image\/","url":"https:\/\/www.externacorporativo.com\/wp-content\/uploads\/2023\/04\/Sin-nombre.png","contentUrl":"https:\/\/www.externacorporativo.com\/wp-content\/uploads\/2023\/04\/Sin-nombre.png","width":297,"height":109,"caption":"Externa"},"image":{"@id":"https:\/\/www.externacorporativo.com\/es\/#\/schema\/logo\/image\/"}},{"@type":"Person","@id":"https:\/\/www.externacorporativo.com\/es\/#\/schema\/person\/bdc7fa484ed4f3510b0ec3c089989e97","name":"Programacion","image":{"@type":"ImageObject","inLanguage":"es","@id":"https:\/\/www.externacorporativo.com\/es\/#\/schema\/person\/image\/","url":"https:\/\/secure.gravatar.com\/avatar\/b46a7287724b495183c8c832facd7442?s=96&d=mm&r=g","contentUrl":"https:\/\/secure.gravatar.com\/avatar\/b46a7287724b495183c8c832facd7442?s=96&d=mm&r=g","caption":"Programacion"},"url":"https:\/\/www.externacorporativo.com\/es\/author\/programacion\/"}]}},"_links":{"self":[{"href":"https:\/\/www.externacorporativo.com\/es\/wp-json\/wp\/v2\/posts\/1154"}],"collection":[{"href":"https:\/\/www.externacorporativo.com\/es\/wp-json\/wp\/v2\/posts"}],"about":[{"href":"https:\/\/www.externacorporativo.com\/es\/wp-json\/wp\/v2\/types\/post"}],"author":[{"embeddable":true,"href":"https:\/\/www.externacorporativo.com\/es\/wp-json\/wp\/v2\/users\/2"}],"replies":[{"embeddable":true,"href":"https:\/\/www.externacorporativo.com\/es\/wp-json\/wp\/v2\/comments?post=1154"}],"version-history":[{"count":1,"href":"https:\/\/www.externacorporativo.com\/es\/wp-json\/wp\/v2\/posts\/1154\/revisions"}],"predecessor-version":[{"id":1996,"href":"https:\/\/www.externacorporativo.com\/es\/wp-json\/wp\/v2\/posts\/1154\/revisions\/1996"}],"wp:attachment":[{"href":"https:\/\/www.externacorporativo.com\/es\/wp-json\/wp\/v2\/media?parent=1154"}],"wp:term":[{"taxonomy":"category","embeddable":true,"href":"https:\/\/www.externacorporativo.com\/es\/wp-json\/wp\/v2\/categories?post=1154"},{"taxonomy":"post_tag","embeddable":true,"href":"https:\/\/www.externacorporativo.com\/es\/wp-json\/wp\/v2\/tags?post=1154"}],"curies":[{"name":"wp","href":"https:\/\/api.w.org\/{rel}","templated":true}]}}