{"id":1167,"date":"2023-06-01T07:26:35","date_gmt":"2023-06-01T07:26:35","guid":{"rendered":"https:\/\/www.externacorporativo.com\/espana-reduccion-de-las-cotizaciones-de-las-empresas-por-baja-siniestralidad-laboral-2\/"},"modified":"2023-06-01T07:26:37","modified_gmt":"2023-06-01T07:26:37","slug":"espana-reduccion-de-las-cotizaciones-de-las-empresas-por-baja-siniestralidad-laboral-2","status":"publish","type":"post","link":"https:\/\/www.externacorporativo.com\/es\/espana-reduccion-de-las-cotizaciones-de-las-empresas-por-baja-siniestralidad-laboral-2\/","title":{"rendered":"ESPA\u00d1A: Reducci\u00f3n de las cotizaciones de las empresas por baja siniestralidad laboral"},"content":{"rendered":"<p style=\"text-align: justify;\">En el BOE del 24 de marzo, se ha publicado el Real Decreto 231\/2017, de 10 de marzo que incluye una serie de medidas tendentes a conseguir una gesti\u00f3n m\u00e1s \u00e1gil y segura jur\u00eddicamente de los incentivos relacionados con la baja siniestralidad laboral. Se centran en la comparaci\u00f3n de las empresas por sectores.<\/p>\n<p style=\"text-align: justify;\">Se trata de premiar a las empresas por adoptar medidas que contribuyan de manera eficaz a prevenir y reducir accidentes y enfermedades laborales.<\/p>\n<p style=\"text-align: justify;\">El incentivo ser\u00e1 del 5% y podr\u00e1 tener otro 5% adicional si se cumplen algunos supuestos especificados como la realizaci\u00f3n de auditor\u00edas externas voluntarias. Adem\u00e1s, se contempla la posibilidad de que las Mutuas puedan percibir de las empresas parte del incentivo concedido, si hay acuerdo previo entre las Partes.<\/p>\n<p style=\"text-align: justify;\">La financiaci\u00f3n ir\u00e1 a cargo al Fondo de Contingencias Profesionales de la Seguridad Social.<\/p>\n","protected":false},"excerpt":{"rendered":"<p>En el BOE del 24 de marzo, se ha publicado el Real Decreto 231\/2017, de 10 de marzo que incluye una serie de medidas tendentes a conseguir una gesti\u00f3n m\u00e1s \u00e1gil y segura jur\u00eddicamente de los incentivos relacionados con la baja siniestralidad laboral. Se centran en la comparaci\u00f3n de las empresas por sectores. Se trata [&hellip;]<\/p>\n","protected":false},"author":2,"featured_media":0,"comment_status":"open","ping_status":"open","sticky":false,"template":"","format":"standard","meta":[],"categories":[],"tags":[],"yoast_head":"<!-- This site is optimized with the Yoast SEO plugin v20.0 - https:\/\/yoast.com\/wordpress\/plugins\/seo\/ -->\n<title>ESPA\u00d1A: Reducci\u00f3n de las cotizaciones de las empresas por baja siniestralidad laboral - Externa<\/title>\n<meta name=\"robots\" content=\"index, follow, max-snippet:-1, max-image-preview:large, max-video-preview:-1\" \/>\n<link rel=\"canonical\" href=\"https:\/\/www.externacorporativo.com\/es\/espana-reduccion-de-las-cotizaciones-de-las-empresas-por-baja-siniestralidad-laboral-2\/\" \/>\n<meta property=\"og:locale\" content=\"es_ES\" \/>\n<meta property=\"og:type\" content=\"article\" \/>\n<meta property=\"og:title\" content=\"ESPA\u00d1A: Reducci\u00f3n de las cotizaciones de las empresas por baja siniestralidad laboral - Externa\" \/>\n<meta property=\"og:description\" content=\"En el BOE del 24 de marzo, se ha publicado el Real Decreto 231\/2017, de 10 de marzo que incluye una serie de medidas tendentes a conseguir una gesti\u00f3n m\u00e1s \u00e1gil y segura jur\u00eddicamente de los incentivos relacionados con la baja siniestralidad laboral. Se centran en la comparaci\u00f3n de las empresas por sectores. Se trata [&hellip;]\" \/>\n<meta property=\"og:url\" content=\"https:\/\/www.externacorporativo.com\/es\/espana-reduccion-de-las-cotizaciones-de-las-empresas-por-baja-siniestralidad-laboral-2\/\" \/>\n<meta property=\"og:site_name\" content=\"Externa\" \/>\n<meta property=\"article:published_time\" content=\"2023-06-01T07:26:35+00:00\" \/>\n<meta property=\"article:modified_time\" content=\"2023-06-01T07:26:37+00:00\" \/>\n<meta name=\"author\" content=\"Programacion\" \/>\n<meta name=\"twitter:card\" content=\"summary_large_image\" \/>\n<meta name=\"twitter:label1\" content=\"Escrito por\" \/>\n\t<meta name=\"twitter:data1\" content=\"Programacion\" \/>\n\t<meta name=\"twitter:label2\" content=\"Tiempo de lectura\" \/>\n\t<meta name=\"twitter:data2\" content=\"1 minuto\" \/>\n<script type=\"application\/ld+json\" class=\"yoast-schema-graph\">{\"@context\":\"https:\/\/schema.org\",\"@graph\":[{\"@type\":\"Article\",\"@id\":\"https:\/\/www.externacorporativo.com\/es\/espana-reduccion-de-las-cotizaciones-de-las-empresas-por-baja-siniestralidad-laboral-2\/#article\",\"isPartOf\":{\"@id\":\"https:\/\/www.externacorporativo.com\/es\/espana-reduccion-de-las-cotizaciones-de-las-empresas-por-baja-siniestralidad-laboral-2\/\"},\"author\":{\"name\":\"Programacion\",\"@id\":\"https:\/\/www.externacorporativo.com\/es\/#\/schema\/person\/bdc7fa484ed4f3510b0ec3c089989e97\"},\"headline\":\"ESPA\u00d1A: Reducci\u00f3n de las cotizaciones de las empresas por baja siniestralidad laboral\",\"datePublished\":\"2023-06-01T07:26:35+00:00\",\"dateModified\":\"2023-06-01T07:26:37+00:00\",\"mainEntityOfPage\":{\"@id\":\"https:\/\/www.externacorporativo.com\/es\/espana-reduccion-de-las-cotizaciones-de-las-empresas-por-baja-siniestralidad-laboral-2\/\"},\"wordCount\":156,\"commentCount\":0,\"publisher\":{\"@id\":\"https:\/\/www.externacorporativo.com\/es\/#organization\"},\"inLanguage\":\"es\",\"potentialAction\":[{\"@type\":\"CommentAction\",\"name\":\"Comment\",\"target\":[\"https:\/\/www.externacorporativo.com\/es\/espana-reduccion-de-las-cotizaciones-de-las-empresas-por-baja-siniestralidad-laboral-2\/#respond\"]}]},{\"@type\":\"WebPage\",\"@id\":\"https:\/\/www.externacorporativo.com\/es\/espana-reduccion-de-las-cotizaciones-de-las-empresas-por-baja-siniestralidad-laboral-2\/\",\"url\":\"https:\/\/www.externacorporativo.com\/es\/espana-reduccion-de-las-cotizaciones-de-las-empresas-por-baja-siniestralidad-laboral-2\/\",\"name\":\"ESPA\u00d1A: Reducci\u00f3n de las cotizaciones de las empresas por baja siniestralidad laboral - Externa\",\"isPartOf\":{\"@id\":\"https:\/\/www.externacorporativo.com\/es\/#website\"},\"datePublished\":\"2023-06-01T07:26:35+00:00\",\"dateModified\":\"2023-06-01T07:26:37+00:00\",\"breadcrumb\":{\"@id\":\"https:\/\/www.externacorporativo.com\/es\/espana-reduccion-de-las-cotizaciones-de-las-empresas-por-baja-siniestralidad-laboral-2\/#breadcrumb\"},\"inLanguage\":\"es\",\"potentialAction\":[{\"@type\":\"ReadAction\",\"target\":[\"https:\/\/www.externacorporativo.com\/es\/espana-reduccion-de-las-cotizaciones-de-las-empresas-por-baja-siniestralidad-laboral-2\/\"]}]},{\"@type\":\"BreadcrumbList\",\"@id\":\"https:\/\/www.externacorporativo.com\/es\/espana-reduccion-de-las-cotizaciones-de-las-empresas-por-baja-siniestralidad-laboral-2\/#breadcrumb\",\"itemListElement\":[{\"@type\":\"ListItem\",\"position\":1,\"name\":\"Portada\",\"item\":\"https:\/\/www.externacorporativo.com\/es\/\"},{\"@type\":\"ListItem\",\"position\":2,\"name\":\"ESPA\u00d1A: Reducci\u00f3n de las cotizaciones de las empresas por baja siniestralidad laboral\"}]},{\"@type\":\"WebSite\",\"@id\":\"https:\/\/www.externacorporativo.com\/es\/#website\",\"url\":\"https:\/\/www.externacorporativo.com\/es\/\",\"name\":\"Externa\",\"description\":\"\",\"publisher\":{\"@id\":\"https:\/\/www.externacorporativo.com\/es\/#organization\"},\"potentialAction\":[{\"@type\":\"SearchAction\",\"target\":{\"@type\":\"EntryPoint\",\"urlTemplate\":\"https:\/\/www.externacorporativo.com\/es\/?s={search_term_string}\"},\"query-input\":\"required name=search_term_string\"}],\"inLanguage\":\"es\"},{\"@type\":\"Organization\",\"@id\":\"https:\/\/www.externacorporativo.com\/es\/#organization\",\"name\":\"Externa\",\"url\":\"https:\/\/www.externacorporativo.com\/es\/\",\"logo\":{\"@type\":\"ImageObject\",\"inLanguage\":\"es\",\"@id\":\"https:\/\/www.externacorporativo.com\/es\/#\/schema\/logo\/image\/\",\"url\":\"https:\/\/www.externacorporativo.com\/wp-content\/uploads\/2023\/04\/Sin-nombre.png\",\"contentUrl\":\"https:\/\/www.externacorporativo.com\/wp-content\/uploads\/2023\/04\/Sin-nombre.png\",\"width\":297,\"height\":109,\"caption\":\"Externa\"},\"image\":{\"@id\":\"https:\/\/www.externacorporativo.com\/es\/#\/schema\/logo\/image\/\"}},{\"@type\":\"Person\",\"@id\":\"https:\/\/www.externacorporativo.com\/es\/#\/schema\/person\/bdc7fa484ed4f3510b0ec3c089989e97\",\"name\":\"Programacion\",\"image\":{\"@type\":\"ImageObject\",\"inLanguage\":\"es\",\"@id\":\"https:\/\/www.externacorporativo.com\/es\/#\/schema\/person\/image\/\",\"url\":\"https:\/\/secure.gravatar.com\/avatar\/b46a7287724b495183c8c832facd7442?s=96&d=mm&r=g\",\"contentUrl\":\"https:\/\/secure.gravatar.com\/avatar\/b46a7287724b495183c8c832facd7442?s=96&d=mm&r=g\",\"caption\":\"Programacion\"},\"url\":\"https:\/\/www.externacorporativo.com\/es\/author\/programacion\/\"}]}<\/script>\n<!-- \/ Yoast SEO plugin. -->","yoast_head_json":{"title":"ESPA\u00d1A: Reducci\u00f3n de las cotizaciones de las empresas por baja siniestralidad laboral - Externa","robots":{"index":"index","follow":"follow","max-snippet":"max-snippet:-1","max-image-preview":"max-image-preview:large","max-video-preview":"max-video-preview:-1"},"canonical":"https:\/\/www.externacorporativo.com\/es\/espana-reduccion-de-las-cotizaciones-de-las-empresas-por-baja-siniestralidad-laboral-2\/","og_locale":"es_ES","og_type":"article","og_title":"ESPA\u00d1A: Reducci\u00f3n de las cotizaciones de las empresas por baja siniestralidad laboral - Externa","og_description":"En el BOE del 24 de marzo, se ha publicado el Real Decreto 231\/2017, de 10 de marzo que incluye una serie de medidas tendentes a conseguir una gesti\u00f3n m\u00e1s \u00e1gil y segura jur\u00eddicamente de los incentivos relacionados con la baja siniestralidad laboral. Se centran en la comparaci\u00f3n de las empresas por sectores. Se trata [&hellip;]","og_url":"https:\/\/www.externacorporativo.com\/es\/espana-reduccion-de-las-cotizaciones-de-las-empresas-por-baja-siniestralidad-laboral-2\/","og_site_name":"Externa","article_published_time":"2023-06-01T07:26:35+00:00","article_modified_time":"2023-06-01T07:26:37+00:00","author":"Programacion","twitter_card":"summary_large_image","twitter_misc":{"Escrito por":"Programacion","Tiempo de lectura":"1 minuto"},"schema":{"@context":"https:\/\/schema.org","@graph":[{"@type":"Article","@id":"https:\/\/www.externacorporativo.com\/es\/espana-reduccion-de-las-cotizaciones-de-las-empresas-por-baja-siniestralidad-laboral-2\/#article","isPartOf":{"@id":"https:\/\/www.externacorporativo.com\/es\/espana-reduccion-de-las-cotizaciones-de-las-empresas-por-baja-siniestralidad-laboral-2\/"},"author":{"name":"Programacion","@id":"https:\/\/www.externacorporativo.com\/es\/#\/schema\/person\/bdc7fa484ed4f3510b0ec3c089989e97"},"headline":"ESPA\u00d1A: Reducci\u00f3n de las cotizaciones de las empresas por baja siniestralidad laboral","datePublished":"2023-06-01T07:26:35+00:00","dateModified":"2023-06-01T07:26:37+00:00","mainEntityOfPage":{"@id":"https:\/\/www.externacorporativo.com\/es\/espana-reduccion-de-las-cotizaciones-de-las-empresas-por-baja-siniestralidad-laboral-2\/"},"wordCount":156,"commentCount":0,"publisher":{"@id":"https:\/\/www.externacorporativo.com\/es\/#organization"},"inLanguage":"es","potentialAction":[{"@type":"CommentAction","name":"Comment","target":["https:\/\/www.externacorporativo.com\/es\/espana-reduccion-de-las-cotizaciones-de-las-empresas-por-baja-siniestralidad-laboral-2\/#respond"]}]},{"@type":"WebPage","@id":"https:\/\/www.externacorporativo.com\/es\/espana-reduccion-de-las-cotizaciones-de-las-empresas-por-baja-siniestralidad-laboral-2\/","url":"https:\/\/www.externacorporativo.com\/es\/espana-reduccion-de-las-cotizaciones-de-las-empresas-por-baja-siniestralidad-laboral-2\/","name":"ESPA\u00d1A: Reducci\u00f3n de las cotizaciones de las empresas por baja siniestralidad laboral - Externa","isPartOf":{"@id":"https:\/\/www.externacorporativo.com\/es\/#website"},"datePublished":"2023-06-01T07:26:35+00:00","dateModified":"2023-06-01T07:26:37+00:00","breadcrumb":{"@id":"https:\/\/www.externacorporativo.com\/es\/espana-reduccion-de-las-cotizaciones-de-las-empresas-por-baja-siniestralidad-laboral-2\/#breadcrumb"},"inLanguage":"es","potentialAction":[{"@type":"ReadAction","target":["https:\/\/www.externacorporativo.com\/es\/espana-reduccion-de-las-cotizaciones-de-las-empresas-por-baja-siniestralidad-laboral-2\/"]}]},{"@type":"BreadcrumbList","@id":"https:\/\/www.externacorporativo.com\/es\/espana-reduccion-de-las-cotizaciones-de-las-empresas-por-baja-siniestralidad-laboral-2\/#breadcrumb","itemListElement":[{"@type":"ListItem","position":1,"name":"Portada","item":"https:\/\/www.externacorporativo.com\/es\/"},{"@type":"ListItem","position":2,"name":"ESPA\u00d1A: Reducci\u00f3n de las cotizaciones de las empresas por baja siniestralidad laboral"}]},{"@type":"WebSite","@id":"https:\/\/www.externacorporativo.com\/es\/#website","url":"https:\/\/www.externacorporativo.com\/es\/","name":"Externa","description":"","publisher":{"@id":"https:\/\/www.externacorporativo.com\/es\/#organization"},"potentialAction":[{"@type":"SearchAction","target":{"@type":"EntryPoint","urlTemplate":"https:\/\/www.externacorporativo.com\/es\/?s={search_term_string}"},"query-input":"required name=search_term_string"}],"inLanguage":"es"},{"@type":"Organization","@id":"https:\/\/www.externacorporativo.com\/es\/#organization","name":"Externa","url":"https:\/\/www.externacorporativo.com\/es\/","logo":{"@type":"ImageObject","inLanguage":"es","@id":"https:\/\/www.externacorporativo.com\/es\/#\/schema\/logo\/image\/","url":"https:\/\/www.externacorporativo.com\/wp-content\/uploads\/2023\/04\/Sin-nombre.png","contentUrl":"https:\/\/www.externacorporativo.com\/wp-content\/uploads\/2023\/04\/Sin-nombre.png","width":297,"height":109,"caption":"Externa"},"image":{"@id":"https:\/\/www.externacorporativo.com\/es\/#\/schema\/logo\/image\/"}},{"@type":"Person","@id":"https:\/\/www.externacorporativo.com\/es\/#\/schema\/person\/bdc7fa484ed4f3510b0ec3c089989e97","name":"Programacion","image":{"@type":"ImageObject","inLanguage":"es","@id":"https:\/\/www.externacorporativo.com\/es\/#\/schema\/person\/image\/","url":"https:\/\/secure.gravatar.com\/avatar\/b46a7287724b495183c8c832facd7442?s=96&d=mm&r=g","contentUrl":"https:\/\/secure.gravatar.com\/avatar\/b46a7287724b495183c8c832facd7442?s=96&d=mm&r=g","caption":"Programacion"},"url":"https:\/\/www.externacorporativo.com\/es\/author\/programacion\/"}]}},"_links":{"self":[{"href":"https:\/\/www.externacorporativo.com\/es\/wp-json\/wp\/v2\/posts\/1167"}],"collection":[{"href":"https:\/\/www.externacorporativo.com\/es\/wp-json\/wp\/v2\/posts"}],"about":[{"href":"https:\/\/www.externacorporativo.com\/es\/wp-json\/wp\/v2\/types\/post"}],"author":[{"embeddable":true,"href":"https:\/\/www.externacorporativo.com\/es\/wp-json\/wp\/v2\/users\/2"}],"replies":[{"embeddable":true,"href":"https:\/\/www.externacorporativo.com\/es\/wp-json\/wp\/v2\/comments?post=1167"}],"version-history":[{"count":1,"href":"https:\/\/www.externacorporativo.com\/es\/wp-json\/wp\/v2\/posts\/1167\/revisions"}],"predecessor-version":[{"id":2009,"href":"https:\/\/www.externacorporativo.com\/es\/wp-json\/wp\/v2\/posts\/1167\/revisions\/2009"}],"wp:attachment":[{"href":"https:\/\/www.externacorporativo.com\/es\/wp-json\/wp\/v2\/media?parent=1167"}],"wp:term":[{"taxonomy":"category","embeddable":true,"href":"https:\/\/www.externacorporativo.com\/es\/wp-json\/wp\/v2\/categories?post=1167"},{"taxonomy":"post_tag","embeddable":true,"href":"https:\/\/www.externacorporativo.com\/es\/wp-json\/wp\/v2\/tags?post=1167"}],"curies":[{"name":"wp","href":"https:\/\/api.w.org\/{rel}","templated":true}]}}