{"id":1174,"date":"2023-06-01T07:26:38","date_gmt":"2023-06-01T07:26:38","guid":{"rendered":"https:\/\/www.externacorporativo.com\/rumania-trasposicion-de-las-directiva-europeas-en-relacion-al-envio-de-trabajadores\/"},"modified":"2023-06-01T07:26:39","modified_gmt":"2023-06-01T07:26:39","slug":"rumania-trasposicion-de-las-directiva-europeas-en-relacion-al-envio-de-trabajadores","status":"publish","type":"post","link":"https:\/\/www.externacorporativo.com\/es\/rumania-trasposicion-de-las-directiva-europeas-en-relacion-al-envio-de-trabajadores\/","title":{"rendered":"RUMANIA: Trasposici\u00f3n de las Directiva Europeas en relaci\u00f3n al env\u00edo de trabajadores"},"content":{"rendered":"<p style=\"text-align: justify;\">El pr\u00f3ximo 20 de mayo de 2017, entra en vigor la Ley n\u00ba 16\/2017 en Ruman\u00eda por la cual se unifican los criterios de desplazamiento de trabajadores a este pa\u00eds en el marco de prestaciones de servicios por tiempo definido.<\/p>\n<p style=\"text-align: justify;\">Este nuevo marco normativo traspone las Directivas Europeas, Directiva 96\/71\/CE, 2014\/67\/EU y 96\/71\/EC sobre traslado de trabajadores, unificando y aclarando los derechos y obligaciones de trabajadores extranjeros desplazados temporalmente en Ruman\u00eda, as\u00ed como las obligaciones de las empresas involucradas en sus desplazamientos, considerando como tales aquellas establecidas legalmente dentro de la UE o en Suiza.<\/p>\n<p style=\"text-align: justify;\">Esta ley establece la responsabilidad de los empleadores en relaci\u00f3n a respetar los salarios m\u00ednimos establecidos en los pa\u00edses UE en cuanto al traslado de sus empleados, as\u00ed como las sanciones en caso de incumplimiento de las condiciones laborales establecidas para los trabajadores desplazados.<\/p>\n","protected":false},"excerpt":{"rendered":"<p>El pr\u00f3ximo 20 de mayo de 2017, entra en vigor la Ley n\u00ba 16\/2017 en Ruman\u00eda por la cual se unifican los criterios de desplazamiento de trabajadores a este pa\u00eds en el marco de prestaciones de servicios por tiempo definido. Este nuevo marco normativo traspone las Directivas Europeas, Directiva 96\/71\/CE, 2014\/67\/EU y 96\/71\/EC sobre traslado [&hellip;]<\/p>\n","protected":false},"author":2,"featured_media":0,"comment_status":"open","ping_status":"open","sticky":false,"template":"","format":"standard","meta":[],"categories":[],"tags":[],"yoast_head":"<!-- This site is optimized with the Yoast SEO plugin v20.0 - https:\/\/yoast.com\/wordpress\/plugins\/seo\/ -->\n<title>RUMANIA: Trasposici\u00f3n de las Directiva Europeas en relaci\u00f3n al env\u00edo de trabajadores - Externa<\/title>\n<meta name=\"robots\" content=\"index, follow, max-snippet:-1, max-image-preview:large, max-video-preview:-1\" \/>\n<link rel=\"canonical\" href=\"https:\/\/www.externacorporativo.com\/es\/rumania-trasposicion-de-las-directiva-europeas-en-relacion-al-envio-de-trabajadores\/\" \/>\n<meta property=\"og:locale\" content=\"es_ES\" \/>\n<meta property=\"og:type\" content=\"article\" \/>\n<meta property=\"og:title\" content=\"RUMANIA: Trasposici\u00f3n de las Directiva Europeas en relaci\u00f3n al env\u00edo de trabajadores - Externa\" \/>\n<meta property=\"og:description\" content=\"El pr\u00f3ximo 20 de mayo de 2017, entra en vigor la Ley n\u00ba 16\/2017 en Ruman\u00eda por la cual se unifican los criterios de desplazamiento de trabajadores a este pa\u00eds en el marco de prestaciones de servicios por tiempo definido. Este nuevo marco normativo traspone las Directivas Europeas, Directiva 96\/71\/CE, 2014\/67\/EU y 96\/71\/EC sobre traslado [&hellip;]\" \/>\n<meta property=\"og:url\" content=\"https:\/\/www.externacorporativo.com\/es\/rumania-trasposicion-de-las-directiva-europeas-en-relacion-al-envio-de-trabajadores\/\" \/>\n<meta property=\"og:site_name\" content=\"Externa\" \/>\n<meta property=\"article:published_time\" content=\"2023-06-01T07:26:38+00:00\" \/>\n<meta property=\"article:modified_time\" content=\"2023-06-01T07:26:39+00:00\" \/>\n<meta name=\"author\" content=\"Programacion\" \/>\n<meta name=\"twitter:card\" content=\"summary_large_image\" \/>\n<meta name=\"twitter:label1\" content=\"Escrito por\" \/>\n\t<meta name=\"twitter:data1\" content=\"Programacion\" \/>\n\t<meta name=\"twitter:label2\" content=\"Tiempo de lectura\" \/>\n\t<meta name=\"twitter:data2\" content=\"1 minuto\" \/>\n<script type=\"application\/ld+json\" class=\"yoast-schema-graph\">{\"@context\":\"https:\/\/schema.org\",\"@graph\":[{\"@type\":\"Article\",\"@id\":\"https:\/\/www.externacorporativo.com\/es\/rumania-trasposicion-de-las-directiva-europeas-en-relacion-al-envio-de-trabajadores\/#article\",\"isPartOf\":{\"@id\":\"https:\/\/www.externacorporativo.com\/es\/rumania-trasposicion-de-las-directiva-europeas-en-relacion-al-envio-de-trabajadores\/\"},\"author\":{\"name\":\"Programacion\",\"@id\":\"https:\/\/www.externacorporativo.com\/es\/#\/schema\/person\/bdc7fa484ed4f3510b0ec3c089989e97\"},\"headline\":\"RUMANIA: Trasposici\u00f3n de las Directiva Europeas en relaci\u00f3n al env\u00edo de trabajadores\",\"datePublished\":\"2023-06-01T07:26:38+00:00\",\"dateModified\":\"2023-06-01T07:26:39+00:00\",\"mainEntityOfPage\":{\"@id\":\"https:\/\/www.externacorporativo.com\/es\/rumania-trasposicion-de-las-directiva-europeas-en-relacion-al-envio-de-trabajadores\/\"},\"wordCount\":158,\"commentCount\":0,\"publisher\":{\"@id\":\"https:\/\/www.externacorporativo.com\/es\/#organization\"},\"inLanguage\":\"es\",\"potentialAction\":[{\"@type\":\"CommentAction\",\"name\":\"Comment\",\"target\":[\"https:\/\/www.externacorporativo.com\/es\/rumania-trasposicion-de-las-directiva-europeas-en-relacion-al-envio-de-trabajadores\/#respond\"]}]},{\"@type\":\"WebPage\",\"@id\":\"https:\/\/www.externacorporativo.com\/es\/rumania-trasposicion-de-las-directiva-europeas-en-relacion-al-envio-de-trabajadores\/\",\"url\":\"https:\/\/www.externacorporativo.com\/es\/rumania-trasposicion-de-las-directiva-europeas-en-relacion-al-envio-de-trabajadores\/\",\"name\":\"RUMANIA: Trasposici\u00f3n de las Directiva Europeas en relaci\u00f3n al env\u00edo de trabajadores - Externa\",\"isPartOf\":{\"@id\":\"https:\/\/www.externacorporativo.com\/es\/#website\"},\"datePublished\":\"2023-06-01T07:26:38+00:00\",\"dateModified\":\"2023-06-01T07:26:39+00:00\",\"breadcrumb\":{\"@id\":\"https:\/\/www.externacorporativo.com\/es\/rumania-trasposicion-de-las-directiva-europeas-en-relacion-al-envio-de-trabajadores\/#breadcrumb\"},\"inLanguage\":\"es\",\"potentialAction\":[{\"@type\":\"ReadAction\",\"target\":[\"https:\/\/www.externacorporativo.com\/es\/rumania-trasposicion-de-las-directiva-europeas-en-relacion-al-envio-de-trabajadores\/\"]}]},{\"@type\":\"BreadcrumbList\",\"@id\":\"https:\/\/www.externacorporativo.com\/es\/rumania-trasposicion-de-las-directiva-europeas-en-relacion-al-envio-de-trabajadores\/#breadcrumb\",\"itemListElement\":[{\"@type\":\"ListItem\",\"position\":1,\"name\":\"Portada\",\"item\":\"https:\/\/www.externacorporativo.com\/es\/\"},{\"@type\":\"ListItem\",\"position\":2,\"name\":\"RUMANIA: Trasposici\u00f3n de las Directiva Europeas en relaci\u00f3n al env\u00edo de trabajadores\"}]},{\"@type\":\"WebSite\",\"@id\":\"https:\/\/www.externacorporativo.com\/es\/#website\",\"url\":\"https:\/\/www.externacorporativo.com\/es\/\",\"name\":\"Externa\",\"description\":\"\",\"publisher\":{\"@id\":\"https:\/\/www.externacorporativo.com\/es\/#organization\"},\"potentialAction\":[{\"@type\":\"SearchAction\",\"target\":{\"@type\":\"EntryPoint\",\"urlTemplate\":\"https:\/\/www.externacorporativo.com\/es\/?s={search_term_string}\"},\"query-input\":\"required name=search_term_string\"}],\"inLanguage\":\"es\"},{\"@type\":\"Organization\",\"@id\":\"https:\/\/www.externacorporativo.com\/es\/#organization\",\"name\":\"Externa\",\"url\":\"https:\/\/www.externacorporativo.com\/es\/\",\"logo\":{\"@type\":\"ImageObject\",\"inLanguage\":\"es\",\"@id\":\"https:\/\/www.externacorporativo.com\/es\/#\/schema\/logo\/image\/\",\"url\":\"https:\/\/www.externacorporativo.com\/wp-content\/uploads\/2023\/04\/Sin-nombre.png\",\"contentUrl\":\"https:\/\/www.externacorporativo.com\/wp-content\/uploads\/2023\/04\/Sin-nombre.png\",\"width\":297,\"height\":109,\"caption\":\"Externa\"},\"image\":{\"@id\":\"https:\/\/www.externacorporativo.com\/es\/#\/schema\/logo\/image\/\"}},{\"@type\":\"Person\",\"@id\":\"https:\/\/www.externacorporativo.com\/es\/#\/schema\/person\/bdc7fa484ed4f3510b0ec3c089989e97\",\"name\":\"Programacion\",\"image\":{\"@type\":\"ImageObject\",\"inLanguage\":\"es\",\"@id\":\"https:\/\/www.externacorporativo.com\/es\/#\/schema\/person\/image\/\",\"url\":\"https:\/\/secure.gravatar.com\/avatar\/b46a7287724b495183c8c832facd7442?s=96&d=mm&r=g\",\"contentUrl\":\"https:\/\/secure.gravatar.com\/avatar\/b46a7287724b495183c8c832facd7442?s=96&d=mm&r=g\",\"caption\":\"Programacion\"},\"url\":\"https:\/\/www.externacorporativo.com\/es\/author\/programacion\/\"}]}<\/script>\n<!-- \/ Yoast SEO plugin. -->","yoast_head_json":{"title":"RUMANIA: Trasposici\u00f3n de las Directiva Europeas en relaci\u00f3n al env\u00edo de trabajadores - Externa","robots":{"index":"index","follow":"follow","max-snippet":"max-snippet:-1","max-image-preview":"max-image-preview:large","max-video-preview":"max-video-preview:-1"},"canonical":"https:\/\/www.externacorporativo.com\/es\/rumania-trasposicion-de-las-directiva-europeas-en-relacion-al-envio-de-trabajadores\/","og_locale":"es_ES","og_type":"article","og_title":"RUMANIA: Trasposici\u00f3n de las Directiva Europeas en relaci\u00f3n al env\u00edo de trabajadores - Externa","og_description":"El pr\u00f3ximo 20 de mayo de 2017, entra en vigor la Ley n\u00ba 16\/2017 en Ruman\u00eda por la cual se unifican los criterios de desplazamiento de trabajadores a este pa\u00eds en el marco de prestaciones de servicios por tiempo definido. Este nuevo marco normativo traspone las Directivas Europeas, Directiva 96\/71\/CE, 2014\/67\/EU y 96\/71\/EC sobre traslado [&hellip;]","og_url":"https:\/\/www.externacorporativo.com\/es\/rumania-trasposicion-de-las-directiva-europeas-en-relacion-al-envio-de-trabajadores\/","og_site_name":"Externa","article_published_time":"2023-06-01T07:26:38+00:00","article_modified_time":"2023-06-01T07:26:39+00:00","author":"Programacion","twitter_card":"summary_large_image","twitter_misc":{"Escrito por":"Programacion","Tiempo de lectura":"1 minuto"},"schema":{"@context":"https:\/\/schema.org","@graph":[{"@type":"Article","@id":"https:\/\/www.externacorporativo.com\/es\/rumania-trasposicion-de-las-directiva-europeas-en-relacion-al-envio-de-trabajadores\/#article","isPartOf":{"@id":"https:\/\/www.externacorporativo.com\/es\/rumania-trasposicion-de-las-directiva-europeas-en-relacion-al-envio-de-trabajadores\/"},"author":{"name":"Programacion","@id":"https:\/\/www.externacorporativo.com\/es\/#\/schema\/person\/bdc7fa484ed4f3510b0ec3c089989e97"},"headline":"RUMANIA: Trasposici\u00f3n de las Directiva Europeas en relaci\u00f3n al env\u00edo de trabajadores","datePublished":"2023-06-01T07:26:38+00:00","dateModified":"2023-06-01T07:26:39+00:00","mainEntityOfPage":{"@id":"https:\/\/www.externacorporativo.com\/es\/rumania-trasposicion-de-las-directiva-europeas-en-relacion-al-envio-de-trabajadores\/"},"wordCount":158,"commentCount":0,"publisher":{"@id":"https:\/\/www.externacorporativo.com\/es\/#organization"},"inLanguage":"es","potentialAction":[{"@type":"CommentAction","name":"Comment","target":["https:\/\/www.externacorporativo.com\/es\/rumania-trasposicion-de-las-directiva-europeas-en-relacion-al-envio-de-trabajadores\/#respond"]}]},{"@type":"WebPage","@id":"https:\/\/www.externacorporativo.com\/es\/rumania-trasposicion-de-las-directiva-europeas-en-relacion-al-envio-de-trabajadores\/","url":"https:\/\/www.externacorporativo.com\/es\/rumania-trasposicion-de-las-directiva-europeas-en-relacion-al-envio-de-trabajadores\/","name":"RUMANIA: Trasposici\u00f3n de las Directiva Europeas en relaci\u00f3n al env\u00edo de trabajadores - Externa","isPartOf":{"@id":"https:\/\/www.externacorporativo.com\/es\/#website"},"datePublished":"2023-06-01T07:26:38+00:00","dateModified":"2023-06-01T07:26:39+00:00","breadcrumb":{"@id":"https:\/\/www.externacorporativo.com\/es\/rumania-trasposicion-de-las-directiva-europeas-en-relacion-al-envio-de-trabajadores\/#breadcrumb"},"inLanguage":"es","potentialAction":[{"@type":"ReadAction","target":["https:\/\/www.externacorporativo.com\/es\/rumania-trasposicion-de-las-directiva-europeas-en-relacion-al-envio-de-trabajadores\/"]}]},{"@type":"BreadcrumbList","@id":"https:\/\/www.externacorporativo.com\/es\/rumania-trasposicion-de-las-directiva-europeas-en-relacion-al-envio-de-trabajadores\/#breadcrumb","itemListElement":[{"@type":"ListItem","position":1,"name":"Portada","item":"https:\/\/www.externacorporativo.com\/es\/"},{"@type":"ListItem","position":2,"name":"RUMANIA: Trasposici\u00f3n de las Directiva Europeas en relaci\u00f3n al env\u00edo de trabajadores"}]},{"@type":"WebSite","@id":"https:\/\/www.externacorporativo.com\/es\/#website","url":"https:\/\/www.externacorporativo.com\/es\/","name":"Externa","description":"","publisher":{"@id":"https:\/\/www.externacorporativo.com\/es\/#organization"},"potentialAction":[{"@type":"SearchAction","target":{"@type":"EntryPoint","urlTemplate":"https:\/\/www.externacorporativo.com\/es\/?s={search_term_string}"},"query-input":"required name=search_term_string"}],"inLanguage":"es"},{"@type":"Organization","@id":"https:\/\/www.externacorporativo.com\/es\/#organization","name":"Externa","url":"https:\/\/www.externacorporativo.com\/es\/","logo":{"@type":"ImageObject","inLanguage":"es","@id":"https:\/\/www.externacorporativo.com\/es\/#\/schema\/logo\/image\/","url":"https:\/\/www.externacorporativo.com\/wp-content\/uploads\/2023\/04\/Sin-nombre.png","contentUrl":"https:\/\/www.externacorporativo.com\/wp-content\/uploads\/2023\/04\/Sin-nombre.png","width":297,"height":109,"caption":"Externa"},"image":{"@id":"https:\/\/www.externacorporativo.com\/es\/#\/schema\/logo\/image\/"}},{"@type":"Person","@id":"https:\/\/www.externacorporativo.com\/es\/#\/schema\/person\/bdc7fa484ed4f3510b0ec3c089989e97","name":"Programacion","image":{"@type":"ImageObject","inLanguage":"es","@id":"https:\/\/www.externacorporativo.com\/es\/#\/schema\/person\/image\/","url":"https:\/\/secure.gravatar.com\/avatar\/b46a7287724b495183c8c832facd7442?s=96&d=mm&r=g","contentUrl":"https:\/\/secure.gravatar.com\/avatar\/b46a7287724b495183c8c832facd7442?s=96&d=mm&r=g","caption":"Programacion"},"url":"https:\/\/www.externacorporativo.com\/es\/author\/programacion\/"}]}},"_links":{"self":[{"href":"https:\/\/www.externacorporativo.com\/es\/wp-json\/wp\/v2\/posts\/1174"}],"collection":[{"href":"https:\/\/www.externacorporativo.com\/es\/wp-json\/wp\/v2\/posts"}],"about":[{"href":"https:\/\/www.externacorporativo.com\/es\/wp-json\/wp\/v2\/types\/post"}],"author":[{"embeddable":true,"href":"https:\/\/www.externacorporativo.com\/es\/wp-json\/wp\/v2\/users\/2"}],"replies":[{"embeddable":true,"href":"https:\/\/www.externacorporativo.com\/es\/wp-json\/wp\/v2\/comments?post=1174"}],"version-history":[{"count":1,"href":"https:\/\/www.externacorporativo.com\/es\/wp-json\/wp\/v2\/posts\/1174\/revisions"}],"predecessor-version":[{"id":2016,"href":"https:\/\/www.externacorporativo.com\/es\/wp-json\/wp\/v2\/posts\/1174\/revisions\/2016"}],"wp:attachment":[{"href":"https:\/\/www.externacorporativo.com\/es\/wp-json\/wp\/v2\/media?parent=1174"}],"wp:term":[{"taxonomy":"category","embeddable":true,"href":"https:\/\/www.externacorporativo.com\/es\/wp-json\/wp\/v2\/categories?post=1174"},{"taxonomy":"post_tag","embeddable":true,"href":"https:\/\/www.externacorporativo.com\/es\/wp-json\/wp\/v2\/tags?post=1174"}],"curies":[{"name":"wp","href":"https:\/\/api.w.org\/{rel}","templated":true}]}}