{"id":1176,"date":"2023-06-01T07:26:38","date_gmt":"2023-06-01T07:26:38","guid":{"rendered":"https:\/\/www.externacorporativo.com\/espana-no-obligacion-de-registrar-a-diario-el-horario-de-la-plantilla\/"},"modified":"2023-06-01T07:26:39","modified_gmt":"2023-06-01T07:26:39","slug":"espana-no-obligacion-de-registrar-a-diario-el-horario-de-la-plantilla","status":"publish","type":"post","link":"https:\/\/www.externacorporativo.com\/es\/espana-no-obligacion-de-registrar-a-diario-el-horario-de-la-plantilla\/","title":{"rendered":"ESPA\u00d1A: No obligaci\u00f3n de registrar a diario el horario de la plantilla"},"content":{"rendered":"<p style=\"text-align: justify;\">El pasado 23 de marzo el Tribunal Supremo se pronunci\u00f3 respecto al registro obligatorio del horario diario de la plantilla en las empresas espa\u00f1olas, contradiciendo as\u00ed la sentencia de la Audiencia Nacional de 4 de diciembre de 2015 por la cual se hac\u00eda una interpretaci\u00f3n amplia de lo recogido en el art. 35.5 del Estatuto de los Trabajadores<\/p>\n<p style=\"text-align: justify;\">El Pleno de la Sala IV del Tribunal Supremo interpreta de un modo m\u00e1s literal el art\u00edculo 35.5 del Estatuto de los Trabajadores, considerando que no es necesario llevar un control del horario diario de la plantilla para comprobar el cumplimiento de la jornada laboral y de los horarios pactados, y que dicho control debe ejercitarse \u00fanicamente sobre las horas extras.<\/p>\n<p style=\"text-align: justify;\">El Tribunal Supremo reconoce en su sentencia que convendr\u00eda modificar la normativa al respecto para mayor protecci\u00f3n del trabajador para poder demostrar la jornada laboral efectuada, pero interpretar extensivamente el art\u00edculo 35.5 actualmente supone infringir otros art\u00edculos del propio Estatuto de los Trabajadores como el 28.3. y por otro lado, es exagerado considerar que el trabajador se encuentra indefenso ya que con la normativa existente, la empresa est\u00e1 en la obligaci\u00f3n de controlar y notificar las horas extras realizadas.<\/p>\n","protected":false},"excerpt":{"rendered":"<p>El pasado 23 de marzo el Tribunal Supremo se pronunci\u00f3 respecto al registro obligatorio del horario diario de la plantilla en las empresas espa\u00f1olas, contradiciendo as\u00ed la sentencia de la Audiencia Nacional de 4 de diciembre de 2015 por la cual se hac\u00eda una interpretaci\u00f3n amplia de lo recogido en el art. 35.5 del Estatuto [&hellip;]<\/p>\n","protected":false},"author":2,"featured_media":0,"comment_status":"open","ping_status":"open","sticky":false,"template":"","format":"standard","meta":[],"categories":[],"tags":[],"yoast_head":"<!-- This site is optimized with the Yoast SEO plugin v20.0 - https:\/\/yoast.com\/wordpress\/plugins\/seo\/ -->\n<title>ESPA\u00d1A: No obligaci\u00f3n de registrar a diario el horario de la plantilla - Externa<\/title>\n<meta name=\"robots\" content=\"index, follow, max-snippet:-1, max-image-preview:large, max-video-preview:-1\" \/>\n<link rel=\"canonical\" href=\"https:\/\/www.externacorporativo.com\/es\/espana-no-obligacion-de-registrar-a-diario-el-horario-de-la-plantilla\/\" \/>\n<meta property=\"og:locale\" content=\"es_ES\" \/>\n<meta property=\"og:type\" content=\"article\" \/>\n<meta property=\"og:title\" content=\"ESPA\u00d1A: No obligaci\u00f3n de registrar a diario el horario de la plantilla - Externa\" \/>\n<meta property=\"og:description\" content=\"El pasado 23 de marzo el Tribunal Supremo se pronunci\u00f3 respecto al registro obligatorio del horario diario de la plantilla en las empresas espa\u00f1olas, contradiciendo as\u00ed la sentencia de la Audiencia Nacional de 4 de diciembre de 2015 por la cual se hac\u00eda una interpretaci\u00f3n amplia de lo recogido en el art. 35.5 del Estatuto [&hellip;]\" \/>\n<meta property=\"og:url\" content=\"https:\/\/www.externacorporativo.com\/es\/espana-no-obligacion-de-registrar-a-diario-el-horario-de-la-plantilla\/\" \/>\n<meta property=\"og:site_name\" content=\"Externa\" \/>\n<meta property=\"article:published_time\" content=\"2023-06-01T07:26:38+00:00\" \/>\n<meta property=\"article:modified_time\" content=\"2023-06-01T07:26:39+00:00\" \/>\n<meta name=\"author\" content=\"Programacion\" \/>\n<meta name=\"twitter:card\" content=\"summary_large_image\" \/>\n<meta name=\"twitter:label1\" content=\"Escrito por\" \/>\n\t<meta name=\"twitter:data1\" content=\"Programacion\" \/>\n\t<meta name=\"twitter:label2\" content=\"Tiempo de lectura\" \/>\n\t<meta name=\"twitter:data2\" content=\"1 minuto\" \/>\n<script type=\"application\/ld+json\" class=\"yoast-schema-graph\">{\"@context\":\"https:\/\/schema.org\",\"@graph\":[{\"@type\":\"Article\",\"@id\":\"https:\/\/www.externacorporativo.com\/es\/espana-no-obligacion-de-registrar-a-diario-el-horario-de-la-plantilla\/#article\",\"isPartOf\":{\"@id\":\"https:\/\/www.externacorporativo.com\/es\/espana-no-obligacion-de-registrar-a-diario-el-horario-de-la-plantilla\/\"},\"author\":{\"name\":\"Programacion\",\"@id\":\"https:\/\/www.externacorporativo.com\/es\/#\/schema\/person\/bdc7fa484ed4f3510b0ec3c089989e97\"},\"headline\":\"ESPA\u00d1A: No obligaci\u00f3n de registrar a diario el horario de la plantilla\",\"datePublished\":\"2023-06-01T07:26:38+00:00\",\"dateModified\":\"2023-06-01T07:26:39+00:00\",\"mainEntityOfPage\":{\"@id\":\"https:\/\/www.externacorporativo.com\/es\/espana-no-obligacion-de-registrar-a-diario-el-horario-de-la-plantilla\/\"},\"wordCount\":215,\"commentCount\":0,\"publisher\":{\"@id\":\"https:\/\/www.externacorporativo.com\/es\/#organization\"},\"inLanguage\":\"es\",\"potentialAction\":[{\"@type\":\"CommentAction\",\"name\":\"Comment\",\"target\":[\"https:\/\/www.externacorporativo.com\/es\/espana-no-obligacion-de-registrar-a-diario-el-horario-de-la-plantilla\/#respond\"]}]},{\"@type\":\"WebPage\",\"@id\":\"https:\/\/www.externacorporativo.com\/es\/espana-no-obligacion-de-registrar-a-diario-el-horario-de-la-plantilla\/\",\"url\":\"https:\/\/www.externacorporativo.com\/es\/espana-no-obligacion-de-registrar-a-diario-el-horario-de-la-plantilla\/\",\"name\":\"ESPA\u00d1A: No obligaci\u00f3n de registrar a diario el horario de la plantilla - Externa\",\"isPartOf\":{\"@id\":\"https:\/\/www.externacorporativo.com\/es\/#website\"},\"datePublished\":\"2023-06-01T07:26:38+00:00\",\"dateModified\":\"2023-06-01T07:26:39+00:00\",\"breadcrumb\":{\"@id\":\"https:\/\/www.externacorporativo.com\/es\/espana-no-obligacion-de-registrar-a-diario-el-horario-de-la-plantilla\/#breadcrumb\"},\"inLanguage\":\"es\",\"potentialAction\":[{\"@type\":\"ReadAction\",\"target\":[\"https:\/\/www.externacorporativo.com\/es\/espana-no-obligacion-de-registrar-a-diario-el-horario-de-la-plantilla\/\"]}]},{\"@type\":\"BreadcrumbList\",\"@id\":\"https:\/\/www.externacorporativo.com\/es\/espana-no-obligacion-de-registrar-a-diario-el-horario-de-la-plantilla\/#breadcrumb\",\"itemListElement\":[{\"@type\":\"ListItem\",\"position\":1,\"name\":\"Portada\",\"item\":\"https:\/\/www.externacorporativo.com\/es\/\"},{\"@type\":\"ListItem\",\"position\":2,\"name\":\"ESPA\u00d1A: No obligaci\u00f3n de registrar a diario el horario de la plantilla\"}]},{\"@type\":\"WebSite\",\"@id\":\"https:\/\/www.externacorporativo.com\/es\/#website\",\"url\":\"https:\/\/www.externacorporativo.com\/es\/\",\"name\":\"Externa\",\"description\":\"\",\"publisher\":{\"@id\":\"https:\/\/www.externacorporativo.com\/es\/#organization\"},\"potentialAction\":[{\"@type\":\"SearchAction\",\"target\":{\"@type\":\"EntryPoint\",\"urlTemplate\":\"https:\/\/www.externacorporativo.com\/es\/?s={search_term_string}\"},\"query-input\":\"required name=search_term_string\"}],\"inLanguage\":\"es\"},{\"@type\":\"Organization\",\"@id\":\"https:\/\/www.externacorporativo.com\/es\/#organization\",\"name\":\"Externa\",\"url\":\"https:\/\/www.externacorporativo.com\/es\/\",\"logo\":{\"@type\":\"ImageObject\",\"inLanguage\":\"es\",\"@id\":\"https:\/\/www.externacorporativo.com\/es\/#\/schema\/logo\/image\/\",\"url\":\"https:\/\/www.externacorporativo.com\/wp-content\/uploads\/2023\/04\/Sin-nombre.png\",\"contentUrl\":\"https:\/\/www.externacorporativo.com\/wp-content\/uploads\/2023\/04\/Sin-nombre.png\",\"width\":297,\"height\":109,\"caption\":\"Externa\"},\"image\":{\"@id\":\"https:\/\/www.externacorporativo.com\/es\/#\/schema\/logo\/image\/\"}},{\"@type\":\"Person\",\"@id\":\"https:\/\/www.externacorporativo.com\/es\/#\/schema\/person\/bdc7fa484ed4f3510b0ec3c089989e97\",\"name\":\"Programacion\",\"image\":{\"@type\":\"ImageObject\",\"inLanguage\":\"es\",\"@id\":\"https:\/\/www.externacorporativo.com\/es\/#\/schema\/person\/image\/\",\"url\":\"https:\/\/secure.gravatar.com\/avatar\/b46a7287724b495183c8c832facd7442?s=96&d=mm&r=g\",\"contentUrl\":\"https:\/\/secure.gravatar.com\/avatar\/b46a7287724b495183c8c832facd7442?s=96&d=mm&r=g\",\"caption\":\"Programacion\"},\"url\":\"https:\/\/www.externacorporativo.com\/es\/author\/programacion\/\"}]}<\/script>\n<!-- \/ Yoast SEO plugin. -->","yoast_head_json":{"title":"ESPA\u00d1A: No obligaci\u00f3n de registrar a diario el horario de la plantilla - Externa","robots":{"index":"index","follow":"follow","max-snippet":"max-snippet:-1","max-image-preview":"max-image-preview:large","max-video-preview":"max-video-preview:-1"},"canonical":"https:\/\/www.externacorporativo.com\/es\/espana-no-obligacion-de-registrar-a-diario-el-horario-de-la-plantilla\/","og_locale":"es_ES","og_type":"article","og_title":"ESPA\u00d1A: No obligaci\u00f3n de registrar a diario el horario de la plantilla - Externa","og_description":"El pasado 23 de marzo el Tribunal Supremo se pronunci\u00f3 respecto al registro obligatorio del horario diario de la plantilla en las empresas espa\u00f1olas, contradiciendo as\u00ed la sentencia de la Audiencia Nacional de 4 de diciembre de 2015 por la cual se hac\u00eda una interpretaci\u00f3n amplia de lo recogido en el art. 35.5 del Estatuto [&hellip;]","og_url":"https:\/\/www.externacorporativo.com\/es\/espana-no-obligacion-de-registrar-a-diario-el-horario-de-la-plantilla\/","og_site_name":"Externa","article_published_time":"2023-06-01T07:26:38+00:00","article_modified_time":"2023-06-01T07:26:39+00:00","author":"Programacion","twitter_card":"summary_large_image","twitter_misc":{"Escrito por":"Programacion","Tiempo de lectura":"1 minuto"},"schema":{"@context":"https:\/\/schema.org","@graph":[{"@type":"Article","@id":"https:\/\/www.externacorporativo.com\/es\/espana-no-obligacion-de-registrar-a-diario-el-horario-de-la-plantilla\/#article","isPartOf":{"@id":"https:\/\/www.externacorporativo.com\/es\/espana-no-obligacion-de-registrar-a-diario-el-horario-de-la-plantilla\/"},"author":{"name":"Programacion","@id":"https:\/\/www.externacorporativo.com\/es\/#\/schema\/person\/bdc7fa484ed4f3510b0ec3c089989e97"},"headline":"ESPA\u00d1A: No obligaci\u00f3n de registrar a diario el horario de la plantilla","datePublished":"2023-06-01T07:26:38+00:00","dateModified":"2023-06-01T07:26:39+00:00","mainEntityOfPage":{"@id":"https:\/\/www.externacorporativo.com\/es\/espana-no-obligacion-de-registrar-a-diario-el-horario-de-la-plantilla\/"},"wordCount":215,"commentCount":0,"publisher":{"@id":"https:\/\/www.externacorporativo.com\/es\/#organization"},"inLanguage":"es","potentialAction":[{"@type":"CommentAction","name":"Comment","target":["https:\/\/www.externacorporativo.com\/es\/espana-no-obligacion-de-registrar-a-diario-el-horario-de-la-plantilla\/#respond"]}]},{"@type":"WebPage","@id":"https:\/\/www.externacorporativo.com\/es\/espana-no-obligacion-de-registrar-a-diario-el-horario-de-la-plantilla\/","url":"https:\/\/www.externacorporativo.com\/es\/espana-no-obligacion-de-registrar-a-diario-el-horario-de-la-plantilla\/","name":"ESPA\u00d1A: No obligaci\u00f3n de registrar a diario el horario de la plantilla - Externa","isPartOf":{"@id":"https:\/\/www.externacorporativo.com\/es\/#website"},"datePublished":"2023-06-01T07:26:38+00:00","dateModified":"2023-06-01T07:26:39+00:00","breadcrumb":{"@id":"https:\/\/www.externacorporativo.com\/es\/espana-no-obligacion-de-registrar-a-diario-el-horario-de-la-plantilla\/#breadcrumb"},"inLanguage":"es","potentialAction":[{"@type":"ReadAction","target":["https:\/\/www.externacorporativo.com\/es\/espana-no-obligacion-de-registrar-a-diario-el-horario-de-la-plantilla\/"]}]},{"@type":"BreadcrumbList","@id":"https:\/\/www.externacorporativo.com\/es\/espana-no-obligacion-de-registrar-a-diario-el-horario-de-la-plantilla\/#breadcrumb","itemListElement":[{"@type":"ListItem","position":1,"name":"Portada","item":"https:\/\/www.externacorporativo.com\/es\/"},{"@type":"ListItem","position":2,"name":"ESPA\u00d1A: No obligaci\u00f3n de registrar a diario el horario de la plantilla"}]},{"@type":"WebSite","@id":"https:\/\/www.externacorporativo.com\/es\/#website","url":"https:\/\/www.externacorporativo.com\/es\/","name":"Externa","description":"","publisher":{"@id":"https:\/\/www.externacorporativo.com\/es\/#organization"},"potentialAction":[{"@type":"SearchAction","target":{"@type":"EntryPoint","urlTemplate":"https:\/\/www.externacorporativo.com\/es\/?s={search_term_string}"},"query-input":"required name=search_term_string"}],"inLanguage":"es"},{"@type":"Organization","@id":"https:\/\/www.externacorporativo.com\/es\/#organization","name":"Externa","url":"https:\/\/www.externacorporativo.com\/es\/","logo":{"@type":"ImageObject","inLanguage":"es","@id":"https:\/\/www.externacorporativo.com\/es\/#\/schema\/logo\/image\/","url":"https:\/\/www.externacorporativo.com\/wp-content\/uploads\/2023\/04\/Sin-nombre.png","contentUrl":"https:\/\/www.externacorporativo.com\/wp-content\/uploads\/2023\/04\/Sin-nombre.png","width":297,"height":109,"caption":"Externa"},"image":{"@id":"https:\/\/www.externacorporativo.com\/es\/#\/schema\/logo\/image\/"}},{"@type":"Person","@id":"https:\/\/www.externacorporativo.com\/es\/#\/schema\/person\/bdc7fa484ed4f3510b0ec3c089989e97","name":"Programacion","image":{"@type":"ImageObject","inLanguage":"es","@id":"https:\/\/www.externacorporativo.com\/es\/#\/schema\/person\/image\/","url":"https:\/\/secure.gravatar.com\/avatar\/b46a7287724b495183c8c832facd7442?s=96&d=mm&r=g","contentUrl":"https:\/\/secure.gravatar.com\/avatar\/b46a7287724b495183c8c832facd7442?s=96&d=mm&r=g","caption":"Programacion"},"url":"https:\/\/www.externacorporativo.com\/es\/author\/programacion\/"}]}},"_links":{"self":[{"href":"https:\/\/www.externacorporativo.com\/es\/wp-json\/wp\/v2\/posts\/1176"}],"collection":[{"href":"https:\/\/www.externacorporativo.com\/es\/wp-json\/wp\/v2\/posts"}],"about":[{"href":"https:\/\/www.externacorporativo.com\/es\/wp-json\/wp\/v2\/types\/post"}],"author":[{"embeddable":true,"href":"https:\/\/www.externacorporativo.com\/es\/wp-json\/wp\/v2\/users\/2"}],"replies":[{"embeddable":true,"href":"https:\/\/www.externacorporativo.com\/es\/wp-json\/wp\/v2\/comments?post=1176"}],"version-history":[{"count":1,"href":"https:\/\/www.externacorporativo.com\/es\/wp-json\/wp\/v2\/posts\/1176\/revisions"}],"predecessor-version":[{"id":2018,"href":"https:\/\/www.externacorporativo.com\/es\/wp-json\/wp\/v2\/posts\/1176\/revisions\/2018"}],"wp:attachment":[{"href":"https:\/\/www.externacorporativo.com\/es\/wp-json\/wp\/v2\/media?parent=1176"}],"wp:term":[{"taxonomy":"category","embeddable":true,"href":"https:\/\/www.externacorporativo.com\/es\/wp-json\/wp\/v2\/categories?post=1176"},{"taxonomy":"post_tag","embeddable":true,"href":"https:\/\/www.externacorporativo.com\/es\/wp-json\/wp\/v2\/tags?post=1176"}],"curies":[{"name":"wp","href":"https:\/\/api.w.org\/{rel}","templated":true}]}}