{"id":1205,"date":"2023-06-01T07:26:42","date_gmt":"2023-06-01T07:26:42","guid":{"rendered":"https:\/\/www.externacorporativo.com\/arabia-saudi-entrada-en-vigor-del-iva-publicacion-del-proyecto-de-ley-3\/"},"modified":"2023-06-01T07:26:43","modified_gmt":"2023-06-01T07:26:43","slug":"arabia-saudi-entrada-en-vigor-del-iva-publicacion-del-proyecto-de-ley-3","status":"publish","type":"post","link":"https:\/\/www.externacorporativo.com\/es\/arabia-saudi-entrada-en-vigor-del-iva-publicacion-del-proyecto-de-ley-3\/","title":{"rendered":"ARABIA SAUD\u00cd: Entrada en vigor del IVA, publicaci\u00f3n del proyecto de Ley"},"content":{"rendered":"<p style=\"text-align: justify;\">Como ven\u00edamos anunciando, la situaci\u00f3n internacional y su consecuencia directa en Arabia Saud\u00ed, han obligado a que el pa\u00eds se prepare para la pr\u00f3xima introducci\u00f3n del IVA. En este contexto el Ministerio de Finanzas de Arabia Saud\u00ed, ha publicado el proyecto de Ley del IVA que presumiblemente entrar\u00e1 en vigor el pr\u00f3ximo 1 de enero de 2018 al mismo tiempo que en el resto de los Estados \u00c1rabes del Golfo.<\/p>\n<p style=\"text-align: justify;\">El proyecto de Ley recoge los principios acordados de com\u00fan acuerdo por el resto de los miembros del Consejo de Cooperaci\u00f3n de los Estados \u00c1rabes del Golfo.<\/p>\n<p style=\"text-align: justify;\">Aunque se ha llegado a un acuerdo entre los Estados \u00c1rabes del Golfo, sobre un \u00a0tipo inicial de IVA est\u00e1ndar del 5% , se han permitido variaciones en la aplicaci\u00f3n de tarifas nulas y reducidas para diversos bienes o servicios.<\/p>\n<p style=\"text-align: justify;\">Hasta ahora, las empresas no han podido evaluar plenamente las implicaciones del lanzamiento del IVA en sus contratos comerciales actuales principalmente los de larga duraci\u00f3n.<\/p>\n<p style=\"text-align: justify;\">Arabia Saud\u00ed, en un esfuerzo de acercamiento al contribuyente, ha convocado una consulta p\u00fablica para el pr\u00f3ximo 29 de junio<\/p>\n","protected":false},"excerpt":{"rendered":"<p>Como ven\u00edamos anunciando, la situaci\u00f3n internacional y su consecuencia directa en Arabia Saud\u00ed, han obligado a que el pa\u00eds se prepare para la pr\u00f3xima introducci\u00f3n del IVA. En este contexto el Ministerio de Finanzas de Arabia Saud\u00ed, ha publicado el proyecto de Ley del IVA que presumiblemente entrar\u00e1 en vigor el pr\u00f3ximo 1 de enero [&hellip;]<\/p>\n","protected":false},"author":2,"featured_media":0,"comment_status":"open","ping_status":"open","sticky":false,"template":"","format":"standard","meta":[],"categories":[],"tags":[],"yoast_head":"<!-- This site is optimized with the Yoast SEO plugin v20.0 - https:\/\/yoast.com\/wordpress\/plugins\/seo\/ -->\n<title>ARABIA SAUD\u00cd: Entrada en vigor del IVA, publicaci\u00f3n del proyecto de Ley - Externa<\/title>\n<meta name=\"robots\" content=\"index, follow, max-snippet:-1, max-image-preview:large, max-video-preview:-1\" \/>\n<link rel=\"canonical\" href=\"https:\/\/www.externacorporativo.com\/es\/arabia-saudi-entrada-en-vigor-del-iva-publicacion-del-proyecto-de-ley-3\/\" \/>\n<meta property=\"og:locale\" content=\"es_ES\" \/>\n<meta property=\"og:type\" content=\"article\" \/>\n<meta property=\"og:title\" content=\"ARABIA SAUD\u00cd: Entrada en vigor del IVA, publicaci\u00f3n del proyecto de Ley - Externa\" \/>\n<meta property=\"og:description\" content=\"Como ven\u00edamos anunciando, la situaci\u00f3n internacional y su consecuencia directa en Arabia Saud\u00ed, han obligado a que el pa\u00eds se prepare para la pr\u00f3xima introducci\u00f3n del IVA. En este contexto el Ministerio de Finanzas de Arabia Saud\u00ed, ha publicado el proyecto de Ley del IVA que presumiblemente entrar\u00e1 en vigor el pr\u00f3ximo 1 de enero [&hellip;]\" \/>\n<meta property=\"og:url\" content=\"https:\/\/www.externacorporativo.com\/es\/arabia-saudi-entrada-en-vigor-del-iva-publicacion-del-proyecto-de-ley-3\/\" \/>\n<meta property=\"og:site_name\" content=\"Externa\" \/>\n<meta property=\"article:published_time\" content=\"2023-06-01T07:26:42+00:00\" \/>\n<meta property=\"article:modified_time\" content=\"2023-06-01T07:26:43+00:00\" \/>\n<meta name=\"author\" content=\"Programacion\" \/>\n<meta name=\"twitter:card\" content=\"summary_large_image\" \/>\n<meta name=\"twitter:label1\" content=\"Escrito por\" \/>\n\t<meta name=\"twitter:data1\" content=\"Programacion\" \/>\n\t<meta name=\"twitter:label2\" content=\"Tiempo de lectura\" \/>\n\t<meta name=\"twitter:data2\" content=\"1 minuto\" \/>\n<script type=\"application\/ld+json\" class=\"yoast-schema-graph\">{\"@context\":\"https:\/\/schema.org\",\"@graph\":[{\"@type\":\"Article\",\"@id\":\"https:\/\/www.externacorporativo.com\/es\/arabia-saudi-entrada-en-vigor-del-iva-publicacion-del-proyecto-de-ley-3\/#article\",\"isPartOf\":{\"@id\":\"https:\/\/www.externacorporativo.com\/es\/arabia-saudi-entrada-en-vigor-del-iva-publicacion-del-proyecto-de-ley-3\/\"},\"author\":{\"name\":\"Programacion\",\"@id\":\"https:\/\/www.externacorporativo.com\/es\/#\/schema\/person\/bdc7fa484ed4f3510b0ec3c089989e97\"},\"headline\":\"ARABIA SAUD\u00cd: Entrada en vigor del IVA, publicaci\u00f3n del proyecto de Ley\",\"datePublished\":\"2023-06-01T07:26:42+00:00\",\"dateModified\":\"2023-06-01T07:26:43+00:00\",\"mainEntityOfPage\":{\"@id\":\"https:\/\/www.externacorporativo.com\/es\/arabia-saudi-entrada-en-vigor-del-iva-publicacion-del-proyecto-de-ley-3\/\"},\"wordCount\":203,\"commentCount\":0,\"publisher\":{\"@id\":\"https:\/\/www.externacorporativo.com\/es\/#organization\"},\"inLanguage\":\"es\",\"potentialAction\":[{\"@type\":\"CommentAction\",\"name\":\"Comment\",\"target\":[\"https:\/\/www.externacorporativo.com\/es\/arabia-saudi-entrada-en-vigor-del-iva-publicacion-del-proyecto-de-ley-3\/#respond\"]}]},{\"@type\":\"WebPage\",\"@id\":\"https:\/\/www.externacorporativo.com\/es\/arabia-saudi-entrada-en-vigor-del-iva-publicacion-del-proyecto-de-ley-3\/\",\"url\":\"https:\/\/www.externacorporativo.com\/es\/arabia-saudi-entrada-en-vigor-del-iva-publicacion-del-proyecto-de-ley-3\/\",\"name\":\"ARABIA SAUD\u00cd: Entrada en vigor del IVA, publicaci\u00f3n del proyecto de Ley - Externa\",\"isPartOf\":{\"@id\":\"https:\/\/www.externacorporativo.com\/es\/#website\"},\"datePublished\":\"2023-06-01T07:26:42+00:00\",\"dateModified\":\"2023-06-01T07:26:43+00:00\",\"breadcrumb\":{\"@id\":\"https:\/\/www.externacorporativo.com\/es\/arabia-saudi-entrada-en-vigor-del-iva-publicacion-del-proyecto-de-ley-3\/#breadcrumb\"},\"inLanguage\":\"es\",\"potentialAction\":[{\"@type\":\"ReadAction\",\"target\":[\"https:\/\/www.externacorporativo.com\/es\/arabia-saudi-entrada-en-vigor-del-iva-publicacion-del-proyecto-de-ley-3\/\"]}]},{\"@type\":\"BreadcrumbList\",\"@id\":\"https:\/\/www.externacorporativo.com\/es\/arabia-saudi-entrada-en-vigor-del-iva-publicacion-del-proyecto-de-ley-3\/#breadcrumb\",\"itemListElement\":[{\"@type\":\"ListItem\",\"position\":1,\"name\":\"Portada\",\"item\":\"https:\/\/www.externacorporativo.com\/es\/\"},{\"@type\":\"ListItem\",\"position\":2,\"name\":\"ARABIA SAUD\u00cd: Entrada en vigor del IVA, publicaci\u00f3n del proyecto de Ley\"}]},{\"@type\":\"WebSite\",\"@id\":\"https:\/\/www.externacorporativo.com\/es\/#website\",\"url\":\"https:\/\/www.externacorporativo.com\/es\/\",\"name\":\"Externa\",\"description\":\"\",\"publisher\":{\"@id\":\"https:\/\/www.externacorporativo.com\/es\/#organization\"},\"potentialAction\":[{\"@type\":\"SearchAction\",\"target\":{\"@type\":\"EntryPoint\",\"urlTemplate\":\"https:\/\/www.externacorporativo.com\/es\/?s={search_term_string}\"},\"query-input\":\"required name=search_term_string\"}],\"inLanguage\":\"es\"},{\"@type\":\"Organization\",\"@id\":\"https:\/\/www.externacorporativo.com\/es\/#organization\",\"name\":\"Externa\",\"url\":\"https:\/\/www.externacorporativo.com\/es\/\",\"logo\":{\"@type\":\"ImageObject\",\"inLanguage\":\"es\",\"@id\":\"https:\/\/www.externacorporativo.com\/es\/#\/schema\/logo\/image\/\",\"url\":\"https:\/\/www.externacorporativo.com\/wp-content\/uploads\/2023\/04\/Sin-nombre.png\",\"contentUrl\":\"https:\/\/www.externacorporativo.com\/wp-content\/uploads\/2023\/04\/Sin-nombre.png\",\"width\":297,\"height\":109,\"caption\":\"Externa\"},\"image\":{\"@id\":\"https:\/\/www.externacorporativo.com\/es\/#\/schema\/logo\/image\/\"}},{\"@type\":\"Person\",\"@id\":\"https:\/\/www.externacorporativo.com\/es\/#\/schema\/person\/bdc7fa484ed4f3510b0ec3c089989e97\",\"name\":\"Programacion\",\"image\":{\"@type\":\"ImageObject\",\"inLanguage\":\"es\",\"@id\":\"https:\/\/www.externacorporativo.com\/es\/#\/schema\/person\/image\/\",\"url\":\"https:\/\/secure.gravatar.com\/avatar\/b46a7287724b495183c8c832facd7442?s=96&d=mm&r=g\",\"contentUrl\":\"https:\/\/secure.gravatar.com\/avatar\/b46a7287724b495183c8c832facd7442?s=96&d=mm&r=g\",\"caption\":\"Programacion\"},\"url\":\"https:\/\/www.externacorporativo.com\/es\/author\/programacion\/\"}]}<\/script>\n<!-- \/ Yoast SEO plugin. -->","yoast_head_json":{"title":"ARABIA SAUD\u00cd: Entrada en vigor del IVA, publicaci\u00f3n del proyecto de Ley - Externa","robots":{"index":"index","follow":"follow","max-snippet":"max-snippet:-1","max-image-preview":"max-image-preview:large","max-video-preview":"max-video-preview:-1"},"canonical":"https:\/\/www.externacorporativo.com\/es\/arabia-saudi-entrada-en-vigor-del-iva-publicacion-del-proyecto-de-ley-3\/","og_locale":"es_ES","og_type":"article","og_title":"ARABIA SAUD\u00cd: Entrada en vigor del IVA, publicaci\u00f3n del proyecto de Ley - Externa","og_description":"Como ven\u00edamos anunciando, la situaci\u00f3n internacional y su consecuencia directa en Arabia Saud\u00ed, han obligado a que el pa\u00eds se prepare para la pr\u00f3xima introducci\u00f3n del IVA. En este contexto el Ministerio de Finanzas de Arabia Saud\u00ed, ha publicado el proyecto de Ley del IVA que presumiblemente entrar\u00e1 en vigor el pr\u00f3ximo 1 de enero [&hellip;]","og_url":"https:\/\/www.externacorporativo.com\/es\/arabia-saudi-entrada-en-vigor-del-iva-publicacion-del-proyecto-de-ley-3\/","og_site_name":"Externa","article_published_time":"2023-06-01T07:26:42+00:00","article_modified_time":"2023-06-01T07:26:43+00:00","author":"Programacion","twitter_card":"summary_large_image","twitter_misc":{"Escrito por":"Programacion","Tiempo de lectura":"1 minuto"},"schema":{"@context":"https:\/\/schema.org","@graph":[{"@type":"Article","@id":"https:\/\/www.externacorporativo.com\/es\/arabia-saudi-entrada-en-vigor-del-iva-publicacion-del-proyecto-de-ley-3\/#article","isPartOf":{"@id":"https:\/\/www.externacorporativo.com\/es\/arabia-saudi-entrada-en-vigor-del-iva-publicacion-del-proyecto-de-ley-3\/"},"author":{"name":"Programacion","@id":"https:\/\/www.externacorporativo.com\/es\/#\/schema\/person\/bdc7fa484ed4f3510b0ec3c089989e97"},"headline":"ARABIA SAUD\u00cd: Entrada en vigor del IVA, publicaci\u00f3n del proyecto de Ley","datePublished":"2023-06-01T07:26:42+00:00","dateModified":"2023-06-01T07:26:43+00:00","mainEntityOfPage":{"@id":"https:\/\/www.externacorporativo.com\/es\/arabia-saudi-entrada-en-vigor-del-iva-publicacion-del-proyecto-de-ley-3\/"},"wordCount":203,"commentCount":0,"publisher":{"@id":"https:\/\/www.externacorporativo.com\/es\/#organization"},"inLanguage":"es","potentialAction":[{"@type":"CommentAction","name":"Comment","target":["https:\/\/www.externacorporativo.com\/es\/arabia-saudi-entrada-en-vigor-del-iva-publicacion-del-proyecto-de-ley-3\/#respond"]}]},{"@type":"WebPage","@id":"https:\/\/www.externacorporativo.com\/es\/arabia-saudi-entrada-en-vigor-del-iva-publicacion-del-proyecto-de-ley-3\/","url":"https:\/\/www.externacorporativo.com\/es\/arabia-saudi-entrada-en-vigor-del-iva-publicacion-del-proyecto-de-ley-3\/","name":"ARABIA SAUD\u00cd: Entrada en vigor del IVA, publicaci\u00f3n del proyecto de Ley - Externa","isPartOf":{"@id":"https:\/\/www.externacorporativo.com\/es\/#website"},"datePublished":"2023-06-01T07:26:42+00:00","dateModified":"2023-06-01T07:26:43+00:00","breadcrumb":{"@id":"https:\/\/www.externacorporativo.com\/es\/arabia-saudi-entrada-en-vigor-del-iva-publicacion-del-proyecto-de-ley-3\/#breadcrumb"},"inLanguage":"es","potentialAction":[{"@type":"ReadAction","target":["https:\/\/www.externacorporativo.com\/es\/arabia-saudi-entrada-en-vigor-del-iva-publicacion-del-proyecto-de-ley-3\/"]}]},{"@type":"BreadcrumbList","@id":"https:\/\/www.externacorporativo.com\/es\/arabia-saudi-entrada-en-vigor-del-iva-publicacion-del-proyecto-de-ley-3\/#breadcrumb","itemListElement":[{"@type":"ListItem","position":1,"name":"Portada","item":"https:\/\/www.externacorporativo.com\/es\/"},{"@type":"ListItem","position":2,"name":"ARABIA SAUD\u00cd: Entrada en vigor del IVA, publicaci\u00f3n del proyecto de Ley"}]},{"@type":"WebSite","@id":"https:\/\/www.externacorporativo.com\/es\/#website","url":"https:\/\/www.externacorporativo.com\/es\/","name":"Externa","description":"","publisher":{"@id":"https:\/\/www.externacorporativo.com\/es\/#organization"},"potentialAction":[{"@type":"SearchAction","target":{"@type":"EntryPoint","urlTemplate":"https:\/\/www.externacorporativo.com\/es\/?s={search_term_string}"},"query-input":"required name=search_term_string"}],"inLanguage":"es"},{"@type":"Organization","@id":"https:\/\/www.externacorporativo.com\/es\/#organization","name":"Externa","url":"https:\/\/www.externacorporativo.com\/es\/","logo":{"@type":"ImageObject","inLanguage":"es","@id":"https:\/\/www.externacorporativo.com\/es\/#\/schema\/logo\/image\/","url":"https:\/\/www.externacorporativo.com\/wp-content\/uploads\/2023\/04\/Sin-nombre.png","contentUrl":"https:\/\/www.externacorporativo.com\/wp-content\/uploads\/2023\/04\/Sin-nombre.png","width":297,"height":109,"caption":"Externa"},"image":{"@id":"https:\/\/www.externacorporativo.com\/es\/#\/schema\/logo\/image\/"}},{"@type":"Person","@id":"https:\/\/www.externacorporativo.com\/es\/#\/schema\/person\/bdc7fa484ed4f3510b0ec3c089989e97","name":"Programacion","image":{"@type":"ImageObject","inLanguage":"es","@id":"https:\/\/www.externacorporativo.com\/es\/#\/schema\/person\/image\/","url":"https:\/\/secure.gravatar.com\/avatar\/b46a7287724b495183c8c832facd7442?s=96&d=mm&r=g","contentUrl":"https:\/\/secure.gravatar.com\/avatar\/b46a7287724b495183c8c832facd7442?s=96&d=mm&r=g","caption":"Programacion"},"url":"https:\/\/www.externacorporativo.com\/es\/author\/programacion\/"}]}},"_links":{"self":[{"href":"https:\/\/www.externacorporativo.com\/es\/wp-json\/wp\/v2\/posts\/1205"}],"collection":[{"href":"https:\/\/www.externacorporativo.com\/es\/wp-json\/wp\/v2\/posts"}],"about":[{"href":"https:\/\/www.externacorporativo.com\/es\/wp-json\/wp\/v2\/types\/post"}],"author":[{"embeddable":true,"href":"https:\/\/www.externacorporativo.com\/es\/wp-json\/wp\/v2\/users\/2"}],"replies":[{"embeddable":true,"href":"https:\/\/www.externacorporativo.com\/es\/wp-json\/wp\/v2\/comments?post=1205"}],"version-history":[{"count":1,"href":"https:\/\/www.externacorporativo.com\/es\/wp-json\/wp\/v2\/posts\/1205\/revisions"}],"predecessor-version":[{"id":2047,"href":"https:\/\/www.externacorporativo.com\/es\/wp-json\/wp\/v2\/posts\/1205\/revisions\/2047"}],"wp:attachment":[{"href":"https:\/\/www.externacorporativo.com\/es\/wp-json\/wp\/v2\/media?parent=1205"}],"wp:term":[{"taxonomy":"category","embeddable":true,"href":"https:\/\/www.externacorporativo.com\/es\/wp-json\/wp\/v2\/categories?post=1205"},{"taxonomy":"post_tag","embeddable":true,"href":"https:\/\/www.externacorporativo.com\/es\/wp-json\/wp\/v2\/tags?post=1205"}],"curies":[{"name":"wp","href":"https:\/\/api.w.org\/{rel}","templated":true}]}}