{"id":1227,"date":"2023-06-01T07:26:45","date_gmt":"2023-06-01T07:26:45","guid":{"rendered":"https:\/\/www.externacorporativo.com\/andorra-la-evasion-fiscal-ya-es-delito-en-andorra\/"},"modified":"2023-06-01T07:26:47","modified_gmt":"2023-06-01T07:26:47","slug":"andorra-la-evasion-fiscal-ya-es-delito-en-andorra","status":"publish","type":"post","link":"https:\/\/www.externacorporativo.com\/es\/andorra-la-evasion-fiscal-ya-es-delito-en-andorra\/","title":{"rendered":"ANDORRA: La evasi\u00f3n fiscal ya es delito en Andorra"},"content":{"rendered":"<p style=\"text-align: justify;\">El Parlamento andorrano finalmente ha tipificado el delito fiscal en su C\u00f3digo Penal, estableciendo penas de entre 3 meses y 3 a\u00f1os por cantidades evadidas e incorporando umbrales m\u00e1s bajos que otros pa\u00edses UE.<\/p>\n<p style=\"text-align: justify;\">En este contexto se establece en\u00a050.000 euros\u00a0(en Espa\u00f1a son 120.000 \u20ac con prescripci\u00f3n a los 5 a\u00f1os) el umbral a partir del cual se considerar\u00e1 delito la evasi\u00f3n tributaria, con\u00a0prescripci\u00f3n a partir de 10 a\u00f1os.<\/p>\n<p style=\"text-align: justify;\">El delito ser\u00e1 considerado grave, cuando se superen los\u00a0150.000 \u20ac, mientras en Espa\u00f1a son a los 600.000; o cuando los hechos se enmarquen \u00aben una\u00a0organizaci\u00f3n criminal\u00bb. Esta tipificaci\u00f3n de grave podr\u00e1 ser adem\u00e1s considerada como delito de blanqueo.<\/p>\n<p style=\"text-align: justify;\">Para dar efectividad a esta medida, se otorga al\u00a0ministerio fiscal\u00a0la potestad de obtener informaci\u00f3n de cualquier\u00a0entidad financiera\u00a0o persona f\u00edsica y\/o jur\u00eddica\u00a0sujeta al secreto profesional.<\/p>\n<p style=\"text-align: justify;\">Esta medida viene a completar pasos importantes a nivel de transparencia fiscal, tras la presi\u00f3n internacional y los esc\u00e1ndalos de blanqueo de capitales que afectaron fuertemente a este Principado. En este contexto, la Ley de Intercambio de Informaci\u00f3n Financiera, que fiscalmente ha entrado en vigor este a\u00f1o, ha afectado directamente a quienes ten\u00edan dinero en el Principado sin declararlo en sus pa\u00edses de origen, pero ha posibilitado la\u00a0apertura de Andorra al resto del mundo, compensando por la v\u00eda de la inversi\u00f3n extranjera la posible p\u00e9rdida de clientes bancarios<\/p>\n","protected":false},"excerpt":{"rendered":"<p>El Parlamento andorrano finalmente ha tipificado el delito fiscal en su C\u00f3digo Penal, estableciendo penas de entre 3 meses y 3 a\u00f1os por cantidades evadidas e incorporando umbrales m\u00e1s bajos que otros pa\u00edses UE. En este contexto se establece en\u00a050.000 euros\u00a0(en Espa\u00f1a son 120.000 \u20ac con prescripci\u00f3n a los 5 a\u00f1os) el umbral a partir [&hellip;]<\/p>\n","protected":false},"author":2,"featured_media":0,"comment_status":"open","ping_status":"open","sticky":false,"template":"","format":"standard","meta":[],"categories":[],"tags":[],"yoast_head":"<!-- This site is optimized with the Yoast SEO plugin v20.0 - https:\/\/yoast.com\/wordpress\/plugins\/seo\/ -->\n<title>ANDORRA: La evasi\u00f3n fiscal ya es delito en Andorra - Externa<\/title>\n<meta name=\"robots\" content=\"index, follow, max-snippet:-1, max-image-preview:large, max-video-preview:-1\" \/>\n<link rel=\"canonical\" href=\"https:\/\/www.externacorporativo.com\/es\/andorra-la-evasion-fiscal-ya-es-delito-en-andorra\/\" \/>\n<meta property=\"og:locale\" content=\"es_ES\" \/>\n<meta property=\"og:type\" content=\"article\" \/>\n<meta property=\"og:title\" content=\"ANDORRA: La evasi\u00f3n fiscal ya es delito en Andorra - Externa\" \/>\n<meta property=\"og:description\" content=\"El Parlamento andorrano finalmente ha tipificado el delito fiscal en su C\u00f3digo Penal, estableciendo penas de entre 3 meses y 3 a\u00f1os por cantidades evadidas e incorporando umbrales m\u00e1s bajos que otros pa\u00edses UE. En este contexto se establece en\u00a050.000 euros\u00a0(en Espa\u00f1a son 120.000 \u20ac con prescripci\u00f3n a los 5 a\u00f1os) el umbral a partir [&hellip;]\" \/>\n<meta property=\"og:url\" content=\"https:\/\/www.externacorporativo.com\/es\/andorra-la-evasion-fiscal-ya-es-delito-en-andorra\/\" \/>\n<meta property=\"og:site_name\" content=\"Externa\" \/>\n<meta property=\"article:published_time\" content=\"2023-06-01T07:26:45+00:00\" \/>\n<meta property=\"article:modified_time\" content=\"2023-06-01T07:26:47+00:00\" \/>\n<meta name=\"author\" content=\"Programacion\" \/>\n<meta name=\"twitter:card\" content=\"summary_large_image\" \/>\n<meta name=\"twitter:label1\" content=\"Escrito por\" \/>\n\t<meta name=\"twitter:data1\" content=\"Programacion\" \/>\n\t<meta name=\"twitter:label2\" content=\"Tiempo de lectura\" \/>\n\t<meta name=\"twitter:data2\" content=\"1 minuto\" \/>\n<script type=\"application\/ld+json\" class=\"yoast-schema-graph\">{\"@context\":\"https:\/\/schema.org\",\"@graph\":[{\"@type\":\"Article\",\"@id\":\"https:\/\/www.externacorporativo.com\/es\/andorra-la-evasion-fiscal-ya-es-delito-en-andorra\/#article\",\"isPartOf\":{\"@id\":\"https:\/\/www.externacorporativo.com\/es\/andorra-la-evasion-fiscal-ya-es-delito-en-andorra\/\"},\"author\":{\"name\":\"Programacion\",\"@id\":\"https:\/\/www.externacorporativo.com\/es\/#\/schema\/person\/bdc7fa484ed4f3510b0ec3c089989e97\"},\"headline\":\"ANDORRA: La evasi\u00f3n fiscal ya es delito en Andorra\",\"datePublished\":\"2023-06-01T07:26:45+00:00\",\"dateModified\":\"2023-06-01T07:26:47+00:00\",\"mainEntityOfPage\":{\"@id\":\"https:\/\/www.externacorporativo.com\/es\/andorra-la-evasion-fiscal-ya-es-delito-en-andorra\/\"},\"wordCount\":257,\"commentCount\":0,\"publisher\":{\"@id\":\"https:\/\/www.externacorporativo.com\/es\/#organization\"},\"inLanguage\":\"es\",\"potentialAction\":[{\"@type\":\"CommentAction\",\"name\":\"Comment\",\"target\":[\"https:\/\/www.externacorporativo.com\/es\/andorra-la-evasion-fiscal-ya-es-delito-en-andorra\/#respond\"]}]},{\"@type\":\"WebPage\",\"@id\":\"https:\/\/www.externacorporativo.com\/es\/andorra-la-evasion-fiscal-ya-es-delito-en-andorra\/\",\"url\":\"https:\/\/www.externacorporativo.com\/es\/andorra-la-evasion-fiscal-ya-es-delito-en-andorra\/\",\"name\":\"ANDORRA: La evasi\u00f3n fiscal ya es delito en Andorra - Externa\",\"isPartOf\":{\"@id\":\"https:\/\/www.externacorporativo.com\/es\/#website\"},\"datePublished\":\"2023-06-01T07:26:45+00:00\",\"dateModified\":\"2023-06-01T07:26:47+00:00\",\"breadcrumb\":{\"@id\":\"https:\/\/www.externacorporativo.com\/es\/andorra-la-evasion-fiscal-ya-es-delito-en-andorra\/#breadcrumb\"},\"inLanguage\":\"es\",\"potentialAction\":[{\"@type\":\"ReadAction\",\"target\":[\"https:\/\/www.externacorporativo.com\/es\/andorra-la-evasion-fiscal-ya-es-delito-en-andorra\/\"]}]},{\"@type\":\"BreadcrumbList\",\"@id\":\"https:\/\/www.externacorporativo.com\/es\/andorra-la-evasion-fiscal-ya-es-delito-en-andorra\/#breadcrumb\",\"itemListElement\":[{\"@type\":\"ListItem\",\"position\":1,\"name\":\"Portada\",\"item\":\"https:\/\/www.externacorporativo.com\/es\/\"},{\"@type\":\"ListItem\",\"position\":2,\"name\":\"ANDORRA: La evasi\u00f3n fiscal ya es delito en Andorra\"}]},{\"@type\":\"WebSite\",\"@id\":\"https:\/\/www.externacorporativo.com\/es\/#website\",\"url\":\"https:\/\/www.externacorporativo.com\/es\/\",\"name\":\"Externa\",\"description\":\"\",\"publisher\":{\"@id\":\"https:\/\/www.externacorporativo.com\/es\/#organization\"},\"potentialAction\":[{\"@type\":\"SearchAction\",\"target\":{\"@type\":\"EntryPoint\",\"urlTemplate\":\"https:\/\/www.externacorporativo.com\/es\/?s={search_term_string}\"},\"query-input\":\"required name=search_term_string\"}],\"inLanguage\":\"es\"},{\"@type\":\"Organization\",\"@id\":\"https:\/\/www.externacorporativo.com\/es\/#organization\",\"name\":\"Externa\",\"url\":\"https:\/\/www.externacorporativo.com\/es\/\",\"logo\":{\"@type\":\"ImageObject\",\"inLanguage\":\"es\",\"@id\":\"https:\/\/www.externacorporativo.com\/es\/#\/schema\/logo\/image\/\",\"url\":\"https:\/\/www.externacorporativo.com\/wp-content\/uploads\/2023\/04\/Sin-nombre.png\",\"contentUrl\":\"https:\/\/www.externacorporativo.com\/wp-content\/uploads\/2023\/04\/Sin-nombre.png\",\"width\":297,\"height\":109,\"caption\":\"Externa\"},\"image\":{\"@id\":\"https:\/\/www.externacorporativo.com\/es\/#\/schema\/logo\/image\/\"}},{\"@type\":\"Person\",\"@id\":\"https:\/\/www.externacorporativo.com\/es\/#\/schema\/person\/bdc7fa484ed4f3510b0ec3c089989e97\",\"name\":\"Programacion\",\"image\":{\"@type\":\"ImageObject\",\"inLanguage\":\"es\",\"@id\":\"https:\/\/www.externacorporativo.com\/es\/#\/schema\/person\/image\/\",\"url\":\"https:\/\/secure.gravatar.com\/avatar\/b46a7287724b495183c8c832facd7442?s=96&d=mm&r=g\",\"contentUrl\":\"https:\/\/secure.gravatar.com\/avatar\/b46a7287724b495183c8c832facd7442?s=96&d=mm&r=g\",\"caption\":\"Programacion\"},\"url\":\"https:\/\/www.externacorporativo.com\/es\/author\/programacion\/\"}]}<\/script>\n<!-- \/ Yoast SEO plugin. -->","yoast_head_json":{"title":"ANDORRA: La evasi\u00f3n fiscal ya es delito en Andorra - Externa","robots":{"index":"index","follow":"follow","max-snippet":"max-snippet:-1","max-image-preview":"max-image-preview:large","max-video-preview":"max-video-preview:-1"},"canonical":"https:\/\/www.externacorporativo.com\/es\/andorra-la-evasion-fiscal-ya-es-delito-en-andorra\/","og_locale":"es_ES","og_type":"article","og_title":"ANDORRA: La evasi\u00f3n fiscal ya es delito en Andorra - Externa","og_description":"El Parlamento andorrano finalmente ha tipificado el delito fiscal en su C\u00f3digo Penal, estableciendo penas de entre 3 meses y 3 a\u00f1os por cantidades evadidas e incorporando umbrales m\u00e1s bajos que otros pa\u00edses UE. En este contexto se establece en\u00a050.000 euros\u00a0(en Espa\u00f1a son 120.000 \u20ac con prescripci\u00f3n a los 5 a\u00f1os) el umbral a partir [&hellip;]","og_url":"https:\/\/www.externacorporativo.com\/es\/andorra-la-evasion-fiscal-ya-es-delito-en-andorra\/","og_site_name":"Externa","article_published_time":"2023-06-01T07:26:45+00:00","article_modified_time":"2023-06-01T07:26:47+00:00","author":"Programacion","twitter_card":"summary_large_image","twitter_misc":{"Escrito por":"Programacion","Tiempo de lectura":"1 minuto"},"schema":{"@context":"https:\/\/schema.org","@graph":[{"@type":"Article","@id":"https:\/\/www.externacorporativo.com\/es\/andorra-la-evasion-fiscal-ya-es-delito-en-andorra\/#article","isPartOf":{"@id":"https:\/\/www.externacorporativo.com\/es\/andorra-la-evasion-fiscal-ya-es-delito-en-andorra\/"},"author":{"name":"Programacion","@id":"https:\/\/www.externacorporativo.com\/es\/#\/schema\/person\/bdc7fa484ed4f3510b0ec3c089989e97"},"headline":"ANDORRA: La evasi\u00f3n fiscal ya es delito en Andorra","datePublished":"2023-06-01T07:26:45+00:00","dateModified":"2023-06-01T07:26:47+00:00","mainEntityOfPage":{"@id":"https:\/\/www.externacorporativo.com\/es\/andorra-la-evasion-fiscal-ya-es-delito-en-andorra\/"},"wordCount":257,"commentCount":0,"publisher":{"@id":"https:\/\/www.externacorporativo.com\/es\/#organization"},"inLanguage":"es","potentialAction":[{"@type":"CommentAction","name":"Comment","target":["https:\/\/www.externacorporativo.com\/es\/andorra-la-evasion-fiscal-ya-es-delito-en-andorra\/#respond"]}]},{"@type":"WebPage","@id":"https:\/\/www.externacorporativo.com\/es\/andorra-la-evasion-fiscal-ya-es-delito-en-andorra\/","url":"https:\/\/www.externacorporativo.com\/es\/andorra-la-evasion-fiscal-ya-es-delito-en-andorra\/","name":"ANDORRA: La evasi\u00f3n fiscal ya es delito en Andorra - Externa","isPartOf":{"@id":"https:\/\/www.externacorporativo.com\/es\/#website"},"datePublished":"2023-06-01T07:26:45+00:00","dateModified":"2023-06-01T07:26:47+00:00","breadcrumb":{"@id":"https:\/\/www.externacorporativo.com\/es\/andorra-la-evasion-fiscal-ya-es-delito-en-andorra\/#breadcrumb"},"inLanguage":"es","potentialAction":[{"@type":"ReadAction","target":["https:\/\/www.externacorporativo.com\/es\/andorra-la-evasion-fiscal-ya-es-delito-en-andorra\/"]}]},{"@type":"BreadcrumbList","@id":"https:\/\/www.externacorporativo.com\/es\/andorra-la-evasion-fiscal-ya-es-delito-en-andorra\/#breadcrumb","itemListElement":[{"@type":"ListItem","position":1,"name":"Portada","item":"https:\/\/www.externacorporativo.com\/es\/"},{"@type":"ListItem","position":2,"name":"ANDORRA: La evasi\u00f3n fiscal ya es delito en Andorra"}]},{"@type":"WebSite","@id":"https:\/\/www.externacorporativo.com\/es\/#website","url":"https:\/\/www.externacorporativo.com\/es\/","name":"Externa","description":"","publisher":{"@id":"https:\/\/www.externacorporativo.com\/es\/#organization"},"potentialAction":[{"@type":"SearchAction","target":{"@type":"EntryPoint","urlTemplate":"https:\/\/www.externacorporativo.com\/es\/?s={search_term_string}"},"query-input":"required name=search_term_string"}],"inLanguage":"es"},{"@type":"Organization","@id":"https:\/\/www.externacorporativo.com\/es\/#organization","name":"Externa","url":"https:\/\/www.externacorporativo.com\/es\/","logo":{"@type":"ImageObject","inLanguage":"es","@id":"https:\/\/www.externacorporativo.com\/es\/#\/schema\/logo\/image\/","url":"https:\/\/www.externacorporativo.com\/wp-content\/uploads\/2023\/04\/Sin-nombre.png","contentUrl":"https:\/\/www.externacorporativo.com\/wp-content\/uploads\/2023\/04\/Sin-nombre.png","width":297,"height":109,"caption":"Externa"},"image":{"@id":"https:\/\/www.externacorporativo.com\/es\/#\/schema\/logo\/image\/"}},{"@type":"Person","@id":"https:\/\/www.externacorporativo.com\/es\/#\/schema\/person\/bdc7fa484ed4f3510b0ec3c089989e97","name":"Programacion","image":{"@type":"ImageObject","inLanguage":"es","@id":"https:\/\/www.externacorporativo.com\/es\/#\/schema\/person\/image\/","url":"https:\/\/secure.gravatar.com\/avatar\/b46a7287724b495183c8c832facd7442?s=96&d=mm&r=g","contentUrl":"https:\/\/secure.gravatar.com\/avatar\/b46a7287724b495183c8c832facd7442?s=96&d=mm&r=g","caption":"Programacion"},"url":"https:\/\/www.externacorporativo.com\/es\/author\/programacion\/"}]}},"_links":{"self":[{"href":"https:\/\/www.externacorporativo.com\/es\/wp-json\/wp\/v2\/posts\/1227"}],"collection":[{"href":"https:\/\/www.externacorporativo.com\/es\/wp-json\/wp\/v2\/posts"}],"about":[{"href":"https:\/\/www.externacorporativo.com\/es\/wp-json\/wp\/v2\/types\/post"}],"author":[{"embeddable":true,"href":"https:\/\/www.externacorporativo.com\/es\/wp-json\/wp\/v2\/users\/2"}],"replies":[{"embeddable":true,"href":"https:\/\/www.externacorporativo.com\/es\/wp-json\/wp\/v2\/comments?post=1227"}],"version-history":[{"count":1,"href":"https:\/\/www.externacorporativo.com\/es\/wp-json\/wp\/v2\/posts\/1227\/revisions"}],"predecessor-version":[{"id":2069,"href":"https:\/\/www.externacorporativo.com\/es\/wp-json\/wp\/v2\/posts\/1227\/revisions\/2069"}],"wp:attachment":[{"href":"https:\/\/www.externacorporativo.com\/es\/wp-json\/wp\/v2\/media?parent=1227"}],"wp:term":[{"taxonomy":"category","embeddable":true,"href":"https:\/\/www.externacorporativo.com\/es\/wp-json\/wp\/v2\/categories?post=1227"},{"taxonomy":"post_tag","embeddable":true,"href":"https:\/\/www.externacorporativo.com\/es\/wp-json\/wp\/v2\/tags?post=1227"}],"curies":[{"name":"wp","href":"https:\/\/api.w.org\/{rel}","templated":true}]}}