{"id":1235,"date":"2023-06-01T07:26:48","date_gmt":"2023-06-01T07:26:48","guid":{"rendered":"https:\/\/www.externacorporativo.com\/espana-mexico-reforma-del-convenio-para-evitar-la-doble-imposicion-2\/"},"modified":"2023-06-01T07:26:48","modified_gmt":"2023-06-01T07:26:48","slug":"espana-mexico-reforma-del-convenio-para-evitar-la-doble-imposicion-2","status":"publish","type":"post","link":"https:\/\/www.externacorporativo.com\/es\/espana-mexico-reforma-del-convenio-para-evitar-la-doble-imposicion-2\/","title":{"rendered":"ESPA\u00d1A &#8211; M\u00c9XICO: Reforma del Convenio para evitar la doble imposici\u00f3n"},"content":{"rendered":"<p style=\"text-align: justify;\">El pr\u00f3ximo 27 de septiembre entrar\u00e1 en vigor la reforma al Convenio para evitar la Doble imposici\u00f3n entre los estados de Espa\u00f1a y M\u00e9xico en materia de impuestos sobre la renta y patrimonio y para evitar el fraude la evasi\u00f3n fiscal.<\/p>\n<p style=\"text-align: justify;\">Las modificaciones m\u00e1s relevantes que afectan a las sociedades y corporaciones empresariales con intereses en ambos Estados son:<\/p>\n<ul>\n<li style=\"text-align: justify;\">Se considerar\u00e1 como residencia de las corporaciones empresariales aquella en la que ejerza sus labores empresariales el Consejero Delegado y los altos ejecutivos de la misma.<\/li>\n<li style=\"text-align: justify;\">En relaci\u00f3n a los precios de transferencia, se establece la posibilidad de que un Estado Contratante realice un ajuste secundario en los casos en los que el otro Estado Contratante haya considerado que las operaciones entre partes relacionadas no fueron celebradas a valores de mercado, y por lo tanto ha determinado ingresos gravables.<\/li>\n<li style=\"text-align: justify;\">La retenci\u00f3n sobre los dividendos se iguala al 10% independientemente de si el destinatario es una persona f\u00edsica o jur\u00eddica, y de su porcentaje de capital en la empresa (antes variaba del 5 al 15% y dependiendo de si la tenencia era menor o mayor al 25%)<\/li>\n<li style=\"text-align: justify;\">Se eliminan las retenciones en la fuente a los intereses de los pr\u00e9stamos destinados a incentivar las exportaciones cuando se pagan a los Estados Contratantes o son pagados por ellos u organismos relacionados<\/li>\n<li style=\"text-align: justify;\">Se realizar retenci\u00f3n en la fuente de modo gen\u00e9rico del 10% sobre las ganancias de capital, sin importar la tenencia o el porcentaje enajenado.<\/li>\n<li style=\"text-align: justify;\">Se incrementa el compromiso de intercambio de informaci\u00f3n y asistencia para recaudaci\u00f3n de impuestos incluso para tributos que no est\u00e1n afectados por el Convenio.<\/li>\n<li style=\"text-align: justify;\">Los pagos por asistencia t\u00e9cnica tendr\u00e1n consideraci\u00f3n de beneficios empresariales.<\/li>\n<\/ul>\n","protected":false},"excerpt":{"rendered":"<p>El pr\u00f3ximo 27 de septiembre entrar\u00e1 en vigor la reforma al Convenio para evitar la Doble imposici\u00f3n entre los estados de Espa\u00f1a y M\u00e9xico en materia de impuestos sobre la renta y patrimonio y para evitar el fraude la evasi\u00f3n fiscal. Las modificaciones m\u00e1s relevantes que afectan a las sociedades y corporaciones empresariales con intereses [&hellip;]<\/p>\n","protected":false},"author":2,"featured_media":0,"comment_status":"open","ping_status":"open","sticky":false,"template":"","format":"standard","meta":[],"categories":[],"tags":[],"yoast_head":"<!-- This site is optimized with the Yoast SEO plugin v20.0 - https:\/\/yoast.com\/wordpress\/plugins\/seo\/ -->\n<title>ESPA\u00d1A - M\u00c9XICO: Reforma del Convenio para evitar la doble imposici\u00f3n - Externa<\/title>\n<meta name=\"robots\" content=\"index, follow, max-snippet:-1, max-image-preview:large, max-video-preview:-1\" \/>\n<link rel=\"canonical\" href=\"https:\/\/www.externacorporativo.com\/es\/espana-mexico-reforma-del-convenio-para-evitar-la-doble-imposicion-2\/\" \/>\n<meta property=\"og:locale\" content=\"es_ES\" \/>\n<meta property=\"og:type\" content=\"article\" \/>\n<meta property=\"og:title\" content=\"ESPA\u00d1A - M\u00c9XICO: Reforma del Convenio para evitar la doble imposici\u00f3n - Externa\" \/>\n<meta property=\"og:description\" content=\"El pr\u00f3ximo 27 de septiembre entrar\u00e1 en vigor la reforma al Convenio para evitar la Doble imposici\u00f3n entre los estados de Espa\u00f1a y M\u00e9xico en materia de impuestos sobre la renta y patrimonio y para evitar el fraude la evasi\u00f3n fiscal. Las modificaciones m\u00e1s relevantes que afectan a las sociedades y corporaciones empresariales con intereses [&hellip;]\" \/>\n<meta property=\"og:url\" content=\"https:\/\/www.externacorporativo.com\/es\/espana-mexico-reforma-del-convenio-para-evitar-la-doble-imposicion-2\/\" \/>\n<meta property=\"og:site_name\" content=\"Externa\" \/>\n<meta property=\"article:published_time\" content=\"2023-06-01T07:26:48+00:00\" \/>\n<meta name=\"author\" content=\"Programacion\" \/>\n<meta name=\"twitter:card\" content=\"summary_large_image\" \/>\n<meta name=\"twitter:label1\" content=\"Escrito por\" \/>\n\t<meta name=\"twitter:data1\" content=\"Programacion\" \/>\n\t<meta name=\"twitter:label2\" content=\"Tiempo de lectura\" \/>\n\t<meta name=\"twitter:data2\" content=\"1 minuto\" \/>\n<script type=\"application\/ld+json\" class=\"yoast-schema-graph\">{\"@context\":\"https:\/\/schema.org\",\"@graph\":[{\"@type\":\"Article\",\"@id\":\"https:\/\/www.externacorporativo.com\/es\/espana-mexico-reforma-del-convenio-para-evitar-la-doble-imposicion-2\/#article\",\"isPartOf\":{\"@id\":\"https:\/\/www.externacorporativo.com\/es\/espana-mexico-reforma-del-convenio-para-evitar-la-doble-imposicion-2\/\"},\"author\":{\"name\":\"Programacion\",\"@id\":\"https:\/\/www.externacorporativo.com\/es\/#\/schema\/person\/bdc7fa484ed4f3510b0ec3c089989e97\"},\"headline\":\"ESPA\u00d1A &#8211; M\u00c9XICO: Reforma del Convenio para evitar la doble imposici\u00f3n\",\"datePublished\":\"2023-06-01T07:26:48+00:00\",\"dateModified\":\"2023-06-01T07:26:48+00:00\",\"mainEntityOfPage\":{\"@id\":\"https:\/\/www.externacorporativo.com\/es\/espana-mexico-reforma-del-convenio-para-evitar-la-doble-imposicion-2\/\"},\"wordCount\":303,\"commentCount\":0,\"publisher\":{\"@id\":\"https:\/\/www.externacorporativo.com\/es\/#organization\"},\"inLanguage\":\"es\",\"potentialAction\":[{\"@type\":\"CommentAction\",\"name\":\"Comment\",\"target\":[\"https:\/\/www.externacorporativo.com\/es\/espana-mexico-reforma-del-convenio-para-evitar-la-doble-imposicion-2\/#respond\"]}]},{\"@type\":\"WebPage\",\"@id\":\"https:\/\/www.externacorporativo.com\/es\/espana-mexico-reforma-del-convenio-para-evitar-la-doble-imposicion-2\/\",\"url\":\"https:\/\/www.externacorporativo.com\/es\/espana-mexico-reforma-del-convenio-para-evitar-la-doble-imposicion-2\/\",\"name\":\"ESPA\u00d1A - M\u00c9XICO: Reforma del Convenio para evitar la doble imposici\u00f3n - Externa\",\"isPartOf\":{\"@id\":\"https:\/\/www.externacorporativo.com\/es\/#website\"},\"datePublished\":\"2023-06-01T07:26:48+00:00\",\"dateModified\":\"2023-06-01T07:26:48+00:00\",\"breadcrumb\":{\"@id\":\"https:\/\/www.externacorporativo.com\/es\/espana-mexico-reforma-del-convenio-para-evitar-la-doble-imposicion-2\/#breadcrumb\"},\"inLanguage\":\"es\",\"potentialAction\":[{\"@type\":\"ReadAction\",\"target\":[\"https:\/\/www.externacorporativo.com\/es\/espana-mexico-reforma-del-convenio-para-evitar-la-doble-imposicion-2\/\"]}]},{\"@type\":\"BreadcrumbList\",\"@id\":\"https:\/\/www.externacorporativo.com\/es\/espana-mexico-reforma-del-convenio-para-evitar-la-doble-imposicion-2\/#breadcrumb\",\"itemListElement\":[{\"@type\":\"ListItem\",\"position\":1,\"name\":\"Portada\",\"item\":\"https:\/\/www.externacorporativo.com\/es\/\"},{\"@type\":\"ListItem\",\"position\":2,\"name\":\"ESPA\u00d1A &#8211; M\u00c9XICO: Reforma del Convenio para evitar la doble imposici\u00f3n\"}]},{\"@type\":\"WebSite\",\"@id\":\"https:\/\/www.externacorporativo.com\/es\/#website\",\"url\":\"https:\/\/www.externacorporativo.com\/es\/\",\"name\":\"Externa\",\"description\":\"\",\"publisher\":{\"@id\":\"https:\/\/www.externacorporativo.com\/es\/#organization\"},\"potentialAction\":[{\"@type\":\"SearchAction\",\"target\":{\"@type\":\"EntryPoint\",\"urlTemplate\":\"https:\/\/www.externacorporativo.com\/es\/?s={search_term_string}\"},\"query-input\":\"required name=search_term_string\"}],\"inLanguage\":\"es\"},{\"@type\":\"Organization\",\"@id\":\"https:\/\/www.externacorporativo.com\/es\/#organization\",\"name\":\"Externa\",\"url\":\"https:\/\/www.externacorporativo.com\/es\/\",\"logo\":{\"@type\":\"ImageObject\",\"inLanguage\":\"es\",\"@id\":\"https:\/\/www.externacorporativo.com\/es\/#\/schema\/logo\/image\/\",\"url\":\"https:\/\/www.externacorporativo.com\/wp-content\/uploads\/2023\/04\/Sin-nombre.png\",\"contentUrl\":\"https:\/\/www.externacorporativo.com\/wp-content\/uploads\/2023\/04\/Sin-nombre.png\",\"width\":297,\"height\":109,\"caption\":\"Externa\"},\"image\":{\"@id\":\"https:\/\/www.externacorporativo.com\/es\/#\/schema\/logo\/image\/\"}},{\"@type\":\"Person\",\"@id\":\"https:\/\/www.externacorporativo.com\/es\/#\/schema\/person\/bdc7fa484ed4f3510b0ec3c089989e97\",\"name\":\"Programacion\",\"image\":{\"@type\":\"ImageObject\",\"inLanguage\":\"es\",\"@id\":\"https:\/\/www.externacorporativo.com\/es\/#\/schema\/person\/image\/\",\"url\":\"https:\/\/secure.gravatar.com\/avatar\/b46a7287724b495183c8c832facd7442?s=96&d=mm&r=g\",\"contentUrl\":\"https:\/\/secure.gravatar.com\/avatar\/b46a7287724b495183c8c832facd7442?s=96&d=mm&r=g\",\"caption\":\"Programacion\"},\"url\":\"https:\/\/www.externacorporativo.com\/es\/author\/programacion\/\"}]}<\/script>\n<!-- \/ Yoast SEO plugin. -->","yoast_head_json":{"title":"ESPA\u00d1A - M\u00c9XICO: Reforma del Convenio para evitar la doble imposici\u00f3n - Externa","robots":{"index":"index","follow":"follow","max-snippet":"max-snippet:-1","max-image-preview":"max-image-preview:large","max-video-preview":"max-video-preview:-1"},"canonical":"https:\/\/www.externacorporativo.com\/es\/espana-mexico-reforma-del-convenio-para-evitar-la-doble-imposicion-2\/","og_locale":"es_ES","og_type":"article","og_title":"ESPA\u00d1A - M\u00c9XICO: Reforma del Convenio para evitar la doble imposici\u00f3n - Externa","og_description":"El pr\u00f3ximo 27 de septiembre entrar\u00e1 en vigor la reforma al Convenio para evitar la Doble imposici\u00f3n entre los estados de Espa\u00f1a y M\u00e9xico en materia de impuestos sobre la renta y patrimonio y para evitar el fraude la evasi\u00f3n fiscal. Las modificaciones m\u00e1s relevantes que afectan a las sociedades y corporaciones empresariales con intereses [&hellip;]","og_url":"https:\/\/www.externacorporativo.com\/es\/espana-mexico-reforma-del-convenio-para-evitar-la-doble-imposicion-2\/","og_site_name":"Externa","article_published_time":"2023-06-01T07:26:48+00:00","author":"Programacion","twitter_card":"summary_large_image","twitter_misc":{"Escrito por":"Programacion","Tiempo de lectura":"1 minuto"},"schema":{"@context":"https:\/\/schema.org","@graph":[{"@type":"Article","@id":"https:\/\/www.externacorporativo.com\/es\/espana-mexico-reforma-del-convenio-para-evitar-la-doble-imposicion-2\/#article","isPartOf":{"@id":"https:\/\/www.externacorporativo.com\/es\/espana-mexico-reforma-del-convenio-para-evitar-la-doble-imposicion-2\/"},"author":{"name":"Programacion","@id":"https:\/\/www.externacorporativo.com\/es\/#\/schema\/person\/bdc7fa484ed4f3510b0ec3c089989e97"},"headline":"ESPA\u00d1A &#8211; M\u00c9XICO: Reforma del Convenio para evitar la doble imposici\u00f3n","datePublished":"2023-06-01T07:26:48+00:00","dateModified":"2023-06-01T07:26:48+00:00","mainEntityOfPage":{"@id":"https:\/\/www.externacorporativo.com\/es\/espana-mexico-reforma-del-convenio-para-evitar-la-doble-imposicion-2\/"},"wordCount":303,"commentCount":0,"publisher":{"@id":"https:\/\/www.externacorporativo.com\/es\/#organization"},"inLanguage":"es","potentialAction":[{"@type":"CommentAction","name":"Comment","target":["https:\/\/www.externacorporativo.com\/es\/espana-mexico-reforma-del-convenio-para-evitar-la-doble-imposicion-2\/#respond"]}]},{"@type":"WebPage","@id":"https:\/\/www.externacorporativo.com\/es\/espana-mexico-reforma-del-convenio-para-evitar-la-doble-imposicion-2\/","url":"https:\/\/www.externacorporativo.com\/es\/espana-mexico-reforma-del-convenio-para-evitar-la-doble-imposicion-2\/","name":"ESPA\u00d1A - M\u00c9XICO: Reforma del Convenio para evitar la doble imposici\u00f3n - Externa","isPartOf":{"@id":"https:\/\/www.externacorporativo.com\/es\/#website"},"datePublished":"2023-06-01T07:26:48+00:00","dateModified":"2023-06-01T07:26:48+00:00","breadcrumb":{"@id":"https:\/\/www.externacorporativo.com\/es\/espana-mexico-reforma-del-convenio-para-evitar-la-doble-imposicion-2\/#breadcrumb"},"inLanguage":"es","potentialAction":[{"@type":"ReadAction","target":["https:\/\/www.externacorporativo.com\/es\/espana-mexico-reforma-del-convenio-para-evitar-la-doble-imposicion-2\/"]}]},{"@type":"BreadcrumbList","@id":"https:\/\/www.externacorporativo.com\/es\/espana-mexico-reforma-del-convenio-para-evitar-la-doble-imposicion-2\/#breadcrumb","itemListElement":[{"@type":"ListItem","position":1,"name":"Portada","item":"https:\/\/www.externacorporativo.com\/es\/"},{"@type":"ListItem","position":2,"name":"ESPA\u00d1A &#8211; M\u00c9XICO: Reforma del Convenio para evitar la doble imposici\u00f3n"}]},{"@type":"WebSite","@id":"https:\/\/www.externacorporativo.com\/es\/#website","url":"https:\/\/www.externacorporativo.com\/es\/","name":"Externa","description":"","publisher":{"@id":"https:\/\/www.externacorporativo.com\/es\/#organization"},"potentialAction":[{"@type":"SearchAction","target":{"@type":"EntryPoint","urlTemplate":"https:\/\/www.externacorporativo.com\/es\/?s={search_term_string}"},"query-input":"required name=search_term_string"}],"inLanguage":"es"},{"@type":"Organization","@id":"https:\/\/www.externacorporativo.com\/es\/#organization","name":"Externa","url":"https:\/\/www.externacorporativo.com\/es\/","logo":{"@type":"ImageObject","inLanguage":"es","@id":"https:\/\/www.externacorporativo.com\/es\/#\/schema\/logo\/image\/","url":"https:\/\/www.externacorporativo.com\/wp-content\/uploads\/2023\/04\/Sin-nombre.png","contentUrl":"https:\/\/www.externacorporativo.com\/wp-content\/uploads\/2023\/04\/Sin-nombre.png","width":297,"height":109,"caption":"Externa"},"image":{"@id":"https:\/\/www.externacorporativo.com\/es\/#\/schema\/logo\/image\/"}},{"@type":"Person","@id":"https:\/\/www.externacorporativo.com\/es\/#\/schema\/person\/bdc7fa484ed4f3510b0ec3c089989e97","name":"Programacion","image":{"@type":"ImageObject","inLanguage":"es","@id":"https:\/\/www.externacorporativo.com\/es\/#\/schema\/person\/image\/","url":"https:\/\/secure.gravatar.com\/avatar\/b46a7287724b495183c8c832facd7442?s=96&d=mm&r=g","contentUrl":"https:\/\/secure.gravatar.com\/avatar\/b46a7287724b495183c8c832facd7442?s=96&d=mm&r=g","caption":"Programacion"},"url":"https:\/\/www.externacorporativo.com\/es\/author\/programacion\/"}]}},"_links":{"self":[{"href":"https:\/\/www.externacorporativo.com\/es\/wp-json\/wp\/v2\/posts\/1235"}],"collection":[{"href":"https:\/\/www.externacorporativo.com\/es\/wp-json\/wp\/v2\/posts"}],"about":[{"href":"https:\/\/www.externacorporativo.com\/es\/wp-json\/wp\/v2\/types\/post"}],"author":[{"embeddable":true,"href":"https:\/\/www.externacorporativo.com\/es\/wp-json\/wp\/v2\/users\/2"}],"replies":[{"embeddable":true,"href":"https:\/\/www.externacorporativo.com\/es\/wp-json\/wp\/v2\/comments?post=1235"}],"version-history":[{"count":1,"href":"https:\/\/www.externacorporativo.com\/es\/wp-json\/wp\/v2\/posts\/1235\/revisions"}],"predecessor-version":[{"id":2077,"href":"https:\/\/www.externacorporativo.com\/es\/wp-json\/wp\/v2\/posts\/1235\/revisions\/2077"}],"wp:attachment":[{"href":"https:\/\/www.externacorporativo.com\/es\/wp-json\/wp\/v2\/media?parent=1235"}],"wp:term":[{"taxonomy":"category","embeddable":true,"href":"https:\/\/www.externacorporativo.com\/es\/wp-json\/wp\/v2\/categories?post=1235"},{"taxonomy":"post_tag","embeddable":true,"href":"https:\/\/www.externacorporativo.com\/es\/wp-json\/wp\/v2\/tags?post=1235"}],"curies":[{"name":"wp","href":"https:\/\/api.w.org\/{rel}","templated":true}]}}