{"id":1236,"date":"2023-06-01T07:26:48","date_gmt":"2023-06-01T07:26:48","guid":{"rendered":"https:\/\/www.externacorporativo.com\/espana-ley-de-reformas-urgentes-del-trabajo-autonomo-4\/"},"modified":"2023-06-01T07:26:49","modified_gmt":"2023-06-01T07:26:49","slug":"espana-ley-de-reformas-urgentes-del-trabajo-autonomo-4","status":"publish","type":"post","link":"https:\/\/www.externacorporativo.com\/es\/espana-ley-de-reformas-urgentes-del-trabajo-autonomo-4\/","title":{"rendered":"ESPA\u00d1A:  Ley de reformas urgentes del trabajo aut\u00f3nomo."},"content":{"rendered":"<p style=\"text-align: justify;\">Este verano los aut\u00f3nomos han estrenado novedades muy esperadas. No tan ventajosas como se quisieran, pero no dejan de ser un paso adelante.<\/p>\n<p style=\"text-align: justify;\">Entre las modificaciones m\u00e1s destacadas, se\u00f1alar:<\/p>\n<ul>\n<li style=\"text-align: justify;\">Cuota fija de 50\u20ac durante el primer a\u00f1o de apertura de un negocio.<\/li>\n<li style=\"text-align: justify;\">Bonificaciones en las cuotas hasta en 3 ejercicios, dependiendo de la evoluci\u00f3n del negocio.<\/li>\n<li style=\"text-align: justify;\">Posibilidad de hasta 3 altas y bajas al a\u00f1o y pago solo por los d\u00edas trabajados.<\/li>\n<li style=\"text-align: justify;\">Posibilidad de variar la cuota a la Seguridad Social hasta 4 veces en un a\u00f1o (antes solo 2).<\/li>\n<li style=\"text-align: justify;\">No se pierden bonificaciones al contratar personal asalariado, al contrario, si el contrato es indefinido, la bonificaci\u00f3n puede alcanzar el 100% de la cuota. Esto incluye a familiares directos contratados.<\/li>\n<li style=\"text-align: justify;\">Tras el per\u00edodo de maternidad: cuota fija de 50\u20ac durante un a\u00f1o a partir del momento de reincorporaci\u00f3n.<\/li>\n<li style=\"text-align: justify;\">Los recargos por retraso en el pago de las cuotas a la Seguridad Social se reducen del 20% al 10%.<\/li>\n<li style=\"text-align: justify;\">Se incentiva el trabajo aut\u00f3nomo en el hogar con un incremento de las deducciones en las facturas de agua, luz y tel\u00e9fono, que ahora alcanzan hasta un 20%.<\/li>\n<li style=\"text-align: justify;\">Deducci\u00f3n de 12\u20ac por comida siempre que se pague por medios electr\u00f3nicos que justifiquen hora y lugar.<\/li>\n<li style=\"text-align: justify;\">Se reconoce el accidente \u201cin itinere\u201d, durante su desplazamiento al lugar de trabajo.<\/li>\n<li style=\"text-align: justify;\">Se permite compatibilizar 100% de sueldo y pensi\u00f3n para los aut\u00f3nomos en edad de jubilaci\u00f3n con empleados a su cargo.<\/li>\n<\/ul>\n","protected":false},"excerpt":{"rendered":"<p>Este verano los aut\u00f3nomos han estrenado novedades muy esperadas. No tan ventajosas como se quisieran, pero no dejan de ser un paso adelante. Entre las modificaciones m\u00e1s destacadas, se\u00f1alar: Cuota fija de 50\u20ac durante el primer a\u00f1o de apertura de un negocio. Bonificaciones en las cuotas hasta en 3 ejercicios, dependiendo de la evoluci\u00f3n del [&hellip;]<\/p>\n","protected":false},"author":2,"featured_media":0,"comment_status":"open","ping_status":"open","sticky":false,"template":"","format":"standard","meta":[],"categories":[],"tags":[],"yoast_head":"<!-- This site is optimized with the Yoast SEO plugin v20.0 - https:\/\/yoast.com\/wordpress\/plugins\/seo\/ -->\n<title>ESPA\u00d1A: Ley de reformas urgentes del trabajo aut\u00f3nomo. - Externa<\/title>\n<meta name=\"robots\" content=\"index, follow, max-snippet:-1, max-image-preview:large, max-video-preview:-1\" \/>\n<link rel=\"canonical\" href=\"https:\/\/www.externacorporativo.com\/es\/espana-ley-de-reformas-urgentes-del-trabajo-autonomo-4\/\" \/>\n<meta property=\"og:locale\" content=\"es_ES\" \/>\n<meta property=\"og:type\" content=\"article\" \/>\n<meta property=\"og:title\" content=\"ESPA\u00d1A: Ley de reformas urgentes del trabajo aut\u00f3nomo. - Externa\" \/>\n<meta property=\"og:description\" content=\"Este verano los aut\u00f3nomos han estrenado novedades muy esperadas. No tan ventajosas como se quisieran, pero no dejan de ser un paso adelante. Entre las modificaciones m\u00e1s destacadas, se\u00f1alar: Cuota fija de 50\u20ac durante el primer a\u00f1o de apertura de un negocio. Bonificaciones en las cuotas hasta en 3 ejercicios, dependiendo de la evoluci\u00f3n del [&hellip;]\" \/>\n<meta property=\"og:url\" content=\"https:\/\/www.externacorporativo.com\/es\/espana-ley-de-reformas-urgentes-del-trabajo-autonomo-4\/\" \/>\n<meta property=\"og:site_name\" content=\"Externa\" \/>\n<meta property=\"article:published_time\" content=\"2023-06-01T07:26:48+00:00\" \/>\n<meta property=\"article:modified_time\" content=\"2023-06-01T07:26:49+00:00\" \/>\n<meta name=\"author\" content=\"Programacion\" \/>\n<meta name=\"twitter:card\" content=\"summary_large_image\" \/>\n<meta name=\"twitter:label1\" content=\"Escrito por\" \/>\n\t<meta name=\"twitter:data1\" content=\"Programacion\" \/>\n\t<meta name=\"twitter:label2\" content=\"Tiempo de lectura\" \/>\n\t<meta name=\"twitter:data2\" content=\"1 minuto\" \/>\n<script type=\"application\/ld+json\" class=\"yoast-schema-graph\">{\"@context\":\"https:\/\/schema.org\",\"@graph\":[{\"@type\":\"Article\",\"@id\":\"https:\/\/www.externacorporativo.com\/es\/espana-ley-de-reformas-urgentes-del-trabajo-autonomo-4\/#article\",\"isPartOf\":{\"@id\":\"https:\/\/www.externacorporativo.com\/es\/espana-ley-de-reformas-urgentes-del-trabajo-autonomo-4\/\"},\"author\":{\"name\":\"Programacion\",\"@id\":\"https:\/\/www.externacorporativo.com\/es\/#\/schema\/person\/bdc7fa484ed4f3510b0ec3c089989e97\"},\"headline\":\"ESPA\u00d1A: Ley de reformas urgentes del trabajo aut\u00f3nomo.\",\"datePublished\":\"2023-06-01T07:26:48+00:00\",\"dateModified\":\"2023-06-01T07:26:49+00:00\",\"mainEntityOfPage\":{\"@id\":\"https:\/\/www.externacorporativo.com\/es\/espana-ley-de-reformas-urgentes-del-trabajo-autonomo-4\/\"},\"wordCount\":253,\"commentCount\":0,\"publisher\":{\"@id\":\"https:\/\/www.externacorporativo.com\/es\/#organization\"},\"inLanguage\":\"es\",\"potentialAction\":[{\"@type\":\"CommentAction\",\"name\":\"Comment\",\"target\":[\"https:\/\/www.externacorporativo.com\/es\/espana-ley-de-reformas-urgentes-del-trabajo-autonomo-4\/#respond\"]}]},{\"@type\":\"WebPage\",\"@id\":\"https:\/\/www.externacorporativo.com\/es\/espana-ley-de-reformas-urgentes-del-trabajo-autonomo-4\/\",\"url\":\"https:\/\/www.externacorporativo.com\/es\/espana-ley-de-reformas-urgentes-del-trabajo-autonomo-4\/\",\"name\":\"ESPA\u00d1A: Ley de reformas urgentes del trabajo aut\u00f3nomo. - Externa\",\"isPartOf\":{\"@id\":\"https:\/\/www.externacorporativo.com\/es\/#website\"},\"datePublished\":\"2023-06-01T07:26:48+00:00\",\"dateModified\":\"2023-06-01T07:26:49+00:00\",\"breadcrumb\":{\"@id\":\"https:\/\/www.externacorporativo.com\/es\/espana-ley-de-reformas-urgentes-del-trabajo-autonomo-4\/#breadcrumb\"},\"inLanguage\":\"es\",\"potentialAction\":[{\"@type\":\"ReadAction\",\"target\":[\"https:\/\/www.externacorporativo.com\/es\/espana-ley-de-reformas-urgentes-del-trabajo-autonomo-4\/\"]}]},{\"@type\":\"BreadcrumbList\",\"@id\":\"https:\/\/www.externacorporativo.com\/es\/espana-ley-de-reformas-urgentes-del-trabajo-autonomo-4\/#breadcrumb\",\"itemListElement\":[{\"@type\":\"ListItem\",\"position\":1,\"name\":\"Portada\",\"item\":\"https:\/\/www.externacorporativo.com\/es\/\"},{\"@type\":\"ListItem\",\"position\":2,\"name\":\"ESPA\u00d1A: Ley de reformas urgentes del trabajo aut\u00f3nomo.\"}]},{\"@type\":\"WebSite\",\"@id\":\"https:\/\/www.externacorporativo.com\/es\/#website\",\"url\":\"https:\/\/www.externacorporativo.com\/es\/\",\"name\":\"Externa\",\"description\":\"\",\"publisher\":{\"@id\":\"https:\/\/www.externacorporativo.com\/es\/#organization\"},\"potentialAction\":[{\"@type\":\"SearchAction\",\"target\":{\"@type\":\"EntryPoint\",\"urlTemplate\":\"https:\/\/www.externacorporativo.com\/es\/?s={search_term_string}\"},\"query-input\":\"required name=search_term_string\"}],\"inLanguage\":\"es\"},{\"@type\":\"Organization\",\"@id\":\"https:\/\/www.externacorporativo.com\/es\/#organization\",\"name\":\"Externa\",\"url\":\"https:\/\/www.externacorporativo.com\/es\/\",\"logo\":{\"@type\":\"ImageObject\",\"inLanguage\":\"es\",\"@id\":\"https:\/\/www.externacorporativo.com\/es\/#\/schema\/logo\/image\/\",\"url\":\"https:\/\/www.externacorporativo.com\/wp-content\/uploads\/2023\/04\/Sin-nombre.png\",\"contentUrl\":\"https:\/\/www.externacorporativo.com\/wp-content\/uploads\/2023\/04\/Sin-nombre.png\",\"width\":297,\"height\":109,\"caption\":\"Externa\"},\"image\":{\"@id\":\"https:\/\/www.externacorporativo.com\/es\/#\/schema\/logo\/image\/\"}},{\"@type\":\"Person\",\"@id\":\"https:\/\/www.externacorporativo.com\/es\/#\/schema\/person\/bdc7fa484ed4f3510b0ec3c089989e97\",\"name\":\"Programacion\",\"image\":{\"@type\":\"ImageObject\",\"inLanguage\":\"es\",\"@id\":\"https:\/\/www.externacorporativo.com\/es\/#\/schema\/person\/image\/\",\"url\":\"https:\/\/secure.gravatar.com\/avatar\/b46a7287724b495183c8c832facd7442?s=96&d=mm&r=g\",\"contentUrl\":\"https:\/\/secure.gravatar.com\/avatar\/b46a7287724b495183c8c832facd7442?s=96&d=mm&r=g\",\"caption\":\"Programacion\"},\"url\":\"https:\/\/www.externacorporativo.com\/es\/author\/programacion\/\"}]}<\/script>\n<!-- \/ Yoast SEO plugin. -->","yoast_head_json":{"title":"ESPA\u00d1A: Ley de reformas urgentes del trabajo aut\u00f3nomo. - Externa","robots":{"index":"index","follow":"follow","max-snippet":"max-snippet:-1","max-image-preview":"max-image-preview:large","max-video-preview":"max-video-preview:-1"},"canonical":"https:\/\/www.externacorporativo.com\/es\/espana-ley-de-reformas-urgentes-del-trabajo-autonomo-4\/","og_locale":"es_ES","og_type":"article","og_title":"ESPA\u00d1A: Ley de reformas urgentes del trabajo aut\u00f3nomo. - Externa","og_description":"Este verano los aut\u00f3nomos han estrenado novedades muy esperadas. No tan ventajosas como se quisieran, pero no dejan de ser un paso adelante. Entre las modificaciones m\u00e1s destacadas, se\u00f1alar: Cuota fija de 50\u20ac durante el primer a\u00f1o de apertura de un negocio. Bonificaciones en las cuotas hasta en 3 ejercicios, dependiendo de la evoluci\u00f3n del [&hellip;]","og_url":"https:\/\/www.externacorporativo.com\/es\/espana-ley-de-reformas-urgentes-del-trabajo-autonomo-4\/","og_site_name":"Externa","article_published_time":"2023-06-01T07:26:48+00:00","article_modified_time":"2023-06-01T07:26:49+00:00","author":"Programacion","twitter_card":"summary_large_image","twitter_misc":{"Escrito por":"Programacion","Tiempo de lectura":"1 minuto"},"schema":{"@context":"https:\/\/schema.org","@graph":[{"@type":"Article","@id":"https:\/\/www.externacorporativo.com\/es\/espana-ley-de-reformas-urgentes-del-trabajo-autonomo-4\/#article","isPartOf":{"@id":"https:\/\/www.externacorporativo.com\/es\/espana-ley-de-reformas-urgentes-del-trabajo-autonomo-4\/"},"author":{"name":"Programacion","@id":"https:\/\/www.externacorporativo.com\/es\/#\/schema\/person\/bdc7fa484ed4f3510b0ec3c089989e97"},"headline":"ESPA\u00d1A: Ley de reformas urgentes del trabajo aut\u00f3nomo.","datePublished":"2023-06-01T07:26:48+00:00","dateModified":"2023-06-01T07:26:49+00:00","mainEntityOfPage":{"@id":"https:\/\/www.externacorporativo.com\/es\/espana-ley-de-reformas-urgentes-del-trabajo-autonomo-4\/"},"wordCount":253,"commentCount":0,"publisher":{"@id":"https:\/\/www.externacorporativo.com\/es\/#organization"},"inLanguage":"es","potentialAction":[{"@type":"CommentAction","name":"Comment","target":["https:\/\/www.externacorporativo.com\/es\/espana-ley-de-reformas-urgentes-del-trabajo-autonomo-4\/#respond"]}]},{"@type":"WebPage","@id":"https:\/\/www.externacorporativo.com\/es\/espana-ley-de-reformas-urgentes-del-trabajo-autonomo-4\/","url":"https:\/\/www.externacorporativo.com\/es\/espana-ley-de-reformas-urgentes-del-trabajo-autonomo-4\/","name":"ESPA\u00d1A: Ley de reformas urgentes del trabajo aut\u00f3nomo. - Externa","isPartOf":{"@id":"https:\/\/www.externacorporativo.com\/es\/#website"},"datePublished":"2023-06-01T07:26:48+00:00","dateModified":"2023-06-01T07:26:49+00:00","breadcrumb":{"@id":"https:\/\/www.externacorporativo.com\/es\/espana-ley-de-reformas-urgentes-del-trabajo-autonomo-4\/#breadcrumb"},"inLanguage":"es","potentialAction":[{"@type":"ReadAction","target":["https:\/\/www.externacorporativo.com\/es\/espana-ley-de-reformas-urgentes-del-trabajo-autonomo-4\/"]}]},{"@type":"BreadcrumbList","@id":"https:\/\/www.externacorporativo.com\/es\/espana-ley-de-reformas-urgentes-del-trabajo-autonomo-4\/#breadcrumb","itemListElement":[{"@type":"ListItem","position":1,"name":"Portada","item":"https:\/\/www.externacorporativo.com\/es\/"},{"@type":"ListItem","position":2,"name":"ESPA\u00d1A: Ley de reformas urgentes del trabajo aut\u00f3nomo."}]},{"@type":"WebSite","@id":"https:\/\/www.externacorporativo.com\/es\/#website","url":"https:\/\/www.externacorporativo.com\/es\/","name":"Externa","description":"","publisher":{"@id":"https:\/\/www.externacorporativo.com\/es\/#organization"},"potentialAction":[{"@type":"SearchAction","target":{"@type":"EntryPoint","urlTemplate":"https:\/\/www.externacorporativo.com\/es\/?s={search_term_string}"},"query-input":"required name=search_term_string"}],"inLanguage":"es"},{"@type":"Organization","@id":"https:\/\/www.externacorporativo.com\/es\/#organization","name":"Externa","url":"https:\/\/www.externacorporativo.com\/es\/","logo":{"@type":"ImageObject","inLanguage":"es","@id":"https:\/\/www.externacorporativo.com\/es\/#\/schema\/logo\/image\/","url":"https:\/\/www.externacorporativo.com\/wp-content\/uploads\/2023\/04\/Sin-nombre.png","contentUrl":"https:\/\/www.externacorporativo.com\/wp-content\/uploads\/2023\/04\/Sin-nombre.png","width":297,"height":109,"caption":"Externa"},"image":{"@id":"https:\/\/www.externacorporativo.com\/es\/#\/schema\/logo\/image\/"}},{"@type":"Person","@id":"https:\/\/www.externacorporativo.com\/es\/#\/schema\/person\/bdc7fa484ed4f3510b0ec3c089989e97","name":"Programacion","image":{"@type":"ImageObject","inLanguage":"es","@id":"https:\/\/www.externacorporativo.com\/es\/#\/schema\/person\/image\/","url":"https:\/\/secure.gravatar.com\/avatar\/b46a7287724b495183c8c832facd7442?s=96&d=mm&r=g","contentUrl":"https:\/\/secure.gravatar.com\/avatar\/b46a7287724b495183c8c832facd7442?s=96&d=mm&r=g","caption":"Programacion"},"url":"https:\/\/www.externacorporativo.com\/es\/author\/programacion\/"}]}},"_links":{"self":[{"href":"https:\/\/www.externacorporativo.com\/es\/wp-json\/wp\/v2\/posts\/1236"}],"collection":[{"href":"https:\/\/www.externacorporativo.com\/es\/wp-json\/wp\/v2\/posts"}],"about":[{"href":"https:\/\/www.externacorporativo.com\/es\/wp-json\/wp\/v2\/types\/post"}],"author":[{"embeddable":true,"href":"https:\/\/www.externacorporativo.com\/es\/wp-json\/wp\/v2\/users\/2"}],"replies":[{"embeddable":true,"href":"https:\/\/www.externacorporativo.com\/es\/wp-json\/wp\/v2\/comments?post=1236"}],"version-history":[{"count":1,"href":"https:\/\/www.externacorporativo.com\/es\/wp-json\/wp\/v2\/posts\/1236\/revisions"}],"predecessor-version":[{"id":2078,"href":"https:\/\/www.externacorporativo.com\/es\/wp-json\/wp\/v2\/posts\/1236\/revisions\/2078"}],"wp:attachment":[{"href":"https:\/\/www.externacorporativo.com\/es\/wp-json\/wp\/v2\/media?parent=1236"}],"wp:term":[{"taxonomy":"category","embeddable":true,"href":"https:\/\/www.externacorporativo.com\/es\/wp-json\/wp\/v2\/categories?post=1236"},{"taxonomy":"post_tag","embeddable":true,"href":"https:\/\/www.externacorporativo.com\/es\/wp-json\/wp\/v2\/tags?post=1236"}],"curies":[{"name":"wp","href":"https:\/\/api.w.org\/{rel}","templated":true}]}}