{"id":1240,"date":"2023-06-01T07:26:48","date_gmt":"2023-06-01T07:26:48","guid":{"rendered":"https:\/\/www.externacorporativo.com\/arabia-saudi-impuesto-a-familiares-de-extranjeros-residentes-3\/"},"modified":"2023-06-01T07:26:49","modified_gmt":"2023-06-01T07:26:49","slug":"arabia-saudi-impuesto-a-familiares-de-extranjeros-residentes-3","status":"publish","type":"post","link":"https:\/\/www.externacorporativo.com\/es\/arabia-saudi-impuesto-a-familiares-de-extranjeros-residentes-3\/","title":{"rendered":"ARABIA SAUD\u00cd: Impuesto a familiares de extranjeros residentes"},"content":{"rendered":"<p style=\"text-align: justify;\">En el marco de la reforma fiscal a nivel general que est\u00e1 llevando a cabo Arabia Saud\u00ed, y que implantar\u00e1 el IVA en enero de 2018, el Estado Saud\u00ed, no quiere dejar pasar sin gravamen al gran n\u00famero de extranjeros que recientemente se han establecido en este Estado.<\/p>\n<p style=\"text-align: justify;\">Por motivos laborales, la afluencia de extranjeros se ha visto incrementada en los \u00faltimos a\u00f1os, en su mayor\u00eda debido a las enormes infraestructuras que se est\u00e1n desarrollando en el pa\u00eds, el \u00abboom\u00bb inmobiliario y la profesionalizaci\u00f3n de la industria.<\/p>\n<p style=\"text-align: justify;\">La presi\u00f3n fiscal sobre los trabajadores extranjeros, no es excesiva en relaci\u00f3n a otros estados vecinos, pero Arabia Saud\u00ed ha decidido gravar a los familiares de estos trabajadores, estableciendo una tasa fija por cada familiar a su cargo.<\/p>\n<p style=\"text-align: justify;\">La tasa ha sido establecida en unos 25\u20ac\/mes al cambio actual y si no se realiza su pago en plazo, deber\u00e1 ser abonado en el momento de salida del pa\u00eds con los recargos correspondientes.<\/p>\n","protected":false},"excerpt":{"rendered":"<p>En el marco de la reforma fiscal a nivel general que est\u00e1 llevando a cabo Arabia Saud\u00ed, y que implantar\u00e1 el IVA en enero de 2018, el Estado Saud\u00ed, no quiere dejar pasar sin gravamen al gran n\u00famero de extranjeros que recientemente se han establecido en este Estado. Por motivos laborales, la afluencia de extranjeros [&hellip;]<\/p>\n","protected":false},"author":2,"featured_media":0,"comment_status":"open","ping_status":"open","sticky":false,"template":"","format":"standard","meta":[],"categories":[],"tags":[],"yoast_head":"<!-- This site is optimized with the Yoast SEO plugin v20.0 - https:\/\/yoast.com\/wordpress\/plugins\/seo\/ -->\n<title>ARABIA SAUD\u00cd: Impuesto a familiares de extranjeros residentes - Externa<\/title>\n<meta name=\"robots\" content=\"index, follow, max-snippet:-1, max-image-preview:large, max-video-preview:-1\" \/>\n<link rel=\"canonical\" href=\"https:\/\/www.externacorporativo.com\/es\/arabia-saudi-impuesto-a-familiares-de-extranjeros-residentes-3\/\" \/>\n<meta property=\"og:locale\" content=\"es_ES\" \/>\n<meta property=\"og:type\" content=\"article\" \/>\n<meta property=\"og:title\" content=\"ARABIA SAUD\u00cd: Impuesto a familiares de extranjeros residentes - Externa\" \/>\n<meta property=\"og:description\" content=\"En el marco de la reforma fiscal a nivel general que est\u00e1 llevando a cabo Arabia Saud\u00ed, y que implantar\u00e1 el IVA en enero de 2018, el Estado Saud\u00ed, no quiere dejar pasar sin gravamen al gran n\u00famero de extranjeros que recientemente se han establecido en este Estado. Por motivos laborales, la afluencia de extranjeros [&hellip;]\" \/>\n<meta property=\"og:url\" content=\"https:\/\/www.externacorporativo.com\/es\/arabia-saudi-impuesto-a-familiares-de-extranjeros-residentes-3\/\" \/>\n<meta property=\"og:site_name\" content=\"Externa\" \/>\n<meta property=\"article:published_time\" content=\"2023-06-01T07:26:48+00:00\" \/>\n<meta property=\"article:modified_time\" content=\"2023-06-01T07:26:49+00:00\" \/>\n<meta name=\"author\" content=\"Programacion\" \/>\n<meta name=\"twitter:card\" content=\"summary_large_image\" \/>\n<meta name=\"twitter:label1\" content=\"Escrito por\" \/>\n\t<meta name=\"twitter:data1\" content=\"Programacion\" \/>\n\t<meta name=\"twitter:label2\" content=\"Tiempo de lectura\" \/>\n\t<meta name=\"twitter:data2\" content=\"1 minuto\" \/>\n<script type=\"application\/ld+json\" class=\"yoast-schema-graph\">{\"@context\":\"https:\/\/schema.org\",\"@graph\":[{\"@type\":\"Article\",\"@id\":\"https:\/\/www.externacorporativo.com\/es\/arabia-saudi-impuesto-a-familiares-de-extranjeros-residentes-3\/#article\",\"isPartOf\":{\"@id\":\"https:\/\/www.externacorporativo.com\/es\/arabia-saudi-impuesto-a-familiares-de-extranjeros-residentes-3\/\"},\"author\":{\"name\":\"Programacion\",\"@id\":\"https:\/\/www.externacorporativo.com\/es\/#\/schema\/person\/bdc7fa484ed4f3510b0ec3c089989e97\"},\"headline\":\"ARABIA SAUD\u00cd: Impuesto a familiares de extranjeros residentes\",\"datePublished\":\"2023-06-01T07:26:48+00:00\",\"dateModified\":\"2023-06-01T07:26:49+00:00\",\"mainEntityOfPage\":{\"@id\":\"https:\/\/www.externacorporativo.com\/es\/arabia-saudi-impuesto-a-familiares-de-extranjeros-residentes-3\/\"},\"wordCount\":175,\"commentCount\":0,\"publisher\":{\"@id\":\"https:\/\/www.externacorporativo.com\/es\/#organization\"},\"inLanguage\":\"es\",\"potentialAction\":[{\"@type\":\"CommentAction\",\"name\":\"Comment\",\"target\":[\"https:\/\/www.externacorporativo.com\/es\/arabia-saudi-impuesto-a-familiares-de-extranjeros-residentes-3\/#respond\"]}]},{\"@type\":\"WebPage\",\"@id\":\"https:\/\/www.externacorporativo.com\/es\/arabia-saudi-impuesto-a-familiares-de-extranjeros-residentes-3\/\",\"url\":\"https:\/\/www.externacorporativo.com\/es\/arabia-saudi-impuesto-a-familiares-de-extranjeros-residentes-3\/\",\"name\":\"ARABIA SAUD\u00cd: Impuesto a familiares de extranjeros residentes - Externa\",\"isPartOf\":{\"@id\":\"https:\/\/www.externacorporativo.com\/es\/#website\"},\"datePublished\":\"2023-06-01T07:26:48+00:00\",\"dateModified\":\"2023-06-01T07:26:49+00:00\",\"breadcrumb\":{\"@id\":\"https:\/\/www.externacorporativo.com\/es\/arabia-saudi-impuesto-a-familiares-de-extranjeros-residentes-3\/#breadcrumb\"},\"inLanguage\":\"es\",\"potentialAction\":[{\"@type\":\"ReadAction\",\"target\":[\"https:\/\/www.externacorporativo.com\/es\/arabia-saudi-impuesto-a-familiares-de-extranjeros-residentes-3\/\"]}]},{\"@type\":\"BreadcrumbList\",\"@id\":\"https:\/\/www.externacorporativo.com\/es\/arabia-saudi-impuesto-a-familiares-de-extranjeros-residentes-3\/#breadcrumb\",\"itemListElement\":[{\"@type\":\"ListItem\",\"position\":1,\"name\":\"Portada\",\"item\":\"https:\/\/www.externacorporativo.com\/es\/\"},{\"@type\":\"ListItem\",\"position\":2,\"name\":\"ARABIA SAUD\u00cd: Impuesto a familiares de extranjeros residentes\"}]},{\"@type\":\"WebSite\",\"@id\":\"https:\/\/www.externacorporativo.com\/es\/#website\",\"url\":\"https:\/\/www.externacorporativo.com\/es\/\",\"name\":\"Externa\",\"description\":\"\",\"publisher\":{\"@id\":\"https:\/\/www.externacorporativo.com\/es\/#organization\"},\"potentialAction\":[{\"@type\":\"SearchAction\",\"target\":{\"@type\":\"EntryPoint\",\"urlTemplate\":\"https:\/\/www.externacorporativo.com\/es\/?s={search_term_string}\"},\"query-input\":\"required name=search_term_string\"}],\"inLanguage\":\"es\"},{\"@type\":\"Organization\",\"@id\":\"https:\/\/www.externacorporativo.com\/es\/#organization\",\"name\":\"Externa\",\"url\":\"https:\/\/www.externacorporativo.com\/es\/\",\"logo\":{\"@type\":\"ImageObject\",\"inLanguage\":\"es\",\"@id\":\"https:\/\/www.externacorporativo.com\/es\/#\/schema\/logo\/image\/\",\"url\":\"https:\/\/www.externacorporativo.com\/wp-content\/uploads\/2023\/04\/Sin-nombre.png\",\"contentUrl\":\"https:\/\/www.externacorporativo.com\/wp-content\/uploads\/2023\/04\/Sin-nombre.png\",\"width\":297,\"height\":109,\"caption\":\"Externa\"},\"image\":{\"@id\":\"https:\/\/www.externacorporativo.com\/es\/#\/schema\/logo\/image\/\"}},{\"@type\":\"Person\",\"@id\":\"https:\/\/www.externacorporativo.com\/es\/#\/schema\/person\/bdc7fa484ed4f3510b0ec3c089989e97\",\"name\":\"Programacion\",\"image\":{\"@type\":\"ImageObject\",\"inLanguage\":\"es\",\"@id\":\"https:\/\/www.externacorporativo.com\/es\/#\/schema\/person\/image\/\",\"url\":\"https:\/\/secure.gravatar.com\/avatar\/b46a7287724b495183c8c832facd7442?s=96&d=mm&r=g\",\"contentUrl\":\"https:\/\/secure.gravatar.com\/avatar\/b46a7287724b495183c8c832facd7442?s=96&d=mm&r=g\",\"caption\":\"Programacion\"},\"url\":\"https:\/\/www.externacorporativo.com\/es\/author\/programacion\/\"}]}<\/script>\n<!-- \/ Yoast SEO plugin. -->","yoast_head_json":{"title":"ARABIA SAUD\u00cd: Impuesto a familiares de extranjeros residentes - Externa","robots":{"index":"index","follow":"follow","max-snippet":"max-snippet:-1","max-image-preview":"max-image-preview:large","max-video-preview":"max-video-preview:-1"},"canonical":"https:\/\/www.externacorporativo.com\/es\/arabia-saudi-impuesto-a-familiares-de-extranjeros-residentes-3\/","og_locale":"es_ES","og_type":"article","og_title":"ARABIA SAUD\u00cd: Impuesto a familiares de extranjeros residentes - Externa","og_description":"En el marco de la reforma fiscal a nivel general que est\u00e1 llevando a cabo Arabia Saud\u00ed, y que implantar\u00e1 el IVA en enero de 2018, el Estado Saud\u00ed, no quiere dejar pasar sin gravamen al gran n\u00famero de extranjeros que recientemente se han establecido en este Estado. Por motivos laborales, la afluencia de extranjeros [&hellip;]","og_url":"https:\/\/www.externacorporativo.com\/es\/arabia-saudi-impuesto-a-familiares-de-extranjeros-residentes-3\/","og_site_name":"Externa","article_published_time":"2023-06-01T07:26:48+00:00","article_modified_time":"2023-06-01T07:26:49+00:00","author":"Programacion","twitter_card":"summary_large_image","twitter_misc":{"Escrito por":"Programacion","Tiempo de lectura":"1 minuto"},"schema":{"@context":"https:\/\/schema.org","@graph":[{"@type":"Article","@id":"https:\/\/www.externacorporativo.com\/es\/arabia-saudi-impuesto-a-familiares-de-extranjeros-residentes-3\/#article","isPartOf":{"@id":"https:\/\/www.externacorporativo.com\/es\/arabia-saudi-impuesto-a-familiares-de-extranjeros-residentes-3\/"},"author":{"name":"Programacion","@id":"https:\/\/www.externacorporativo.com\/es\/#\/schema\/person\/bdc7fa484ed4f3510b0ec3c089989e97"},"headline":"ARABIA SAUD\u00cd: Impuesto a familiares de extranjeros residentes","datePublished":"2023-06-01T07:26:48+00:00","dateModified":"2023-06-01T07:26:49+00:00","mainEntityOfPage":{"@id":"https:\/\/www.externacorporativo.com\/es\/arabia-saudi-impuesto-a-familiares-de-extranjeros-residentes-3\/"},"wordCount":175,"commentCount":0,"publisher":{"@id":"https:\/\/www.externacorporativo.com\/es\/#organization"},"inLanguage":"es","potentialAction":[{"@type":"CommentAction","name":"Comment","target":["https:\/\/www.externacorporativo.com\/es\/arabia-saudi-impuesto-a-familiares-de-extranjeros-residentes-3\/#respond"]}]},{"@type":"WebPage","@id":"https:\/\/www.externacorporativo.com\/es\/arabia-saudi-impuesto-a-familiares-de-extranjeros-residentes-3\/","url":"https:\/\/www.externacorporativo.com\/es\/arabia-saudi-impuesto-a-familiares-de-extranjeros-residentes-3\/","name":"ARABIA SAUD\u00cd: Impuesto a familiares de extranjeros residentes - Externa","isPartOf":{"@id":"https:\/\/www.externacorporativo.com\/es\/#website"},"datePublished":"2023-06-01T07:26:48+00:00","dateModified":"2023-06-01T07:26:49+00:00","breadcrumb":{"@id":"https:\/\/www.externacorporativo.com\/es\/arabia-saudi-impuesto-a-familiares-de-extranjeros-residentes-3\/#breadcrumb"},"inLanguage":"es","potentialAction":[{"@type":"ReadAction","target":["https:\/\/www.externacorporativo.com\/es\/arabia-saudi-impuesto-a-familiares-de-extranjeros-residentes-3\/"]}]},{"@type":"BreadcrumbList","@id":"https:\/\/www.externacorporativo.com\/es\/arabia-saudi-impuesto-a-familiares-de-extranjeros-residentes-3\/#breadcrumb","itemListElement":[{"@type":"ListItem","position":1,"name":"Portada","item":"https:\/\/www.externacorporativo.com\/es\/"},{"@type":"ListItem","position":2,"name":"ARABIA SAUD\u00cd: Impuesto a familiares de extranjeros residentes"}]},{"@type":"WebSite","@id":"https:\/\/www.externacorporativo.com\/es\/#website","url":"https:\/\/www.externacorporativo.com\/es\/","name":"Externa","description":"","publisher":{"@id":"https:\/\/www.externacorporativo.com\/es\/#organization"},"potentialAction":[{"@type":"SearchAction","target":{"@type":"EntryPoint","urlTemplate":"https:\/\/www.externacorporativo.com\/es\/?s={search_term_string}"},"query-input":"required name=search_term_string"}],"inLanguage":"es"},{"@type":"Organization","@id":"https:\/\/www.externacorporativo.com\/es\/#organization","name":"Externa","url":"https:\/\/www.externacorporativo.com\/es\/","logo":{"@type":"ImageObject","inLanguage":"es","@id":"https:\/\/www.externacorporativo.com\/es\/#\/schema\/logo\/image\/","url":"https:\/\/www.externacorporativo.com\/wp-content\/uploads\/2023\/04\/Sin-nombre.png","contentUrl":"https:\/\/www.externacorporativo.com\/wp-content\/uploads\/2023\/04\/Sin-nombre.png","width":297,"height":109,"caption":"Externa"},"image":{"@id":"https:\/\/www.externacorporativo.com\/es\/#\/schema\/logo\/image\/"}},{"@type":"Person","@id":"https:\/\/www.externacorporativo.com\/es\/#\/schema\/person\/bdc7fa484ed4f3510b0ec3c089989e97","name":"Programacion","image":{"@type":"ImageObject","inLanguage":"es","@id":"https:\/\/www.externacorporativo.com\/es\/#\/schema\/person\/image\/","url":"https:\/\/secure.gravatar.com\/avatar\/b46a7287724b495183c8c832facd7442?s=96&d=mm&r=g","contentUrl":"https:\/\/secure.gravatar.com\/avatar\/b46a7287724b495183c8c832facd7442?s=96&d=mm&r=g","caption":"Programacion"},"url":"https:\/\/www.externacorporativo.com\/es\/author\/programacion\/"}]}},"_links":{"self":[{"href":"https:\/\/www.externacorporativo.com\/es\/wp-json\/wp\/v2\/posts\/1240"}],"collection":[{"href":"https:\/\/www.externacorporativo.com\/es\/wp-json\/wp\/v2\/posts"}],"about":[{"href":"https:\/\/www.externacorporativo.com\/es\/wp-json\/wp\/v2\/types\/post"}],"author":[{"embeddable":true,"href":"https:\/\/www.externacorporativo.com\/es\/wp-json\/wp\/v2\/users\/2"}],"replies":[{"embeddable":true,"href":"https:\/\/www.externacorporativo.com\/es\/wp-json\/wp\/v2\/comments?post=1240"}],"version-history":[{"count":1,"href":"https:\/\/www.externacorporativo.com\/es\/wp-json\/wp\/v2\/posts\/1240\/revisions"}],"predecessor-version":[{"id":2082,"href":"https:\/\/www.externacorporativo.com\/es\/wp-json\/wp\/v2\/posts\/1240\/revisions\/2082"}],"wp:attachment":[{"href":"https:\/\/www.externacorporativo.com\/es\/wp-json\/wp\/v2\/media?parent=1240"}],"wp:term":[{"taxonomy":"category","embeddable":true,"href":"https:\/\/www.externacorporativo.com\/es\/wp-json\/wp\/v2\/categories?post=1240"},{"taxonomy":"post_tag","embeddable":true,"href":"https:\/\/www.externacorporativo.com\/es\/wp-json\/wp\/v2\/tags?post=1240"}],"curies":[{"name":"wp","href":"https:\/\/api.w.org\/{rel}","templated":true}]}}