{"id":1254,"date":"2023-06-01T07:26:51","date_gmt":"2023-06-01T07:26:51","guid":{"rendered":"https:\/\/www.externacorporativo.com\/ue-canada-entra-en-vigor-el-ceta-acuerdo-de-libre-comercio-entre-la-ue-y-canada-2\/"},"modified":"2023-06-01T07:26:52","modified_gmt":"2023-06-01T07:26:52","slug":"ue-canada-entra-en-vigor-el-ceta-acuerdo-de-libre-comercio-entre-la-ue-y-canada-2","status":"publish","type":"post","link":"https:\/\/www.externacorporativo.com\/es\/ue-canada-entra-en-vigor-el-ceta-acuerdo-de-libre-comercio-entre-la-ue-y-canada-2\/","title":{"rendered":"UE &#8211; CANAD\u00c1: Entra en vigor el CETA, Acuerdo de Libre Comercio entre la UE y Canad\u00e1."},"content":{"rendered":"<p style=\"text-align: justify;\">El 21 de septiembre pasado ha entrado en vigor de modo provisional el pol\u00e9mico CETA aunque a\u00fan tiene que ser ratificado por los Parlamentos de los 28 pa\u00edses de la UE. Espa\u00f1a y otros 5 Estados m\u00e1s ya lo han aprobado.<\/p>\n<p style=\"text-align: justify;\">La base de este acuerdo es eliminar las tasas aduaneras a un gran n\u00famero de productos y estandarizar los procedimientos y normativa para incrementar y favorecer los intercambios.<\/p>\n<p style=\"text-align: justify;\">Canad\u00e1 gana una libertad en el mercado de la UE, que a d\u00eda de hoy no dispone ni USA ni Jap\u00f3n y la UE protege algunos sectores como los servicios sanitarios, sociales y educaci\u00f3n que quedan excluidos del acuerdo, pero aumenta su acceso a licitaciones en \u00e1reas de telecomunicaciones, energ\u00eda o transporte.<\/p>\n<p style=\"text-align: justify;\">Para muchos expertos, el CETA es uno de los acuerdos m\u00e1s ambiciosos y modernos que hayan concluido hasta la fecha, ya que supone la reducci\u00f3n o eliminaci\u00f3n de las tasas aduaneras entre Canad\u00e1 y la Uni\u00f3n Europea, y ampl\u00eda las cuotas para productos europeos en Canad\u00e1, elimin\u00e1ndose el 99% de los impuestos aduaneros entre ambos territorios.<\/p>\n<p style=\"text-align: justify;\">El acuerdo protege 145 denominaciones de origen entre las que se encuentra muchas espa\u00f1olas de gran importancia como el queso manchego y de Mah\u00f3n, 15 aceites de oliva, embutidos de Guijuelo, jamones de Huelva y Teruel, azafr\u00e1n, turrones de Jijona y Alicante y naranjas de Valencia entre otros.<\/p>\n<p style=\"text-align: justify;\">Para estos productos y otros productos agr\u00edcolas, bebidas y alimentos procesados, la eliminaci\u00f3n de derechos de aduana en Canad\u00e1 ser\u00e1 desde el primer d\u00eda, lo que supone m\u00e1s de 400 millones de Euros al a\u00f1o, lo que har\u00e1 a las empresas de la UE m\u00e1s competitivas en ese territorio. Para los productos industriales, la eliminaci\u00f3n ser\u00e1 progresiva durante 7 a\u00f1os.<\/p>\n<p style=\"text-align: justify;\">Adem\u00e1s de las reducciones arancelarias, el Acuerdo permitir\u00e1 a las empresas europeas\u00a0 acceder y \u00a0competir por contratos p\u00fablicos en Canad\u00e1;\u00a0 y se limitar\u00e1n las barreras al establecimiento, comprometi\u00e9ndose Canad\u00e1 a respetar la normativa europea y los principios de no discriminaci\u00f3n y trato nacional, por lo que\u00a0 las inversiones europeas, ser\u00e1n consideradas en los mismos t\u00e9rminos que las canadienses; y se incluyen compromisos en los movimientos temporales de trabajadores, tanto personal contratado como profesionales independientes, que facilitar\u00e1n el establecimiento de empresas europeas en este pa\u00eds.<\/p>\n<p style=\"text-align: justify;\">Este acuerdo tambi\u00e9n afecta al reconocimiento mutuo de cualificaciones de profesiones reguladas como la arquitectura, la ingenier\u00eda y la contabilidad, lo que favorecer\u00e1 un intercambio de trabajadores cualificados muy importante para el desarrollo empresarial de las empresas y el sector privado en general.<\/p>\n<p style=\"text-align: justify;\">El acuerdo no est\u00e1 exento de pol\u00e9mica como dec\u00edamos y uno de los sectores m\u00e1s afectados y que podr\u00edan bloquear su entrada en vigor definitiva es el de la carne, debido a que Canad\u00e1 autoriza hormonas de crecimiento no autorizadas por la UE y aun no se ha establecido cual ser\u00eda el procedimiento de control para estos casos.<\/p>\n","protected":false},"excerpt":{"rendered":"<p>El 21 de septiembre pasado ha entrado en vigor de modo provisional el pol\u00e9mico CETA aunque a\u00fan tiene que ser ratificado por los Parlamentos de los 28 pa\u00edses de la UE. Espa\u00f1a y otros 5 Estados m\u00e1s ya lo han aprobado. La base de este acuerdo es eliminar las tasas aduaneras a un gran n\u00famero [&hellip;]<\/p>\n","protected":false},"author":2,"featured_media":0,"comment_status":"open","ping_status":"open","sticky":false,"template":"","format":"standard","meta":[],"categories":[],"tags":[],"yoast_head":"<!-- This site is optimized with the Yoast SEO plugin v20.0 - https:\/\/yoast.com\/wordpress\/plugins\/seo\/ -->\n<title>UE - CANAD\u00c1: Entra en vigor el CETA, Acuerdo de Libre Comercio entre la UE y Canad\u00e1. - Externa<\/title>\n<meta name=\"robots\" content=\"index, follow, max-snippet:-1, max-image-preview:large, max-video-preview:-1\" \/>\n<link rel=\"canonical\" href=\"https:\/\/www.externacorporativo.com\/es\/ue-canada-entra-en-vigor-el-ceta-acuerdo-de-libre-comercio-entre-la-ue-y-canada-2\/\" \/>\n<meta property=\"og:locale\" content=\"es_ES\" \/>\n<meta property=\"og:type\" content=\"article\" \/>\n<meta property=\"og:title\" content=\"UE - CANAD\u00c1: Entra en vigor el CETA, Acuerdo de Libre Comercio entre la UE y Canad\u00e1. - Externa\" \/>\n<meta property=\"og:description\" content=\"El 21 de septiembre pasado ha entrado en vigor de modo provisional el pol\u00e9mico CETA aunque a\u00fan tiene que ser ratificado por los Parlamentos de los 28 pa\u00edses de la UE. Espa\u00f1a y otros 5 Estados m\u00e1s ya lo han aprobado. La base de este acuerdo es eliminar las tasas aduaneras a un gran n\u00famero [&hellip;]\" \/>\n<meta property=\"og:url\" content=\"https:\/\/www.externacorporativo.com\/es\/ue-canada-entra-en-vigor-el-ceta-acuerdo-de-libre-comercio-entre-la-ue-y-canada-2\/\" \/>\n<meta property=\"og:site_name\" content=\"Externa\" \/>\n<meta property=\"article:published_time\" content=\"2023-06-01T07:26:51+00:00\" \/>\n<meta property=\"article:modified_time\" content=\"2023-06-01T07:26:52+00:00\" \/>\n<meta name=\"author\" content=\"Programacion\" \/>\n<meta name=\"twitter:card\" content=\"summary_large_image\" \/>\n<meta name=\"twitter:label1\" content=\"Escrito por\" \/>\n\t<meta name=\"twitter:data1\" content=\"Programacion\" \/>\n\t<meta name=\"twitter:label2\" content=\"Tiempo de lectura\" \/>\n\t<meta name=\"twitter:data2\" content=\"3 minutos\" \/>\n<script type=\"application\/ld+json\" class=\"yoast-schema-graph\">{\"@context\":\"https:\/\/schema.org\",\"@graph\":[{\"@type\":\"Article\",\"@id\":\"https:\/\/www.externacorporativo.com\/es\/ue-canada-entra-en-vigor-el-ceta-acuerdo-de-libre-comercio-entre-la-ue-y-canada-2\/#article\",\"isPartOf\":{\"@id\":\"https:\/\/www.externacorporativo.com\/es\/ue-canada-entra-en-vigor-el-ceta-acuerdo-de-libre-comercio-entre-la-ue-y-canada-2\/\"},\"author\":{\"name\":\"Programacion\",\"@id\":\"https:\/\/www.externacorporativo.com\/es\/#\/schema\/person\/bdc7fa484ed4f3510b0ec3c089989e97\"},\"headline\":\"UE &#8211; CANAD\u00c1: Entra en vigor el CETA, Acuerdo de Libre Comercio entre la UE y Canad\u00e1.\",\"datePublished\":\"2023-06-01T07:26:51+00:00\",\"dateModified\":\"2023-06-01T07:26:52+00:00\",\"mainEntityOfPage\":{\"@id\":\"https:\/\/www.externacorporativo.com\/es\/ue-canada-entra-en-vigor-el-ceta-acuerdo-de-libre-comercio-entre-la-ue-y-canada-2\/\"},\"wordCount\":522,\"commentCount\":0,\"publisher\":{\"@id\":\"https:\/\/www.externacorporativo.com\/es\/#organization\"},\"inLanguage\":\"es\",\"potentialAction\":[{\"@type\":\"CommentAction\",\"name\":\"Comment\",\"target\":[\"https:\/\/www.externacorporativo.com\/es\/ue-canada-entra-en-vigor-el-ceta-acuerdo-de-libre-comercio-entre-la-ue-y-canada-2\/#respond\"]}]},{\"@type\":\"WebPage\",\"@id\":\"https:\/\/www.externacorporativo.com\/es\/ue-canada-entra-en-vigor-el-ceta-acuerdo-de-libre-comercio-entre-la-ue-y-canada-2\/\",\"url\":\"https:\/\/www.externacorporativo.com\/es\/ue-canada-entra-en-vigor-el-ceta-acuerdo-de-libre-comercio-entre-la-ue-y-canada-2\/\",\"name\":\"UE - CANAD\u00c1: Entra en vigor el CETA, Acuerdo de Libre Comercio entre la UE y Canad\u00e1. - Externa\",\"isPartOf\":{\"@id\":\"https:\/\/www.externacorporativo.com\/es\/#website\"},\"datePublished\":\"2023-06-01T07:26:51+00:00\",\"dateModified\":\"2023-06-01T07:26:52+00:00\",\"breadcrumb\":{\"@id\":\"https:\/\/www.externacorporativo.com\/es\/ue-canada-entra-en-vigor-el-ceta-acuerdo-de-libre-comercio-entre-la-ue-y-canada-2\/#breadcrumb\"},\"inLanguage\":\"es\",\"potentialAction\":[{\"@type\":\"ReadAction\",\"target\":[\"https:\/\/www.externacorporativo.com\/es\/ue-canada-entra-en-vigor-el-ceta-acuerdo-de-libre-comercio-entre-la-ue-y-canada-2\/\"]}]},{\"@type\":\"BreadcrumbList\",\"@id\":\"https:\/\/www.externacorporativo.com\/es\/ue-canada-entra-en-vigor-el-ceta-acuerdo-de-libre-comercio-entre-la-ue-y-canada-2\/#breadcrumb\",\"itemListElement\":[{\"@type\":\"ListItem\",\"position\":1,\"name\":\"Portada\",\"item\":\"https:\/\/www.externacorporativo.com\/es\/\"},{\"@type\":\"ListItem\",\"position\":2,\"name\":\"UE &#8211; CANAD\u00c1: Entra en vigor el CETA, Acuerdo de Libre Comercio entre la UE y Canad\u00e1.\"}]},{\"@type\":\"WebSite\",\"@id\":\"https:\/\/www.externacorporativo.com\/es\/#website\",\"url\":\"https:\/\/www.externacorporativo.com\/es\/\",\"name\":\"Externa\",\"description\":\"\",\"publisher\":{\"@id\":\"https:\/\/www.externacorporativo.com\/es\/#organization\"},\"potentialAction\":[{\"@type\":\"SearchAction\",\"target\":{\"@type\":\"EntryPoint\",\"urlTemplate\":\"https:\/\/www.externacorporativo.com\/es\/?s={search_term_string}\"},\"query-input\":\"required name=search_term_string\"}],\"inLanguage\":\"es\"},{\"@type\":\"Organization\",\"@id\":\"https:\/\/www.externacorporativo.com\/es\/#organization\",\"name\":\"Externa\",\"url\":\"https:\/\/www.externacorporativo.com\/es\/\",\"logo\":{\"@type\":\"ImageObject\",\"inLanguage\":\"es\",\"@id\":\"https:\/\/www.externacorporativo.com\/es\/#\/schema\/logo\/image\/\",\"url\":\"https:\/\/www.externacorporativo.com\/wp-content\/uploads\/2023\/04\/Sin-nombre.png\",\"contentUrl\":\"https:\/\/www.externacorporativo.com\/wp-content\/uploads\/2023\/04\/Sin-nombre.png\",\"width\":297,\"height\":109,\"caption\":\"Externa\"},\"image\":{\"@id\":\"https:\/\/www.externacorporativo.com\/es\/#\/schema\/logo\/image\/\"}},{\"@type\":\"Person\",\"@id\":\"https:\/\/www.externacorporativo.com\/es\/#\/schema\/person\/bdc7fa484ed4f3510b0ec3c089989e97\",\"name\":\"Programacion\",\"image\":{\"@type\":\"ImageObject\",\"inLanguage\":\"es\",\"@id\":\"https:\/\/www.externacorporativo.com\/es\/#\/schema\/person\/image\/\",\"url\":\"https:\/\/secure.gravatar.com\/avatar\/b46a7287724b495183c8c832facd7442?s=96&d=mm&r=g\",\"contentUrl\":\"https:\/\/secure.gravatar.com\/avatar\/b46a7287724b495183c8c832facd7442?s=96&d=mm&r=g\",\"caption\":\"Programacion\"},\"url\":\"https:\/\/www.externacorporativo.com\/es\/author\/programacion\/\"}]}<\/script>\n<!-- \/ Yoast SEO plugin. -->","yoast_head_json":{"title":"UE - CANAD\u00c1: Entra en vigor el CETA, Acuerdo de Libre Comercio entre la UE y Canad\u00e1. - Externa","robots":{"index":"index","follow":"follow","max-snippet":"max-snippet:-1","max-image-preview":"max-image-preview:large","max-video-preview":"max-video-preview:-1"},"canonical":"https:\/\/www.externacorporativo.com\/es\/ue-canada-entra-en-vigor-el-ceta-acuerdo-de-libre-comercio-entre-la-ue-y-canada-2\/","og_locale":"es_ES","og_type":"article","og_title":"UE - CANAD\u00c1: Entra en vigor el CETA, Acuerdo de Libre Comercio entre la UE y Canad\u00e1. - Externa","og_description":"El 21 de septiembre pasado ha entrado en vigor de modo provisional el pol\u00e9mico CETA aunque a\u00fan tiene que ser ratificado por los Parlamentos de los 28 pa\u00edses de la UE. Espa\u00f1a y otros 5 Estados m\u00e1s ya lo han aprobado. La base de este acuerdo es eliminar las tasas aduaneras a un gran n\u00famero [&hellip;]","og_url":"https:\/\/www.externacorporativo.com\/es\/ue-canada-entra-en-vigor-el-ceta-acuerdo-de-libre-comercio-entre-la-ue-y-canada-2\/","og_site_name":"Externa","article_published_time":"2023-06-01T07:26:51+00:00","article_modified_time":"2023-06-01T07:26:52+00:00","author":"Programacion","twitter_card":"summary_large_image","twitter_misc":{"Escrito por":"Programacion","Tiempo de lectura":"3 minutos"},"schema":{"@context":"https:\/\/schema.org","@graph":[{"@type":"Article","@id":"https:\/\/www.externacorporativo.com\/es\/ue-canada-entra-en-vigor-el-ceta-acuerdo-de-libre-comercio-entre-la-ue-y-canada-2\/#article","isPartOf":{"@id":"https:\/\/www.externacorporativo.com\/es\/ue-canada-entra-en-vigor-el-ceta-acuerdo-de-libre-comercio-entre-la-ue-y-canada-2\/"},"author":{"name":"Programacion","@id":"https:\/\/www.externacorporativo.com\/es\/#\/schema\/person\/bdc7fa484ed4f3510b0ec3c089989e97"},"headline":"UE &#8211; CANAD\u00c1: Entra en vigor el CETA, Acuerdo de Libre Comercio entre la UE y Canad\u00e1.","datePublished":"2023-06-01T07:26:51+00:00","dateModified":"2023-06-01T07:26:52+00:00","mainEntityOfPage":{"@id":"https:\/\/www.externacorporativo.com\/es\/ue-canada-entra-en-vigor-el-ceta-acuerdo-de-libre-comercio-entre-la-ue-y-canada-2\/"},"wordCount":522,"commentCount":0,"publisher":{"@id":"https:\/\/www.externacorporativo.com\/es\/#organization"},"inLanguage":"es","potentialAction":[{"@type":"CommentAction","name":"Comment","target":["https:\/\/www.externacorporativo.com\/es\/ue-canada-entra-en-vigor-el-ceta-acuerdo-de-libre-comercio-entre-la-ue-y-canada-2\/#respond"]}]},{"@type":"WebPage","@id":"https:\/\/www.externacorporativo.com\/es\/ue-canada-entra-en-vigor-el-ceta-acuerdo-de-libre-comercio-entre-la-ue-y-canada-2\/","url":"https:\/\/www.externacorporativo.com\/es\/ue-canada-entra-en-vigor-el-ceta-acuerdo-de-libre-comercio-entre-la-ue-y-canada-2\/","name":"UE - CANAD\u00c1: Entra en vigor el CETA, Acuerdo de Libre Comercio entre la UE y Canad\u00e1. - Externa","isPartOf":{"@id":"https:\/\/www.externacorporativo.com\/es\/#website"},"datePublished":"2023-06-01T07:26:51+00:00","dateModified":"2023-06-01T07:26:52+00:00","breadcrumb":{"@id":"https:\/\/www.externacorporativo.com\/es\/ue-canada-entra-en-vigor-el-ceta-acuerdo-de-libre-comercio-entre-la-ue-y-canada-2\/#breadcrumb"},"inLanguage":"es","potentialAction":[{"@type":"ReadAction","target":["https:\/\/www.externacorporativo.com\/es\/ue-canada-entra-en-vigor-el-ceta-acuerdo-de-libre-comercio-entre-la-ue-y-canada-2\/"]}]},{"@type":"BreadcrumbList","@id":"https:\/\/www.externacorporativo.com\/es\/ue-canada-entra-en-vigor-el-ceta-acuerdo-de-libre-comercio-entre-la-ue-y-canada-2\/#breadcrumb","itemListElement":[{"@type":"ListItem","position":1,"name":"Portada","item":"https:\/\/www.externacorporativo.com\/es\/"},{"@type":"ListItem","position":2,"name":"UE &#8211; CANAD\u00c1: Entra en vigor el CETA, Acuerdo de Libre Comercio entre la UE y Canad\u00e1."}]},{"@type":"WebSite","@id":"https:\/\/www.externacorporativo.com\/es\/#website","url":"https:\/\/www.externacorporativo.com\/es\/","name":"Externa","description":"","publisher":{"@id":"https:\/\/www.externacorporativo.com\/es\/#organization"},"potentialAction":[{"@type":"SearchAction","target":{"@type":"EntryPoint","urlTemplate":"https:\/\/www.externacorporativo.com\/es\/?s={search_term_string}"},"query-input":"required name=search_term_string"}],"inLanguage":"es"},{"@type":"Organization","@id":"https:\/\/www.externacorporativo.com\/es\/#organization","name":"Externa","url":"https:\/\/www.externacorporativo.com\/es\/","logo":{"@type":"ImageObject","inLanguage":"es","@id":"https:\/\/www.externacorporativo.com\/es\/#\/schema\/logo\/image\/","url":"https:\/\/www.externacorporativo.com\/wp-content\/uploads\/2023\/04\/Sin-nombre.png","contentUrl":"https:\/\/www.externacorporativo.com\/wp-content\/uploads\/2023\/04\/Sin-nombre.png","width":297,"height":109,"caption":"Externa"},"image":{"@id":"https:\/\/www.externacorporativo.com\/es\/#\/schema\/logo\/image\/"}},{"@type":"Person","@id":"https:\/\/www.externacorporativo.com\/es\/#\/schema\/person\/bdc7fa484ed4f3510b0ec3c089989e97","name":"Programacion","image":{"@type":"ImageObject","inLanguage":"es","@id":"https:\/\/www.externacorporativo.com\/es\/#\/schema\/person\/image\/","url":"https:\/\/secure.gravatar.com\/avatar\/b46a7287724b495183c8c832facd7442?s=96&d=mm&r=g","contentUrl":"https:\/\/secure.gravatar.com\/avatar\/b46a7287724b495183c8c832facd7442?s=96&d=mm&r=g","caption":"Programacion"},"url":"https:\/\/www.externacorporativo.com\/es\/author\/programacion\/"}]}},"_links":{"self":[{"href":"https:\/\/www.externacorporativo.com\/es\/wp-json\/wp\/v2\/posts\/1254"}],"collection":[{"href":"https:\/\/www.externacorporativo.com\/es\/wp-json\/wp\/v2\/posts"}],"about":[{"href":"https:\/\/www.externacorporativo.com\/es\/wp-json\/wp\/v2\/types\/post"}],"author":[{"embeddable":true,"href":"https:\/\/www.externacorporativo.com\/es\/wp-json\/wp\/v2\/users\/2"}],"replies":[{"embeddable":true,"href":"https:\/\/www.externacorporativo.com\/es\/wp-json\/wp\/v2\/comments?post=1254"}],"version-history":[{"count":1,"href":"https:\/\/www.externacorporativo.com\/es\/wp-json\/wp\/v2\/posts\/1254\/revisions"}],"predecessor-version":[{"id":2096,"href":"https:\/\/www.externacorporativo.com\/es\/wp-json\/wp\/v2\/posts\/1254\/revisions\/2096"}],"wp:attachment":[{"href":"https:\/\/www.externacorporativo.com\/es\/wp-json\/wp\/v2\/media?parent=1254"}],"wp:term":[{"taxonomy":"category","embeddable":true,"href":"https:\/\/www.externacorporativo.com\/es\/wp-json\/wp\/v2\/categories?post=1254"},{"taxonomy":"post_tag","embeddable":true,"href":"https:\/\/www.externacorporativo.com\/es\/wp-json\/wp\/v2\/tags?post=1254"}],"curies":[{"name":"wp","href":"https:\/\/api.w.org\/{rel}","templated":true}]}}