{"id":1272,"date":"2023-06-01T07:26:54","date_gmt":"2023-06-01T07:26:54","guid":{"rendered":"https:\/\/www.externacorporativo.com\/espana-rumania-convenio-para-evitar-la-doble-imposicion-y-prevenir-la-evasion-fiscal-3\/"},"modified":"2023-06-01T07:26:54","modified_gmt":"2023-06-01T07:26:54","slug":"espana-rumania-convenio-para-evitar-la-doble-imposicion-y-prevenir-la-evasion-fiscal-3","status":"publish","type":"post","link":"https:\/\/www.externacorporativo.com\/es\/espana-rumania-convenio-para-evitar-la-doble-imposicion-y-prevenir-la-evasion-fiscal-3\/","title":{"rendered":"ESPA\u00d1A &#8211; RUMAN\u00cdA: Convenio para evitar la doble imposici\u00f3n y prevenir la evasi\u00f3n fiscal"},"content":{"rendered":"<p style=\"text-align: justify;\">El Consejo de Ministros espa\u00f1ol ha autorizado la firma del Convenio de referencia con Ruman\u00eda, el cual actualizar\u00e1 el vigente que data de 1979.<\/p>\n<p style=\"text-align: justify;\">Se respalda as\u00ed la idea de ambos pa\u00edses de desarrollar las relaciones econ\u00f3micas y se establecen criterios relativos a la imposici\u00f3n sobre las rentas inmobiliarias, beneficios empresariales, transporte mar\u00edtimo y a\u00e9reo, empresas asociadas, dividendos, intereses, c\u00e1nones, ganancias de capital, rentas del trabajo, remuneraciones de consejeros, rentas de artistas y deportistas, pensiones, funci\u00f3n p\u00fablica, estudiantes y personas en pr\u00e1cticas, as\u00ed como otras rentas. Todo ello incorporando los est\u00e1ndares de la UE y de la Organizaci\u00f3n para la Cooperaci\u00f3n y Desarrollo Econ\u00f3mico (OCDE).<\/p>\n","protected":false},"excerpt":{"rendered":"<p>El Consejo de Ministros espa\u00f1ol ha autorizado la firma del Convenio de referencia con Ruman\u00eda, el cual actualizar\u00e1 el vigente que data de 1979. Se respalda as\u00ed la idea de ambos pa\u00edses de desarrollar las relaciones econ\u00f3micas y se establecen criterios relativos a la imposici\u00f3n sobre las rentas inmobiliarias, beneficios empresariales, transporte mar\u00edtimo y a\u00e9reo, [&hellip;]<\/p>\n","protected":false},"author":2,"featured_media":0,"comment_status":"open","ping_status":"open","sticky":false,"template":"","format":"standard","meta":[],"categories":[],"tags":[],"yoast_head":"<!-- This site is optimized with the Yoast SEO plugin v20.0 - https:\/\/yoast.com\/wordpress\/plugins\/seo\/ -->\n<title>ESPA\u00d1A - RUMAN\u00cdA: Convenio para evitar la doble imposici\u00f3n y prevenir la evasi\u00f3n fiscal - Externa<\/title>\n<meta name=\"robots\" content=\"index, follow, max-snippet:-1, max-image-preview:large, max-video-preview:-1\" \/>\n<link rel=\"canonical\" href=\"https:\/\/www.externacorporativo.com\/es\/espana-rumania-convenio-para-evitar-la-doble-imposicion-y-prevenir-la-evasion-fiscal-3\/\" \/>\n<meta property=\"og:locale\" content=\"es_ES\" \/>\n<meta property=\"og:type\" content=\"article\" \/>\n<meta property=\"og:title\" content=\"ESPA\u00d1A - RUMAN\u00cdA: Convenio para evitar la doble imposici\u00f3n y prevenir la evasi\u00f3n fiscal - Externa\" \/>\n<meta property=\"og:description\" content=\"El Consejo de Ministros espa\u00f1ol ha autorizado la firma del Convenio de referencia con Ruman\u00eda, el cual actualizar\u00e1 el vigente que data de 1979. Se respalda as\u00ed la idea de ambos pa\u00edses de desarrollar las relaciones econ\u00f3micas y se establecen criterios relativos a la imposici\u00f3n sobre las rentas inmobiliarias, beneficios empresariales, transporte mar\u00edtimo y a\u00e9reo, [&hellip;]\" \/>\n<meta property=\"og:url\" content=\"https:\/\/www.externacorporativo.com\/es\/espana-rumania-convenio-para-evitar-la-doble-imposicion-y-prevenir-la-evasion-fiscal-3\/\" \/>\n<meta property=\"og:site_name\" content=\"Externa\" \/>\n<meta property=\"article:published_time\" content=\"2023-06-01T07:26:54+00:00\" \/>\n<meta name=\"author\" content=\"Programacion\" \/>\n<meta name=\"twitter:card\" content=\"summary_large_image\" \/>\n<meta name=\"twitter:label1\" content=\"Escrito por\" \/>\n\t<meta name=\"twitter:data1\" content=\"Programacion\" \/>\n\t<meta name=\"twitter:label2\" content=\"Tiempo de lectura\" \/>\n\t<meta name=\"twitter:data2\" content=\"1 minuto\" \/>\n<script type=\"application\/ld+json\" class=\"yoast-schema-graph\">{\"@context\":\"https:\/\/schema.org\",\"@graph\":[{\"@type\":\"Article\",\"@id\":\"https:\/\/www.externacorporativo.com\/es\/espana-rumania-convenio-para-evitar-la-doble-imposicion-y-prevenir-la-evasion-fiscal-3\/#article\",\"isPartOf\":{\"@id\":\"https:\/\/www.externacorporativo.com\/es\/espana-rumania-convenio-para-evitar-la-doble-imposicion-y-prevenir-la-evasion-fiscal-3\/\"},\"author\":{\"name\":\"Programacion\",\"@id\":\"https:\/\/www.externacorporativo.com\/es\/#\/schema\/person\/bdc7fa484ed4f3510b0ec3c089989e97\"},\"headline\":\"ESPA\u00d1A &#8211; RUMAN\u00cdA: Convenio para evitar la doble imposici\u00f3n y prevenir la evasi\u00f3n fiscal\",\"datePublished\":\"2023-06-01T07:26:54+00:00\",\"dateModified\":\"2023-06-01T07:26:54+00:00\",\"mainEntityOfPage\":{\"@id\":\"https:\/\/www.externacorporativo.com\/es\/espana-rumania-convenio-para-evitar-la-doble-imposicion-y-prevenir-la-evasion-fiscal-3\/\"},\"wordCount\":137,\"commentCount\":0,\"publisher\":{\"@id\":\"https:\/\/www.externacorporativo.com\/es\/#organization\"},\"inLanguage\":\"es\",\"potentialAction\":[{\"@type\":\"CommentAction\",\"name\":\"Comment\",\"target\":[\"https:\/\/www.externacorporativo.com\/es\/espana-rumania-convenio-para-evitar-la-doble-imposicion-y-prevenir-la-evasion-fiscal-3\/#respond\"]}]},{\"@type\":\"WebPage\",\"@id\":\"https:\/\/www.externacorporativo.com\/es\/espana-rumania-convenio-para-evitar-la-doble-imposicion-y-prevenir-la-evasion-fiscal-3\/\",\"url\":\"https:\/\/www.externacorporativo.com\/es\/espana-rumania-convenio-para-evitar-la-doble-imposicion-y-prevenir-la-evasion-fiscal-3\/\",\"name\":\"ESPA\u00d1A - RUMAN\u00cdA: Convenio para evitar la doble imposici\u00f3n y prevenir la evasi\u00f3n fiscal - Externa\",\"isPartOf\":{\"@id\":\"https:\/\/www.externacorporativo.com\/es\/#website\"},\"datePublished\":\"2023-06-01T07:26:54+00:00\",\"dateModified\":\"2023-06-01T07:26:54+00:00\",\"breadcrumb\":{\"@id\":\"https:\/\/www.externacorporativo.com\/es\/espana-rumania-convenio-para-evitar-la-doble-imposicion-y-prevenir-la-evasion-fiscal-3\/#breadcrumb\"},\"inLanguage\":\"es\",\"potentialAction\":[{\"@type\":\"ReadAction\",\"target\":[\"https:\/\/www.externacorporativo.com\/es\/espana-rumania-convenio-para-evitar-la-doble-imposicion-y-prevenir-la-evasion-fiscal-3\/\"]}]},{\"@type\":\"BreadcrumbList\",\"@id\":\"https:\/\/www.externacorporativo.com\/es\/espana-rumania-convenio-para-evitar-la-doble-imposicion-y-prevenir-la-evasion-fiscal-3\/#breadcrumb\",\"itemListElement\":[{\"@type\":\"ListItem\",\"position\":1,\"name\":\"Portada\",\"item\":\"https:\/\/www.externacorporativo.com\/es\/\"},{\"@type\":\"ListItem\",\"position\":2,\"name\":\"ESPA\u00d1A &#8211; RUMAN\u00cdA: Convenio para evitar la doble imposici\u00f3n y prevenir la evasi\u00f3n fiscal\"}]},{\"@type\":\"WebSite\",\"@id\":\"https:\/\/www.externacorporativo.com\/es\/#website\",\"url\":\"https:\/\/www.externacorporativo.com\/es\/\",\"name\":\"Externa\",\"description\":\"\",\"publisher\":{\"@id\":\"https:\/\/www.externacorporativo.com\/es\/#organization\"},\"potentialAction\":[{\"@type\":\"SearchAction\",\"target\":{\"@type\":\"EntryPoint\",\"urlTemplate\":\"https:\/\/www.externacorporativo.com\/es\/?s={search_term_string}\"},\"query-input\":\"required name=search_term_string\"}],\"inLanguage\":\"es\"},{\"@type\":\"Organization\",\"@id\":\"https:\/\/www.externacorporativo.com\/es\/#organization\",\"name\":\"Externa\",\"url\":\"https:\/\/www.externacorporativo.com\/es\/\",\"logo\":{\"@type\":\"ImageObject\",\"inLanguage\":\"es\",\"@id\":\"https:\/\/www.externacorporativo.com\/es\/#\/schema\/logo\/image\/\",\"url\":\"https:\/\/www.externacorporativo.com\/wp-content\/uploads\/2023\/04\/Sin-nombre.png\",\"contentUrl\":\"https:\/\/www.externacorporativo.com\/wp-content\/uploads\/2023\/04\/Sin-nombre.png\",\"width\":297,\"height\":109,\"caption\":\"Externa\"},\"image\":{\"@id\":\"https:\/\/www.externacorporativo.com\/es\/#\/schema\/logo\/image\/\"}},{\"@type\":\"Person\",\"@id\":\"https:\/\/www.externacorporativo.com\/es\/#\/schema\/person\/bdc7fa484ed4f3510b0ec3c089989e97\",\"name\":\"Programacion\",\"image\":{\"@type\":\"ImageObject\",\"inLanguage\":\"es\",\"@id\":\"https:\/\/www.externacorporativo.com\/es\/#\/schema\/person\/image\/\",\"url\":\"https:\/\/secure.gravatar.com\/avatar\/b46a7287724b495183c8c832facd7442?s=96&d=mm&r=g\",\"contentUrl\":\"https:\/\/secure.gravatar.com\/avatar\/b46a7287724b495183c8c832facd7442?s=96&d=mm&r=g\",\"caption\":\"Programacion\"},\"url\":\"https:\/\/www.externacorporativo.com\/es\/author\/programacion\/\"}]}<\/script>\n<!-- \/ Yoast SEO plugin. -->","yoast_head_json":{"title":"ESPA\u00d1A - RUMAN\u00cdA: Convenio para evitar la doble imposici\u00f3n y prevenir la evasi\u00f3n fiscal - Externa","robots":{"index":"index","follow":"follow","max-snippet":"max-snippet:-1","max-image-preview":"max-image-preview:large","max-video-preview":"max-video-preview:-1"},"canonical":"https:\/\/www.externacorporativo.com\/es\/espana-rumania-convenio-para-evitar-la-doble-imposicion-y-prevenir-la-evasion-fiscal-3\/","og_locale":"es_ES","og_type":"article","og_title":"ESPA\u00d1A - RUMAN\u00cdA: Convenio para evitar la doble imposici\u00f3n y prevenir la evasi\u00f3n fiscal - Externa","og_description":"El Consejo de Ministros espa\u00f1ol ha autorizado la firma del Convenio de referencia con Ruman\u00eda, el cual actualizar\u00e1 el vigente que data de 1979. Se respalda as\u00ed la idea de ambos pa\u00edses de desarrollar las relaciones econ\u00f3micas y se establecen criterios relativos a la imposici\u00f3n sobre las rentas inmobiliarias, beneficios empresariales, transporte mar\u00edtimo y a\u00e9reo, [&hellip;]","og_url":"https:\/\/www.externacorporativo.com\/es\/espana-rumania-convenio-para-evitar-la-doble-imposicion-y-prevenir-la-evasion-fiscal-3\/","og_site_name":"Externa","article_published_time":"2023-06-01T07:26:54+00:00","author":"Programacion","twitter_card":"summary_large_image","twitter_misc":{"Escrito por":"Programacion","Tiempo de lectura":"1 minuto"},"schema":{"@context":"https:\/\/schema.org","@graph":[{"@type":"Article","@id":"https:\/\/www.externacorporativo.com\/es\/espana-rumania-convenio-para-evitar-la-doble-imposicion-y-prevenir-la-evasion-fiscal-3\/#article","isPartOf":{"@id":"https:\/\/www.externacorporativo.com\/es\/espana-rumania-convenio-para-evitar-la-doble-imposicion-y-prevenir-la-evasion-fiscal-3\/"},"author":{"name":"Programacion","@id":"https:\/\/www.externacorporativo.com\/es\/#\/schema\/person\/bdc7fa484ed4f3510b0ec3c089989e97"},"headline":"ESPA\u00d1A &#8211; RUMAN\u00cdA: Convenio para evitar la doble imposici\u00f3n y prevenir la evasi\u00f3n fiscal","datePublished":"2023-06-01T07:26:54+00:00","dateModified":"2023-06-01T07:26:54+00:00","mainEntityOfPage":{"@id":"https:\/\/www.externacorporativo.com\/es\/espana-rumania-convenio-para-evitar-la-doble-imposicion-y-prevenir-la-evasion-fiscal-3\/"},"wordCount":137,"commentCount":0,"publisher":{"@id":"https:\/\/www.externacorporativo.com\/es\/#organization"},"inLanguage":"es","potentialAction":[{"@type":"CommentAction","name":"Comment","target":["https:\/\/www.externacorporativo.com\/es\/espana-rumania-convenio-para-evitar-la-doble-imposicion-y-prevenir-la-evasion-fiscal-3\/#respond"]}]},{"@type":"WebPage","@id":"https:\/\/www.externacorporativo.com\/es\/espana-rumania-convenio-para-evitar-la-doble-imposicion-y-prevenir-la-evasion-fiscal-3\/","url":"https:\/\/www.externacorporativo.com\/es\/espana-rumania-convenio-para-evitar-la-doble-imposicion-y-prevenir-la-evasion-fiscal-3\/","name":"ESPA\u00d1A - RUMAN\u00cdA: Convenio para evitar la doble imposici\u00f3n y prevenir la evasi\u00f3n fiscal - Externa","isPartOf":{"@id":"https:\/\/www.externacorporativo.com\/es\/#website"},"datePublished":"2023-06-01T07:26:54+00:00","dateModified":"2023-06-01T07:26:54+00:00","breadcrumb":{"@id":"https:\/\/www.externacorporativo.com\/es\/espana-rumania-convenio-para-evitar-la-doble-imposicion-y-prevenir-la-evasion-fiscal-3\/#breadcrumb"},"inLanguage":"es","potentialAction":[{"@type":"ReadAction","target":["https:\/\/www.externacorporativo.com\/es\/espana-rumania-convenio-para-evitar-la-doble-imposicion-y-prevenir-la-evasion-fiscal-3\/"]}]},{"@type":"BreadcrumbList","@id":"https:\/\/www.externacorporativo.com\/es\/espana-rumania-convenio-para-evitar-la-doble-imposicion-y-prevenir-la-evasion-fiscal-3\/#breadcrumb","itemListElement":[{"@type":"ListItem","position":1,"name":"Portada","item":"https:\/\/www.externacorporativo.com\/es\/"},{"@type":"ListItem","position":2,"name":"ESPA\u00d1A &#8211; RUMAN\u00cdA: Convenio para evitar la doble imposici\u00f3n y prevenir la evasi\u00f3n fiscal"}]},{"@type":"WebSite","@id":"https:\/\/www.externacorporativo.com\/es\/#website","url":"https:\/\/www.externacorporativo.com\/es\/","name":"Externa","description":"","publisher":{"@id":"https:\/\/www.externacorporativo.com\/es\/#organization"},"potentialAction":[{"@type":"SearchAction","target":{"@type":"EntryPoint","urlTemplate":"https:\/\/www.externacorporativo.com\/es\/?s={search_term_string}"},"query-input":"required name=search_term_string"}],"inLanguage":"es"},{"@type":"Organization","@id":"https:\/\/www.externacorporativo.com\/es\/#organization","name":"Externa","url":"https:\/\/www.externacorporativo.com\/es\/","logo":{"@type":"ImageObject","inLanguage":"es","@id":"https:\/\/www.externacorporativo.com\/es\/#\/schema\/logo\/image\/","url":"https:\/\/www.externacorporativo.com\/wp-content\/uploads\/2023\/04\/Sin-nombre.png","contentUrl":"https:\/\/www.externacorporativo.com\/wp-content\/uploads\/2023\/04\/Sin-nombre.png","width":297,"height":109,"caption":"Externa"},"image":{"@id":"https:\/\/www.externacorporativo.com\/es\/#\/schema\/logo\/image\/"}},{"@type":"Person","@id":"https:\/\/www.externacorporativo.com\/es\/#\/schema\/person\/bdc7fa484ed4f3510b0ec3c089989e97","name":"Programacion","image":{"@type":"ImageObject","inLanguage":"es","@id":"https:\/\/www.externacorporativo.com\/es\/#\/schema\/person\/image\/","url":"https:\/\/secure.gravatar.com\/avatar\/b46a7287724b495183c8c832facd7442?s=96&d=mm&r=g","contentUrl":"https:\/\/secure.gravatar.com\/avatar\/b46a7287724b495183c8c832facd7442?s=96&d=mm&r=g","caption":"Programacion"},"url":"https:\/\/www.externacorporativo.com\/es\/author\/programacion\/"}]}},"_links":{"self":[{"href":"https:\/\/www.externacorporativo.com\/es\/wp-json\/wp\/v2\/posts\/1272"}],"collection":[{"href":"https:\/\/www.externacorporativo.com\/es\/wp-json\/wp\/v2\/posts"}],"about":[{"href":"https:\/\/www.externacorporativo.com\/es\/wp-json\/wp\/v2\/types\/post"}],"author":[{"embeddable":true,"href":"https:\/\/www.externacorporativo.com\/es\/wp-json\/wp\/v2\/users\/2"}],"replies":[{"embeddable":true,"href":"https:\/\/www.externacorporativo.com\/es\/wp-json\/wp\/v2\/comments?post=1272"}],"version-history":[{"count":1,"href":"https:\/\/www.externacorporativo.com\/es\/wp-json\/wp\/v2\/posts\/1272\/revisions"}],"predecessor-version":[{"id":2114,"href":"https:\/\/www.externacorporativo.com\/es\/wp-json\/wp\/v2\/posts\/1272\/revisions\/2114"}],"wp:attachment":[{"href":"https:\/\/www.externacorporativo.com\/es\/wp-json\/wp\/v2\/media?parent=1272"}],"wp:term":[{"taxonomy":"category","embeddable":true,"href":"https:\/\/www.externacorporativo.com\/es\/wp-json\/wp\/v2\/categories?post=1272"},{"taxonomy":"post_tag","embeddable":true,"href":"https:\/\/www.externacorporativo.com\/es\/wp-json\/wp\/v2\/tags?post=1272"}],"curies":[{"name":"wp","href":"https:\/\/api.w.org\/{rel}","templated":true}]}}