{"id":1292,"date":"2023-06-01T07:26:57","date_gmt":"2023-06-01T07:26:57","guid":{"rendered":"https:\/\/www.externacorporativo.com\/qatar-cbcr-qatar-se-incorpora-a-la-lucha-contra-la-evasion-fiscal-3\/"},"modified":"2023-06-01T07:26:58","modified_gmt":"2023-06-01T07:26:58","slug":"qatar-cbcr-qatar-se-incorpora-a-la-lucha-contra-la-evasion-fiscal-3","status":"publish","type":"post","link":"https:\/\/www.externacorporativo.com\/es\/qatar-cbcr-qatar-se-incorpora-a-la-lucha-contra-la-evasion-fiscal-3\/","title":{"rendered":"QATAR: CbCR: Qatar se incorpora a la lucha contra la evasi\u00f3n fiscal."},"content":{"rendered":"<p style=\"text-align: justify;\">El pasado 10 de noviembre, Qatar se ha adherido al Convenio del proyecto BEPS de la OCDE sobre asistencia administrativa mutua en asuntos fiscales, enmendado por el Protocolo de 2010, elevando a 115 el n\u00famero total de sus miembros.<\/p>\n<p style=\"text-align: justify;\">Como nuevo miembro, Qatar se ha comprometido a luchar contra la evasi\u00f3n fiscal internacional extraterritorial ampliando r\u00e1pidamente su red de socios de intercambio de informaci\u00f3n. La Convenci\u00f3n permitir\u00e1 a Qatar implementar r\u00e1pidamente las medidas de transparencia del proyecto, en particular el intercambio autom\u00e1tico de informes Pa\u00eds por pa\u00eds (CbCR) en la Acci\u00f3n 13.<\/p>\n<p style=\"text-align: justify;\">Tras la ratificaci\u00f3n y entrada en vigor de este acuerdo, Qatar podr\u00e1 participar en el intercambio bilateral de informaci\u00f3n con m\u00e1s de 100 jurisdicciones, por lo que las empresas multinacionales con sede en Qatar deber\u00e1n seguir garantizando la coherencia en sus transacciones y operaciones transfronterizas.<\/p>\n<p style=\"text-align: justify;\">Respecto a las entidades no residentes con establecimientos permanentes en Qatar, el gobierno qatar\u00ed podr\u00e1 intercambiar informaci\u00f3n con las autoridades fiscales de su pa\u00eds de origen.<\/p>\n","protected":false},"excerpt":{"rendered":"<p>El pasado 10 de noviembre, Qatar se ha adherido al Convenio del proyecto BEPS de la OCDE sobre asistencia administrativa mutua en asuntos fiscales, enmendado por el Protocolo de 2010, elevando a 115 el n\u00famero total de sus miembros. Como nuevo miembro, Qatar se ha comprometido a luchar contra la evasi\u00f3n fiscal internacional extraterritorial ampliando [&hellip;]<\/p>\n","protected":false},"author":2,"featured_media":0,"comment_status":"open","ping_status":"open","sticky":false,"template":"","format":"standard","meta":[],"categories":[],"tags":[],"yoast_head":"<!-- This site is optimized with the Yoast SEO plugin v20.0 - https:\/\/yoast.com\/wordpress\/plugins\/seo\/ -->\n<title>QATAR: CbCR: Qatar se incorpora a la lucha contra la evasi\u00f3n fiscal. - Externa<\/title>\n<meta name=\"robots\" content=\"index, follow, max-snippet:-1, max-image-preview:large, max-video-preview:-1\" \/>\n<link rel=\"canonical\" href=\"https:\/\/www.externacorporativo.com\/es\/qatar-cbcr-qatar-se-incorpora-a-la-lucha-contra-la-evasion-fiscal-3\/\" \/>\n<meta property=\"og:locale\" content=\"es_ES\" \/>\n<meta property=\"og:type\" content=\"article\" \/>\n<meta property=\"og:title\" content=\"QATAR: CbCR: Qatar se incorpora a la lucha contra la evasi\u00f3n fiscal. - Externa\" \/>\n<meta property=\"og:description\" content=\"El pasado 10 de noviembre, Qatar se ha adherido al Convenio del proyecto BEPS de la OCDE sobre asistencia administrativa mutua en asuntos fiscales, enmendado por el Protocolo de 2010, elevando a 115 el n\u00famero total de sus miembros. Como nuevo miembro, Qatar se ha comprometido a luchar contra la evasi\u00f3n fiscal internacional extraterritorial ampliando [&hellip;]\" \/>\n<meta property=\"og:url\" content=\"https:\/\/www.externacorporativo.com\/es\/qatar-cbcr-qatar-se-incorpora-a-la-lucha-contra-la-evasion-fiscal-3\/\" \/>\n<meta property=\"og:site_name\" content=\"Externa\" \/>\n<meta property=\"article:published_time\" content=\"2023-06-01T07:26:57+00:00\" \/>\n<meta property=\"article:modified_time\" content=\"2023-06-01T07:26:58+00:00\" \/>\n<meta name=\"author\" content=\"Programacion\" \/>\n<meta name=\"twitter:card\" content=\"summary_large_image\" \/>\n<meta name=\"twitter:label1\" content=\"Escrito por\" \/>\n\t<meta name=\"twitter:data1\" content=\"Programacion\" \/>\n\t<meta name=\"twitter:label2\" content=\"Tiempo de lectura\" \/>\n\t<meta name=\"twitter:data2\" content=\"1 minuto\" \/>\n<script type=\"application\/ld+json\" class=\"yoast-schema-graph\">{\"@context\":\"https:\/\/schema.org\",\"@graph\":[{\"@type\":\"Article\",\"@id\":\"https:\/\/www.externacorporativo.com\/es\/qatar-cbcr-qatar-se-incorpora-a-la-lucha-contra-la-evasion-fiscal-3\/#article\",\"isPartOf\":{\"@id\":\"https:\/\/www.externacorporativo.com\/es\/qatar-cbcr-qatar-se-incorpora-a-la-lucha-contra-la-evasion-fiscal-3\/\"},\"author\":{\"name\":\"Programacion\",\"@id\":\"https:\/\/www.externacorporativo.com\/es\/#\/schema\/person\/bdc7fa484ed4f3510b0ec3c089989e97\"},\"headline\":\"QATAR: CbCR: Qatar se incorpora a la lucha contra la evasi\u00f3n fiscal.\",\"datePublished\":\"2023-06-01T07:26:57+00:00\",\"dateModified\":\"2023-06-01T07:26:58+00:00\",\"mainEntityOfPage\":{\"@id\":\"https:\/\/www.externacorporativo.com\/es\/qatar-cbcr-qatar-se-incorpora-a-la-lucha-contra-la-evasion-fiscal-3\/\"},\"wordCount\":187,\"commentCount\":0,\"publisher\":{\"@id\":\"https:\/\/www.externacorporativo.com\/es\/#organization\"},\"inLanguage\":\"es\",\"potentialAction\":[{\"@type\":\"CommentAction\",\"name\":\"Comment\",\"target\":[\"https:\/\/www.externacorporativo.com\/es\/qatar-cbcr-qatar-se-incorpora-a-la-lucha-contra-la-evasion-fiscal-3\/#respond\"]}]},{\"@type\":\"WebPage\",\"@id\":\"https:\/\/www.externacorporativo.com\/es\/qatar-cbcr-qatar-se-incorpora-a-la-lucha-contra-la-evasion-fiscal-3\/\",\"url\":\"https:\/\/www.externacorporativo.com\/es\/qatar-cbcr-qatar-se-incorpora-a-la-lucha-contra-la-evasion-fiscal-3\/\",\"name\":\"QATAR: CbCR: Qatar se incorpora a la lucha contra la evasi\u00f3n fiscal. - Externa\",\"isPartOf\":{\"@id\":\"https:\/\/www.externacorporativo.com\/es\/#website\"},\"datePublished\":\"2023-06-01T07:26:57+00:00\",\"dateModified\":\"2023-06-01T07:26:58+00:00\",\"breadcrumb\":{\"@id\":\"https:\/\/www.externacorporativo.com\/es\/qatar-cbcr-qatar-se-incorpora-a-la-lucha-contra-la-evasion-fiscal-3\/#breadcrumb\"},\"inLanguage\":\"es\",\"potentialAction\":[{\"@type\":\"ReadAction\",\"target\":[\"https:\/\/www.externacorporativo.com\/es\/qatar-cbcr-qatar-se-incorpora-a-la-lucha-contra-la-evasion-fiscal-3\/\"]}]},{\"@type\":\"BreadcrumbList\",\"@id\":\"https:\/\/www.externacorporativo.com\/es\/qatar-cbcr-qatar-se-incorpora-a-la-lucha-contra-la-evasion-fiscal-3\/#breadcrumb\",\"itemListElement\":[{\"@type\":\"ListItem\",\"position\":1,\"name\":\"Portada\",\"item\":\"https:\/\/www.externacorporativo.com\/es\/\"},{\"@type\":\"ListItem\",\"position\":2,\"name\":\"QATAR: CbCR: Qatar se incorpora a la lucha contra la evasi\u00f3n fiscal.\"}]},{\"@type\":\"WebSite\",\"@id\":\"https:\/\/www.externacorporativo.com\/es\/#website\",\"url\":\"https:\/\/www.externacorporativo.com\/es\/\",\"name\":\"Externa\",\"description\":\"\",\"publisher\":{\"@id\":\"https:\/\/www.externacorporativo.com\/es\/#organization\"},\"potentialAction\":[{\"@type\":\"SearchAction\",\"target\":{\"@type\":\"EntryPoint\",\"urlTemplate\":\"https:\/\/www.externacorporativo.com\/es\/?s={search_term_string}\"},\"query-input\":\"required name=search_term_string\"}],\"inLanguage\":\"es\"},{\"@type\":\"Organization\",\"@id\":\"https:\/\/www.externacorporativo.com\/es\/#organization\",\"name\":\"Externa\",\"url\":\"https:\/\/www.externacorporativo.com\/es\/\",\"logo\":{\"@type\":\"ImageObject\",\"inLanguage\":\"es\",\"@id\":\"https:\/\/www.externacorporativo.com\/es\/#\/schema\/logo\/image\/\",\"url\":\"https:\/\/www.externacorporativo.com\/wp-content\/uploads\/2023\/04\/Sin-nombre.png\",\"contentUrl\":\"https:\/\/www.externacorporativo.com\/wp-content\/uploads\/2023\/04\/Sin-nombre.png\",\"width\":297,\"height\":109,\"caption\":\"Externa\"},\"image\":{\"@id\":\"https:\/\/www.externacorporativo.com\/es\/#\/schema\/logo\/image\/\"}},{\"@type\":\"Person\",\"@id\":\"https:\/\/www.externacorporativo.com\/es\/#\/schema\/person\/bdc7fa484ed4f3510b0ec3c089989e97\",\"name\":\"Programacion\",\"image\":{\"@type\":\"ImageObject\",\"inLanguage\":\"es\",\"@id\":\"https:\/\/www.externacorporativo.com\/es\/#\/schema\/person\/image\/\",\"url\":\"https:\/\/secure.gravatar.com\/avatar\/b46a7287724b495183c8c832facd7442?s=96&d=mm&r=g\",\"contentUrl\":\"https:\/\/secure.gravatar.com\/avatar\/b46a7287724b495183c8c832facd7442?s=96&d=mm&r=g\",\"caption\":\"Programacion\"},\"url\":\"https:\/\/www.externacorporativo.com\/es\/author\/programacion\/\"}]}<\/script>\n<!-- \/ Yoast SEO plugin. -->","yoast_head_json":{"title":"QATAR: CbCR: Qatar se incorpora a la lucha contra la evasi\u00f3n fiscal. - Externa","robots":{"index":"index","follow":"follow","max-snippet":"max-snippet:-1","max-image-preview":"max-image-preview:large","max-video-preview":"max-video-preview:-1"},"canonical":"https:\/\/www.externacorporativo.com\/es\/qatar-cbcr-qatar-se-incorpora-a-la-lucha-contra-la-evasion-fiscal-3\/","og_locale":"es_ES","og_type":"article","og_title":"QATAR: CbCR: Qatar se incorpora a la lucha contra la evasi\u00f3n fiscal. - Externa","og_description":"El pasado 10 de noviembre, Qatar se ha adherido al Convenio del proyecto BEPS de la OCDE sobre asistencia administrativa mutua en asuntos fiscales, enmendado por el Protocolo de 2010, elevando a 115 el n\u00famero total de sus miembros. Como nuevo miembro, Qatar se ha comprometido a luchar contra la evasi\u00f3n fiscal internacional extraterritorial ampliando [&hellip;]","og_url":"https:\/\/www.externacorporativo.com\/es\/qatar-cbcr-qatar-se-incorpora-a-la-lucha-contra-la-evasion-fiscal-3\/","og_site_name":"Externa","article_published_time":"2023-06-01T07:26:57+00:00","article_modified_time":"2023-06-01T07:26:58+00:00","author":"Programacion","twitter_card":"summary_large_image","twitter_misc":{"Escrito por":"Programacion","Tiempo de lectura":"1 minuto"},"schema":{"@context":"https:\/\/schema.org","@graph":[{"@type":"Article","@id":"https:\/\/www.externacorporativo.com\/es\/qatar-cbcr-qatar-se-incorpora-a-la-lucha-contra-la-evasion-fiscal-3\/#article","isPartOf":{"@id":"https:\/\/www.externacorporativo.com\/es\/qatar-cbcr-qatar-se-incorpora-a-la-lucha-contra-la-evasion-fiscal-3\/"},"author":{"name":"Programacion","@id":"https:\/\/www.externacorporativo.com\/es\/#\/schema\/person\/bdc7fa484ed4f3510b0ec3c089989e97"},"headline":"QATAR: CbCR: Qatar se incorpora a la lucha contra la evasi\u00f3n fiscal.","datePublished":"2023-06-01T07:26:57+00:00","dateModified":"2023-06-01T07:26:58+00:00","mainEntityOfPage":{"@id":"https:\/\/www.externacorporativo.com\/es\/qatar-cbcr-qatar-se-incorpora-a-la-lucha-contra-la-evasion-fiscal-3\/"},"wordCount":187,"commentCount":0,"publisher":{"@id":"https:\/\/www.externacorporativo.com\/es\/#organization"},"inLanguage":"es","potentialAction":[{"@type":"CommentAction","name":"Comment","target":["https:\/\/www.externacorporativo.com\/es\/qatar-cbcr-qatar-se-incorpora-a-la-lucha-contra-la-evasion-fiscal-3\/#respond"]}]},{"@type":"WebPage","@id":"https:\/\/www.externacorporativo.com\/es\/qatar-cbcr-qatar-se-incorpora-a-la-lucha-contra-la-evasion-fiscal-3\/","url":"https:\/\/www.externacorporativo.com\/es\/qatar-cbcr-qatar-se-incorpora-a-la-lucha-contra-la-evasion-fiscal-3\/","name":"QATAR: CbCR: Qatar se incorpora a la lucha contra la evasi\u00f3n fiscal. - Externa","isPartOf":{"@id":"https:\/\/www.externacorporativo.com\/es\/#website"},"datePublished":"2023-06-01T07:26:57+00:00","dateModified":"2023-06-01T07:26:58+00:00","breadcrumb":{"@id":"https:\/\/www.externacorporativo.com\/es\/qatar-cbcr-qatar-se-incorpora-a-la-lucha-contra-la-evasion-fiscal-3\/#breadcrumb"},"inLanguage":"es","potentialAction":[{"@type":"ReadAction","target":["https:\/\/www.externacorporativo.com\/es\/qatar-cbcr-qatar-se-incorpora-a-la-lucha-contra-la-evasion-fiscal-3\/"]}]},{"@type":"BreadcrumbList","@id":"https:\/\/www.externacorporativo.com\/es\/qatar-cbcr-qatar-se-incorpora-a-la-lucha-contra-la-evasion-fiscal-3\/#breadcrumb","itemListElement":[{"@type":"ListItem","position":1,"name":"Portada","item":"https:\/\/www.externacorporativo.com\/es\/"},{"@type":"ListItem","position":2,"name":"QATAR: CbCR: Qatar se incorpora a la lucha contra la evasi\u00f3n fiscal."}]},{"@type":"WebSite","@id":"https:\/\/www.externacorporativo.com\/es\/#website","url":"https:\/\/www.externacorporativo.com\/es\/","name":"Externa","description":"","publisher":{"@id":"https:\/\/www.externacorporativo.com\/es\/#organization"},"potentialAction":[{"@type":"SearchAction","target":{"@type":"EntryPoint","urlTemplate":"https:\/\/www.externacorporativo.com\/es\/?s={search_term_string}"},"query-input":"required name=search_term_string"}],"inLanguage":"es"},{"@type":"Organization","@id":"https:\/\/www.externacorporativo.com\/es\/#organization","name":"Externa","url":"https:\/\/www.externacorporativo.com\/es\/","logo":{"@type":"ImageObject","inLanguage":"es","@id":"https:\/\/www.externacorporativo.com\/es\/#\/schema\/logo\/image\/","url":"https:\/\/www.externacorporativo.com\/wp-content\/uploads\/2023\/04\/Sin-nombre.png","contentUrl":"https:\/\/www.externacorporativo.com\/wp-content\/uploads\/2023\/04\/Sin-nombre.png","width":297,"height":109,"caption":"Externa"},"image":{"@id":"https:\/\/www.externacorporativo.com\/es\/#\/schema\/logo\/image\/"}},{"@type":"Person","@id":"https:\/\/www.externacorporativo.com\/es\/#\/schema\/person\/bdc7fa484ed4f3510b0ec3c089989e97","name":"Programacion","image":{"@type":"ImageObject","inLanguage":"es","@id":"https:\/\/www.externacorporativo.com\/es\/#\/schema\/person\/image\/","url":"https:\/\/secure.gravatar.com\/avatar\/b46a7287724b495183c8c832facd7442?s=96&d=mm&r=g","contentUrl":"https:\/\/secure.gravatar.com\/avatar\/b46a7287724b495183c8c832facd7442?s=96&d=mm&r=g","caption":"Programacion"},"url":"https:\/\/www.externacorporativo.com\/es\/author\/programacion\/"}]}},"_links":{"self":[{"href":"https:\/\/www.externacorporativo.com\/es\/wp-json\/wp\/v2\/posts\/1292"}],"collection":[{"href":"https:\/\/www.externacorporativo.com\/es\/wp-json\/wp\/v2\/posts"}],"about":[{"href":"https:\/\/www.externacorporativo.com\/es\/wp-json\/wp\/v2\/types\/post"}],"author":[{"embeddable":true,"href":"https:\/\/www.externacorporativo.com\/es\/wp-json\/wp\/v2\/users\/2"}],"replies":[{"embeddable":true,"href":"https:\/\/www.externacorporativo.com\/es\/wp-json\/wp\/v2\/comments?post=1292"}],"version-history":[{"count":1,"href":"https:\/\/www.externacorporativo.com\/es\/wp-json\/wp\/v2\/posts\/1292\/revisions"}],"predecessor-version":[{"id":2134,"href":"https:\/\/www.externacorporativo.com\/es\/wp-json\/wp\/v2\/posts\/1292\/revisions\/2134"}],"wp:attachment":[{"href":"https:\/\/www.externacorporativo.com\/es\/wp-json\/wp\/v2\/media?parent=1292"}],"wp:term":[{"taxonomy":"category","embeddable":true,"href":"https:\/\/www.externacorporativo.com\/es\/wp-json\/wp\/v2\/categories?post=1292"},{"taxonomy":"post_tag","embeddable":true,"href":"https:\/\/www.externacorporativo.com\/es\/wp-json\/wp\/v2\/tags?post=1292"}],"curies":[{"name":"wp","href":"https:\/\/api.w.org\/{rel}","templated":true}]}}