{"id":1304,"date":"2023-06-01T07:26:57","date_gmt":"2023-06-01T07:26:57","guid":{"rendered":"https:\/\/www.externacorporativo.com\/union-europea-iva-unico-para-pymes-en-ventas-a-distancia-dentro-de-la-ue-2\/"},"modified":"2023-06-01T07:26:59","modified_gmt":"2023-06-01T07:26:59","slug":"union-europea-iva-unico-para-pymes-en-ventas-a-distancia-dentro-de-la-ue-2","status":"publish","type":"post","link":"https:\/\/www.externacorporativo.com\/es\/union-europea-iva-unico-para-pymes-en-ventas-a-distancia-dentro-de-la-ue-2\/","title":{"rendered":"UNI\u00d3N EUROPEA: IVA \u00fanico para Pymes en ventas a distancia dentro de la UE"},"content":{"rendered":"<p style=\"text-align: justify;\">Los ministros de Econom\u00eda y Finanzas de la Uni\u00f3n Europea, ECOFIN, han aprobado un paquete de medias en una Directiva y dos Reglamentos que buscan facilitar la recaudaci\u00f3n del IVA cuando los ciudadanos adquieren bienes y servicios a distancia, <em>on line.<\/em><\/p>\n<p style=\"text-align: justify;\">El objetivo principal es reducir los 5.000 millones que pierde el fisco de los diferentes estados miembros por actividades fraudulentas en transacciones de este tipo.<\/p>\n<p style=\"text-align: justify;\">Las nuevas medidas se aplicar\u00e1n a compras por valor menor a 150\u20ac creando un nuevo portal para estas operaciones desde terceros estados, extendiendo la ventanilla \u00fanica de la UE al registro del IVA de ventas a distancia<\/p>\n<p style=\"text-align: justify;\">As\u00ed se evitar\u00e1 que los proveedores online tengan que registrar el IVA en cada uno de los Estados miembros de la UE en los que venden bienes. Se prev\u00e9 que esta medida genere un ahorro total de 2.300 millones para las compa\u00f1\u00edas y un incremento de 7.000 millones en la recaudaci\u00f3n a trav\u00e9s del IVA en los Estados miembros.<\/p>\n<p style=\"text-align: justify;\">El resultado para el consumidor es que \u00e9ste, pagar\u00e1 el IVA en su pa\u00eds de residencia y autorizar\u00e1n a las plataformas online a recaudar el IVA de las transacciones a distancia que realizan. Adem\u00e1s, las reglas simplifican las disposiciones aplicables para pymes y start-ups; las operaciones transfronterizas inferiores a 10.000 euros se seguir\u00e1n rigiendo por las normas de IVA nacionales.<\/p>\n<p style=\"text-align: justify;\">Por \u00faltimo, se elimina la excepci\u00f3n para env\u00edos desde terceros pa\u00edses cuyo valor no llega a 22 euros con el objetivo de evitar\u00a0abusos actuales<\/p>\n<p style=\"text-align: justify;\">Los Estados miembros tendr\u00e1n hasta el 31 de diciembre de 2018 y hasta el 31 de diciembre de 2020 para transponer estas normas al ordenamiento jur\u00eddico de cada pa\u00eds<\/p>\n<p style=\"text-align: justify;\">Para las provisiones sobre la ventanilla \u00fanica, tanto comunitaria como desde terceros pa\u00edses, y para la eliminaci\u00f3n de la excepci\u00f3n de IVA para peque\u00f1os env\u00edos, se ha acordado una extensi\u00f3n hasta 2021.<\/p>\n","protected":false},"excerpt":{"rendered":"<p>Los ministros de Econom\u00eda y Finanzas de la Uni\u00f3n Europea, ECOFIN, han aprobado un paquete de medias en una Directiva y dos Reglamentos que buscan facilitar la recaudaci\u00f3n del IVA cuando los ciudadanos adquieren bienes y servicios a distancia, on line. El objetivo principal es reducir los 5.000 millones que pierde el fisco de los [&hellip;]<\/p>\n","protected":false},"author":2,"featured_media":0,"comment_status":"open","ping_status":"open","sticky":false,"template":"","format":"standard","meta":[],"categories":[],"tags":[],"yoast_head":"<!-- This site is optimized with the Yoast SEO plugin v20.0 - https:\/\/yoast.com\/wordpress\/plugins\/seo\/ -->\n<title>UNI\u00d3N EUROPEA: IVA \u00fanico para Pymes en ventas a distancia dentro de la UE - Externa<\/title>\n<meta name=\"robots\" content=\"index, follow, max-snippet:-1, max-image-preview:large, max-video-preview:-1\" \/>\n<link rel=\"canonical\" href=\"https:\/\/www.externacorporativo.com\/es\/union-europea-iva-unico-para-pymes-en-ventas-a-distancia-dentro-de-la-ue-2\/\" \/>\n<meta property=\"og:locale\" content=\"es_ES\" \/>\n<meta property=\"og:type\" content=\"article\" \/>\n<meta property=\"og:title\" content=\"UNI\u00d3N EUROPEA: IVA \u00fanico para Pymes en ventas a distancia dentro de la UE - Externa\" \/>\n<meta property=\"og:description\" content=\"Los ministros de Econom\u00eda y Finanzas de la Uni\u00f3n Europea, ECOFIN, han aprobado un paquete de medias en una Directiva y dos Reglamentos que buscan facilitar la recaudaci\u00f3n del IVA cuando los ciudadanos adquieren bienes y servicios a distancia, on line. El objetivo principal es reducir los 5.000 millones que pierde el fisco de los [&hellip;]\" \/>\n<meta property=\"og:url\" content=\"https:\/\/www.externacorporativo.com\/es\/union-europea-iva-unico-para-pymes-en-ventas-a-distancia-dentro-de-la-ue-2\/\" \/>\n<meta property=\"og:site_name\" content=\"Externa\" \/>\n<meta property=\"article:published_time\" content=\"2023-06-01T07:26:57+00:00\" \/>\n<meta property=\"article:modified_time\" content=\"2023-06-01T07:26:59+00:00\" \/>\n<meta name=\"author\" content=\"Programacion\" \/>\n<meta name=\"twitter:card\" content=\"summary_large_image\" \/>\n<meta name=\"twitter:label1\" content=\"Escrito por\" \/>\n\t<meta name=\"twitter:data1\" content=\"Programacion\" \/>\n\t<meta name=\"twitter:label2\" content=\"Tiempo de lectura\" \/>\n\t<meta name=\"twitter:data2\" content=\"2 minutos\" \/>\n<script type=\"application\/ld+json\" class=\"yoast-schema-graph\">{\"@context\":\"https:\/\/schema.org\",\"@graph\":[{\"@type\":\"Article\",\"@id\":\"https:\/\/www.externacorporativo.com\/es\/union-europea-iva-unico-para-pymes-en-ventas-a-distancia-dentro-de-la-ue-2\/#article\",\"isPartOf\":{\"@id\":\"https:\/\/www.externacorporativo.com\/es\/union-europea-iva-unico-para-pymes-en-ventas-a-distancia-dentro-de-la-ue-2\/\"},\"author\":{\"name\":\"Programacion\",\"@id\":\"https:\/\/www.externacorporativo.com\/es\/#\/schema\/person\/bdc7fa484ed4f3510b0ec3c089989e97\"},\"headline\":\"UNI\u00d3N EUROPEA: IVA \u00fanico para Pymes en ventas a distancia dentro de la UE\",\"datePublished\":\"2023-06-01T07:26:57+00:00\",\"dateModified\":\"2023-06-01T07:26:59+00:00\",\"mainEntityOfPage\":{\"@id\":\"https:\/\/www.externacorporativo.com\/es\/union-europea-iva-unico-para-pymes-en-ventas-a-distancia-dentro-de-la-ue-2\/\"},\"wordCount\":335,\"commentCount\":0,\"publisher\":{\"@id\":\"https:\/\/www.externacorporativo.com\/es\/#organization\"},\"inLanguage\":\"es\",\"potentialAction\":[{\"@type\":\"CommentAction\",\"name\":\"Comment\",\"target\":[\"https:\/\/www.externacorporativo.com\/es\/union-europea-iva-unico-para-pymes-en-ventas-a-distancia-dentro-de-la-ue-2\/#respond\"]}]},{\"@type\":\"WebPage\",\"@id\":\"https:\/\/www.externacorporativo.com\/es\/union-europea-iva-unico-para-pymes-en-ventas-a-distancia-dentro-de-la-ue-2\/\",\"url\":\"https:\/\/www.externacorporativo.com\/es\/union-europea-iva-unico-para-pymes-en-ventas-a-distancia-dentro-de-la-ue-2\/\",\"name\":\"UNI\u00d3N EUROPEA: IVA \u00fanico para Pymes en ventas a distancia dentro de la UE - Externa\",\"isPartOf\":{\"@id\":\"https:\/\/www.externacorporativo.com\/es\/#website\"},\"datePublished\":\"2023-06-01T07:26:57+00:00\",\"dateModified\":\"2023-06-01T07:26:59+00:00\",\"breadcrumb\":{\"@id\":\"https:\/\/www.externacorporativo.com\/es\/union-europea-iva-unico-para-pymes-en-ventas-a-distancia-dentro-de-la-ue-2\/#breadcrumb\"},\"inLanguage\":\"es\",\"potentialAction\":[{\"@type\":\"ReadAction\",\"target\":[\"https:\/\/www.externacorporativo.com\/es\/union-europea-iva-unico-para-pymes-en-ventas-a-distancia-dentro-de-la-ue-2\/\"]}]},{\"@type\":\"BreadcrumbList\",\"@id\":\"https:\/\/www.externacorporativo.com\/es\/union-europea-iva-unico-para-pymes-en-ventas-a-distancia-dentro-de-la-ue-2\/#breadcrumb\",\"itemListElement\":[{\"@type\":\"ListItem\",\"position\":1,\"name\":\"Portada\",\"item\":\"https:\/\/www.externacorporativo.com\/es\/\"},{\"@type\":\"ListItem\",\"position\":2,\"name\":\"UNI\u00d3N EUROPEA: IVA \u00fanico para Pymes en ventas a distancia dentro de la UE\"}]},{\"@type\":\"WebSite\",\"@id\":\"https:\/\/www.externacorporativo.com\/es\/#website\",\"url\":\"https:\/\/www.externacorporativo.com\/es\/\",\"name\":\"Externa\",\"description\":\"\",\"publisher\":{\"@id\":\"https:\/\/www.externacorporativo.com\/es\/#organization\"},\"potentialAction\":[{\"@type\":\"SearchAction\",\"target\":{\"@type\":\"EntryPoint\",\"urlTemplate\":\"https:\/\/www.externacorporativo.com\/es\/?s={search_term_string}\"},\"query-input\":\"required name=search_term_string\"}],\"inLanguage\":\"es\"},{\"@type\":\"Organization\",\"@id\":\"https:\/\/www.externacorporativo.com\/es\/#organization\",\"name\":\"Externa\",\"url\":\"https:\/\/www.externacorporativo.com\/es\/\",\"logo\":{\"@type\":\"ImageObject\",\"inLanguage\":\"es\",\"@id\":\"https:\/\/www.externacorporativo.com\/es\/#\/schema\/logo\/image\/\",\"url\":\"https:\/\/www.externacorporativo.com\/wp-content\/uploads\/2023\/04\/Sin-nombre.png\",\"contentUrl\":\"https:\/\/www.externacorporativo.com\/wp-content\/uploads\/2023\/04\/Sin-nombre.png\",\"width\":297,\"height\":109,\"caption\":\"Externa\"},\"image\":{\"@id\":\"https:\/\/www.externacorporativo.com\/es\/#\/schema\/logo\/image\/\"}},{\"@type\":\"Person\",\"@id\":\"https:\/\/www.externacorporativo.com\/es\/#\/schema\/person\/bdc7fa484ed4f3510b0ec3c089989e97\",\"name\":\"Programacion\",\"image\":{\"@type\":\"ImageObject\",\"inLanguage\":\"es\",\"@id\":\"https:\/\/www.externacorporativo.com\/es\/#\/schema\/person\/image\/\",\"url\":\"https:\/\/secure.gravatar.com\/avatar\/b46a7287724b495183c8c832facd7442?s=96&d=mm&r=g\",\"contentUrl\":\"https:\/\/secure.gravatar.com\/avatar\/b46a7287724b495183c8c832facd7442?s=96&d=mm&r=g\",\"caption\":\"Programacion\"},\"url\":\"https:\/\/www.externacorporativo.com\/es\/author\/programacion\/\"}]}<\/script>\n<!-- \/ Yoast SEO plugin. -->","yoast_head_json":{"title":"UNI\u00d3N EUROPEA: IVA \u00fanico para Pymes en ventas a distancia dentro de la UE - Externa","robots":{"index":"index","follow":"follow","max-snippet":"max-snippet:-1","max-image-preview":"max-image-preview:large","max-video-preview":"max-video-preview:-1"},"canonical":"https:\/\/www.externacorporativo.com\/es\/union-europea-iva-unico-para-pymes-en-ventas-a-distancia-dentro-de-la-ue-2\/","og_locale":"es_ES","og_type":"article","og_title":"UNI\u00d3N EUROPEA: IVA \u00fanico para Pymes en ventas a distancia dentro de la UE - Externa","og_description":"Los ministros de Econom\u00eda y Finanzas de la Uni\u00f3n Europea, ECOFIN, han aprobado un paquete de medias en una Directiva y dos Reglamentos que buscan facilitar la recaudaci\u00f3n del IVA cuando los ciudadanos adquieren bienes y servicios a distancia, on line. El objetivo principal es reducir los 5.000 millones que pierde el fisco de los [&hellip;]","og_url":"https:\/\/www.externacorporativo.com\/es\/union-europea-iva-unico-para-pymes-en-ventas-a-distancia-dentro-de-la-ue-2\/","og_site_name":"Externa","article_published_time":"2023-06-01T07:26:57+00:00","article_modified_time":"2023-06-01T07:26:59+00:00","author":"Programacion","twitter_card":"summary_large_image","twitter_misc":{"Escrito por":"Programacion","Tiempo de lectura":"2 minutos"},"schema":{"@context":"https:\/\/schema.org","@graph":[{"@type":"Article","@id":"https:\/\/www.externacorporativo.com\/es\/union-europea-iva-unico-para-pymes-en-ventas-a-distancia-dentro-de-la-ue-2\/#article","isPartOf":{"@id":"https:\/\/www.externacorporativo.com\/es\/union-europea-iva-unico-para-pymes-en-ventas-a-distancia-dentro-de-la-ue-2\/"},"author":{"name":"Programacion","@id":"https:\/\/www.externacorporativo.com\/es\/#\/schema\/person\/bdc7fa484ed4f3510b0ec3c089989e97"},"headline":"UNI\u00d3N EUROPEA: IVA \u00fanico para Pymes en ventas a distancia dentro de la UE","datePublished":"2023-06-01T07:26:57+00:00","dateModified":"2023-06-01T07:26:59+00:00","mainEntityOfPage":{"@id":"https:\/\/www.externacorporativo.com\/es\/union-europea-iva-unico-para-pymes-en-ventas-a-distancia-dentro-de-la-ue-2\/"},"wordCount":335,"commentCount":0,"publisher":{"@id":"https:\/\/www.externacorporativo.com\/es\/#organization"},"inLanguage":"es","potentialAction":[{"@type":"CommentAction","name":"Comment","target":["https:\/\/www.externacorporativo.com\/es\/union-europea-iva-unico-para-pymes-en-ventas-a-distancia-dentro-de-la-ue-2\/#respond"]}]},{"@type":"WebPage","@id":"https:\/\/www.externacorporativo.com\/es\/union-europea-iva-unico-para-pymes-en-ventas-a-distancia-dentro-de-la-ue-2\/","url":"https:\/\/www.externacorporativo.com\/es\/union-europea-iva-unico-para-pymes-en-ventas-a-distancia-dentro-de-la-ue-2\/","name":"UNI\u00d3N EUROPEA: IVA \u00fanico para Pymes en ventas a distancia dentro de la UE - Externa","isPartOf":{"@id":"https:\/\/www.externacorporativo.com\/es\/#website"},"datePublished":"2023-06-01T07:26:57+00:00","dateModified":"2023-06-01T07:26:59+00:00","breadcrumb":{"@id":"https:\/\/www.externacorporativo.com\/es\/union-europea-iva-unico-para-pymes-en-ventas-a-distancia-dentro-de-la-ue-2\/#breadcrumb"},"inLanguage":"es","potentialAction":[{"@type":"ReadAction","target":["https:\/\/www.externacorporativo.com\/es\/union-europea-iva-unico-para-pymes-en-ventas-a-distancia-dentro-de-la-ue-2\/"]}]},{"@type":"BreadcrumbList","@id":"https:\/\/www.externacorporativo.com\/es\/union-europea-iva-unico-para-pymes-en-ventas-a-distancia-dentro-de-la-ue-2\/#breadcrumb","itemListElement":[{"@type":"ListItem","position":1,"name":"Portada","item":"https:\/\/www.externacorporativo.com\/es\/"},{"@type":"ListItem","position":2,"name":"UNI\u00d3N EUROPEA: IVA \u00fanico para Pymes en ventas a distancia dentro de la UE"}]},{"@type":"WebSite","@id":"https:\/\/www.externacorporativo.com\/es\/#website","url":"https:\/\/www.externacorporativo.com\/es\/","name":"Externa","description":"","publisher":{"@id":"https:\/\/www.externacorporativo.com\/es\/#organization"},"potentialAction":[{"@type":"SearchAction","target":{"@type":"EntryPoint","urlTemplate":"https:\/\/www.externacorporativo.com\/es\/?s={search_term_string}"},"query-input":"required name=search_term_string"}],"inLanguage":"es"},{"@type":"Organization","@id":"https:\/\/www.externacorporativo.com\/es\/#organization","name":"Externa","url":"https:\/\/www.externacorporativo.com\/es\/","logo":{"@type":"ImageObject","inLanguage":"es","@id":"https:\/\/www.externacorporativo.com\/es\/#\/schema\/logo\/image\/","url":"https:\/\/www.externacorporativo.com\/wp-content\/uploads\/2023\/04\/Sin-nombre.png","contentUrl":"https:\/\/www.externacorporativo.com\/wp-content\/uploads\/2023\/04\/Sin-nombre.png","width":297,"height":109,"caption":"Externa"},"image":{"@id":"https:\/\/www.externacorporativo.com\/es\/#\/schema\/logo\/image\/"}},{"@type":"Person","@id":"https:\/\/www.externacorporativo.com\/es\/#\/schema\/person\/bdc7fa484ed4f3510b0ec3c089989e97","name":"Programacion","image":{"@type":"ImageObject","inLanguage":"es","@id":"https:\/\/www.externacorporativo.com\/es\/#\/schema\/person\/image\/","url":"https:\/\/secure.gravatar.com\/avatar\/b46a7287724b495183c8c832facd7442?s=96&d=mm&r=g","contentUrl":"https:\/\/secure.gravatar.com\/avatar\/b46a7287724b495183c8c832facd7442?s=96&d=mm&r=g","caption":"Programacion"},"url":"https:\/\/www.externacorporativo.com\/es\/author\/programacion\/"}]}},"_links":{"self":[{"href":"https:\/\/www.externacorporativo.com\/es\/wp-json\/wp\/v2\/posts\/1304"}],"collection":[{"href":"https:\/\/www.externacorporativo.com\/es\/wp-json\/wp\/v2\/posts"}],"about":[{"href":"https:\/\/www.externacorporativo.com\/es\/wp-json\/wp\/v2\/types\/post"}],"author":[{"embeddable":true,"href":"https:\/\/www.externacorporativo.com\/es\/wp-json\/wp\/v2\/users\/2"}],"replies":[{"embeddable":true,"href":"https:\/\/www.externacorporativo.com\/es\/wp-json\/wp\/v2\/comments?post=1304"}],"version-history":[{"count":1,"href":"https:\/\/www.externacorporativo.com\/es\/wp-json\/wp\/v2\/posts\/1304\/revisions"}],"predecessor-version":[{"id":2146,"href":"https:\/\/www.externacorporativo.com\/es\/wp-json\/wp\/v2\/posts\/1304\/revisions\/2146"}],"wp:attachment":[{"href":"https:\/\/www.externacorporativo.com\/es\/wp-json\/wp\/v2\/media?parent=1304"}],"wp:term":[{"taxonomy":"category","embeddable":true,"href":"https:\/\/www.externacorporativo.com\/es\/wp-json\/wp\/v2\/categories?post=1304"},{"taxonomy":"post_tag","embeddable":true,"href":"https:\/\/www.externacorporativo.com\/es\/wp-json\/wp\/v2\/tags?post=1304"}],"curies":[{"name":"wp","href":"https:\/\/api.w.org\/{rel}","templated":true}]}}