{"id":1318,"date":"2023-06-01T07:27:00","date_gmt":"2023-06-01T07:27:00","guid":{"rendered":"https:\/\/www.externacorporativo.com\/uruguay-cambios-fiscales-en-2018-2\/"},"modified":"2023-06-01T07:27:01","modified_gmt":"2023-06-01T07:27:01","slug":"uruguay-cambios-fiscales-en-2018-2","status":"publish","type":"post","link":"https:\/\/www.externacorporativo.com\/es\/uruguay-cambios-fiscales-en-2018-2\/","title":{"rendered":"URUGUAY: Cambios fiscales en 2018"},"content":{"rendered":"<p style=\"text-align: justify;\">Tambi\u00e9n al otro lado del charco, entran en vigor cambios tributarios con el nuevo a\u00f1o. La Ley de Rendici\u00f3n de Cuentas de 2017, nos deja novedades para este mes de enero, Algunos de ellos, han sido criticados porque afectan directamente los compromisos tomados en el \u00e1mbito del Mercosur, ya que suben imposiciones a la importaci\u00f3n con nuevos grav\u00e1menes (la nueva \u201ctasa consular\u201d); en otros casos porque afectan con impuestos tradicionales (IRPF e IRNR) a las nuevas plataformas tecnol\u00f3gicas (transporte, arrendamiento, <em>streaming<\/em>, etc). Tambi\u00e9n se incrementan las penas en ciertos casos de defraudaci\u00f3n fiscal.<\/p>\n<p style=\"text-align: justify;\">Respecto a la tasa consular, que era de 2% del valor en Aduana de los bienes importados, pasa a ser del 3% para aquellos bienes que provengan de pa\u00edses del Mercosur y a 5% para otros. M\u00e9xico permanecer\u00e1 exonerado por el acuerdo comercial entre ambos pa\u00edses. Tambi\u00e9n est\u00e1n exoneradas de esta tasa, las importaciones en r\u00e9gimen de admisi\u00f3n temporal, las de petr\u00f3leo y bienes de capital.<\/p>\n<p style=\"text-align: justify;\">Caso especial es el de los veh\u00edculos, que, si bien la mayor parte proceden de Mercosur, a partir de ahora, todos pagar\u00e1n 5%.<\/p>\n<p style=\"text-align: justify;\">Los juegos de azar pasar\u00e1n a estar gravados con un 0,75% sobre el importe de la apuesta. Tambi\u00e9n estar\u00e1n gravadas las apuestas en carreras de caballos, aunque la Loter\u00eda nacional seguir\u00e1 exenta de IRPF y IRNR.<\/p>\n<p style=\"text-align: justify;\">Otra novedad es el conocido como \u201cimpuesto Netflix\u201d que afecta a entidades como Netflix, Airbnb, Spotify,\u2026 considerando que las rentas obtenidas por entidades que realicen directamente la prestaci\u00f3n de servicios a trav\u00e9s de Internet, plataformas tecnol\u00f3gicas, aplicaciones inform\u00e1ticas o similares, ser\u00e1n consideradas 100% de fuente uruguaya cuando el demandante se encuentre en territorio nacional de imposici\u00f3n del impuesto y cuando el oferente o el demandante est\u00e9n en el exterior (basta con solo uno de ellos), se considerar\u00e1 que el 50% es de fuente uruguaya, es decir, estas entidades pagar\u00e1n el impuesto por la mitad de las rentas obtenidas.<\/p>\n<p style=\"text-align: justify;\">Las actividades de investigaci\u00f3n y desarrollo en las \u00e1reas de biotecnolog\u00eda, bioinform\u00e1tica y software estar\u00e1n exoneradas cuando el servicio sea prestado localmente (hasta ahora solo lo era para los casos en que era prestado en el exterior).<\/p>\n<p style=\"text-align: justify;\">Estas rentas estar\u00e1n exoneradas exclusivamente por el importe correspondiente a la relaci\u00f3n que guarden los gastos o costes directos incurridos para su desarrollo, incrementados en un 30%, sobre los gastos o costes totales, exigencia inexistente con anterioridad.<\/p>\n","protected":false},"excerpt":{"rendered":"<p>Tambi\u00e9n al otro lado del charco, entran en vigor cambios tributarios con el nuevo a\u00f1o. La Ley de Rendici\u00f3n de Cuentas de 2017, nos deja novedades para este mes de enero, Algunos de ellos, han sido criticados porque afectan directamente los compromisos tomados en el \u00e1mbito del Mercosur, ya que suben imposiciones a la importaci\u00f3n [&hellip;]<\/p>\n","protected":false},"author":2,"featured_media":0,"comment_status":"open","ping_status":"open","sticky":false,"template":"","format":"standard","meta":[],"categories":[],"tags":[],"yoast_head":"<!-- This site is optimized with the Yoast SEO plugin v20.0 - https:\/\/yoast.com\/wordpress\/plugins\/seo\/ -->\n<title>URUGUAY: Cambios fiscales en 2018 - Externa<\/title>\n<meta name=\"robots\" content=\"index, follow, max-snippet:-1, max-image-preview:large, max-video-preview:-1\" \/>\n<link rel=\"canonical\" href=\"https:\/\/www.externacorporativo.com\/es\/uruguay-cambios-fiscales-en-2018-2\/\" \/>\n<meta property=\"og:locale\" content=\"es_ES\" \/>\n<meta property=\"og:type\" content=\"article\" \/>\n<meta property=\"og:title\" content=\"URUGUAY: Cambios fiscales en 2018 - Externa\" \/>\n<meta property=\"og:description\" content=\"Tambi\u00e9n al otro lado del charco, entran en vigor cambios tributarios con el nuevo a\u00f1o. La Ley de Rendici\u00f3n de Cuentas de 2017, nos deja novedades para este mes de enero, Algunos de ellos, han sido criticados porque afectan directamente los compromisos tomados en el \u00e1mbito del Mercosur, ya que suben imposiciones a la importaci\u00f3n [&hellip;]\" \/>\n<meta property=\"og:url\" content=\"https:\/\/www.externacorporativo.com\/es\/uruguay-cambios-fiscales-en-2018-2\/\" \/>\n<meta property=\"og:site_name\" content=\"Externa\" \/>\n<meta property=\"article:published_time\" content=\"2023-06-01T07:27:00+00:00\" \/>\n<meta property=\"article:modified_time\" content=\"2023-06-01T07:27:01+00:00\" \/>\n<meta name=\"author\" content=\"Programacion\" \/>\n<meta name=\"twitter:card\" content=\"summary_large_image\" \/>\n<meta name=\"twitter:label1\" content=\"Escrito por\" \/>\n\t<meta name=\"twitter:data1\" content=\"Programacion\" \/>\n\t<meta name=\"twitter:label2\" content=\"Tiempo de lectura\" \/>\n\t<meta name=\"twitter:data2\" content=\"2 minutos\" \/>\n<script type=\"application\/ld+json\" class=\"yoast-schema-graph\">{\"@context\":\"https:\/\/schema.org\",\"@graph\":[{\"@type\":\"Article\",\"@id\":\"https:\/\/www.externacorporativo.com\/es\/uruguay-cambios-fiscales-en-2018-2\/#article\",\"isPartOf\":{\"@id\":\"https:\/\/www.externacorporativo.com\/es\/uruguay-cambios-fiscales-en-2018-2\/\"},\"author\":{\"name\":\"Programacion\",\"@id\":\"https:\/\/www.externacorporativo.com\/es\/#\/schema\/person\/bdc7fa484ed4f3510b0ec3c089989e97\"},\"headline\":\"URUGUAY: Cambios fiscales en 2018\",\"datePublished\":\"2023-06-01T07:27:00+00:00\",\"dateModified\":\"2023-06-01T07:27:01+00:00\",\"mainEntityOfPage\":{\"@id\":\"https:\/\/www.externacorporativo.com\/es\/uruguay-cambios-fiscales-en-2018-2\/\"},\"wordCount\":421,\"commentCount\":0,\"publisher\":{\"@id\":\"https:\/\/www.externacorporativo.com\/es\/#organization\"},\"inLanguage\":\"es\",\"potentialAction\":[{\"@type\":\"CommentAction\",\"name\":\"Comment\",\"target\":[\"https:\/\/www.externacorporativo.com\/es\/uruguay-cambios-fiscales-en-2018-2\/#respond\"]}]},{\"@type\":\"WebPage\",\"@id\":\"https:\/\/www.externacorporativo.com\/es\/uruguay-cambios-fiscales-en-2018-2\/\",\"url\":\"https:\/\/www.externacorporativo.com\/es\/uruguay-cambios-fiscales-en-2018-2\/\",\"name\":\"URUGUAY: Cambios fiscales en 2018 - Externa\",\"isPartOf\":{\"@id\":\"https:\/\/www.externacorporativo.com\/es\/#website\"},\"datePublished\":\"2023-06-01T07:27:00+00:00\",\"dateModified\":\"2023-06-01T07:27:01+00:00\",\"breadcrumb\":{\"@id\":\"https:\/\/www.externacorporativo.com\/es\/uruguay-cambios-fiscales-en-2018-2\/#breadcrumb\"},\"inLanguage\":\"es\",\"potentialAction\":[{\"@type\":\"ReadAction\",\"target\":[\"https:\/\/www.externacorporativo.com\/es\/uruguay-cambios-fiscales-en-2018-2\/\"]}]},{\"@type\":\"BreadcrumbList\",\"@id\":\"https:\/\/www.externacorporativo.com\/es\/uruguay-cambios-fiscales-en-2018-2\/#breadcrumb\",\"itemListElement\":[{\"@type\":\"ListItem\",\"position\":1,\"name\":\"Portada\",\"item\":\"https:\/\/www.externacorporativo.com\/es\/\"},{\"@type\":\"ListItem\",\"position\":2,\"name\":\"URUGUAY: Cambios fiscales en 2018\"}]},{\"@type\":\"WebSite\",\"@id\":\"https:\/\/www.externacorporativo.com\/es\/#website\",\"url\":\"https:\/\/www.externacorporativo.com\/es\/\",\"name\":\"Externa\",\"description\":\"\",\"publisher\":{\"@id\":\"https:\/\/www.externacorporativo.com\/es\/#organization\"},\"potentialAction\":[{\"@type\":\"SearchAction\",\"target\":{\"@type\":\"EntryPoint\",\"urlTemplate\":\"https:\/\/www.externacorporativo.com\/es\/?s={search_term_string}\"},\"query-input\":\"required name=search_term_string\"}],\"inLanguage\":\"es\"},{\"@type\":\"Organization\",\"@id\":\"https:\/\/www.externacorporativo.com\/es\/#organization\",\"name\":\"Externa\",\"url\":\"https:\/\/www.externacorporativo.com\/es\/\",\"logo\":{\"@type\":\"ImageObject\",\"inLanguage\":\"es\",\"@id\":\"https:\/\/www.externacorporativo.com\/es\/#\/schema\/logo\/image\/\",\"url\":\"https:\/\/www.externacorporativo.com\/wp-content\/uploads\/2023\/04\/Sin-nombre.png\",\"contentUrl\":\"https:\/\/www.externacorporativo.com\/wp-content\/uploads\/2023\/04\/Sin-nombre.png\",\"width\":297,\"height\":109,\"caption\":\"Externa\"},\"image\":{\"@id\":\"https:\/\/www.externacorporativo.com\/es\/#\/schema\/logo\/image\/\"}},{\"@type\":\"Person\",\"@id\":\"https:\/\/www.externacorporativo.com\/es\/#\/schema\/person\/bdc7fa484ed4f3510b0ec3c089989e97\",\"name\":\"Programacion\",\"image\":{\"@type\":\"ImageObject\",\"inLanguage\":\"es\",\"@id\":\"https:\/\/www.externacorporativo.com\/es\/#\/schema\/person\/image\/\",\"url\":\"https:\/\/secure.gravatar.com\/avatar\/b46a7287724b495183c8c832facd7442?s=96&d=mm&r=g\",\"contentUrl\":\"https:\/\/secure.gravatar.com\/avatar\/b46a7287724b495183c8c832facd7442?s=96&d=mm&r=g\",\"caption\":\"Programacion\"},\"url\":\"https:\/\/www.externacorporativo.com\/es\/author\/programacion\/\"}]}<\/script>\n<!-- \/ Yoast SEO plugin. -->","yoast_head_json":{"title":"URUGUAY: Cambios fiscales en 2018 - Externa","robots":{"index":"index","follow":"follow","max-snippet":"max-snippet:-1","max-image-preview":"max-image-preview:large","max-video-preview":"max-video-preview:-1"},"canonical":"https:\/\/www.externacorporativo.com\/es\/uruguay-cambios-fiscales-en-2018-2\/","og_locale":"es_ES","og_type":"article","og_title":"URUGUAY: Cambios fiscales en 2018 - Externa","og_description":"Tambi\u00e9n al otro lado del charco, entran en vigor cambios tributarios con el nuevo a\u00f1o. La Ley de Rendici\u00f3n de Cuentas de 2017, nos deja novedades para este mes de enero, Algunos de ellos, han sido criticados porque afectan directamente los compromisos tomados en el \u00e1mbito del Mercosur, ya que suben imposiciones a la importaci\u00f3n [&hellip;]","og_url":"https:\/\/www.externacorporativo.com\/es\/uruguay-cambios-fiscales-en-2018-2\/","og_site_name":"Externa","article_published_time":"2023-06-01T07:27:00+00:00","article_modified_time":"2023-06-01T07:27:01+00:00","author":"Programacion","twitter_card":"summary_large_image","twitter_misc":{"Escrito por":"Programacion","Tiempo de lectura":"2 minutos"},"schema":{"@context":"https:\/\/schema.org","@graph":[{"@type":"Article","@id":"https:\/\/www.externacorporativo.com\/es\/uruguay-cambios-fiscales-en-2018-2\/#article","isPartOf":{"@id":"https:\/\/www.externacorporativo.com\/es\/uruguay-cambios-fiscales-en-2018-2\/"},"author":{"name":"Programacion","@id":"https:\/\/www.externacorporativo.com\/es\/#\/schema\/person\/bdc7fa484ed4f3510b0ec3c089989e97"},"headline":"URUGUAY: Cambios fiscales en 2018","datePublished":"2023-06-01T07:27:00+00:00","dateModified":"2023-06-01T07:27:01+00:00","mainEntityOfPage":{"@id":"https:\/\/www.externacorporativo.com\/es\/uruguay-cambios-fiscales-en-2018-2\/"},"wordCount":421,"commentCount":0,"publisher":{"@id":"https:\/\/www.externacorporativo.com\/es\/#organization"},"inLanguage":"es","potentialAction":[{"@type":"CommentAction","name":"Comment","target":["https:\/\/www.externacorporativo.com\/es\/uruguay-cambios-fiscales-en-2018-2\/#respond"]}]},{"@type":"WebPage","@id":"https:\/\/www.externacorporativo.com\/es\/uruguay-cambios-fiscales-en-2018-2\/","url":"https:\/\/www.externacorporativo.com\/es\/uruguay-cambios-fiscales-en-2018-2\/","name":"URUGUAY: Cambios fiscales en 2018 - Externa","isPartOf":{"@id":"https:\/\/www.externacorporativo.com\/es\/#website"},"datePublished":"2023-06-01T07:27:00+00:00","dateModified":"2023-06-01T07:27:01+00:00","breadcrumb":{"@id":"https:\/\/www.externacorporativo.com\/es\/uruguay-cambios-fiscales-en-2018-2\/#breadcrumb"},"inLanguage":"es","potentialAction":[{"@type":"ReadAction","target":["https:\/\/www.externacorporativo.com\/es\/uruguay-cambios-fiscales-en-2018-2\/"]}]},{"@type":"BreadcrumbList","@id":"https:\/\/www.externacorporativo.com\/es\/uruguay-cambios-fiscales-en-2018-2\/#breadcrumb","itemListElement":[{"@type":"ListItem","position":1,"name":"Portada","item":"https:\/\/www.externacorporativo.com\/es\/"},{"@type":"ListItem","position":2,"name":"URUGUAY: Cambios fiscales en 2018"}]},{"@type":"WebSite","@id":"https:\/\/www.externacorporativo.com\/es\/#website","url":"https:\/\/www.externacorporativo.com\/es\/","name":"Externa","description":"","publisher":{"@id":"https:\/\/www.externacorporativo.com\/es\/#organization"},"potentialAction":[{"@type":"SearchAction","target":{"@type":"EntryPoint","urlTemplate":"https:\/\/www.externacorporativo.com\/es\/?s={search_term_string}"},"query-input":"required name=search_term_string"}],"inLanguage":"es"},{"@type":"Organization","@id":"https:\/\/www.externacorporativo.com\/es\/#organization","name":"Externa","url":"https:\/\/www.externacorporativo.com\/es\/","logo":{"@type":"ImageObject","inLanguage":"es","@id":"https:\/\/www.externacorporativo.com\/es\/#\/schema\/logo\/image\/","url":"https:\/\/www.externacorporativo.com\/wp-content\/uploads\/2023\/04\/Sin-nombre.png","contentUrl":"https:\/\/www.externacorporativo.com\/wp-content\/uploads\/2023\/04\/Sin-nombre.png","width":297,"height":109,"caption":"Externa"},"image":{"@id":"https:\/\/www.externacorporativo.com\/es\/#\/schema\/logo\/image\/"}},{"@type":"Person","@id":"https:\/\/www.externacorporativo.com\/es\/#\/schema\/person\/bdc7fa484ed4f3510b0ec3c089989e97","name":"Programacion","image":{"@type":"ImageObject","inLanguage":"es","@id":"https:\/\/www.externacorporativo.com\/es\/#\/schema\/person\/image\/","url":"https:\/\/secure.gravatar.com\/avatar\/b46a7287724b495183c8c832facd7442?s=96&d=mm&r=g","contentUrl":"https:\/\/secure.gravatar.com\/avatar\/b46a7287724b495183c8c832facd7442?s=96&d=mm&r=g","caption":"Programacion"},"url":"https:\/\/www.externacorporativo.com\/es\/author\/programacion\/"}]}},"_links":{"self":[{"href":"https:\/\/www.externacorporativo.com\/es\/wp-json\/wp\/v2\/posts\/1318"}],"collection":[{"href":"https:\/\/www.externacorporativo.com\/es\/wp-json\/wp\/v2\/posts"}],"about":[{"href":"https:\/\/www.externacorporativo.com\/es\/wp-json\/wp\/v2\/types\/post"}],"author":[{"embeddable":true,"href":"https:\/\/www.externacorporativo.com\/es\/wp-json\/wp\/v2\/users\/2"}],"replies":[{"embeddable":true,"href":"https:\/\/www.externacorporativo.com\/es\/wp-json\/wp\/v2\/comments?post=1318"}],"version-history":[{"count":1,"href":"https:\/\/www.externacorporativo.com\/es\/wp-json\/wp\/v2\/posts\/1318\/revisions"}],"predecessor-version":[{"id":2160,"href":"https:\/\/www.externacorporativo.com\/es\/wp-json\/wp\/v2\/posts\/1318\/revisions\/2160"}],"wp:attachment":[{"href":"https:\/\/www.externacorporativo.com\/es\/wp-json\/wp\/v2\/media?parent=1318"}],"wp:term":[{"taxonomy":"category","embeddable":true,"href":"https:\/\/www.externacorporativo.com\/es\/wp-json\/wp\/v2\/categories?post=1318"},{"taxonomy":"post_tag","embeddable":true,"href":"https:\/\/www.externacorporativo.com\/es\/wp-json\/wp\/v2\/tags?post=1318"}],"curies":[{"name":"wp","href":"https:\/\/api.w.org\/{rel}","templated":true}]}}