{"id":1329,"date":"2023-06-01T07:27:00","date_gmt":"2023-06-01T07:27:00","guid":{"rendered":"https:\/\/www.externacorporativo.com\/espana-novedades-en-la-retribucion-de-consejeros-ejecutivos\/"},"modified":"2023-06-01T07:27:03","modified_gmt":"2023-06-01T07:27:03","slug":"espana-novedades-en-la-retribucion-de-consejeros-ejecutivos","status":"publish","type":"post","link":"https:\/\/www.externacorporativo.com\/es\/espana-novedades-en-la-retribucion-de-consejeros-ejecutivos\/","title":{"rendered":"ESPA\u00d1A: Novedades en la retribuci\u00f3n de consejeros ejecutivos"},"content":{"rendered":"<p style=\"text-align: justify;\">El Tribunal Supremo, en su sentencia del pasado 26 de febrero, referente a una sociedad de responsabilidad limitada y haciendo menci\u00f3n especial a las no cotizadas, ha interpretado, de modo contrario a como lo ven\u00eda haciendo la doctrina cient\u00edfica y la Direcci\u00f3n General de los Registros y del Notariado en resoluci\u00f3n de fecha 17 de junio de 2016, que fue ratificada por la Audiencia Provincial de Barcelona 295\/2017 de 30 de junio, sobre la regulaci\u00f3n de la retribuci\u00f3n de los consejeros ejecutivos.<\/p>\n<p style=\"text-align: justify;\">El TS sostiene que la retribuci\u00f3n de los consejeros ejecutivos incluye la retribuci\u00f3n de las funciones deliberativas, as\u00ed como las ejecutivas. En este sentido, el r\u00e9gimen de aprobaci\u00f3n de las retribuciones de los consejeros que desempe\u00f1an funciones ejecutivas no se limitar\u00eda al r\u00e9gimen del art\u00edculo 249 de la Ley de Sociedades de Capital, es decir, a la exigencia de un contrato aprobado por una mayor\u00eda de dos tercios del propio consejo, sino que, adem\u00e1s, debe someterse al r\u00e9gimen del art\u00edculo 217 de la misma Ley.<\/p>\n<p style=\"text-align: justify;\">Esta interpretaci\u00f3n y sujeci\u00f3n al art\u00edculo 217 implica que los Estatutos deban incluir el sistema de remuneraci\u00f3n de las funciones ejecutivas y que el importe de las mismas deber\u00e1 atenerse al m\u00e1ximo anual establecido por la Junta.<\/p>\n<p style=\"text-align: justify;\">Cada entidad deber\u00e1 analizar su situaci\u00f3n con el fin de adaptarse a esta nueva interpretaci\u00f3n.<\/p>\n","protected":false},"excerpt":{"rendered":"<p>ESPA\u00d1A: Novedades en la retribuci\u00f3n de consejeros ejecutivos<\/p>\n","protected":false},"author":2,"featured_media":0,"comment_status":"open","ping_status":"open","sticky":false,"template":"","format":"standard","meta":[],"categories":[],"tags":[],"yoast_head":"<!-- This site is optimized with the Yoast SEO plugin v20.0 - https:\/\/yoast.com\/wordpress\/plugins\/seo\/ -->\n<title>ESPA\u00d1A: Novedades en la retribuci\u00f3n de consejeros ejecutivos - Externa<\/title>\n<meta name=\"robots\" content=\"index, follow, max-snippet:-1, max-image-preview:large, max-video-preview:-1\" \/>\n<link rel=\"canonical\" href=\"https:\/\/www.externacorporativo.com\/es\/espana-novedades-en-la-retribucion-de-consejeros-ejecutivos\/\" \/>\n<meta property=\"og:locale\" content=\"es_ES\" \/>\n<meta property=\"og:type\" content=\"article\" \/>\n<meta property=\"og:title\" content=\"ESPA\u00d1A: Novedades en la retribuci\u00f3n de consejeros ejecutivos - Externa\" \/>\n<meta property=\"og:description\" content=\"ESPA\u00d1A: Novedades en la retribuci\u00f3n de consejeros ejecutivos\" \/>\n<meta property=\"og:url\" content=\"https:\/\/www.externacorporativo.com\/es\/espana-novedades-en-la-retribucion-de-consejeros-ejecutivos\/\" \/>\n<meta property=\"og:site_name\" content=\"Externa\" \/>\n<meta property=\"article:published_time\" content=\"2023-06-01T07:27:00+00:00\" \/>\n<meta property=\"article:modified_time\" content=\"2023-06-01T07:27:03+00:00\" \/>\n<meta name=\"author\" content=\"Programacion\" \/>\n<meta name=\"twitter:card\" content=\"summary_large_image\" \/>\n<meta name=\"twitter:label1\" content=\"Escrito por\" \/>\n\t<meta name=\"twitter:data1\" content=\"Programacion\" \/>\n\t<meta name=\"twitter:label2\" content=\"Tiempo de lectura\" \/>\n\t<meta name=\"twitter:data2\" content=\"1 minuto\" \/>\n<script type=\"application\/ld+json\" class=\"yoast-schema-graph\">{\"@context\":\"https:\/\/schema.org\",\"@graph\":[{\"@type\":\"Article\",\"@id\":\"https:\/\/www.externacorporativo.com\/es\/espana-novedades-en-la-retribucion-de-consejeros-ejecutivos\/#article\",\"isPartOf\":{\"@id\":\"https:\/\/www.externacorporativo.com\/es\/espana-novedades-en-la-retribucion-de-consejeros-ejecutivos\/\"},\"author\":{\"name\":\"Programacion\",\"@id\":\"https:\/\/www.externacorporativo.com\/es\/#\/schema\/person\/bdc7fa484ed4f3510b0ec3c089989e97\"},\"headline\":\"ESPA\u00d1A: Novedades en la retribuci\u00f3n de consejeros ejecutivos\",\"datePublished\":\"2023-06-01T07:27:00+00:00\",\"dateModified\":\"2023-06-01T07:27:03+00:00\",\"mainEntityOfPage\":{\"@id\":\"https:\/\/www.externacorporativo.com\/es\/espana-novedades-en-la-retribucion-de-consejeros-ejecutivos\/\"},\"wordCount\":247,\"commentCount\":0,\"publisher\":{\"@id\":\"https:\/\/www.externacorporativo.com\/es\/#organization\"},\"inLanguage\":\"es\",\"potentialAction\":[{\"@type\":\"CommentAction\",\"name\":\"Comment\",\"target\":[\"https:\/\/www.externacorporativo.com\/es\/espana-novedades-en-la-retribucion-de-consejeros-ejecutivos\/#respond\"]}]},{\"@type\":\"WebPage\",\"@id\":\"https:\/\/www.externacorporativo.com\/es\/espana-novedades-en-la-retribucion-de-consejeros-ejecutivos\/\",\"url\":\"https:\/\/www.externacorporativo.com\/es\/espana-novedades-en-la-retribucion-de-consejeros-ejecutivos\/\",\"name\":\"ESPA\u00d1A: Novedades en la retribuci\u00f3n de consejeros ejecutivos - Externa\",\"isPartOf\":{\"@id\":\"https:\/\/www.externacorporativo.com\/es\/#website\"},\"datePublished\":\"2023-06-01T07:27:00+00:00\",\"dateModified\":\"2023-06-01T07:27:03+00:00\",\"breadcrumb\":{\"@id\":\"https:\/\/www.externacorporativo.com\/es\/espana-novedades-en-la-retribucion-de-consejeros-ejecutivos\/#breadcrumb\"},\"inLanguage\":\"es\",\"potentialAction\":[{\"@type\":\"ReadAction\",\"target\":[\"https:\/\/www.externacorporativo.com\/es\/espana-novedades-en-la-retribucion-de-consejeros-ejecutivos\/\"]}]},{\"@type\":\"BreadcrumbList\",\"@id\":\"https:\/\/www.externacorporativo.com\/es\/espana-novedades-en-la-retribucion-de-consejeros-ejecutivos\/#breadcrumb\",\"itemListElement\":[{\"@type\":\"ListItem\",\"position\":1,\"name\":\"Portada\",\"item\":\"https:\/\/www.externacorporativo.com\/es\/\"},{\"@type\":\"ListItem\",\"position\":2,\"name\":\"ESPA\u00d1A: Novedades en la retribuci\u00f3n de consejeros ejecutivos\"}]},{\"@type\":\"WebSite\",\"@id\":\"https:\/\/www.externacorporativo.com\/es\/#website\",\"url\":\"https:\/\/www.externacorporativo.com\/es\/\",\"name\":\"Externa\",\"description\":\"\",\"publisher\":{\"@id\":\"https:\/\/www.externacorporativo.com\/es\/#organization\"},\"potentialAction\":[{\"@type\":\"SearchAction\",\"target\":{\"@type\":\"EntryPoint\",\"urlTemplate\":\"https:\/\/www.externacorporativo.com\/es\/?s={search_term_string}\"},\"query-input\":\"required name=search_term_string\"}],\"inLanguage\":\"es\"},{\"@type\":\"Organization\",\"@id\":\"https:\/\/www.externacorporativo.com\/es\/#organization\",\"name\":\"Externa\",\"url\":\"https:\/\/www.externacorporativo.com\/es\/\",\"logo\":{\"@type\":\"ImageObject\",\"inLanguage\":\"es\",\"@id\":\"https:\/\/www.externacorporativo.com\/es\/#\/schema\/logo\/image\/\",\"url\":\"https:\/\/www.externacorporativo.com\/wp-content\/uploads\/2023\/04\/Sin-nombre.png\",\"contentUrl\":\"https:\/\/www.externacorporativo.com\/wp-content\/uploads\/2023\/04\/Sin-nombre.png\",\"width\":297,\"height\":109,\"caption\":\"Externa\"},\"image\":{\"@id\":\"https:\/\/www.externacorporativo.com\/es\/#\/schema\/logo\/image\/\"}},{\"@type\":\"Person\",\"@id\":\"https:\/\/www.externacorporativo.com\/es\/#\/schema\/person\/bdc7fa484ed4f3510b0ec3c089989e97\",\"name\":\"Programacion\",\"image\":{\"@type\":\"ImageObject\",\"inLanguage\":\"es\",\"@id\":\"https:\/\/www.externacorporativo.com\/es\/#\/schema\/person\/image\/\",\"url\":\"https:\/\/secure.gravatar.com\/avatar\/b46a7287724b495183c8c832facd7442?s=96&d=mm&r=g\",\"contentUrl\":\"https:\/\/secure.gravatar.com\/avatar\/b46a7287724b495183c8c832facd7442?s=96&d=mm&r=g\",\"caption\":\"Programacion\"},\"url\":\"https:\/\/www.externacorporativo.com\/es\/author\/programacion\/\"}]}<\/script>\n<!-- \/ Yoast SEO plugin. -->","yoast_head_json":{"title":"ESPA\u00d1A: Novedades en la retribuci\u00f3n de consejeros ejecutivos - Externa","robots":{"index":"index","follow":"follow","max-snippet":"max-snippet:-1","max-image-preview":"max-image-preview:large","max-video-preview":"max-video-preview:-1"},"canonical":"https:\/\/www.externacorporativo.com\/es\/espana-novedades-en-la-retribucion-de-consejeros-ejecutivos\/","og_locale":"es_ES","og_type":"article","og_title":"ESPA\u00d1A: Novedades en la retribuci\u00f3n de consejeros ejecutivos - Externa","og_description":"ESPA\u00d1A: Novedades en la retribuci\u00f3n de consejeros ejecutivos","og_url":"https:\/\/www.externacorporativo.com\/es\/espana-novedades-en-la-retribucion-de-consejeros-ejecutivos\/","og_site_name":"Externa","article_published_time":"2023-06-01T07:27:00+00:00","article_modified_time":"2023-06-01T07:27:03+00:00","author":"Programacion","twitter_card":"summary_large_image","twitter_misc":{"Escrito por":"Programacion","Tiempo de lectura":"1 minuto"},"schema":{"@context":"https:\/\/schema.org","@graph":[{"@type":"Article","@id":"https:\/\/www.externacorporativo.com\/es\/espana-novedades-en-la-retribucion-de-consejeros-ejecutivos\/#article","isPartOf":{"@id":"https:\/\/www.externacorporativo.com\/es\/espana-novedades-en-la-retribucion-de-consejeros-ejecutivos\/"},"author":{"name":"Programacion","@id":"https:\/\/www.externacorporativo.com\/es\/#\/schema\/person\/bdc7fa484ed4f3510b0ec3c089989e97"},"headline":"ESPA\u00d1A: Novedades en la retribuci\u00f3n de consejeros ejecutivos","datePublished":"2023-06-01T07:27:00+00:00","dateModified":"2023-06-01T07:27:03+00:00","mainEntityOfPage":{"@id":"https:\/\/www.externacorporativo.com\/es\/espana-novedades-en-la-retribucion-de-consejeros-ejecutivos\/"},"wordCount":247,"commentCount":0,"publisher":{"@id":"https:\/\/www.externacorporativo.com\/es\/#organization"},"inLanguage":"es","potentialAction":[{"@type":"CommentAction","name":"Comment","target":["https:\/\/www.externacorporativo.com\/es\/espana-novedades-en-la-retribucion-de-consejeros-ejecutivos\/#respond"]}]},{"@type":"WebPage","@id":"https:\/\/www.externacorporativo.com\/es\/espana-novedades-en-la-retribucion-de-consejeros-ejecutivos\/","url":"https:\/\/www.externacorporativo.com\/es\/espana-novedades-en-la-retribucion-de-consejeros-ejecutivos\/","name":"ESPA\u00d1A: Novedades en la retribuci\u00f3n de consejeros ejecutivos - Externa","isPartOf":{"@id":"https:\/\/www.externacorporativo.com\/es\/#website"},"datePublished":"2023-06-01T07:27:00+00:00","dateModified":"2023-06-01T07:27:03+00:00","breadcrumb":{"@id":"https:\/\/www.externacorporativo.com\/es\/espana-novedades-en-la-retribucion-de-consejeros-ejecutivos\/#breadcrumb"},"inLanguage":"es","potentialAction":[{"@type":"ReadAction","target":["https:\/\/www.externacorporativo.com\/es\/espana-novedades-en-la-retribucion-de-consejeros-ejecutivos\/"]}]},{"@type":"BreadcrumbList","@id":"https:\/\/www.externacorporativo.com\/es\/espana-novedades-en-la-retribucion-de-consejeros-ejecutivos\/#breadcrumb","itemListElement":[{"@type":"ListItem","position":1,"name":"Portada","item":"https:\/\/www.externacorporativo.com\/es\/"},{"@type":"ListItem","position":2,"name":"ESPA\u00d1A: Novedades en la retribuci\u00f3n de consejeros ejecutivos"}]},{"@type":"WebSite","@id":"https:\/\/www.externacorporativo.com\/es\/#website","url":"https:\/\/www.externacorporativo.com\/es\/","name":"Externa","description":"","publisher":{"@id":"https:\/\/www.externacorporativo.com\/es\/#organization"},"potentialAction":[{"@type":"SearchAction","target":{"@type":"EntryPoint","urlTemplate":"https:\/\/www.externacorporativo.com\/es\/?s={search_term_string}"},"query-input":"required name=search_term_string"}],"inLanguage":"es"},{"@type":"Organization","@id":"https:\/\/www.externacorporativo.com\/es\/#organization","name":"Externa","url":"https:\/\/www.externacorporativo.com\/es\/","logo":{"@type":"ImageObject","inLanguage":"es","@id":"https:\/\/www.externacorporativo.com\/es\/#\/schema\/logo\/image\/","url":"https:\/\/www.externacorporativo.com\/wp-content\/uploads\/2023\/04\/Sin-nombre.png","contentUrl":"https:\/\/www.externacorporativo.com\/wp-content\/uploads\/2023\/04\/Sin-nombre.png","width":297,"height":109,"caption":"Externa"},"image":{"@id":"https:\/\/www.externacorporativo.com\/es\/#\/schema\/logo\/image\/"}},{"@type":"Person","@id":"https:\/\/www.externacorporativo.com\/es\/#\/schema\/person\/bdc7fa484ed4f3510b0ec3c089989e97","name":"Programacion","image":{"@type":"ImageObject","inLanguage":"es","@id":"https:\/\/www.externacorporativo.com\/es\/#\/schema\/person\/image\/","url":"https:\/\/secure.gravatar.com\/avatar\/b46a7287724b495183c8c832facd7442?s=96&d=mm&r=g","contentUrl":"https:\/\/secure.gravatar.com\/avatar\/b46a7287724b495183c8c832facd7442?s=96&d=mm&r=g","caption":"Programacion"},"url":"https:\/\/www.externacorporativo.com\/es\/author\/programacion\/"}]}},"_links":{"self":[{"href":"https:\/\/www.externacorporativo.com\/es\/wp-json\/wp\/v2\/posts\/1329"}],"collection":[{"href":"https:\/\/www.externacorporativo.com\/es\/wp-json\/wp\/v2\/posts"}],"about":[{"href":"https:\/\/www.externacorporativo.com\/es\/wp-json\/wp\/v2\/types\/post"}],"author":[{"embeddable":true,"href":"https:\/\/www.externacorporativo.com\/es\/wp-json\/wp\/v2\/users\/2"}],"replies":[{"embeddable":true,"href":"https:\/\/www.externacorporativo.com\/es\/wp-json\/wp\/v2\/comments?post=1329"}],"version-history":[{"count":1,"href":"https:\/\/www.externacorporativo.com\/es\/wp-json\/wp\/v2\/posts\/1329\/revisions"}],"predecessor-version":[{"id":2171,"href":"https:\/\/www.externacorporativo.com\/es\/wp-json\/wp\/v2\/posts\/1329\/revisions\/2171"}],"wp:attachment":[{"href":"https:\/\/www.externacorporativo.com\/es\/wp-json\/wp\/v2\/media?parent=1329"}],"wp:term":[{"taxonomy":"category","embeddable":true,"href":"https:\/\/www.externacorporativo.com\/es\/wp-json\/wp\/v2\/categories?post=1329"},{"taxonomy":"post_tag","embeddable":true,"href":"https:\/\/www.externacorporativo.com\/es\/wp-json\/wp\/v2\/tags?post=1329"}],"curies":[{"name":"wp","href":"https:\/\/api.w.org\/{rel}","templated":true}]}}