{"id":1347,"date":"2023-06-01T07:27:03","date_gmt":"2023-06-01T07:27:03","guid":{"rendered":"https:\/\/www.externacorporativo.com\/union-europea-fin-del-bloqueo-geografico-al-e-commerce-en-europa-3\/"},"modified":"2023-06-01T07:27:06","modified_gmt":"2023-06-01T07:27:06","slug":"union-europea-fin-del-bloqueo-geografico-al-e-commerce-en-europa-3","status":"publish","type":"post","link":"https:\/\/www.externacorporativo.com\/es\/union-europea-fin-del-bloqueo-geografico-al-e-commerce-en-europa-3\/","title":{"rendered":"UNI\u00d3N EUROPEA: Fin del bloqueo geogr\u00e1fico al e-commerce en Europa"},"content":{"rendered":"<p style=\"text-align: justify;\">La Comisi\u00f3n Europea ha aprobado la incorporaci\u00f3n de nuevas reglas para evitar la discriminaci\u00f3n de los consumidores y las empresas en el acceso a los precios, las ventas o las condiciones de pago al comprar productos y servicios en otro pa\u00eds de la UE.<\/p>\n<p style=\"text-align: justify;\">Se espera que el nuevo Reglamento sobre la Ley de Competencia se publique a finales del mes de mayo de 2018 y entrar\u00eda en vigor a finales del mismo a\u00f1o. Sin embargo, ya la UE prev\u00e9 un per\u00edodo de prueba de 2 a\u00f1os a fin de realizar los ajustes necesarios previendo la constante evoluci\u00f3n del sector.<\/p>\n<p style=\"text-align: justify;\">Esto no implica que la diferenciaci\u00f3n de precios vaya a estar prohibida; los operadores podr\u00e1n ofrecer condiciones generales, incluidos los precios, y dirigirse a grupos de clientes en territorios espec\u00edficos. Tampoco se obligar\u00e1 a los comerciantes a la entrega de productos fuera del estado miembro en el que ofrece la entrega habitualmente. Sin embargo, s\u00ed se proh\u00edbe la discriminaci\u00f3n injustificada en relaci\u00f3n a los medios de pago o la limitaci\u00f3n del acceso a la interfaz de sus p\u00e1ginas por razones de nacionalidad o residencia<\/p>\n<p style=\"text-align: justify;\">En el nuevo Reglamento s\u00f3lo estar\u00e1 excluido de estos supuestos el acceso a contenidos protegidos por derechos de autor, m\u00fasica, libros electr\u00f3nicos, juegos en l\u00ednea o software; as\u00ed como tambi\u00e9n otros servicios como los financieros, audiovisuales, transporte, sanitarios y sociales.<\/p>\n<p>&nbsp;<\/p>\n","protected":false},"excerpt":{"rendered":"<p>La Comisi\u00f3n Europea ha aprobado la incorporaci\u00f3n de nuevas reglas para evitar la discriminaci\u00f3n de los consumidores y las empresas en el acceso a los precios, las ventas o las condiciones de pago al comprar productos y servicios en otro pa\u00eds de la UE. Se espera que el nuevo Reglamento sobre la Ley de Competencia [&hellip;]<\/p>\n","protected":false},"author":2,"featured_media":0,"comment_status":"open","ping_status":"open","sticky":false,"template":"","format":"standard","meta":[],"categories":[],"tags":[],"yoast_head":"<!-- This site is optimized with the Yoast SEO plugin v20.0 - https:\/\/yoast.com\/wordpress\/plugins\/seo\/ -->\n<title>UNI\u00d3N EUROPEA: Fin del bloqueo geogr\u00e1fico al e-commerce en Europa - Externa<\/title>\n<meta name=\"robots\" content=\"index, follow, max-snippet:-1, max-image-preview:large, max-video-preview:-1\" \/>\n<link rel=\"canonical\" href=\"https:\/\/www.externacorporativo.com\/es\/union-europea-fin-del-bloqueo-geografico-al-e-commerce-en-europa-3\/\" \/>\n<meta property=\"og:locale\" content=\"es_ES\" \/>\n<meta property=\"og:type\" content=\"article\" \/>\n<meta property=\"og:title\" content=\"UNI\u00d3N EUROPEA: Fin del bloqueo geogr\u00e1fico al e-commerce en Europa - Externa\" \/>\n<meta property=\"og:description\" content=\"La Comisi\u00f3n Europea ha aprobado la incorporaci\u00f3n de nuevas reglas para evitar la discriminaci\u00f3n de los consumidores y las empresas en el acceso a los precios, las ventas o las condiciones de pago al comprar productos y servicios en otro pa\u00eds de la UE. Se espera que el nuevo Reglamento sobre la Ley de Competencia [&hellip;]\" \/>\n<meta property=\"og:url\" content=\"https:\/\/www.externacorporativo.com\/es\/union-europea-fin-del-bloqueo-geografico-al-e-commerce-en-europa-3\/\" \/>\n<meta property=\"og:site_name\" content=\"Externa\" \/>\n<meta property=\"article:published_time\" content=\"2023-06-01T07:27:03+00:00\" \/>\n<meta property=\"article:modified_time\" content=\"2023-06-01T07:27:06+00:00\" \/>\n<meta name=\"author\" content=\"Programacion\" \/>\n<meta name=\"twitter:card\" content=\"summary_large_image\" \/>\n<meta name=\"twitter:label1\" content=\"Escrito por\" \/>\n\t<meta name=\"twitter:data1\" content=\"Programacion\" \/>\n\t<meta name=\"twitter:label2\" content=\"Tiempo de lectura\" \/>\n\t<meta name=\"twitter:data2\" content=\"1 minuto\" \/>\n<script type=\"application\/ld+json\" class=\"yoast-schema-graph\">{\"@context\":\"https:\/\/schema.org\",\"@graph\":[{\"@type\":\"Article\",\"@id\":\"https:\/\/www.externacorporativo.com\/es\/union-europea-fin-del-bloqueo-geografico-al-e-commerce-en-europa-3\/#article\",\"isPartOf\":{\"@id\":\"https:\/\/www.externacorporativo.com\/es\/union-europea-fin-del-bloqueo-geografico-al-e-commerce-en-europa-3\/\"},\"author\":{\"name\":\"Programacion\",\"@id\":\"https:\/\/www.externacorporativo.com\/es\/#\/schema\/person\/bdc7fa484ed4f3510b0ec3c089989e97\"},\"headline\":\"UNI\u00d3N EUROPEA: Fin del bloqueo geogr\u00e1fico al e-commerce en Europa\",\"datePublished\":\"2023-06-01T07:27:03+00:00\",\"dateModified\":\"2023-06-01T07:27:06+00:00\",\"mainEntityOfPage\":{\"@id\":\"https:\/\/www.externacorporativo.com\/es\/union-europea-fin-del-bloqueo-geografico-al-e-commerce-en-europa-3\/\"},\"wordCount\":257,\"commentCount\":0,\"publisher\":{\"@id\":\"https:\/\/www.externacorporativo.com\/es\/#organization\"},\"inLanguage\":\"es\",\"potentialAction\":[{\"@type\":\"CommentAction\",\"name\":\"Comment\",\"target\":[\"https:\/\/www.externacorporativo.com\/es\/union-europea-fin-del-bloqueo-geografico-al-e-commerce-en-europa-3\/#respond\"]}]},{\"@type\":\"WebPage\",\"@id\":\"https:\/\/www.externacorporativo.com\/es\/union-europea-fin-del-bloqueo-geografico-al-e-commerce-en-europa-3\/\",\"url\":\"https:\/\/www.externacorporativo.com\/es\/union-europea-fin-del-bloqueo-geografico-al-e-commerce-en-europa-3\/\",\"name\":\"UNI\u00d3N EUROPEA: Fin del bloqueo geogr\u00e1fico al e-commerce en Europa - Externa\",\"isPartOf\":{\"@id\":\"https:\/\/www.externacorporativo.com\/es\/#website\"},\"datePublished\":\"2023-06-01T07:27:03+00:00\",\"dateModified\":\"2023-06-01T07:27:06+00:00\",\"breadcrumb\":{\"@id\":\"https:\/\/www.externacorporativo.com\/es\/union-europea-fin-del-bloqueo-geografico-al-e-commerce-en-europa-3\/#breadcrumb\"},\"inLanguage\":\"es\",\"potentialAction\":[{\"@type\":\"ReadAction\",\"target\":[\"https:\/\/www.externacorporativo.com\/es\/union-europea-fin-del-bloqueo-geografico-al-e-commerce-en-europa-3\/\"]}]},{\"@type\":\"BreadcrumbList\",\"@id\":\"https:\/\/www.externacorporativo.com\/es\/union-europea-fin-del-bloqueo-geografico-al-e-commerce-en-europa-3\/#breadcrumb\",\"itemListElement\":[{\"@type\":\"ListItem\",\"position\":1,\"name\":\"Portada\",\"item\":\"https:\/\/www.externacorporativo.com\/es\/\"},{\"@type\":\"ListItem\",\"position\":2,\"name\":\"UNI\u00d3N EUROPEA: Fin del bloqueo geogr\u00e1fico al e-commerce en Europa\"}]},{\"@type\":\"WebSite\",\"@id\":\"https:\/\/www.externacorporativo.com\/es\/#website\",\"url\":\"https:\/\/www.externacorporativo.com\/es\/\",\"name\":\"Externa\",\"description\":\"\",\"publisher\":{\"@id\":\"https:\/\/www.externacorporativo.com\/es\/#organization\"},\"potentialAction\":[{\"@type\":\"SearchAction\",\"target\":{\"@type\":\"EntryPoint\",\"urlTemplate\":\"https:\/\/www.externacorporativo.com\/es\/?s={search_term_string}\"},\"query-input\":\"required name=search_term_string\"}],\"inLanguage\":\"es\"},{\"@type\":\"Organization\",\"@id\":\"https:\/\/www.externacorporativo.com\/es\/#organization\",\"name\":\"Externa\",\"url\":\"https:\/\/www.externacorporativo.com\/es\/\",\"logo\":{\"@type\":\"ImageObject\",\"inLanguage\":\"es\",\"@id\":\"https:\/\/www.externacorporativo.com\/es\/#\/schema\/logo\/image\/\",\"url\":\"https:\/\/www.externacorporativo.com\/wp-content\/uploads\/2023\/04\/Sin-nombre.png\",\"contentUrl\":\"https:\/\/www.externacorporativo.com\/wp-content\/uploads\/2023\/04\/Sin-nombre.png\",\"width\":297,\"height\":109,\"caption\":\"Externa\"},\"image\":{\"@id\":\"https:\/\/www.externacorporativo.com\/es\/#\/schema\/logo\/image\/\"}},{\"@type\":\"Person\",\"@id\":\"https:\/\/www.externacorporativo.com\/es\/#\/schema\/person\/bdc7fa484ed4f3510b0ec3c089989e97\",\"name\":\"Programacion\",\"image\":{\"@type\":\"ImageObject\",\"inLanguage\":\"es\",\"@id\":\"https:\/\/www.externacorporativo.com\/es\/#\/schema\/person\/image\/\",\"url\":\"https:\/\/secure.gravatar.com\/avatar\/b46a7287724b495183c8c832facd7442?s=96&d=mm&r=g\",\"contentUrl\":\"https:\/\/secure.gravatar.com\/avatar\/b46a7287724b495183c8c832facd7442?s=96&d=mm&r=g\",\"caption\":\"Programacion\"},\"url\":\"https:\/\/www.externacorporativo.com\/es\/author\/programacion\/\"}]}<\/script>\n<!-- \/ Yoast SEO plugin. -->","yoast_head_json":{"title":"UNI\u00d3N EUROPEA: Fin del bloqueo geogr\u00e1fico al e-commerce en Europa - Externa","robots":{"index":"index","follow":"follow","max-snippet":"max-snippet:-1","max-image-preview":"max-image-preview:large","max-video-preview":"max-video-preview:-1"},"canonical":"https:\/\/www.externacorporativo.com\/es\/union-europea-fin-del-bloqueo-geografico-al-e-commerce-en-europa-3\/","og_locale":"es_ES","og_type":"article","og_title":"UNI\u00d3N EUROPEA: Fin del bloqueo geogr\u00e1fico al e-commerce en Europa - Externa","og_description":"La Comisi\u00f3n Europea ha aprobado la incorporaci\u00f3n de nuevas reglas para evitar la discriminaci\u00f3n de los consumidores y las empresas en el acceso a los precios, las ventas o las condiciones de pago al comprar productos y servicios en otro pa\u00eds de la UE. Se espera que el nuevo Reglamento sobre la Ley de Competencia [&hellip;]","og_url":"https:\/\/www.externacorporativo.com\/es\/union-europea-fin-del-bloqueo-geografico-al-e-commerce-en-europa-3\/","og_site_name":"Externa","article_published_time":"2023-06-01T07:27:03+00:00","article_modified_time":"2023-06-01T07:27:06+00:00","author":"Programacion","twitter_card":"summary_large_image","twitter_misc":{"Escrito por":"Programacion","Tiempo de lectura":"1 minuto"},"schema":{"@context":"https:\/\/schema.org","@graph":[{"@type":"Article","@id":"https:\/\/www.externacorporativo.com\/es\/union-europea-fin-del-bloqueo-geografico-al-e-commerce-en-europa-3\/#article","isPartOf":{"@id":"https:\/\/www.externacorporativo.com\/es\/union-europea-fin-del-bloqueo-geografico-al-e-commerce-en-europa-3\/"},"author":{"name":"Programacion","@id":"https:\/\/www.externacorporativo.com\/es\/#\/schema\/person\/bdc7fa484ed4f3510b0ec3c089989e97"},"headline":"UNI\u00d3N EUROPEA: Fin del bloqueo geogr\u00e1fico al e-commerce en Europa","datePublished":"2023-06-01T07:27:03+00:00","dateModified":"2023-06-01T07:27:06+00:00","mainEntityOfPage":{"@id":"https:\/\/www.externacorporativo.com\/es\/union-europea-fin-del-bloqueo-geografico-al-e-commerce-en-europa-3\/"},"wordCount":257,"commentCount":0,"publisher":{"@id":"https:\/\/www.externacorporativo.com\/es\/#organization"},"inLanguage":"es","potentialAction":[{"@type":"CommentAction","name":"Comment","target":["https:\/\/www.externacorporativo.com\/es\/union-europea-fin-del-bloqueo-geografico-al-e-commerce-en-europa-3\/#respond"]}]},{"@type":"WebPage","@id":"https:\/\/www.externacorporativo.com\/es\/union-europea-fin-del-bloqueo-geografico-al-e-commerce-en-europa-3\/","url":"https:\/\/www.externacorporativo.com\/es\/union-europea-fin-del-bloqueo-geografico-al-e-commerce-en-europa-3\/","name":"UNI\u00d3N EUROPEA: Fin del bloqueo geogr\u00e1fico al e-commerce en Europa - Externa","isPartOf":{"@id":"https:\/\/www.externacorporativo.com\/es\/#website"},"datePublished":"2023-06-01T07:27:03+00:00","dateModified":"2023-06-01T07:27:06+00:00","breadcrumb":{"@id":"https:\/\/www.externacorporativo.com\/es\/union-europea-fin-del-bloqueo-geografico-al-e-commerce-en-europa-3\/#breadcrumb"},"inLanguage":"es","potentialAction":[{"@type":"ReadAction","target":["https:\/\/www.externacorporativo.com\/es\/union-europea-fin-del-bloqueo-geografico-al-e-commerce-en-europa-3\/"]}]},{"@type":"BreadcrumbList","@id":"https:\/\/www.externacorporativo.com\/es\/union-europea-fin-del-bloqueo-geografico-al-e-commerce-en-europa-3\/#breadcrumb","itemListElement":[{"@type":"ListItem","position":1,"name":"Portada","item":"https:\/\/www.externacorporativo.com\/es\/"},{"@type":"ListItem","position":2,"name":"UNI\u00d3N EUROPEA: Fin del bloqueo geogr\u00e1fico al e-commerce en Europa"}]},{"@type":"WebSite","@id":"https:\/\/www.externacorporativo.com\/es\/#website","url":"https:\/\/www.externacorporativo.com\/es\/","name":"Externa","description":"","publisher":{"@id":"https:\/\/www.externacorporativo.com\/es\/#organization"},"potentialAction":[{"@type":"SearchAction","target":{"@type":"EntryPoint","urlTemplate":"https:\/\/www.externacorporativo.com\/es\/?s={search_term_string}"},"query-input":"required name=search_term_string"}],"inLanguage":"es"},{"@type":"Organization","@id":"https:\/\/www.externacorporativo.com\/es\/#organization","name":"Externa","url":"https:\/\/www.externacorporativo.com\/es\/","logo":{"@type":"ImageObject","inLanguage":"es","@id":"https:\/\/www.externacorporativo.com\/es\/#\/schema\/logo\/image\/","url":"https:\/\/www.externacorporativo.com\/wp-content\/uploads\/2023\/04\/Sin-nombre.png","contentUrl":"https:\/\/www.externacorporativo.com\/wp-content\/uploads\/2023\/04\/Sin-nombre.png","width":297,"height":109,"caption":"Externa"},"image":{"@id":"https:\/\/www.externacorporativo.com\/es\/#\/schema\/logo\/image\/"}},{"@type":"Person","@id":"https:\/\/www.externacorporativo.com\/es\/#\/schema\/person\/bdc7fa484ed4f3510b0ec3c089989e97","name":"Programacion","image":{"@type":"ImageObject","inLanguage":"es","@id":"https:\/\/www.externacorporativo.com\/es\/#\/schema\/person\/image\/","url":"https:\/\/secure.gravatar.com\/avatar\/b46a7287724b495183c8c832facd7442?s=96&d=mm&r=g","contentUrl":"https:\/\/secure.gravatar.com\/avatar\/b46a7287724b495183c8c832facd7442?s=96&d=mm&r=g","caption":"Programacion"},"url":"https:\/\/www.externacorporativo.com\/es\/author\/programacion\/"}]}},"_links":{"self":[{"href":"https:\/\/www.externacorporativo.com\/es\/wp-json\/wp\/v2\/posts\/1347"}],"collection":[{"href":"https:\/\/www.externacorporativo.com\/es\/wp-json\/wp\/v2\/posts"}],"about":[{"href":"https:\/\/www.externacorporativo.com\/es\/wp-json\/wp\/v2\/types\/post"}],"author":[{"embeddable":true,"href":"https:\/\/www.externacorporativo.com\/es\/wp-json\/wp\/v2\/users\/2"}],"replies":[{"embeddable":true,"href":"https:\/\/www.externacorporativo.com\/es\/wp-json\/wp\/v2\/comments?post=1347"}],"version-history":[{"count":1,"href":"https:\/\/www.externacorporativo.com\/es\/wp-json\/wp\/v2\/posts\/1347\/revisions"}],"predecessor-version":[{"id":2189,"href":"https:\/\/www.externacorporativo.com\/es\/wp-json\/wp\/v2\/posts\/1347\/revisions\/2189"}],"wp:attachment":[{"href":"https:\/\/www.externacorporativo.com\/es\/wp-json\/wp\/v2\/media?parent=1347"}],"wp:term":[{"taxonomy":"category","embeddable":true,"href":"https:\/\/www.externacorporativo.com\/es\/wp-json\/wp\/v2\/categories?post=1347"},{"taxonomy":"post_tag","embeddable":true,"href":"https:\/\/www.externacorporativo.com\/es\/wp-json\/wp\/v2\/tags?post=1347"}],"curies":[{"name":"wp","href":"https:\/\/api.w.org\/{rel}","templated":true}]}}