{"id":1349,"date":"2023-06-01T07:27:03","date_gmt":"2023-06-01T07:27:03","guid":{"rendered":"https:\/\/www.externacorporativo.com\/bulgaria-prevencion-de-blanqueo-de-capitales-beneficiario-final-ultimo\/"},"modified":"2023-06-01T07:27:06","modified_gmt":"2023-06-01T07:27:06","slug":"bulgaria-prevencion-de-blanqueo-de-capitales-beneficiario-final-ultimo","status":"publish","type":"post","link":"https:\/\/www.externacorporativo.com\/es\/bulgaria-prevencion-de-blanqueo-de-capitales-beneficiario-final-ultimo\/","title":{"rendered":"BULGARIA: Prevenci\u00f3n de blanqueo de capitales. Beneficiario final \u00faltimo"},"content":{"rendered":"<p style=\"text-align: justify;\">La transposici\u00f3n de la Cuarta Directiva Europea contra el Blanqueo de Capitales, en Bulgaria, ha dado lugar a la publicaci\u00f3n de la una nueva ley estatal el pasado mes de marzo de 2018, de prevenci\u00f3n del blanqueo de capitales, que exige al igual que para el resto de pa\u00edses de la UE, la creaci\u00f3n de un registro que recoja la informaci\u00f3n sobre beneficiario final \u00faltimo de cada empresa, y que estar\u00e1 a cargo de la Agencia Fiscal B\u00falgara, la BULSTAT.<\/p>\n<p style=\"text-align: justify;\">Los registros locales deben establecer los procedimientos para recopilar y declarar la informaci\u00f3n sobre el beneficiario final \u00faltimo (UBO) antes del 01.10.2018, en enero de 2019 todas las entidades han de tener declarado y publicados sus UBO, en el Registro Central de la BULSAT.<\/p>\n<p style=\"text-align: justify;\">As\u00ed mismo, se refuerzan las sanciones por incumplimiento en \u00e1reas clave, como cheques de clientes, mantenimiento de registros e informes de transacciones sospechosas.<\/p>\n<p style=\"text-align: justify;\">En general las multas y sanciones se incrementan entre 500 a 25.000 Euros, y las multas por infracciones sistem\u00e1ticas podr\u00e1n llegar a los 5.000.000 Euros.<\/p>\n","protected":false},"excerpt":{"rendered":"<p>La transposici\u00f3n de la Cuarta Directiva Europea contra el Blanqueo de Capitales, en Bulgaria, ha dado lugar a la publicaci\u00f3n de la una nueva ley estatal el pasado mes de marzo de 2018, de prevenci\u00f3n del blanqueo de capitales, que exige al igual que para el resto de pa\u00edses de la UE, la creaci\u00f3n de [&hellip;]<\/p>\n","protected":false},"author":2,"featured_media":0,"comment_status":"open","ping_status":"open","sticky":false,"template":"","format":"standard","meta":[],"categories":[],"tags":[],"yoast_head":"<!-- This site is optimized with the Yoast SEO plugin v20.0 - https:\/\/yoast.com\/wordpress\/plugins\/seo\/ -->\n<title>BULGARIA: Prevenci\u00f3n de blanqueo de capitales. Beneficiario final \u00faltimo - Externa<\/title>\n<meta name=\"robots\" content=\"index, follow, max-snippet:-1, max-image-preview:large, max-video-preview:-1\" \/>\n<link rel=\"canonical\" href=\"https:\/\/www.externacorporativo.com\/es\/bulgaria-prevencion-de-blanqueo-de-capitales-beneficiario-final-ultimo\/\" \/>\n<meta property=\"og:locale\" content=\"es_ES\" \/>\n<meta property=\"og:type\" content=\"article\" \/>\n<meta property=\"og:title\" content=\"BULGARIA: Prevenci\u00f3n de blanqueo de capitales. Beneficiario final \u00faltimo - Externa\" \/>\n<meta property=\"og:description\" content=\"La transposici\u00f3n de la Cuarta Directiva Europea contra el Blanqueo de Capitales, en Bulgaria, ha dado lugar a la publicaci\u00f3n de la una nueva ley estatal el pasado mes de marzo de 2018, de prevenci\u00f3n del blanqueo de capitales, que exige al igual que para el resto de pa\u00edses de la UE, la creaci\u00f3n de [&hellip;]\" \/>\n<meta property=\"og:url\" content=\"https:\/\/www.externacorporativo.com\/es\/bulgaria-prevencion-de-blanqueo-de-capitales-beneficiario-final-ultimo\/\" \/>\n<meta property=\"og:site_name\" content=\"Externa\" \/>\n<meta property=\"article:published_time\" content=\"2023-06-01T07:27:03+00:00\" \/>\n<meta property=\"article:modified_time\" content=\"2023-06-01T07:27:06+00:00\" \/>\n<meta name=\"author\" content=\"Programacion\" \/>\n<meta name=\"twitter:card\" content=\"summary_large_image\" \/>\n<meta name=\"twitter:label1\" content=\"Escrito por\" \/>\n\t<meta name=\"twitter:data1\" content=\"Programacion\" \/>\n\t<meta name=\"twitter:label2\" content=\"Tiempo de lectura\" \/>\n\t<meta name=\"twitter:data2\" content=\"1 minuto\" \/>\n<script type=\"application\/ld+json\" class=\"yoast-schema-graph\">{\"@context\":\"https:\/\/schema.org\",\"@graph\":[{\"@type\":\"Article\",\"@id\":\"https:\/\/www.externacorporativo.com\/es\/bulgaria-prevencion-de-blanqueo-de-capitales-beneficiario-final-ultimo\/#article\",\"isPartOf\":{\"@id\":\"https:\/\/www.externacorporativo.com\/es\/bulgaria-prevencion-de-blanqueo-de-capitales-beneficiario-final-ultimo\/\"},\"author\":{\"name\":\"Programacion\",\"@id\":\"https:\/\/www.externacorporativo.com\/es\/#\/schema\/person\/bdc7fa484ed4f3510b0ec3c089989e97\"},\"headline\":\"BULGARIA: Prevenci\u00f3n de blanqueo de capitales. Beneficiario final \u00faltimo\",\"datePublished\":\"2023-06-01T07:27:03+00:00\",\"dateModified\":\"2023-06-01T07:27:06+00:00\",\"mainEntityOfPage\":{\"@id\":\"https:\/\/www.externacorporativo.com\/es\/bulgaria-prevencion-de-blanqueo-de-capitales-beneficiario-final-ultimo\/\"},\"wordCount\":186,\"commentCount\":0,\"publisher\":{\"@id\":\"https:\/\/www.externacorporativo.com\/es\/#organization\"},\"inLanguage\":\"es\",\"potentialAction\":[{\"@type\":\"CommentAction\",\"name\":\"Comment\",\"target\":[\"https:\/\/www.externacorporativo.com\/es\/bulgaria-prevencion-de-blanqueo-de-capitales-beneficiario-final-ultimo\/#respond\"]}]},{\"@type\":\"WebPage\",\"@id\":\"https:\/\/www.externacorporativo.com\/es\/bulgaria-prevencion-de-blanqueo-de-capitales-beneficiario-final-ultimo\/\",\"url\":\"https:\/\/www.externacorporativo.com\/es\/bulgaria-prevencion-de-blanqueo-de-capitales-beneficiario-final-ultimo\/\",\"name\":\"BULGARIA: Prevenci\u00f3n de blanqueo de capitales. Beneficiario final \u00faltimo - Externa\",\"isPartOf\":{\"@id\":\"https:\/\/www.externacorporativo.com\/es\/#website\"},\"datePublished\":\"2023-06-01T07:27:03+00:00\",\"dateModified\":\"2023-06-01T07:27:06+00:00\",\"breadcrumb\":{\"@id\":\"https:\/\/www.externacorporativo.com\/es\/bulgaria-prevencion-de-blanqueo-de-capitales-beneficiario-final-ultimo\/#breadcrumb\"},\"inLanguage\":\"es\",\"potentialAction\":[{\"@type\":\"ReadAction\",\"target\":[\"https:\/\/www.externacorporativo.com\/es\/bulgaria-prevencion-de-blanqueo-de-capitales-beneficiario-final-ultimo\/\"]}]},{\"@type\":\"BreadcrumbList\",\"@id\":\"https:\/\/www.externacorporativo.com\/es\/bulgaria-prevencion-de-blanqueo-de-capitales-beneficiario-final-ultimo\/#breadcrumb\",\"itemListElement\":[{\"@type\":\"ListItem\",\"position\":1,\"name\":\"Portada\",\"item\":\"https:\/\/www.externacorporativo.com\/es\/\"},{\"@type\":\"ListItem\",\"position\":2,\"name\":\"BULGARIA: Prevenci\u00f3n de blanqueo de capitales. Beneficiario final \u00faltimo\"}]},{\"@type\":\"WebSite\",\"@id\":\"https:\/\/www.externacorporativo.com\/es\/#website\",\"url\":\"https:\/\/www.externacorporativo.com\/es\/\",\"name\":\"Externa\",\"description\":\"\",\"publisher\":{\"@id\":\"https:\/\/www.externacorporativo.com\/es\/#organization\"},\"potentialAction\":[{\"@type\":\"SearchAction\",\"target\":{\"@type\":\"EntryPoint\",\"urlTemplate\":\"https:\/\/www.externacorporativo.com\/es\/?s={search_term_string}\"},\"query-input\":\"required name=search_term_string\"}],\"inLanguage\":\"es\"},{\"@type\":\"Organization\",\"@id\":\"https:\/\/www.externacorporativo.com\/es\/#organization\",\"name\":\"Externa\",\"url\":\"https:\/\/www.externacorporativo.com\/es\/\",\"logo\":{\"@type\":\"ImageObject\",\"inLanguage\":\"es\",\"@id\":\"https:\/\/www.externacorporativo.com\/es\/#\/schema\/logo\/image\/\",\"url\":\"https:\/\/www.externacorporativo.com\/wp-content\/uploads\/2023\/04\/Sin-nombre.png\",\"contentUrl\":\"https:\/\/www.externacorporativo.com\/wp-content\/uploads\/2023\/04\/Sin-nombre.png\",\"width\":297,\"height\":109,\"caption\":\"Externa\"},\"image\":{\"@id\":\"https:\/\/www.externacorporativo.com\/es\/#\/schema\/logo\/image\/\"}},{\"@type\":\"Person\",\"@id\":\"https:\/\/www.externacorporativo.com\/es\/#\/schema\/person\/bdc7fa484ed4f3510b0ec3c089989e97\",\"name\":\"Programacion\",\"image\":{\"@type\":\"ImageObject\",\"inLanguage\":\"es\",\"@id\":\"https:\/\/www.externacorporativo.com\/es\/#\/schema\/person\/image\/\",\"url\":\"https:\/\/secure.gravatar.com\/avatar\/b46a7287724b495183c8c832facd7442?s=96&d=mm&r=g\",\"contentUrl\":\"https:\/\/secure.gravatar.com\/avatar\/b46a7287724b495183c8c832facd7442?s=96&d=mm&r=g\",\"caption\":\"Programacion\"},\"url\":\"https:\/\/www.externacorporativo.com\/es\/author\/programacion\/\"}]}<\/script>\n<!-- \/ Yoast SEO plugin. -->","yoast_head_json":{"title":"BULGARIA: Prevenci\u00f3n de blanqueo de capitales. Beneficiario final \u00faltimo - Externa","robots":{"index":"index","follow":"follow","max-snippet":"max-snippet:-1","max-image-preview":"max-image-preview:large","max-video-preview":"max-video-preview:-1"},"canonical":"https:\/\/www.externacorporativo.com\/es\/bulgaria-prevencion-de-blanqueo-de-capitales-beneficiario-final-ultimo\/","og_locale":"es_ES","og_type":"article","og_title":"BULGARIA: Prevenci\u00f3n de blanqueo de capitales. Beneficiario final \u00faltimo - Externa","og_description":"La transposici\u00f3n de la Cuarta Directiva Europea contra el Blanqueo de Capitales, en Bulgaria, ha dado lugar a la publicaci\u00f3n de la una nueva ley estatal el pasado mes de marzo de 2018, de prevenci\u00f3n del blanqueo de capitales, que exige al igual que para el resto de pa\u00edses de la UE, la creaci\u00f3n de [&hellip;]","og_url":"https:\/\/www.externacorporativo.com\/es\/bulgaria-prevencion-de-blanqueo-de-capitales-beneficiario-final-ultimo\/","og_site_name":"Externa","article_published_time":"2023-06-01T07:27:03+00:00","article_modified_time":"2023-06-01T07:27:06+00:00","author":"Programacion","twitter_card":"summary_large_image","twitter_misc":{"Escrito por":"Programacion","Tiempo de lectura":"1 minuto"},"schema":{"@context":"https:\/\/schema.org","@graph":[{"@type":"Article","@id":"https:\/\/www.externacorporativo.com\/es\/bulgaria-prevencion-de-blanqueo-de-capitales-beneficiario-final-ultimo\/#article","isPartOf":{"@id":"https:\/\/www.externacorporativo.com\/es\/bulgaria-prevencion-de-blanqueo-de-capitales-beneficiario-final-ultimo\/"},"author":{"name":"Programacion","@id":"https:\/\/www.externacorporativo.com\/es\/#\/schema\/person\/bdc7fa484ed4f3510b0ec3c089989e97"},"headline":"BULGARIA: Prevenci\u00f3n de blanqueo de capitales. Beneficiario final \u00faltimo","datePublished":"2023-06-01T07:27:03+00:00","dateModified":"2023-06-01T07:27:06+00:00","mainEntityOfPage":{"@id":"https:\/\/www.externacorporativo.com\/es\/bulgaria-prevencion-de-blanqueo-de-capitales-beneficiario-final-ultimo\/"},"wordCount":186,"commentCount":0,"publisher":{"@id":"https:\/\/www.externacorporativo.com\/es\/#organization"},"inLanguage":"es","potentialAction":[{"@type":"CommentAction","name":"Comment","target":["https:\/\/www.externacorporativo.com\/es\/bulgaria-prevencion-de-blanqueo-de-capitales-beneficiario-final-ultimo\/#respond"]}]},{"@type":"WebPage","@id":"https:\/\/www.externacorporativo.com\/es\/bulgaria-prevencion-de-blanqueo-de-capitales-beneficiario-final-ultimo\/","url":"https:\/\/www.externacorporativo.com\/es\/bulgaria-prevencion-de-blanqueo-de-capitales-beneficiario-final-ultimo\/","name":"BULGARIA: Prevenci\u00f3n de blanqueo de capitales. Beneficiario final \u00faltimo - Externa","isPartOf":{"@id":"https:\/\/www.externacorporativo.com\/es\/#website"},"datePublished":"2023-06-01T07:27:03+00:00","dateModified":"2023-06-01T07:27:06+00:00","breadcrumb":{"@id":"https:\/\/www.externacorporativo.com\/es\/bulgaria-prevencion-de-blanqueo-de-capitales-beneficiario-final-ultimo\/#breadcrumb"},"inLanguage":"es","potentialAction":[{"@type":"ReadAction","target":["https:\/\/www.externacorporativo.com\/es\/bulgaria-prevencion-de-blanqueo-de-capitales-beneficiario-final-ultimo\/"]}]},{"@type":"BreadcrumbList","@id":"https:\/\/www.externacorporativo.com\/es\/bulgaria-prevencion-de-blanqueo-de-capitales-beneficiario-final-ultimo\/#breadcrumb","itemListElement":[{"@type":"ListItem","position":1,"name":"Portada","item":"https:\/\/www.externacorporativo.com\/es\/"},{"@type":"ListItem","position":2,"name":"BULGARIA: Prevenci\u00f3n de blanqueo de capitales. Beneficiario final \u00faltimo"}]},{"@type":"WebSite","@id":"https:\/\/www.externacorporativo.com\/es\/#website","url":"https:\/\/www.externacorporativo.com\/es\/","name":"Externa","description":"","publisher":{"@id":"https:\/\/www.externacorporativo.com\/es\/#organization"},"potentialAction":[{"@type":"SearchAction","target":{"@type":"EntryPoint","urlTemplate":"https:\/\/www.externacorporativo.com\/es\/?s={search_term_string}"},"query-input":"required name=search_term_string"}],"inLanguage":"es"},{"@type":"Organization","@id":"https:\/\/www.externacorporativo.com\/es\/#organization","name":"Externa","url":"https:\/\/www.externacorporativo.com\/es\/","logo":{"@type":"ImageObject","inLanguage":"es","@id":"https:\/\/www.externacorporativo.com\/es\/#\/schema\/logo\/image\/","url":"https:\/\/www.externacorporativo.com\/wp-content\/uploads\/2023\/04\/Sin-nombre.png","contentUrl":"https:\/\/www.externacorporativo.com\/wp-content\/uploads\/2023\/04\/Sin-nombre.png","width":297,"height":109,"caption":"Externa"},"image":{"@id":"https:\/\/www.externacorporativo.com\/es\/#\/schema\/logo\/image\/"}},{"@type":"Person","@id":"https:\/\/www.externacorporativo.com\/es\/#\/schema\/person\/bdc7fa484ed4f3510b0ec3c089989e97","name":"Programacion","image":{"@type":"ImageObject","inLanguage":"es","@id":"https:\/\/www.externacorporativo.com\/es\/#\/schema\/person\/image\/","url":"https:\/\/secure.gravatar.com\/avatar\/b46a7287724b495183c8c832facd7442?s=96&d=mm&r=g","contentUrl":"https:\/\/secure.gravatar.com\/avatar\/b46a7287724b495183c8c832facd7442?s=96&d=mm&r=g","caption":"Programacion"},"url":"https:\/\/www.externacorporativo.com\/es\/author\/programacion\/"}]}},"_links":{"self":[{"href":"https:\/\/www.externacorporativo.com\/es\/wp-json\/wp\/v2\/posts\/1349"}],"collection":[{"href":"https:\/\/www.externacorporativo.com\/es\/wp-json\/wp\/v2\/posts"}],"about":[{"href":"https:\/\/www.externacorporativo.com\/es\/wp-json\/wp\/v2\/types\/post"}],"author":[{"embeddable":true,"href":"https:\/\/www.externacorporativo.com\/es\/wp-json\/wp\/v2\/users\/2"}],"replies":[{"embeddable":true,"href":"https:\/\/www.externacorporativo.com\/es\/wp-json\/wp\/v2\/comments?post=1349"}],"version-history":[{"count":1,"href":"https:\/\/www.externacorporativo.com\/es\/wp-json\/wp\/v2\/posts\/1349\/revisions"}],"predecessor-version":[{"id":2191,"href":"https:\/\/www.externacorporativo.com\/es\/wp-json\/wp\/v2\/posts\/1349\/revisions\/2191"}],"wp:attachment":[{"href":"https:\/\/www.externacorporativo.com\/es\/wp-json\/wp\/v2\/media?parent=1349"}],"wp:term":[{"taxonomy":"category","embeddable":true,"href":"https:\/\/www.externacorporativo.com\/es\/wp-json\/wp\/v2\/categories?post=1349"},{"taxonomy":"post_tag","embeddable":true,"href":"https:\/\/www.externacorporativo.com\/es\/wp-json\/wp\/v2\/tags?post=1349"}],"curies":[{"name":"wp","href":"https:\/\/api.w.org\/{rel}","templated":true}]}}