{"id":1365,"date":"2023-06-01T07:27:07","date_gmt":"2023-06-01T07:27:07","guid":{"rendered":"https:\/\/www.externacorporativo.com\/union-europea-transparencia-para-los-intermediarios-fiscales-3\/"},"modified":"2023-06-01T07:27:09","modified_gmt":"2023-06-01T07:27:09","slug":"union-europea-transparencia-para-los-intermediarios-fiscales-3","status":"publish","type":"post","link":"https:\/\/www.externacorporativo.com\/es\/union-europea-transparencia-para-los-intermediarios-fiscales-3\/","title":{"rendered":"UNI\u00d3N EUROPEA: Transparencia para los intermediarios fiscales"},"content":{"rendered":"<p style=\"text-align: justify;\">El Consejo de la Uni\u00f3n Europea ha dado luz verde a la quinta modificaci\u00f3n de la Directiva de Cooperaci\u00f3n Administrativa estableciendo una nueva obligaci\u00f3n de informaci\u00f3n para los intermediarios y contribuyentes sobre operaciones transfronterizas que pudieran ser calificadas de fiscalidad agresiva. En realidad, se trata de un instrumento para responsabilizar a los intermediaros, asesores fiscales, abogados y entidades financieras, que dise\u00f1an y venden esquemas de evasi\u00f3n y elusi\u00f3n de impuestos.<\/p>\n<p style=\"text-align: justify;\">Esc\u00e1ndalos como los \u201cPapeles de Panam\u00e1\u201d han dado lugar a estas modificaciones. La modificaci\u00f3n de la Directiva, traslada al contribuyente, ya sea persona f\u00edsica o jur\u00eddica, la obligaci\u00f3n de informar sobre operaciones con \u201cmecanismos\u201d transfronterizos (que tenga efecto en dos estados miembros o en un estado miembro y un tercer pa\u00eds) y que potencialmente sean de fiscalidad agresiva (tiene indicios de elusi\u00f3n o fraude fiscal si cumple una de las se\u00f1as distintivas ya contempladas por la UE anteriormente). La obligaci\u00f3n de informar se producir\u00e1 cuando la operaci\u00f3n se haya realizado sin intermediario, con intermediario de fuera de la UE o si el intermediario est\u00e1 amparado por el secreto profesional.<\/p>\n<p style=\"text-align: justify;\">La Directiva establece un periodo transitorio de dos a\u00f1os, ya que est\u00e1 previsto que el primer intercambio de informaci\u00f3n se produzca el 31 de agosto 2020 y la fecha de entrada en vigor ser\u00eda por lo tanto el 1 de julio de 2020. Esta medida ha sido muy criticada por considerarse excesiva.<\/p>\n<p style=\"text-align: justify;\">Los contribuyentes dispondr\u00e1n de un plazo de 30 d\u00edas desde que se produce un primer paso en una operaci\u00f3n o esquema de los descritos anteriormente. Si la operaci\u00f3n es recurrente, deber\u00e1 informarse con car\u00e1cter anual mientras perdure.<\/p>\n","protected":false},"excerpt":{"rendered":"<p>El Consejo de la Uni\u00f3n Europea ha dado luz verde a la quinta modificaci\u00f3n de la Directiva de Cooperaci\u00f3n Administrativa estableciendo una nueva obligaci\u00f3n de informaci\u00f3n para los intermediarios y contribuyentes sobre operaciones transfronterizas que pudieran ser calificadas de fiscalidad agresiva. En realidad, se trata de un instrumento para responsabilizar a los intermediaros, asesores fiscales, [&hellip;]<\/p>\n","protected":false},"author":2,"featured_media":0,"comment_status":"open","ping_status":"open","sticky":false,"template":"","format":"standard","meta":[],"categories":[],"tags":[],"yoast_head":"<!-- This site is optimized with the Yoast SEO plugin v20.0 - https:\/\/yoast.com\/wordpress\/plugins\/seo\/ -->\n<title>UNI\u00d3N EUROPEA: Transparencia para los intermediarios fiscales - Externa<\/title>\n<meta name=\"robots\" content=\"index, follow, max-snippet:-1, max-image-preview:large, max-video-preview:-1\" \/>\n<link rel=\"canonical\" href=\"https:\/\/www.externacorporativo.com\/es\/union-europea-transparencia-para-los-intermediarios-fiscales-3\/\" \/>\n<meta property=\"og:locale\" content=\"es_ES\" \/>\n<meta property=\"og:type\" content=\"article\" \/>\n<meta property=\"og:title\" content=\"UNI\u00d3N EUROPEA: Transparencia para los intermediarios fiscales - Externa\" \/>\n<meta property=\"og:description\" content=\"El Consejo de la Uni\u00f3n Europea ha dado luz verde a la quinta modificaci\u00f3n de la Directiva de Cooperaci\u00f3n Administrativa estableciendo una nueva obligaci\u00f3n de informaci\u00f3n para los intermediarios y contribuyentes sobre operaciones transfronterizas que pudieran ser calificadas de fiscalidad agresiva. En realidad, se trata de un instrumento para responsabilizar a los intermediaros, asesores fiscales, [&hellip;]\" \/>\n<meta property=\"og:url\" content=\"https:\/\/www.externacorporativo.com\/es\/union-europea-transparencia-para-los-intermediarios-fiscales-3\/\" \/>\n<meta property=\"og:site_name\" content=\"Externa\" \/>\n<meta property=\"article:published_time\" content=\"2023-06-01T07:27:07+00:00\" \/>\n<meta property=\"article:modified_time\" content=\"2023-06-01T07:27:09+00:00\" \/>\n<meta name=\"author\" content=\"Programacion\" \/>\n<meta name=\"twitter:card\" content=\"summary_large_image\" \/>\n<meta name=\"twitter:label1\" content=\"Escrito por\" \/>\n\t<meta name=\"twitter:data1\" content=\"Programacion\" \/>\n\t<meta name=\"twitter:label2\" content=\"Tiempo de lectura\" \/>\n\t<meta name=\"twitter:data2\" content=\"1 minuto\" \/>\n<script type=\"application\/ld+json\" class=\"yoast-schema-graph\">{\"@context\":\"https:\/\/schema.org\",\"@graph\":[{\"@type\":\"Article\",\"@id\":\"https:\/\/www.externacorporativo.com\/es\/union-europea-transparencia-para-los-intermediarios-fiscales-3\/#article\",\"isPartOf\":{\"@id\":\"https:\/\/www.externacorporativo.com\/es\/union-europea-transparencia-para-los-intermediarios-fiscales-3\/\"},\"author\":{\"name\":\"Programacion\",\"@id\":\"https:\/\/www.externacorporativo.com\/es\/#\/schema\/person\/bdc7fa484ed4f3510b0ec3c089989e97\"},\"headline\":\"UNI\u00d3N EUROPEA: Transparencia para los intermediarios fiscales\",\"datePublished\":\"2023-06-01T07:27:07+00:00\",\"dateModified\":\"2023-06-01T07:27:09+00:00\",\"mainEntityOfPage\":{\"@id\":\"https:\/\/www.externacorporativo.com\/es\/union-europea-transparencia-para-los-intermediarios-fiscales-3\/\"},\"wordCount\":297,\"commentCount\":0,\"publisher\":{\"@id\":\"https:\/\/www.externacorporativo.com\/es\/#organization\"},\"inLanguage\":\"es\",\"potentialAction\":[{\"@type\":\"CommentAction\",\"name\":\"Comment\",\"target\":[\"https:\/\/www.externacorporativo.com\/es\/union-europea-transparencia-para-los-intermediarios-fiscales-3\/#respond\"]}]},{\"@type\":\"WebPage\",\"@id\":\"https:\/\/www.externacorporativo.com\/es\/union-europea-transparencia-para-los-intermediarios-fiscales-3\/\",\"url\":\"https:\/\/www.externacorporativo.com\/es\/union-europea-transparencia-para-los-intermediarios-fiscales-3\/\",\"name\":\"UNI\u00d3N EUROPEA: Transparencia para los intermediarios fiscales - Externa\",\"isPartOf\":{\"@id\":\"https:\/\/www.externacorporativo.com\/es\/#website\"},\"datePublished\":\"2023-06-01T07:27:07+00:00\",\"dateModified\":\"2023-06-01T07:27:09+00:00\",\"breadcrumb\":{\"@id\":\"https:\/\/www.externacorporativo.com\/es\/union-europea-transparencia-para-los-intermediarios-fiscales-3\/#breadcrumb\"},\"inLanguage\":\"es\",\"potentialAction\":[{\"@type\":\"ReadAction\",\"target\":[\"https:\/\/www.externacorporativo.com\/es\/union-europea-transparencia-para-los-intermediarios-fiscales-3\/\"]}]},{\"@type\":\"BreadcrumbList\",\"@id\":\"https:\/\/www.externacorporativo.com\/es\/union-europea-transparencia-para-los-intermediarios-fiscales-3\/#breadcrumb\",\"itemListElement\":[{\"@type\":\"ListItem\",\"position\":1,\"name\":\"Portada\",\"item\":\"https:\/\/www.externacorporativo.com\/es\/\"},{\"@type\":\"ListItem\",\"position\":2,\"name\":\"UNI\u00d3N EUROPEA: Transparencia para los intermediarios fiscales\"}]},{\"@type\":\"WebSite\",\"@id\":\"https:\/\/www.externacorporativo.com\/es\/#website\",\"url\":\"https:\/\/www.externacorporativo.com\/es\/\",\"name\":\"Externa\",\"description\":\"\",\"publisher\":{\"@id\":\"https:\/\/www.externacorporativo.com\/es\/#organization\"},\"potentialAction\":[{\"@type\":\"SearchAction\",\"target\":{\"@type\":\"EntryPoint\",\"urlTemplate\":\"https:\/\/www.externacorporativo.com\/es\/?s={search_term_string}\"},\"query-input\":\"required name=search_term_string\"}],\"inLanguage\":\"es\"},{\"@type\":\"Organization\",\"@id\":\"https:\/\/www.externacorporativo.com\/es\/#organization\",\"name\":\"Externa\",\"url\":\"https:\/\/www.externacorporativo.com\/es\/\",\"logo\":{\"@type\":\"ImageObject\",\"inLanguage\":\"es\",\"@id\":\"https:\/\/www.externacorporativo.com\/es\/#\/schema\/logo\/image\/\",\"url\":\"https:\/\/www.externacorporativo.com\/wp-content\/uploads\/2023\/04\/Sin-nombre.png\",\"contentUrl\":\"https:\/\/www.externacorporativo.com\/wp-content\/uploads\/2023\/04\/Sin-nombre.png\",\"width\":297,\"height\":109,\"caption\":\"Externa\"},\"image\":{\"@id\":\"https:\/\/www.externacorporativo.com\/es\/#\/schema\/logo\/image\/\"}},{\"@type\":\"Person\",\"@id\":\"https:\/\/www.externacorporativo.com\/es\/#\/schema\/person\/bdc7fa484ed4f3510b0ec3c089989e97\",\"name\":\"Programacion\",\"image\":{\"@type\":\"ImageObject\",\"inLanguage\":\"es\",\"@id\":\"https:\/\/www.externacorporativo.com\/es\/#\/schema\/person\/image\/\",\"url\":\"https:\/\/secure.gravatar.com\/avatar\/b46a7287724b495183c8c832facd7442?s=96&d=mm&r=g\",\"contentUrl\":\"https:\/\/secure.gravatar.com\/avatar\/b46a7287724b495183c8c832facd7442?s=96&d=mm&r=g\",\"caption\":\"Programacion\"},\"url\":\"https:\/\/www.externacorporativo.com\/es\/author\/programacion\/\"}]}<\/script>\n<!-- \/ Yoast SEO plugin. -->","yoast_head_json":{"title":"UNI\u00d3N EUROPEA: Transparencia para los intermediarios fiscales - Externa","robots":{"index":"index","follow":"follow","max-snippet":"max-snippet:-1","max-image-preview":"max-image-preview:large","max-video-preview":"max-video-preview:-1"},"canonical":"https:\/\/www.externacorporativo.com\/es\/union-europea-transparencia-para-los-intermediarios-fiscales-3\/","og_locale":"es_ES","og_type":"article","og_title":"UNI\u00d3N EUROPEA: Transparencia para los intermediarios fiscales - Externa","og_description":"El Consejo de la Uni\u00f3n Europea ha dado luz verde a la quinta modificaci\u00f3n de la Directiva de Cooperaci\u00f3n Administrativa estableciendo una nueva obligaci\u00f3n de informaci\u00f3n para los intermediarios y contribuyentes sobre operaciones transfronterizas que pudieran ser calificadas de fiscalidad agresiva. En realidad, se trata de un instrumento para responsabilizar a los intermediaros, asesores fiscales, [&hellip;]","og_url":"https:\/\/www.externacorporativo.com\/es\/union-europea-transparencia-para-los-intermediarios-fiscales-3\/","og_site_name":"Externa","article_published_time":"2023-06-01T07:27:07+00:00","article_modified_time":"2023-06-01T07:27:09+00:00","author":"Programacion","twitter_card":"summary_large_image","twitter_misc":{"Escrito por":"Programacion","Tiempo de lectura":"1 minuto"},"schema":{"@context":"https:\/\/schema.org","@graph":[{"@type":"Article","@id":"https:\/\/www.externacorporativo.com\/es\/union-europea-transparencia-para-los-intermediarios-fiscales-3\/#article","isPartOf":{"@id":"https:\/\/www.externacorporativo.com\/es\/union-europea-transparencia-para-los-intermediarios-fiscales-3\/"},"author":{"name":"Programacion","@id":"https:\/\/www.externacorporativo.com\/es\/#\/schema\/person\/bdc7fa484ed4f3510b0ec3c089989e97"},"headline":"UNI\u00d3N EUROPEA: Transparencia para los intermediarios fiscales","datePublished":"2023-06-01T07:27:07+00:00","dateModified":"2023-06-01T07:27:09+00:00","mainEntityOfPage":{"@id":"https:\/\/www.externacorporativo.com\/es\/union-europea-transparencia-para-los-intermediarios-fiscales-3\/"},"wordCount":297,"commentCount":0,"publisher":{"@id":"https:\/\/www.externacorporativo.com\/es\/#organization"},"inLanguage":"es","potentialAction":[{"@type":"CommentAction","name":"Comment","target":["https:\/\/www.externacorporativo.com\/es\/union-europea-transparencia-para-los-intermediarios-fiscales-3\/#respond"]}]},{"@type":"WebPage","@id":"https:\/\/www.externacorporativo.com\/es\/union-europea-transparencia-para-los-intermediarios-fiscales-3\/","url":"https:\/\/www.externacorporativo.com\/es\/union-europea-transparencia-para-los-intermediarios-fiscales-3\/","name":"UNI\u00d3N EUROPEA: Transparencia para los intermediarios fiscales - Externa","isPartOf":{"@id":"https:\/\/www.externacorporativo.com\/es\/#website"},"datePublished":"2023-06-01T07:27:07+00:00","dateModified":"2023-06-01T07:27:09+00:00","breadcrumb":{"@id":"https:\/\/www.externacorporativo.com\/es\/union-europea-transparencia-para-los-intermediarios-fiscales-3\/#breadcrumb"},"inLanguage":"es","potentialAction":[{"@type":"ReadAction","target":["https:\/\/www.externacorporativo.com\/es\/union-europea-transparencia-para-los-intermediarios-fiscales-3\/"]}]},{"@type":"BreadcrumbList","@id":"https:\/\/www.externacorporativo.com\/es\/union-europea-transparencia-para-los-intermediarios-fiscales-3\/#breadcrumb","itemListElement":[{"@type":"ListItem","position":1,"name":"Portada","item":"https:\/\/www.externacorporativo.com\/es\/"},{"@type":"ListItem","position":2,"name":"UNI\u00d3N EUROPEA: Transparencia para los intermediarios fiscales"}]},{"@type":"WebSite","@id":"https:\/\/www.externacorporativo.com\/es\/#website","url":"https:\/\/www.externacorporativo.com\/es\/","name":"Externa","description":"","publisher":{"@id":"https:\/\/www.externacorporativo.com\/es\/#organization"},"potentialAction":[{"@type":"SearchAction","target":{"@type":"EntryPoint","urlTemplate":"https:\/\/www.externacorporativo.com\/es\/?s={search_term_string}"},"query-input":"required name=search_term_string"}],"inLanguage":"es"},{"@type":"Organization","@id":"https:\/\/www.externacorporativo.com\/es\/#organization","name":"Externa","url":"https:\/\/www.externacorporativo.com\/es\/","logo":{"@type":"ImageObject","inLanguage":"es","@id":"https:\/\/www.externacorporativo.com\/es\/#\/schema\/logo\/image\/","url":"https:\/\/www.externacorporativo.com\/wp-content\/uploads\/2023\/04\/Sin-nombre.png","contentUrl":"https:\/\/www.externacorporativo.com\/wp-content\/uploads\/2023\/04\/Sin-nombre.png","width":297,"height":109,"caption":"Externa"},"image":{"@id":"https:\/\/www.externacorporativo.com\/es\/#\/schema\/logo\/image\/"}},{"@type":"Person","@id":"https:\/\/www.externacorporativo.com\/es\/#\/schema\/person\/bdc7fa484ed4f3510b0ec3c089989e97","name":"Programacion","image":{"@type":"ImageObject","inLanguage":"es","@id":"https:\/\/www.externacorporativo.com\/es\/#\/schema\/person\/image\/","url":"https:\/\/secure.gravatar.com\/avatar\/b46a7287724b495183c8c832facd7442?s=96&d=mm&r=g","contentUrl":"https:\/\/secure.gravatar.com\/avatar\/b46a7287724b495183c8c832facd7442?s=96&d=mm&r=g","caption":"Programacion"},"url":"https:\/\/www.externacorporativo.com\/es\/author\/programacion\/"}]}},"_links":{"self":[{"href":"https:\/\/www.externacorporativo.com\/es\/wp-json\/wp\/v2\/posts\/1365"}],"collection":[{"href":"https:\/\/www.externacorporativo.com\/es\/wp-json\/wp\/v2\/posts"}],"about":[{"href":"https:\/\/www.externacorporativo.com\/es\/wp-json\/wp\/v2\/types\/post"}],"author":[{"embeddable":true,"href":"https:\/\/www.externacorporativo.com\/es\/wp-json\/wp\/v2\/users\/2"}],"replies":[{"embeddable":true,"href":"https:\/\/www.externacorporativo.com\/es\/wp-json\/wp\/v2\/comments?post=1365"}],"version-history":[{"count":1,"href":"https:\/\/www.externacorporativo.com\/es\/wp-json\/wp\/v2\/posts\/1365\/revisions"}],"predecessor-version":[{"id":2207,"href":"https:\/\/www.externacorporativo.com\/es\/wp-json\/wp\/v2\/posts\/1365\/revisions\/2207"}],"wp:attachment":[{"href":"https:\/\/www.externacorporativo.com\/es\/wp-json\/wp\/v2\/media?parent=1365"}],"wp:term":[{"taxonomy":"category","embeddable":true,"href":"https:\/\/www.externacorporativo.com\/es\/wp-json\/wp\/v2\/categories?post=1365"},{"taxonomy":"post_tag","embeddable":true,"href":"https:\/\/www.externacorporativo.com\/es\/wp-json\/wp\/v2\/tags?post=1365"}],"curies":[{"name":"wp","href":"https:\/\/api.w.org\/{rel}","templated":true}]}}