{"id":1379,"date":"2023-06-01T07:27:10","date_gmt":"2023-06-01T07:27:10","guid":{"rendered":"https:\/\/www.externacorporativo.com\/espana-catar-convenio-para-evitar-la-doble-imposicion-3\/"},"modified":"2023-06-01T07:27:11","modified_gmt":"2023-06-01T07:27:11","slug":"espana-catar-convenio-para-evitar-la-doble-imposicion-3","status":"publish","type":"post","link":"https:\/\/www.externacorporativo.com\/es\/espana-catar-convenio-para-evitar-la-doble-imposicion-3\/","title":{"rendered":"ESPA\u00d1A &#8211; CATAR: Convenio para evitar la doble imposici\u00f3n."},"content":{"rendered":"<p style=\"text-align: justify;\">Otro Convenio de gran inter\u00e9s para Espa\u00f1a que acaba de entrar en vigor es el de Catar para evitar la doble imposici\u00f3n y prevenir la evasi\u00f3n fiscal. Con \u00e9ste, Espa\u00f1a casi cierra el c\u00edrculo de convenios similares firmados con los Estados \u00c1rabes del Golfo sumando \u00e9ste a los de Emiratos \u00c1rabes Unidos, Kuwait, Om\u00e1n y Arabia Saudita. Solo Bahr\u00e9in sigue pendiente, en tramitaci\u00f3n desde 2013<\/p>\n<p style=\"text-align: justify;\">Este Convenio sigue el Modelo de la OCDE en cuanto a rentas inmobiliarias, beneficios empresariales, actividades econ\u00f3micas, retribuci\u00f3n de administradores y r\u00e9gimen de deportistas y artistas.<\/p>\n<p style=\"text-align: justify;\">Lo m\u00e1s destacado es el r\u00e9gimen establecido para la tributaci\u00f3n en la distribuci\u00f3n de dividendos. Si bien los intereses y los royalties tributaran en exclusiva en el Estado de residencia del perceptor, con lo que se pretende una mayor inversi\u00f3n catar\u00ed en Espa\u00f1a,\u00a0 los dividendos estar\u00e1n sujetos a una retenci\u00f3n m\u00e1xima del 5% en el Estado de residencia de la entidad que los distribuya, con excepciones de tributaci\u00f3n exclusiva en el Estado perceptor en determinados casos:<\/p>\n<ul style=\"text-align: justify;\">\n<li>que el beneficiario efectivo posea al menos el 10% del capital de la entidad pagadora,<\/li>\n<li>que el beneficiario efectivo sea el otro Estado o una entidad relacionada con m\u00e1s de un 5% en el capital,<\/li>\n<li>que el beneficiario efectivo cotice en bolsa y disponga de m\u00e1s de un 1% de la entidad pagadora.<\/li>\n<\/ul>\n<p style=\"text-align: justify;\">Para evitar abusos en el uso de acogerse o no al Convenio, se ha publicado un Protocolo que estable en qu\u00e9 condiciones se considerar\u00e1 o no la residencia fiscal en uno de los Estados.<\/p>\n<p style=\"text-align: justify;\">Sin duda, se pretende conseguir la inversi\u00f3n mutua y la facilidad y seguridad en la repatriaci\u00f3n de rentas generadas en ambos Estados.<\/p>\n","protected":false},"excerpt":{"rendered":"<p>ESPA\u00d1A &#8211; CATAR: Convenio para evitar la doble imposici\u00f3n.<\/p>\n","protected":false},"author":2,"featured_media":0,"comment_status":"open","ping_status":"open","sticky":false,"template":"","format":"standard","meta":[],"categories":[],"tags":[],"yoast_head":"<!-- This site is optimized with the Yoast SEO plugin v20.0 - https:\/\/yoast.com\/wordpress\/plugins\/seo\/ -->\n<title>ESPA\u00d1A - CATAR: Convenio para evitar la doble imposici\u00f3n. - Externa<\/title>\n<meta name=\"robots\" content=\"index, follow, max-snippet:-1, max-image-preview:large, max-video-preview:-1\" \/>\n<link rel=\"canonical\" href=\"https:\/\/www.externacorporativo.com\/es\/espana-catar-convenio-para-evitar-la-doble-imposicion-3\/\" \/>\n<meta property=\"og:locale\" content=\"es_ES\" \/>\n<meta property=\"og:type\" content=\"article\" \/>\n<meta property=\"og:title\" content=\"ESPA\u00d1A - CATAR: Convenio para evitar la doble imposici\u00f3n. - Externa\" \/>\n<meta property=\"og:description\" content=\"ESPA\u00d1A - CATAR: Convenio para evitar la doble imposici\u00f3n.\" \/>\n<meta property=\"og:url\" content=\"https:\/\/www.externacorporativo.com\/es\/espana-catar-convenio-para-evitar-la-doble-imposicion-3\/\" \/>\n<meta property=\"og:site_name\" content=\"Externa\" \/>\n<meta property=\"article:published_time\" content=\"2023-06-01T07:27:10+00:00\" \/>\n<meta property=\"article:modified_time\" content=\"2023-06-01T07:27:11+00:00\" \/>\n<meta name=\"author\" content=\"Programacion\" \/>\n<meta name=\"twitter:card\" content=\"summary_large_image\" \/>\n<meta name=\"twitter:label1\" content=\"Escrito por\" \/>\n\t<meta name=\"twitter:data1\" content=\"Programacion\" \/>\n\t<meta name=\"twitter:label2\" content=\"Tiempo de lectura\" \/>\n\t<meta name=\"twitter:data2\" content=\"1 minuto\" \/>\n<script type=\"application\/ld+json\" class=\"yoast-schema-graph\">{\"@context\":\"https:\/\/schema.org\",\"@graph\":[{\"@type\":\"Article\",\"@id\":\"https:\/\/www.externacorporativo.com\/es\/espana-catar-convenio-para-evitar-la-doble-imposicion-3\/#article\",\"isPartOf\":{\"@id\":\"https:\/\/www.externacorporativo.com\/es\/espana-catar-convenio-para-evitar-la-doble-imposicion-3\/\"},\"author\":{\"name\":\"Programacion\",\"@id\":\"https:\/\/www.externacorporativo.com\/es\/#\/schema\/person\/bdc7fa484ed4f3510b0ec3c089989e97\"},\"headline\":\"ESPA\u00d1A &#8211; CATAR: Convenio para evitar la doble imposici\u00f3n.\",\"datePublished\":\"2023-06-01T07:27:10+00:00\",\"dateModified\":\"2023-06-01T07:27:11+00:00\",\"mainEntityOfPage\":{\"@id\":\"https:\/\/www.externacorporativo.com\/es\/espana-catar-convenio-para-evitar-la-doble-imposicion-3\/\"},\"wordCount\":308,\"commentCount\":0,\"publisher\":{\"@id\":\"https:\/\/www.externacorporativo.com\/es\/#organization\"},\"inLanguage\":\"es\",\"potentialAction\":[{\"@type\":\"CommentAction\",\"name\":\"Comment\",\"target\":[\"https:\/\/www.externacorporativo.com\/es\/espana-catar-convenio-para-evitar-la-doble-imposicion-3\/#respond\"]}]},{\"@type\":\"WebPage\",\"@id\":\"https:\/\/www.externacorporativo.com\/es\/espana-catar-convenio-para-evitar-la-doble-imposicion-3\/\",\"url\":\"https:\/\/www.externacorporativo.com\/es\/espana-catar-convenio-para-evitar-la-doble-imposicion-3\/\",\"name\":\"ESPA\u00d1A - CATAR: Convenio para evitar la doble imposici\u00f3n. - Externa\",\"isPartOf\":{\"@id\":\"https:\/\/www.externacorporativo.com\/es\/#website\"},\"datePublished\":\"2023-06-01T07:27:10+00:00\",\"dateModified\":\"2023-06-01T07:27:11+00:00\",\"breadcrumb\":{\"@id\":\"https:\/\/www.externacorporativo.com\/es\/espana-catar-convenio-para-evitar-la-doble-imposicion-3\/#breadcrumb\"},\"inLanguage\":\"es\",\"potentialAction\":[{\"@type\":\"ReadAction\",\"target\":[\"https:\/\/www.externacorporativo.com\/es\/espana-catar-convenio-para-evitar-la-doble-imposicion-3\/\"]}]},{\"@type\":\"BreadcrumbList\",\"@id\":\"https:\/\/www.externacorporativo.com\/es\/espana-catar-convenio-para-evitar-la-doble-imposicion-3\/#breadcrumb\",\"itemListElement\":[{\"@type\":\"ListItem\",\"position\":1,\"name\":\"Portada\",\"item\":\"https:\/\/www.externacorporativo.com\/es\/\"},{\"@type\":\"ListItem\",\"position\":2,\"name\":\"ESPA\u00d1A &#8211; CATAR: Convenio para evitar la doble imposici\u00f3n.\"}]},{\"@type\":\"WebSite\",\"@id\":\"https:\/\/www.externacorporativo.com\/es\/#website\",\"url\":\"https:\/\/www.externacorporativo.com\/es\/\",\"name\":\"Externa\",\"description\":\"\",\"publisher\":{\"@id\":\"https:\/\/www.externacorporativo.com\/es\/#organization\"},\"potentialAction\":[{\"@type\":\"SearchAction\",\"target\":{\"@type\":\"EntryPoint\",\"urlTemplate\":\"https:\/\/www.externacorporativo.com\/es\/?s={search_term_string}\"},\"query-input\":\"required name=search_term_string\"}],\"inLanguage\":\"es\"},{\"@type\":\"Organization\",\"@id\":\"https:\/\/www.externacorporativo.com\/es\/#organization\",\"name\":\"Externa\",\"url\":\"https:\/\/www.externacorporativo.com\/es\/\",\"logo\":{\"@type\":\"ImageObject\",\"inLanguage\":\"es\",\"@id\":\"https:\/\/www.externacorporativo.com\/es\/#\/schema\/logo\/image\/\",\"url\":\"https:\/\/www.externacorporativo.com\/wp-content\/uploads\/2023\/04\/Sin-nombre.png\",\"contentUrl\":\"https:\/\/www.externacorporativo.com\/wp-content\/uploads\/2023\/04\/Sin-nombre.png\",\"width\":297,\"height\":109,\"caption\":\"Externa\"},\"image\":{\"@id\":\"https:\/\/www.externacorporativo.com\/es\/#\/schema\/logo\/image\/\"}},{\"@type\":\"Person\",\"@id\":\"https:\/\/www.externacorporativo.com\/es\/#\/schema\/person\/bdc7fa484ed4f3510b0ec3c089989e97\",\"name\":\"Programacion\",\"image\":{\"@type\":\"ImageObject\",\"inLanguage\":\"es\",\"@id\":\"https:\/\/www.externacorporativo.com\/es\/#\/schema\/person\/image\/\",\"url\":\"https:\/\/secure.gravatar.com\/avatar\/b46a7287724b495183c8c832facd7442?s=96&d=mm&r=g\",\"contentUrl\":\"https:\/\/secure.gravatar.com\/avatar\/b46a7287724b495183c8c832facd7442?s=96&d=mm&r=g\",\"caption\":\"Programacion\"},\"url\":\"https:\/\/www.externacorporativo.com\/es\/author\/programacion\/\"}]}<\/script>\n<!-- \/ Yoast SEO plugin. -->","yoast_head_json":{"title":"ESPA\u00d1A - CATAR: Convenio para evitar la doble imposici\u00f3n. - Externa","robots":{"index":"index","follow":"follow","max-snippet":"max-snippet:-1","max-image-preview":"max-image-preview:large","max-video-preview":"max-video-preview:-1"},"canonical":"https:\/\/www.externacorporativo.com\/es\/espana-catar-convenio-para-evitar-la-doble-imposicion-3\/","og_locale":"es_ES","og_type":"article","og_title":"ESPA\u00d1A - CATAR: Convenio para evitar la doble imposici\u00f3n. - Externa","og_description":"ESPA\u00d1A - CATAR: Convenio para evitar la doble imposici\u00f3n.","og_url":"https:\/\/www.externacorporativo.com\/es\/espana-catar-convenio-para-evitar-la-doble-imposicion-3\/","og_site_name":"Externa","article_published_time":"2023-06-01T07:27:10+00:00","article_modified_time":"2023-06-01T07:27:11+00:00","author":"Programacion","twitter_card":"summary_large_image","twitter_misc":{"Escrito por":"Programacion","Tiempo de lectura":"1 minuto"},"schema":{"@context":"https:\/\/schema.org","@graph":[{"@type":"Article","@id":"https:\/\/www.externacorporativo.com\/es\/espana-catar-convenio-para-evitar-la-doble-imposicion-3\/#article","isPartOf":{"@id":"https:\/\/www.externacorporativo.com\/es\/espana-catar-convenio-para-evitar-la-doble-imposicion-3\/"},"author":{"name":"Programacion","@id":"https:\/\/www.externacorporativo.com\/es\/#\/schema\/person\/bdc7fa484ed4f3510b0ec3c089989e97"},"headline":"ESPA\u00d1A &#8211; CATAR: Convenio para evitar la doble imposici\u00f3n.","datePublished":"2023-06-01T07:27:10+00:00","dateModified":"2023-06-01T07:27:11+00:00","mainEntityOfPage":{"@id":"https:\/\/www.externacorporativo.com\/es\/espana-catar-convenio-para-evitar-la-doble-imposicion-3\/"},"wordCount":308,"commentCount":0,"publisher":{"@id":"https:\/\/www.externacorporativo.com\/es\/#organization"},"inLanguage":"es","potentialAction":[{"@type":"CommentAction","name":"Comment","target":["https:\/\/www.externacorporativo.com\/es\/espana-catar-convenio-para-evitar-la-doble-imposicion-3\/#respond"]}]},{"@type":"WebPage","@id":"https:\/\/www.externacorporativo.com\/es\/espana-catar-convenio-para-evitar-la-doble-imposicion-3\/","url":"https:\/\/www.externacorporativo.com\/es\/espana-catar-convenio-para-evitar-la-doble-imposicion-3\/","name":"ESPA\u00d1A - CATAR: Convenio para evitar la doble imposici\u00f3n. - Externa","isPartOf":{"@id":"https:\/\/www.externacorporativo.com\/es\/#website"},"datePublished":"2023-06-01T07:27:10+00:00","dateModified":"2023-06-01T07:27:11+00:00","breadcrumb":{"@id":"https:\/\/www.externacorporativo.com\/es\/espana-catar-convenio-para-evitar-la-doble-imposicion-3\/#breadcrumb"},"inLanguage":"es","potentialAction":[{"@type":"ReadAction","target":["https:\/\/www.externacorporativo.com\/es\/espana-catar-convenio-para-evitar-la-doble-imposicion-3\/"]}]},{"@type":"BreadcrumbList","@id":"https:\/\/www.externacorporativo.com\/es\/espana-catar-convenio-para-evitar-la-doble-imposicion-3\/#breadcrumb","itemListElement":[{"@type":"ListItem","position":1,"name":"Portada","item":"https:\/\/www.externacorporativo.com\/es\/"},{"@type":"ListItem","position":2,"name":"ESPA\u00d1A &#8211; CATAR: Convenio para evitar la doble imposici\u00f3n."}]},{"@type":"WebSite","@id":"https:\/\/www.externacorporativo.com\/es\/#website","url":"https:\/\/www.externacorporativo.com\/es\/","name":"Externa","description":"","publisher":{"@id":"https:\/\/www.externacorporativo.com\/es\/#organization"},"potentialAction":[{"@type":"SearchAction","target":{"@type":"EntryPoint","urlTemplate":"https:\/\/www.externacorporativo.com\/es\/?s={search_term_string}"},"query-input":"required name=search_term_string"}],"inLanguage":"es"},{"@type":"Organization","@id":"https:\/\/www.externacorporativo.com\/es\/#organization","name":"Externa","url":"https:\/\/www.externacorporativo.com\/es\/","logo":{"@type":"ImageObject","inLanguage":"es","@id":"https:\/\/www.externacorporativo.com\/es\/#\/schema\/logo\/image\/","url":"https:\/\/www.externacorporativo.com\/wp-content\/uploads\/2023\/04\/Sin-nombre.png","contentUrl":"https:\/\/www.externacorporativo.com\/wp-content\/uploads\/2023\/04\/Sin-nombre.png","width":297,"height":109,"caption":"Externa"},"image":{"@id":"https:\/\/www.externacorporativo.com\/es\/#\/schema\/logo\/image\/"}},{"@type":"Person","@id":"https:\/\/www.externacorporativo.com\/es\/#\/schema\/person\/bdc7fa484ed4f3510b0ec3c089989e97","name":"Programacion","image":{"@type":"ImageObject","inLanguage":"es","@id":"https:\/\/www.externacorporativo.com\/es\/#\/schema\/person\/image\/","url":"https:\/\/secure.gravatar.com\/avatar\/b46a7287724b495183c8c832facd7442?s=96&d=mm&r=g","contentUrl":"https:\/\/secure.gravatar.com\/avatar\/b46a7287724b495183c8c832facd7442?s=96&d=mm&r=g","caption":"Programacion"},"url":"https:\/\/www.externacorporativo.com\/es\/author\/programacion\/"}]}},"_links":{"self":[{"href":"https:\/\/www.externacorporativo.com\/es\/wp-json\/wp\/v2\/posts\/1379"}],"collection":[{"href":"https:\/\/www.externacorporativo.com\/es\/wp-json\/wp\/v2\/posts"}],"about":[{"href":"https:\/\/www.externacorporativo.com\/es\/wp-json\/wp\/v2\/types\/post"}],"author":[{"embeddable":true,"href":"https:\/\/www.externacorporativo.com\/es\/wp-json\/wp\/v2\/users\/2"}],"replies":[{"embeddable":true,"href":"https:\/\/www.externacorporativo.com\/es\/wp-json\/wp\/v2\/comments?post=1379"}],"version-history":[{"count":1,"href":"https:\/\/www.externacorporativo.com\/es\/wp-json\/wp\/v2\/posts\/1379\/revisions"}],"predecessor-version":[{"id":2221,"href":"https:\/\/www.externacorporativo.com\/es\/wp-json\/wp\/v2\/posts\/1379\/revisions\/2221"}],"wp:attachment":[{"href":"https:\/\/www.externacorporativo.com\/es\/wp-json\/wp\/v2\/media?parent=1379"}],"wp:term":[{"taxonomy":"category","embeddable":true,"href":"https:\/\/www.externacorporativo.com\/es\/wp-json\/wp\/v2\/categories?post=1379"},{"taxonomy":"post_tag","embeddable":true,"href":"https:\/\/www.externacorporativo.com\/es\/wp-json\/wp\/v2\/tags?post=1379"}],"curies":[{"name":"wp","href":"https:\/\/api.w.org\/{rel}","templated":true}]}}