{"id":1393,"date":"2023-06-01T07:27:13","date_gmt":"2023-06-01T07:27:13","guid":{"rendered":"https:\/\/www.externacorporativo.com\/malta-agrupacion-del-iva-2\/"},"modified":"2023-06-01T07:27:13","modified_gmt":"2023-06-01T07:27:13","slug":"malta-agrupacion-del-iva-2","status":"publish","type":"post","link":"https:\/\/www.externacorporativo.com\/es\/malta-agrupacion-del-iva-2\/","title":{"rendered":"MALTA: Agrupaci\u00f3n del IVA"},"content":{"rendered":"<p style=\"text-align: justify;\">El 22 de mayo de 2018, se public\u00f3 un aviso legal de modificaci\u00f3n del IVA que entr\u00f3 en el 1 de junio, permitiendo la agrupaci\u00f3n del IVA.<\/p>\n<p style=\"text-align: justify;\">Esta figura, es una herramienta disponible en varios Estados miembros, que se utiliza principalmente para evitar la acumulaci\u00f3n de IVA irrecuperable entre los miembros del Grupo IVA.<\/p>\n<p style=\"text-align: justify;\">En Malta, la opci\u00f3n de establecer un Grupo de IVA ser\u00e1 posible cuando al menos uno de los solicitantes est\u00e1 autorizado por la Autoridad de Servicios Financieros de Malta (MFSA). Un beneficio clave de esta figura es que los suministros entre los miembros del grupo no se tienen en cuenta para el IVA, lo que permite a los operadores subcontratar internamente (o desde establecimientos fuera de Malta, p.ej. aquellos con oficinas centrales en el extranjero) sin incurrir en IVA irrecuperable.<\/p>\n<p style=\"text-align: justify;\">Criterios de elegibilidad:<\/p>\n<p style=\"text-align: justify;\">Dos o m\u00e1s personas jur\u00eddicas\u00a0 establecidas en Malta a efectos IVA son elegibles para solicitar el registro como un \u00fanico sujeto pasivo (o \u00abGrupo del IVA\u00bb), siempre que:<\/p>\n<ul style=\"text-align: justify;\">\n<li>Al menos uno de los solicitantes sea sujeto pasivo autorizado o reconocido por la MFSA.<\/li>\n<li>Los solicitantes deben estar vinculado a los dem\u00e1s mediante enlaces financieros, econ\u00f3micos y organizacionales:<\/li>\n<li>Existir\u00e1 un v\u00ednculo financiero cuando la (s) misma (s) persona (s) (f\u00edsica o jur\u00eddica) tenga directa o indirectamente, m\u00e1s del 90% de dos o m\u00e1s de: los derechos de voto; derecho a los beneficios disponibles para su distribuci\u00f3n; derecho a los activos excedentes disponibles para su distribuci\u00f3n en un evento de liquidaci\u00f3n.<\/li>\n<li>Existir\u00e1 un v\u00ednculo econ\u00f3mico cuando: la actividad de cada uno de los solicitantes es de la misma naturaleza o corresponde a la misma industria; o las actividades de los solicitantes son complementarias o interdependientes; o un miembro del Grupo VAT lleva a cabo actividades que son total o sustancialmente en beneficio de uno o m\u00e1s de los otros miembros.<\/li>\n<li>Existir\u00e1 un v\u00ednculo organizacional cuando los solicitantes tienen una estructura de gesti\u00f3n compartida, total o parcialmente.<\/li>\n<\/ul>\n<p style=\"text-align: justify;\">Al Grupo se le asignar\u00e1 un \u00fanico n\u00famero IVA y se deshabilitar\u00e1n los n\u00fameros IVA individuales preexistentes de los miembros. No obstante, cada miembro del Grupo IVA ser\u00e1 solidariamente responsable del pago del IVA adeudado y pagadero.<\/p>\n<p style=\"text-align: justify;\">Cualquier suministro de bienes o servicios realizado por un miembro de un grupo de IVA a otro miembro de ese grupo de IVA generalmente no se tendr\u00e1 en cuenta para el IVA, lo que permitir\u00e1 a los miembros subcontratar funciones internamente dentro del grupo IVA sin desencadenar consecuencias negativas de flujo de efectivo de IVA, as\u00ed como los potencialmente irrecuperables costos del IVA.<\/p>\n<p style=\"text-align: justify;\">En este sentido, es particularmente interesante para las entidades extranjeras que tienen un establecimiento en Malta, ya que a efectos del IVA tambi\u00e9n pueden, en principio, ser elegibles para unirse a un grupo del IVA.<\/p>\n<p style=\"text-align: justify;\">Adem\u00e1s, los suministros realizados por cualquiera de los miembros del Grupo IVA a personas fuera del Grupo, se consideran realizados por el Grupo y podr\u00e1 ser recuperado el IVA soportado de la Entidad declarante del Grupo y, por lo tanto, del Grupo IVA en su conjunto.<\/p>\n","protected":false},"excerpt":{"rendered":"<p>El 22 de mayo de 2018, se public\u00f3 un aviso legal de modificaci\u00f3n del IVA que entr\u00f3 en el 1 de junio, permitiendo la agrupaci\u00f3n del IVA. Esta figura, es una herramienta disponible en varios Estados miembros, que se utiliza principalmente para evitar la acumulaci\u00f3n de IVA irrecuperable entre los miembros del Grupo IVA. En [&hellip;]<\/p>\n","protected":false},"author":2,"featured_media":0,"comment_status":"open","ping_status":"open","sticky":false,"template":"","format":"standard","meta":[],"categories":[],"tags":[],"yoast_head":"<!-- This site is optimized with the Yoast SEO plugin v20.0 - https:\/\/yoast.com\/wordpress\/plugins\/seo\/ -->\n<title>MALTA: Agrupaci\u00f3n del IVA - Externa<\/title>\n<meta name=\"robots\" content=\"index, follow, max-snippet:-1, max-image-preview:large, max-video-preview:-1\" \/>\n<link rel=\"canonical\" href=\"https:\/\/www.externacorporativo.com\/es\/malta-agrupacion-del-iva-2\/\" \/>\n<meta property=\"og:locale\" content=\"es_ES\" \/>\n<meta property=\"og:type\" content=\"article\" \/>\n<meta property=\"og:title\" content=\"MALTA: Agrupaci\u00f3n del IVA - Externa\" \/>\n<meta property=\"og:description\" content=\"El 22 de mayo de 2018, se public\u00f3 un aviso legal de modificaci\u00f3n del IVA que entr\u00f3 en el 1 de junio, permitiendo la agrupaci\u00f3n del IVA. Esta figura, es una herramienta disponible en varios Estados miembros, que se utiliza principalmente para evitar la acumulaci\u00f3n de IVA irrecuperable entre los miembros del Grupo IVA. En [&hellip;]\" \/>\n<meta property=\"og:url\" content=\"https:\/\/www.externacorporativo.com\/es\/malta-agrupacion-del-iva-2\/\" \/>\n<meta property=\"og:site_name\" content=\"Externa\" \/>\n<meta property=\"article:published_time\" content=\"2023-06-01T07:27:13+00:00\" \/>\n<meta name=\"author\" content=\"Programacion\" \/>\n<meta name=\"twitter:card\" content=\"summary_large_image\" \/>\n<meta name=\"twitter:label1\" content=\"Escrito por\" \/>\n\t<meta name=\"twitter:data1\" content=\"Programacion\" \/>\n\t<meta name=\"twitter:label2\" content=\"Tiempo de lectura\" \/>\n\t<meta name=\"twitter:data2\" content=\"3 minutos\" \/>\n<script type=\"application\/ld+json\" class=\"yoast-schema-graph\">{\"@context\":\"https:\/\/schema.org\",\"@graph\":[{\"@type\":\"Article\",\"@id\":\"https:\/\/www.externacorporativo.com\/es\/malta-agrupacion-del-iva-2\/#article\",\"isPartOf\":{\"@id\":\"https:\/\/www.externacorporativo.com\/es\/malta-agrupacion-del-iva-2\/\"},\"author\":{\"name\":\"Programacion\",\"@id\":\"https:\/\/www.externacorporativo.com\/es\/#\/schema\/person\/bdc7fa484ed4f3510b0ec3c089989e97\"},\"headline\":\"MALTA: Agrupaci\u00f3n del IVA\",\"datePublished\":\"2023-06-01T07:27:13+00:00\",\"dateModified\":\"2023-06-01T07:27:13+00:00\",\"mainEntityOfPage\":{\"@id\":\"https:\/\/www.externacorporativo.com\/es\/malta-agrupacion-del-iva-2\/\"},\"wordCount\":530,\"commentCount\":0,\"publisher\":{\"@id\":\"https:\/\/www.externacorporativo.com\/es\/#organization\"},\"inLanguage\":\"es\",\"potentialAction\":[{\"@type\":\"CommentAction\",\"name\":\"Comment\",\"target\":[\"https:\/\/www.externacorporativo.com\/es\/malta-agrupacion-del-iva-2\/#respond\"]}]},{\"@type\":\"WebPage\",\"@id\":\"https:\/\/www.externacorporativo.com\/es\/malta-agrupacion-del-iva-2\/\",\"url\":\"https:\/\/www.externacorporativo.com\/es\/malta-agrupacion-del-iva-2\/\",\"name\":\"MALTA: Agrupaci\u00f3n del IVA - Externa\",\"isPartOf\":{\"@id\":\"https:\/\/www.externacorporativo.com\/es\/#website\"},\"datePublished\":\"2023-06-01T07:27:13+00:00\",\"dateModified\":\"2023-06-01T07:27:13+00:00\",\"breadcrumb\":{\"@id\":\"https:\/\/www.externacorporativo.com\/es\/malta-agrupacion-del-iva-2\/#breadcrumb\"},\"inLanguage\":\"es\",\"potentialAction\":[{\"@type\":\"ReadAction\",\"target\":[\"https:\/\/www.externacorporativo.com\/es\/malta-agrupacion-del-iva-2\/\"]}]},{\"@type\":\"BreadcrumbList\",\"@id\":\"https:\/\/www.externacorporativo.com\/es\/malta-agrupacion-del-iva-2\/#breadcrumb\",\"itemListElement\":[{\"@type\":\"ListItem\",\"position\":1,\"name\":\"Portada\",\"item\":\"https:\/\/www.externacorporativo.com\/es\/\"},{\"@type\":\"ListItem\",\"position\":2,\"name\":\"MALTA: Agrupaci\u00f3n del IVA\"}]},{\"@type\":\"WebSite\",\"@id\":\"https:\/\/www.externacorporativo.com\/es\/#website\",\"url\":\"https:\/\/www.externacorporativo.com\/es\/\",\"name\":\"Externa\",\"description\":\"\",\"publisher\":{\"@id\":\"https:\/\/www.externacorporativo.com\/es\/#organization\"},\"potentialAction\":[{\"@type\":\"SearchAction\",\"target\":{\"@type\":\"EntryPoint\",\"urlTemplate\":\"https:\/\/www.externacorporativo.com\/es\/?s={search_term_string}\"},\"query-input\":\"required name=search_term_string\"}],\"inLanguage\":\"es\"},{\"@type\":\"Organization\",\"@id\":\"https:\/\/www.externacorporativo.com\/es\/#organization\",\"name\":\"Externa\",\"url\":\"https:\/\/www.externacorporativo.com\/es\/\",\"logo\":{\"@type\":\"ImageObject\",\"inLanguage\":\"es\",\"@id\":\"https:\/\/www.externacorporativo.com\/es\/#\/schema\/logo\/image\/\",\"url\":\"https:\/\/www.externacorporativo.com\/wp-content\/uploads\/2023\/04\/Sin-nombre.png\",\"contentUrl\":\"https:\/\/www.externacorporativo.com\/wp-content\/uploads\/2023\/04\/Sin-nombre.png\",\"width\":297,\"height\":109,\"caption\":\"Externa\"},\"image\":{\"@id\":\"https:\/\/www.externacorporativo.com\/es\/#\/schema\/logo\/image\/\"}},{\"@type\":\"Person\",\"@id\":\"https:\/\/www.externacorporativo.com\/es\/#\/schema\/person\/bdc7fa484ed4f3510b0ec3c089989e97\",\"name\":\"Programacion\",\"image\":{\"@type\":\"ImageObject\",\"inLanguage\":\"es\",\"@id\":\"https:\/\/www.externacorporativo.com\/es\/#\/schema\/person\/image\/\",\"url\":\"https:\/\/secure.gravatar.com\/avatar\/b46a7287724b495183c8c832facd7442?s=96&d=mm&r=g\",\"contentUrl\":\"https:\/\/secure.gravatar.com\/avatar\/b46a7287724b495183c8c832facd7442?s=96&d=mm&r=g\",\"caption\":\"Programacion\"},\"url\":\"https:\/\/www.externacorporativo.com\/es\/author\/programacion\/\"}]}<\/script>\n<!-- \/ Yoast SEO plugin. -->","yoast_head_json":{"title":"MALTA: Agrupaci\u00f3n del IVA - Externa","robots":{"index":"index","follow":"follow","max-snippet":"max-snippet:-1","max-image-preview":"max-image-preview:large","max-video-preview":"max-video-preview:-1"},"canonical":"https:\/\/www.externacorporativo.com\/es\/malta-agrupacion-del-iva-2\/","og_locale":"es_ES","og_type":"article","og_title":"MALTA: Agrupaci\u00f3n del IVA - Externa","og_description":"El 22 de mayo de 2018, se public\u00f3 un aviso legal de modificaci\u00f3n del IVA que entr\u00f3 en el 1 de junio, permitiendo la agrupaci\u00f3n del IVA. Esta figura, es una herramienta disponible en varios Estados miembros, que se utiliza principalmente para evitar la acumulaci\u00f3n de IVA irrecuperable entre los miembros del Grupo IVA. En [&hellip;]","og_url":"https:\/\/www.externacorporativo.com\/es\/malta-agrupacion-del-iva-2\/","og_site_name":"Externa","article_published_time":"2023-06-01T07:27:13+00:00","author":"Programacion","twitter_card":"summary_large_image","twitter_misc":{"Escrito por":"Programacion","Tiempo de lectura":"3 minutos"},"schema":{"@context":"https:\/\/schema.org","@graph":[{"@type":"Article","@id":"https:\/\/www.externacorporativo.com\/es\/malta-agrupacion-del-iva-2\/#article","isPartOf":{"@id":"https:\/\/www.externacorporativo.com\/es\/malta-agrupacion-del-iva-2\/"},"author":{"name":"Programacion","@id":"https:\/\/www.externacorporativo.com\/es\/#\/schema\/person\/bdc7fa484ed4f3510b0ec3c089989e97"},"headline":"MALTA: Agrupaci\u00f3n del IVA","datePublished":"2023-06-01T07:27:13+00:00","dateModified":"2023-06-01T07:27:13+00:00","mainEntityOfPage":{"@id":"https:\/\/www.externacorporativo.com\/es\/malta-agrupacion-del-iva-2\/"},"wordCount":530,"commentCount":0,"publisher":{"@id":"https:\/\/www.externacorporativo.com\/es\/#organization"},"inLanguage":"es","potentialAction":[{"@type":"CommentAction","name":"Comment","target":["https:\/\/www.externacorporativo.com\/es\/malta-agrupacion-del-iva-2\/#respond"]}]},{"@type":"WebPage","@id":"https:\/\/www.externacorporativo.com\/es\/malta-agrupacion-del-iva-2\/","url":"https:\/\/www.externacorporativo.com\/es\/malta-agrupacion-del-iva-2\/","name":"MALTA: Agrupaci\u00f3n del IVA - Externa","isPartOf":{"@id":"https:\/\/www.externacorporativo.com\/es\/#website"},"datePublished":"2023-06-01T07:27:13+00:00","dateModified":"2023-06-01T07:27:13+00:00","breadcrumb":{"@id":"https:\/\/www.externacorporativo.com\/es\/malta-agrupacion-del-iva-2\/#breadcrumb"},"inLanguage":"es","potentialAction":[{"@type":"ReadAction","target":["https:\/\/www.externacorporativo.com\/es\/malta-agrupacion-del-iva-2\/"]}]},{"@type":"BreadcrumbList","@id":"https:\/\/www.externacorporativo.com\/es\/malta-agrupacion-del-iva-2\/#breadcrumb","itemListElement":[{"@type":"ListItem","position":1,"name":"Portada","item":"https:\/\/www.externacorporativo.com\/es\/"},{"@type":"ListItem","position":2,"name":"MALTA: Agrupaci\u00f3n del IVA"}]},{"@type":"WebSite","@id":"https:\/\/www.externacorporativo.com\/es\/#website","url":"https:\/\/www.externacorporativo.com\/es\/","name":"Externa","description":"","publisher":{"@id":"https:\/\/www.externacorporativo.com\/es\/#organization"},"potentialAction":[{"@type":"SearchAction","target":{"@type":"EntryPoint","urlTemplate":"https:\/\/www.externacorporativo.com\/es\/?s={search_term_string}"},"query-input":"required name=search_term_string"}],"inLanguage":"es"},{"@type":"Organization","@id":"https:\/\/www.externacorporativo.com\/es\/#organization","name":"Externa","url":"https:\/\/www.externacorporativo.com\/es\/","logo":{"@type":"ImageObject","inLanguage":"es","@id":"https:\/\/www.externacorporativo.com\/es\/#\/schema\/logo\/image\/","url":"https:\/\/www.externacorporativo.com\/wp-content\/uploads\/2023\/04\/Sin-nombre.png","contentUrl":"https:\/\/www.externacorporativo.com\/wp-content\/uploads\/2023\/04\/Sin-nombre.png","width":297,"height":109,"caption":"Externa"},"image":{"@id":"https:\/\/www.externacorporativo.com\/es\/#\/schema\/logo\/image\/"}},{"@type":"Person","@id":"https:\/\/www.externacorporativo.com\/es\/#\/schema\/person\/bdc7fa484ed4f3510b0ec3c089989e97","name":"Programacion","image":{"@type":"ImageObject","inLanguage":"es","@id":"https:\/\/www.externacorporativo.com\/es\/#\/schema\/person\/image\/","url":"https:\/\/secure.gravatar.com\/avatar\/b46a7287724b495183c8c832facd7442?s=96&d=mm&r=g","contentUrl":"https:\/\/secure.gravatar.com\/avatar\/b46a7287724b495183c8c832facd7442?s=96&d=mm&r=g","caption":"Programacion"},"url":"https:\/\/www.externacorporativo.com\/es\/author\/programacion\/"}]}},"_links":{"self":[{"href":"https:\/\/www.externacorporativo.com\/es\/wp-json\/wp\/v2\/posts\/1393"}],"collection":[{"href":"https:\/\/www.externacorporativo.com\/es\/wp-json\/wp\/v2\/posts"}],"about":[{"href":"https:\/\/www.externacorporativo.com\/es\/wp-json\/wp\/v2\/types\/post"}],"author":[{"embeddable":true,"href":"https:\/\/www.externacorporativo.com\/es\/wp-json\/wp\/v2\/users\/2"}],"replies":[{"embeddable":true,"href":"https:\/\/www.externacorporativo.com\/es\/wp-json\/wp\/v2\/comments?post=1393"}],"version-history":[{"count":1,"href":"https:\/\/www.externacorporativo.com\/es\/wp-json\/wp\/v2\/posts\/1393\/revisions"}],"predecessor-version":[{"id":2235,"href":"https:\/\/www.externacorporativo.com\/es\/wp-json\/wp\/v2\/posts\/1393\/revisions\/2235"}],"wp:attachment":[{"href":"https:\/\/www.externacorporativo.com\/es\/wp-json\/wp\/v2\/media?parent=1393"}],"wp:term":[{"taxonomy":"category","embeddable":true,"href":"https:\/\/www.externacorporativo.com\/es\/wp-json\/wp\/v2\/categories?post=1393"},{"taxonomy":"post_tag","embeddable":true,"href":"https:\/\/www.externacorporativo.com\/es\/wp-json\/wp\/v2\/tags?post=1393"}],"curies":[{"name":"wp","href":"https:\/\/api.w.org\/{rel}","templated":true}]}}