{"id":1402,"date":"2023-06-01T07:27:13","date_gmt":"2023-06-01T07:27:13","guid":{"rendered":"https:\/\/www.externacorporativo.com\/republica-checa-reforma-ley-de-marcas-3\/"},"modified":"2023-06-01T07:27:15","modified_gmt":"2023-06-01T07:27:15","slug":"republica-checa-reforma-ley-de-marcas-3","status":"publish","type":"post","link":"https:\/\/www.externacorporativo.com\/es\/republica-checa-reforma-ley-de-marcas-3\/","title":{"rendered":"REPUBLICA CHECA: Reforma ley de marcas"},"content":{"rendered":"<p style=\"text-align: justify;\">A debate en este mes una importante enmienda a la Ley de Marcas, que entrar\u00eda en vigor en enero de 2019. Si se aprueba, la modificaci\u00f3n cambiar\u00e1 fundamentalmente el sistema de registro de marcas en la Rep\u00fablica Checa.<\/p>\n<p style=\"text-align: justify;\">La modificaci\u00f3n supondr\u00eda una importante reforma ya que, por ejemplo, no ser\u00e1 necesario que una marca registrada sea representada gr\u00e1ficamente, y la Oficina de Propiedad Industrial ya no podr\u00e1 negarse autom\u00e1ticamente a registrar marcas comerciales id\u00e9nticas a las registradas anteriormente.<\/p>\n<p style=\"text-align: justify;\">La definici\u00f3n actual de marca comercial indica que cualquier marca debe ser capaz de ser representada gr\u00e1ficamente, con esta reforma la nueva definici\u00f3n no limita los medios de representaci\u00f3n admisibles a gr\u00e1ficos o visuales, tambi\u00e9n permite registrar marcas comerciales que pueden ser representadas por cualquier medio tecnol\u00f3gico disponible, permiti\u00e9ndose registrar marcas 3D, un sonido, movimiento, marca audiovisual o incluso hologr\u00e1fica. Se va incluso m\u00e1s all\u00e1, habl\u00e1ndose de registrar marcas de aroma o sabor, aunque queda poco clara por el momento, su representaci\u00f3n.<\/p>\n<p style=\"text-align: justify;\">Otro cambio fundamental a partir de enero de 2019, es que ser\u00e1 responsabilidad de los propietarios de la marca ver si se ha solicitado el registro de una marca id\u00e9ntica a la suya, ya que su registro se podr\u00e1 evitar, pero s\u00f3lo a petici\u00f3n del propietario de la marca registrada anteriormente.<\/p>\n<p style=\"text-align: justify;\">Las modificaciones que pretende implantar la Rep\u00fablica Checa podr\u00edan ser imitadas por el resto de pa\u00edses del entorno por lo que est\u00e1n siendo seguidas con atenci\u00f3n, ya que se diferencian considerablemente de los criterios establecidos con m\u00e1s o menos generalidad en la UE y en pa\u00edses vecinos.<\/p>\n","protected":false},"excerpt":{"rendered":"<p>A debate en este mes una importante enmienda a la Ley de Marcas, que entrar\u00eda en vigor en enero de 2019. Si se aprueba, la modificaci\u00f3n cambiar\u00e1 fundamentalmente el sistema de registro de marcas en la Rep\u00fablica Checa. La modificaci\u00f3n supondr\u00eda una importante reforma ya que, por ejemplo, no ser\u00e1 necesario que una marca registrada [&hellip;]<\/p>\n","protected":false},"author":2,"featured_media":0,"comment_status":"open","ping_status":"open","sticky":false,"template":"","format":"standard","meta":[],"categories":[],"tags":[],"yoast_head":"<!-- This site is optimized with the Yoast SEO plugin v20.0 - https:\/\/yoast.com\/wordpress\/plugins\/seo\/ -->\n<title>REPUBLICA CHECA: Reforma ley de marcas - Externa<\/title>\n<meta name=\"robots\" content=\"index, follow, max-snippet:-1, max-image-preview:large, max-video-preview:-1\" \/>\n<link rel=\"canonical\" href=\"https:\/\/www.externacorporativo.com\/es\/republica-checa-reforma-ley-de-marcas-3\/\" \/>\n<meta property=\"og:locale\" content=\"es_ES\" \/>\n<meta property=\"og:type\" content=\"article\" \/>\n<meta property=\"og:title\" content=\"REPUBLICA CHECA: Reforma ley de marcas - Externa\" \/>\n<meta property=\"og:description\" content=\"A debate en este mes una importante enmienda a la Ley de Marcas, que entrar\u00eda en vigor en enero de 2019. Si se aprueba, la modificaci\u00f3n cambiar\u00e1 fundamentalmente el sistema de registro de marcas en la Rep\u00fablica Checa. La modificaci\u00f3n supondr\u00eda una importante reforma ya que, por ejemplo, no ser\u00e1 necesario que una marca registrada [&hellip;]\" \/>\n<meta property=\"og:url\" content=\"https:\/\/www.externacorporativo.com\/es\/republica-checa-reforma-ley-de-marcas-3\/\" \/>\n<meta property=\"og:site_name\" content=\"Externa\" \/>\n<meta property=\"article:published_time\" content=\"2023-06-01T07:27:13+00:00\" \/>\n<meta property=\"article:modified_time\" content=\"2023-06-01T07:27:15+00:00\" \/>\n<meta name=\"author\" content=\"Programacion\" \/>\n<meta name=\"twitter:card\" content=\"summary_large_image\" \/>\n<meta name=\"twitter:label1\" content=\"Escrito por\" \/>\n\t<meta name=\"twitter:data1\" content=\"Programacion\" \/>\n\t<meta name=\"twitter:label2\" content=\"Tiempo de lectura\" \/>\n\t<meta name=\"twitter:data2\" content=\"1 minuto\" \/>\n<script type=\"application\/ld+json\" class=\"yoast-schema-graph\">{\"@context\":\"https:\/\/schema.org\",\"@graph\":[{\"@type\":\"Article\",\"@id\":\"https:\/\/www.externacorporativo.com\/es\/republica-checa-reforma-ley-de-marcas-3\/#article\",\"isPartOf\":{\"@id\":\"https:\/\/www.externacorporativo.com\/es\/republica-checa-reforma-ley-de-marcas-3\/\"},\"author\":{\"name\":\"Programacion\",\"@id\":\"https:\/\/www.externacorporativo.com\/es\/#\/schema\/person\/bdc7fa484ed4f3510b0ec3c089989e97\"},\"headline\":\"REPUBLICA CHECA: Reforma ley de marcas\",\"datePublished\":\"2023-06-01T07:27:13+00:00\",\"dateModified\":\"2023-06-01T07:27:15+00:00\",\"mainEntityOfPage\":{\"@id\":\"https:\/\/www.externacorporativo.com\/es\/republica-checa-reforma-ley-de-marcas-3\/\"},\"wordCount\":292,\"commentCount\":0,\"publisher\":{\"@id\":\"https:\/\/www.externacorporativo.com\/es\/#organization\"},\"inLanguage\":\"es\",\"potentialAction\":[{\"@type\":\"CommentAction\",\"name\":\"Comment\",\"target\":[\"https:\/\/www.externacorporativo.com\/es\/republica-checa-reforma-ley-de-marcas-3\/#respond\"]}]},{\"@type\":\"WebPage\",\"@id\":\"https:\/\/www.externacorporativo.com\/es\/republica-checa-reforma-ley-de-marcas-3\/\",\"url\":\"https:\/\/www.externacorporativo.com\/es\/republica-checa-reforma-ley-de-marcas-3\/\",\"name\":\"REPUBLICA CHECA: Reforma ley de marcas - Externa\",\"isPartOf\":{\"@id\":\"https:\/\/www.externacorporativo.com\/es\/#website\"},\"datePublished\":\"2023-06-01T07:27:13+00:00\",\"dateModified\":\"2023-06-01T07:27:15+00:00\",\"breadcrumb\":{\"@id\":\"https:\/\/www.externacorporativo.com\/es\/republica-checa-reforma-ley-de-marcas-3\/#breadcrumb\"},\"inLanguage\":\"es\",\"potentialAction\":[{\"@type\":\"ReadAction\",\"target\":[\"https:\/\/www.externacorporativo.com\/es\/republica-checa-reforma-ley-de-marcas-3\/\"]}]},{\"@type\":\"BreadcrumbList\",\"@id\":\"https:\/\/www.externacorporativo.com\/es\/republica-checa-reforma-ley-de-marcas-3\/#breadcrumb\",\"itemListElement\":[{\"@type\":\"ListItem\",\"position\":1,\"name\":\"Portada\",\"item\":\"https:\/\/www.externacorporativo.com\/es\/\"},{\"@type\":\"ListItem\",\"position\":2,\"name\":\"REPUBLICA CHECA: Reforma ley de marcas\"}]},{\"@type\":\"WebSite\",\"@id\":\"https:\/\/www.externacorporativo.com\/es\/#website\",\"url\":\"https:\/\/www.externacorporativo.com\/es\/\",\"name\":\"Externa\",\"description\":\"\",\"publisher\":{\"@id\":\"https:\/\/www.externacorporativo.com\/es\/#organization\"},\"potentialAction\":[{\"@type\":\"SearchAction\",\"target\":{\"@type\":\"EntryPoint\",\"urlTemplate\":\"https:\/\/www.externacorporativo.com\/es\/?s={search_term_string}\"},\"query-input\":\"required name=search_term_string\"}],\"inLanguage\":\"es\"},{\"@type\":\"Organization\",\"@id\":\"https:\/\/www.externacorporativo.com\/es\/#organization\",\"name\":\"Externa\",\"url\":\"https:\/\/www.externacorporativo.com\/es\/\",\"logo\":{\"@type\":\"ImageObject\",\"inLanguage\":\"es\",\"@id\":\"https:\/\/www.externacorporativo.com\/es\/#\/schema\/logo\/image\/\",\"url\":\"https:\/\/www.externacorporativo.com\/wp-content\/uploads\/2023\/04\/Sin-nombre.png\",\"contentUrl\":\"https:\/\/www.externacorporativo.com\/wp-content\/uploads\/2023\/04\/Sin-nombre.png\",\"width\":297,\"height\":109,\"caption\":\"Externa\"},\"image\":{\"@id\":\"https:\/\/www.externacorporativo.com\/es\/#\/schema\/logo\/image\/\"}},{\"@type\":\"Person\",\"@id\":\"https:\/\/www.externacorporativo.com\/es\/#\/schema\/person\/bdc7fa484ed4f3510b0ec3c089989e97\",\"name\":\"Programacion\",\"image\":{\"@type\":\"ImageObject\",\"inLanguage\":\"es\",\"@id\":\"https:\/\/www.externacorporativo.com\/es\/#\/schema\/person\/image\/\",\"url\":\"https:\/\/secure.gravatar.com\/avatar\/b46a7287724b495183c8c832facd7442?s=96&d=mm&r=g\",\"contentUrl\":\"https:\/\/secure.gravatar.com\/avatar\/b46a7287724b495183c8c832facd7442?s=96&d=mm&r=g\",\"caption\":\"Programacion\"},\"url\":\"https:\/\/www.externacorporativo.com\/es\/author\/programacion\/\"}]}<\/script>\n<!-- \/ Yoast SEO plugin. -->","yoast_head_json":{"title":"REPUBLICA CHECA: Reforma ley de marcas - Externa","robots":{"index":"index","follow":"follow","max-snippet":"max-snippet:-1","max-image-preview":"max-image-preview:large","max-video-preview":"max-video-preview:-1"},"canonical":"https:\/\/www.externacorporativo.com\/es\/republica-checa-reforma-ley-de-marcas-3\/","og_locale":"es_ES","og_type":"article","og_title":"REPUBLICA CHECA: Reforma ley de marcas - Externa","og_description":"A debate en este mes una importante enmienda a la Ley de Marcas, que entrar\u00eda en vigor en enero de 2019. Si se aprueba, la modificaci\u00f3n cambiar\u00e1 fundamentalmente el sistema de registro de marcas en la Rep\u00fablica Checa. La modificaci\u00f3n supondr\u00eda una importante reforma ya que, por ejemplo, no ser\u00e1 necesario que una marca registrada [&hellip;]","og_url":"https:\/\/www.externacorporativo.com\/es\/republica-checa-reforma-ley-de-marcas-3\/","og_site_name":"Externa","article_published_time":"2023-06-01T07:27:13+00:00","article_modified_time":"2023-06-01T07:27:15+00:00","author":"Programacion","twitter_card":"summary_large_image","twitter_misc":{"Escrito por":"Programacion","Tiempo de lectura":"1 minuto"},"schema":{"@context":"https:\/\/schema.org","@graph":[{"@type":"Article","@id":"https:\/\/www.externacorporativo.com\/es\/republica-checa-reforma-ley-de-marcas-3\/#article","isPartOf":{"@id":"https:\/\/www.externacorporativo.com\/es\/republica-checa-reforma-ley-de-marcas-3\/"},"author":{"name":"Programacion","@id":"https:\/\/www.externacorporativo.com\/es\/#\/schema\/person\/bdc7fa484ed4f3510b0ec3c089989e97"},"headline":"REPUBLICA CHECA: Reforma ley de marcas","datePublished":"2023-06-01T07:27:13+00:00","dateModified":"2023-06-01T07:27:15+00:00","mainEntityOfPage":{"@id":"https:\/\/www.externacorporativo.com\/es\/republica-checa-reforma-ley-de-marcas-3\/"},"wordCount":292,"commentCount":0,"publisher":{"@id":"https:\/\/www.externacorporativo.com\/es\/#organization"},"inLanguage":"es","potentialAction":[{"@type":"CommentAction","name":"Comment","target":["https:\/\/www.externacorporativo.com\/es\/republica-checa-reforma-ley-de-marcas-3\/#respond"]}]},{"@type":"WebPage","@id":"https:\/\/www.externacorporativo.com\/es\/republica-checa-reforma-ley-de-marcas-3\/","url":"https:\/\/www.externacorporativo.com\/es\/republica-checa-reforma-ley-de-marcas-3\/","name":"REPUBLICA CHECA: Reforma ley de marcas - Externa","isPartOf":{"@id":"https:\/\/www.externacorporativo.com\/es\/#website"},"datePublished":"2023-06-01T07:27:13+00:00","dateModified":"2023-06-01T07:27:15+00:00","breadcrumb":{"@id":"https:\/\/www.externacorporativo.com\/es\/republica-checa-reforma-ley-de-marcas-3\/#breadcrumb"},"inLanguage":"es","potentialAction":[{"@type":"ReadAction","target":["https:\/\/www.externacorporativo.com\/es\/republica-checa-reforma-ley-de-marcas-3\/"]}]},{"@type":"BreadcrumbList","@id":"https:\/\/www.externacorporativo.com\/es\/republica-checa-reforma-ley-de-marcas-3\/#breadcrumb","itemListElement":[{"@type":"ListItem","position":1,"name":"Portada","item":"https:\/\/www.externacorporativo.com\/es\/"},{"@type":"ListItem","position":2,"name":"REPUBLICA CHECA: Reforma ley de marcas"}]},{"@type":"WebSite","@id":"https:\/\/www.externacorporativo.com\/es\/#website","url":"https:\/\/www.externacorporativo.com\/es\/","name":"Externa","description":"","publisher":{"@id":"https:\/\/www.externacorporativo.com\/es\/#organization"},"potentialAction":[{"@type":"SearchAction","target":{"@type":"EntryPoint","urlTemplate":"https:\/\/www.externacorporativo.com\/es\/?s={search_term_string}"},"query-input":"required name=search_term_string"}],"inLanguage":"es"},{"@type":"Organization","@id":"https:\/\/www.externacorporativo.com\/es\/#organization","name":"Externa","url":"https:\/\/www.externacorporativo.com\/es\/","logo":{"@type":"ImageObject","inLanguage":"es","@id":"https:\/\/www.externacorporativo.com\/es\/#\/schema\/logo\/image\/","url":"https:\/\/www.externacorporativo.com\/wp-content\/uploads\/2023\/04\/Sin-nombre.png","contentUrl":"https:\/\/www.externacorporativo.com\/wp-content\/uploads\/2023\/04\/Sin-nombre.png","width":297,"height":109,"caption":"Externa"},"image":{"@id":"https:\/\/www.externacorporativo.com\/es\/#\/schema\/logo\/image\/"}},{"@type":"Person","@id":"https:\/\/www.externacorporativo.com\/es\/#\/schema\/person\/bdc7fa484ed4f3510b0ec3c089989e97","name":"Programacion","image":{"@type":"ImageObject","inLanguage":"es","@id":"https:\/\/www.externacorporativo.com\/es\/#\/schema\/person\/image\/","url":"https:\/\/secure.gravatar.com\/avatar\/b46a7287724b495183c8c832facd7442?s=96&d=mm&r=g","contentUrl":"https:\/\/secure.gravatar.com\/avatar\/b46a7287724b495183c8c832facd7442?s=96&d=mm&r=g","caption":"Programacion"},"url":"https:\/\/www.externacorporativo.com\/es\/author\/programacion\/"}]}},"_links":{"self":[{"href":"https:\/\/www.externacorporativo.com\/es\/wp-json\/wp\/v2\/posts\/1402"}],"collection":[{"href":"https:\/\/www.externacorporativo.com\/es\/wp-json\/wp\/v2\/posts"}],"about":[{"href":"https:\/\/www.externacorporativo.com\/es\/wp-json\/wp\/v2\/types\/post"}],"author":[{"embeddable":true,"href":"https:\/\/www.externacorporativo.com\/es\/wp-json\/wp\/v2\/users\/2"}],"replies":[{"embeddable":true,"href":"https:\/\/www.externacorporativo.com\/es\/wp-json\/wp\/v2\/comments?post=1402"}],"version-history":[{"count":1,"href":"https:\/\/www.externacorporativo.com\/es\/wp-json\/wp\/v2\/posts\/1402\/revisions"}],"predecessor-version":[{"id":2244,"href":"https:\/\/www.externacorporativo.com\/es\/wp-json\/wp\/v2\/posts\/1402\/revisions\/2244"}],"wp:attachment":[{"href":"https:\/\/www.externacorporativo.com\/es\/wp-json\/wp\/v2\/media?parent=1402"}],"wp:term":[{"taxonomy":"category","embeddable":true,"href":"https:\/\/www.externacorporativo.com\/es\/wp-json\/wp\/v2\/categories?post=1402"},{"taxonomy":"post_tag","embeddable":true,"href":"https:\/\/www.externacorporativo.com\/es\/wp-json\/wp\/v2\/tags?post=1402"}],"curies":[{"name":"wp","href":"https:\/\/api.w.org\/{rel}","templated":true}]}}