{"id":1407,"date":"2023-06-01T07:27:13","date_gmt":"2023-06-01T07:27:13","guid":{"rendered":"https:\/\/www.externacorporativo.com\/espana-internacionalizacion-rgdp-reglamento-de-proteccion-de-datos-personales-3\/"},"modified":"2023-06-01T07:27:15","modified_gmt":"2023-06-01T07:27:15","slug":"espana-internacionalizacion-rgdp-reglamento-de-proteccion-de-datos-personales-3","status":"publish","type":"post","link":"https:\/\/www.externacorporativo.com\/es\/espana-internacionalizacion-rgdp-reglamento-de-proteccion-de-datos-personales-3\/","title":{"rendered":"ESPA\u00d1A &#8211; INTERNACIONALIZACI\u00d3N: RGDP- Reglamento de Protecci\u00f3n de Datos Personales"},"content":{"rendered":"<p style=\"text-align: justify;\">Desde el pasado 25 de mayo, ha entrado en aplicaci\u00f3n directa e inmediata en Espa\u00f1a, el Reglamento (UE) 2016\/679 de 27 de abril, relativo a la protecci\u00f3n de las personas f\u00edsicas en lo que respecta al tratamiento de datos personales y a la libre circulaci\u00f3n de estos datos<\/p>\n<p style=\"text-align: justify;\">Como principales novedades legislativas que introduce se destaca:<\/p>\n<ul style=\"text-align: justify;\">\n<li>La configuraci\u00f3n del consentimiento del interesado para el tratamiento de sus datos como una \u00abmanifestaci\u00f3n de voluntad libre, espec\u00edfica, informada e inequ\u00edvoca\u00bb. Desde el 25 de mayo de 2018, el interesado deber\u00e1 prestar consentimiento expreso para el tratamiento de sus datos, no siendo v\u00e1lido un consentimiento t\u00e1cito, a diferencia de lo que ven\u00eda ocurriendo hasta ahora. Esto impone la obligaci\u00f3n de redactar las pol\u00edticas de privacidad empresariales en un lenguaje sencillo y claro.<\/li>\n<li>Respecto a los derechos del interesado, se introducen importantes novedades: El derecho de cancelaci\u00f3n pasa a denominarse \u00abderecho de supresi\u00f3n\u00bb e implica el borrado de datos inexactos o incompletos. Aparece adem\u00e1s el \u00abderecho al olvido\u00bb, que posibilita obtener el borrado de los datos personales en los buscadores de Internet; y el \u00abderecho a la portabilidad de los datos\u00bb, que implica la facultad del interesado, cuando haya finalizado la relaci\u00f3n jur\u00eddica o servicio que le vinculaba con el responsable del tratamiento, a recibir los datos personales que le conciernan en un formato estructurado y de uso habitual, y de transmitirlos a otro responsable del tratamiento; as\u00ed como el \u00abderecho a la limitaci\u00f3n del tratamiento\u00bb, que tiene sentido cuando no sea necesaria la utilizaci\u00f3n de determinados datos del interesado para los fines del tratamiento, entre otras causas.<\/li>\n<\/ul>\n<p style=\"text-align: justify;\">Los fallos en la protecci\u00f3n de datos personales, adem\u00e1s de sanciones dar\u00e1n lugar a la indemnizaci\u00f3n de los interesados, en este sentido:<\/p>\n<ul>\n<li style=\"text-align: justify;\">La comunicaci\u00f3n de los datos al prestador de servicios sin suscribir el correspondiente acuerdo de encargo de tratamiento en la forma establecida podr\u00eda ser sancionada con la suma m\u00e1xima de 10M de euros o un 2% del volumen de negocio total anual del ejercicio anterior.<\/li>\n<li style=\"text-align: justify;\">Y las transferencias internacionales con destino a pa\u00edses que no garanticen un nivel adecuado de protecci\u00f3n sin la legitimaci\u00f3n necesaria, podr\u00edan llegar a ser sancionados con la suma de 20M de euros o el 4% del volumen de negocio total anual del ejercicio financiero anterior.<\/li>\n<\/ul>\n","protected":false},"excerpt":{"rendered":"<p>Desde el pasado 25 de mayo, ha entrado en aplicaci\u00f3n directa e inmediata en Espa\u00f1a, el Reglamento (UE) 2016\/679 de 27 de abril, relativo a la protecci\u00f3n de las personas f\u00edsicas en lo que respecta al tratamiento de datos personales y a la libre circulaci\u00f3n de estos datos Como principales novedades legislativas que introduce se [&hellip;]<\/p>\n","protected":false},"author":2,"featured_media":0,"comment_status":"open","ping_status":"open","sticky":false,"template":"","format":"standard","meta":[],"categories":[],"tags":[],"yoast_head":"<!-- This site is optimized with the Yoast SEO plugin v20.0 - https:\/\/yoast.com\/wordpress\/plugins\/seo\/ -->\n<title>ESPA\u00d1A - INTERNACIONALIZACI\u00d3N: RGDP- Reglamento de Protecci\u00f3n de Datos Personales - Externa<\/title>\n<meta name=\"robots\" content=\"index, follow, max-snippet:-1, max-image-preview:large, max-video-preview:-1\" \/>\n<link rel=\"canonical\" href=\"https:\/\/www.externacorporativo.com\/es\/espana-internacionalizacion-rgdp-reglamento-de-proteccion-de-datos-personales-3\/\" \/>\n<meta property=\"og:locale\" content=\"es_ES\" \/>\n<meta property=\"og:type\" content=\"article\" \/>\n<meta property=\"og:title\" content=\"ESPA\u00d1A - INTERNACIONALIZACI\u00d3N: RGDP- Reglamento de Protecci\u00f3n de Datos Personales - Externa\" \/>\n<meta property=\"og:description\" content=\"Desde el pasado 25 de mayo, ha entrado en aplicaci\u00f3n directa e inmediata en Espa\u00f1a, el Reglamento (UE) 2016\/679 de 27 de abril, relativo a la protecci\u00f3n de las personas f\u00edsicas en lo que respecta al tratamiento de datos personales y a la libre circulaci\u00f3n de estos datos Como principales novedades legislativas que introduce se [&hellip;]\" \/>\n<meta property=\"og:url\" content=\"https:\/\/www.externacorporativo.com\/es\/espana-internacionalizacion-rgdp-reglamento-de-proteccion-de-datos-personales-3\/\" \/>\n<meta property=\"og:site_name\" content=\"Externa\" \/>\n<meta property=\"article:published_time\" content=\"2023-06-01T07:27:13+00:00\" \/>\n<meta property=\"article:modified_time\" content=\"2023-06-01T07:27:15+00:00\" \/>\n<meta name=\"author\" content=\"Programacion\" \/>\n<meta name=\"twitter:card\" content=\"summary_large_image\" \/>\n<meta name=\"twitter:label1\" content=\"Escrito por\" \/>\n\t<meta name=\"twitter:data1\" content=\"Programacion\" \/>\n\t<meta name=\"twitter:label2\" content=\"Tiempo de lectura\" \/>\n\t<meta name=\"twitter:data2\" content=\"2 minutos\" \/>\n<script type=\"application\/ld+json\" class=\"yoast-schema-graph\">{\"@context\":\"https:\/\/schema.org\",\"@graph\":[{\"@type\":\"Article\",\"@id\":\"https:\/\/www.externacorporativo.com\/es\/espana-internacionalizacion-rgdp-reglamento-de-proteccion-de-datos-personales-3\/#article\",\"isPartOf\":{\"@id\":\"https:\/\/www.externacorporativo.com\/es\/espana-internacionalizacion-rgdp-reglamento-de-proteccion-de-datos-personales-3\/\"},\"author\":{\"name\":\"Programacion\",\"@id\":\"https:\/\/www.externacorporativo.com\/es\/#\/schema\/person\/bdc7fa484ed4f3510b0ec3c089989e97\"},\"headline\":\"ESPA\u00d1A &#8211; INTERNACIONALIZACI\u00d3N: RGDP- Reglamento de Protecci\u00f3n de Datos Personales\",\"datePublished\":\"2023-06-01T07:27:13+00:00\",\"dateModified\":\"2023-06-01T07:27:15+00:00\",\"mainEntityOfPage\":{\"@id\":\"https:\/\/www.externacorporativo.com\/es\/espana-internacionalizacion-rgdp-reglamento-de-proteccion-de-datos-personales-3\/\"},\"wordCount\":414,\"commentCount\":0,\"publisher\":{\"@id\":\"https:\/\/www.externacorporativo.com\/es\/#organization\"},\"inLanguage\":\"es\",\"potentialAction\":[{\"@type\":\"CommentAction\",\"name\":\"Comment\",\"target\":[\"https:\/\/www.externacorporativo.com\/es\/espana-internacionalizacion-rgdp-reglamento-de-proteccion-de-datos-personales-3\/#respond\"]}]},{\"@type\":\"WebPage\",\"@id\":\"https:\/\/www.externacorporativo.com\/es\/espana-internacionalizacion-rgdp-reglamento-de-proteccion-de-datos-personales-3\/\",\"url\":\"https:\/\/www.externacorporativo.com\/es\/espana-internacionalizacion-rgdp-reglamento-de-proteccion-de-datos-personales-3\/\",\"name\":\"ESPA\u00d1A - INTERNACIONALIZACI\u00d3N: RGDP- Reglamento de Protecci\u00f3n de Datos Personales - Externa\",\"isPartOf\":{\"@id\":\"https:\/\/www.externacorporativo.com\/es\/#website\"},\"datePublished\":\"2023-06-01T07:27:13+00:00\",\"dateModified\":\"2023-06-01T07:27:15+00:00\",\"breadcrumb\":{\"@id\":\"https:\/\/www.externacorporativo.com\/es\/espana-internacionalizacion-rgdp-reglamento-de-proteccion-de-datos-personales-3\/#breadcrumb\"},\"inLanguage\":\"es\",\"potentialAction\":[{\"@type\":\"ReadAction\",\"target\":[\"https:\/\/www.externacorporativo.com\/es\/espana-internacionalizacion-rgdp-reglamento-de-proteccion-de-datos-personales-3\/\"]}]},{\"@type\":\"BreadcrumbList\",\"@id\":\"https:\/\/www.externacorporativo.com\/es\/espana-internacionalizacion-rgdp-reglamento-de-proteccion-de-datos-personales-3\/#breadcrumb\",\"itemListElement\":[{\"@type\":\"ListItem\",\"position\":1,\"name\":\"Portada\",\"item\":\"https:\/\/www.externacorporativo.com\/es\/\"},{\"@type\":\"ListItem\",\"position\":2,\"name\":\"ESPA\u00d1A &#8211; INTERNACIONALIZACI\u00d3N: RGDP- Reglamento de Protecci\u00f3n de Datos Personales\"}]},{\"@type\":\"WebSite\",\"@id\":\"https:\/\/www.externacorporativo.com\/es\/#website\",\"url\":\"https:\/\/www.externacorporativo.com\/es\/\",\"name\":\"Externa\",\"description\":\"\",\"publisher\":{\"@id\":\"https:\/\/www.externacorporativo.com\/es\/#organization\"},\"potentialAction\":[{\"@type\":\"SearchAction\",\"target\":{\"@type\":\"EntryPoint\",\"urlTemplate\":\"https:\/\/www.externacorporativo.com\/es\/?s={search_term_string}\"},\"query-input\":\"required name=search_term_string\"}],\"inLanguage\":\"es\"},{\"@type\":\"Organization\",\"@id\":\"https:\/\/www.externacorporativo.com\/es\/#organization\",\"name\":\"Externa\",\"url\":\"https:\/\/www.externacorporativo.com\/es\/\",\"logo\":{\"@type\":\"ImageObject\",\"inLanguage\":\"es\",\"@id\":\"https:\/\/www.externacorporativo.com\/es\/#\/schema\/logo\/image\/\",\"url\":\"https:\/\/www.externacorporativo.com\/wp-content\/uploads\/2023\/04\/Sin-nombre.png\",\"contentUrl\":\"https:\/\/www.externacorporativo.com\/wp-content\/uploads\/2023\/04\/Sin-nombre.png\",\"width\":297,\"height\":109,\"caption\":\"Externa\"},\"image\":{\"@id\":\"https:\/\/www.externacorporativo.com\/es\/#\/schema\/logo\/image\/\"}},{\"@type\":\"Person\",\"@id\":\"https:\/\/www.externacorporativo.com\/es\/#\/schema\/person\/bdc7fa484ed4f3510b0ec3c089989e97\",\"name\":\"Programacion\",\"image\":{\"@type\":\"ImageObject\",\"inLanguage\":\"es\",\"@id\":\"https:\/\/www.externacorporativo.com\/es\/#\/schema\/person\/image\/\",\"url\":\"https:\/\/secure.gravatar.com\/avatar\/b46a7287724b495183c8c832facd7442?s=96&d=mm&r=g\",\"contentUrl\":\"https:\/\/secure.gravatar.com\/avatar\/b46a7287724b495183c8c832facd7442?s=96&d=mm&r=g\",\"caption\":\"Programacion\"},\"url\":\"https:\/\/www.externacorporativo.com\/es\/author\/programacion\/\"}]}<\/script>\n<!-- \/ Yoast SEO plugin. -->","yoast_head_json":{"title":"ESPA\u00d1A - INTERNACIONALIZACI\u00d3N: RGDP- Reglamento de Protecci\u00f3n de Datos Personales - Externa","robots":{"index":"index","follow":"follow","max-snippet":"max-snippet:-1","max-image-preview":"max-image-preview:large","max-video-preview":"max-video-preview:-1"},"canonical":"https:\/\/www.externacorporativo.com\/es\/espana-internacionalizacion-rgdp-reglamento-de-proteccion-de-datos-personales-3\/","og_locale":"es_ES","og_type":"article","og_title":"ESPA\u00d1A - INTERNACIONALIZACI\u00d3N: RGDP- Reglamento de Protecci\u00f3n de Datos Personales - Externa","og_description":"Desde el pasado 25 de mayo, ha entrado en aplicaci\u00f3n directa e inmediata en Espa\u00f1a, el Reglamento (UE) 2016\/679 de 27 de abril, relativo a la protecci\u00f3n de las personas f\u00edsicas en lo que respecta al tratamiento de datos personales y a la libre circulaci\u00f3n de estos datos Como principales novedades legislativas que introduce se [&hellip;]","og_url":"https:\/\/www.externacorporativo.com\/es\/espana-internacionalizacion-rgdp-reglamento-de-proteccion-de-datos-personales-3\/","og_site_name":"Externa","article_published_time":"2023-06-01T07:27:13+00:00","article_modified_time":"2023-06-01T07:27:15+00:00","author":"Programacion","twitter_card":"summary_large_image","twitter_misc":{"Escrito por":"Programacion","Tiempo de lectura":"2 minutos"},"schema":{"@context":"https:\/\/schema.org","@graph":[{"@type":"Article","@id":"https:\/\/www.externacorporativo.com\/es\/espana-internacionalizacion-rgdp-reglamento-de-proteccion-de-datos-personales-3\/#article","isPartOf":{"@id":"https:\/\/www.externacorporativo.com\/es\/espana-internacionalizacion-rgdp-reglamento-de-proteccion-de-datos-personales-3\/"},"author":{"name":"Programacion","@id":"https:\/\/www.externacorporativo.com\/es\/#\/schema\/person\/bdc7fa484ed4f3510b0ec3c089989e97"},"headline":"ESPA\u00d1A &#8211; INTERNACIONALIZACI\u00d3N: RGDP- Reglamento de Protecci\u00f3n de Datos Personales","datePublished":"2023-06-01T07:27:13+00:00","dateModified":"2023-06-01T07:27:15+00:00","mainEntityOfPage":{"@id":"https:\/\/www.externacorporativo.com\/es\/espana-internacionalizacion-rgdp-reglamento-de-proteccion-de-datos-personales-3\/"},"wordCount":414,"commentCount":0,"publisher":{"@id":"https:\/\/www.externacorporativo.com\/es\/#organization"},"inLanguage":"es","potentialAction":[{"@type":"CommentAction","name":"Comment","target":["https:\/\/www.externacorporativo.com\/es\/espana-internacionalizacion-rgdp-reglamento-de-proteccion-de-datos-personales-3\/#respond"]}]},{"@type":"WebPage","@id":"https:\/\/www.externacorporativo.com\/es\/espana-internacionalizacion-rgdp-reglamento-de-proteccion-de-datos-personales-3\/","url":"https:\/\/www.externacorporativo.com\/es\/espana-internacionalizacion-rgdp-reglamento-de-proteccion-de-datos-personales-3\/","name":"ESPA\u00d1A - INTERNACIONALIZACI\u00d3N: RGDP- Reglamento de Protecci\u00f3n de Datos Personales - Externa","isPartOf":{"@id":"https:\/\/www.externacorporativo.com\/es\/#website"},"datePublished":"2023-06-01T07:27:13+00:00","dateModified":"2023-06-01T07:27:15+00:00","breadcrumb":{"@id":"https:\/\/www.externacorporativo.com\/es\/espana-internacionalizacion-rgdp-reglamento-de-proteccion-de-datos-personales-3\/#breadcrumb"},"inLanguage":"es","potentialAction":[{"@type":"ReadAction","target":["https:\/\/www.externacorporativo.com\/es\/espana-internacionalizacion-rgdp-reglamento-de-proteccion-de-datos-personales-3\/"]}]},{"@type":"BreadcrumbList","@id":"https:\/\/www.externacorporativo.com\/es\/espana-internacionalizacion-rgdp-reglamento-de-proteccion-de-datos-personales-3\/#breadcrumb","itemListElement":[{"@type":"ListItem","position":1,"name":"Portada","item":"https:\/\/www.externacorporativo.com\/es\/"},{"@type":"ListItem","position":2,"name":"ESPA\u00d1A &#8211; INTERNACIONALIZACI\u00d3N: RGDP- Reglamento de Protecci\u00f3n de Datos Personales"}]},{"@type":"WebSite","@id":"https:\/\/www.externacorporativo.com\/es\/#website","url":"https:\/\/www.externacorporativo.com\/es\/","name":"Externa","description":"","publisher":{"@id":"https:\/\/www.externacorporativo.com\/es\/#organization"},"potentialAction":[{"@type":"SearchAction","target":{"@type":"EntryPoint","urlTemplate":"https:\/\/www.externacorporativo.com\/es\/?s={search_term_string}"},"query-input":"required name=search_term_string"}],"inLanguage":"es"},{"@type":"Organization","@id":"https:\/\/www.externacorporativo.com\/es\/#organization","name":"Externa","url":"https:\/\/www.externacorporativo.com\/es\/","logo":{"@type":"ImageObject","inLanguage":"es","@id":"https:\/\/www.externacorporativo.com\/es\/#\/schema\/logo\/image\/","url":"https:\/\/www.externacorporativo.com\/wp-content\/uploads\/2023\/04\/Sin-nombre.png","contentUrl":"https:\/\/www.externacorporativo.com\/wp-content\/uploads\/2023\/04\/Sin-nombre.png","width":297,"height":109,"caption":"Externa"},"image":{"@id":"https:\/\/www.externacorporativo.com\/es\/#\/schema\/logo\/image\/"}},{"@type":"Person","@id":"https:\/\/www.externacorporativo.com\/es\/#\/schema\/person\/bdc7fa484ed4f3510b0ec3c089989e97","name":"Programacion","image":{"@type":"ImageObject","inLanguage":"es","@id":"https:\/\/www.externacorporativo.com\/es\/#\/schema\/person\/image\/","url":"https:\/\/secure.gravatar.com\/avatar\/b46a7287724b495183c8c832facd7442?s=96&d=mm&r=g","contentUrl":"https:\/\/secure.gravatar.com\/avatar\/b46a7287724b495183c8c832facd7442?s=96&d=mm&r=g","caption":"Programacion"},"url":"https:\/\/www.externacorporativo.com\/es\/author\/programacion\/"}]}},"_links":{"self":[{"href":"https:\/\/www.externacorporativo.com\/es\/wp-json\/wp\/v2\/posts\/1407"}],"collection":[{"href":"https:\/\/www.externacorporativo.com\/es\/wp-json\/wp\/v2\/posts"}],"about":[{"href":"https:\/\/www.externacorporativo.com\/es\/wp-json\/wp\/v2\/types\/post"}],"author":[{"embeddable":true,"href":"https:\/\/www.externacorporativo.com\/es\/wp-json\/wp\/v2\/users\/2"}],"replies":[{"embeddable":true,"href":"https:\/\/www.externacorporativo.com\/es\/wp-json\/wp\/v2\/comments?post=1407"}],"version-history":[{"count":1,"href":"https:\/\/www.externacorporativo.com\/es\/wp-json\/wp\/v2\/posts\/1407\/revisions"}],"predecessor-version":[{"id":2249,"href":"https:\/\/www.externacorporativo.com\/es\/wp-json\/wp\/v2\/posts\/1407\/revisions\/2249"}],"wp:attachment":[{"href":"https:\/\/www.externacorporativo.com\/es\/wp-json\/wp\/v2\/media?parent=1407"}],"wp:term":[{"taxonomy":"category","embeddable":true,"href":"https:\/\/www.externacorporativo.com\/es\/wp-json\/wp\/v2\/categories?post=1407"},{"taxonomy":"post_tag","embeddable":true,"href":"https:\/\/www.externacorporativo.com\/es\/wp-json\/wp\/v2\/tags?post=1407"}],"curies":[{"name":"wp","href":"https:\/\/api.w.org\/{rel}","templated":true}]}}