{"id":1418,"date":"2023-06-01T07:27:16","date_gmt":"2023-06-01T07:27:16","guid":{"rendered":"https:\/\/www.externacorporativo.com\/union-europea-marcas-sentencia-louboutin-2\/"},"modified":"2023-06-01T07:27:17","modified_gmt":"2023-06-01T07:27:17","slug":"union-europea-marcas-sentencia-louboutin-2","status":"publish","type":"post","link":"https:\/\/www.externacorporativo.com\/es\/union-europea-marcas-sentencia-louboutin-2\/","title":{"rendered":"UNI\u00d3N EUROPEA: Marcas : Sentencia Louboutin"},"content":{"rendered":"<p style=\"text-align: justify;\">Tras un largo proceso, el Tribunal de Justicia de la Uni\u00f3n Europea (TJUE) ha dado la raz\u00f3n a Christian Louboutin sobre sus famosas suelas rojas que han quedado registradas como marca finalmente.<\/p>\n<p style=\"text-align: justify;\">Sin duda, ha resultado una sentencia enormemente llamativa, por lo popular de las suelas rojas, y por el cambio de direcci\u00f3n de los tribunales en relaci\u00f3n con las marcas de color, ya que siempre hab\u00edan sido reacios a permitir el registro por distinciones como el color, sobre todo por influencia de la antigua Directiva de marcas 2008\/95 que establec\u00eda que un signo no se registrar\u00eda como marca si consiste exclusivamente en \u00abla forma que otorga un valor sustancial a los bienes\u00bb.<\/p>\n<p style=\"text-align: justify;\">Christian Louboutin, registr\u00f3 en 2010 ese distintivo como marca en el Benelux en la categor\u00eda de \u00abzapatos\u00bb, clasificaci\u00f3n que en 2013 cambi\u00f3 por \u00abzapatos de tac\u00f3n alto\u00bb, cuya ense\u00f1a consiste \u00aben el color rojo (Pantone 18 1663TP) aplicado a la suela de un zapato\u00bb.<\/p>\n<p style=\"text-align: justify;\">La sociedad Van Haren, de venta de calzado al por menor, comercializ\u00f3 en 2012 zapatos de tac\u00f3n alto para mujer con la suela revestida de color rojo, hechos que Louboutin denunci\u00f3 ante la justicia neerlandesa.<\/p>\n<p style=\"text-align: justify;\">Van Haren, por su parte, pidi\u00f3 anular el registro de la marca en base a la mencionada Directiva, alegando que no pod\u00edan registrarse signos constituidos exclusivamente por una forma (en este caso la de la suela).<\/p>\n<p style=\"text-align: justify;\">El Tribunal de Primera Instancia de La Haya envi\u00f3 el caso al TJUE para que interpretase la normativa europea.<\/p>\n<p style=\"text-align: justify;\">En su sentencia, el TJUE, rechaza anular el registro de la marca por considerar que esta \u00abno consiste en una forma espec\u00edfica de suela de zapatos de tac\u00f3n alto\u00bb, ya que su descripci\u00f3n indica expresamente que el contorno no forma parte de la marca, sino que solo sirve para poner de relieve d\u00f3nde se sit\u00faa el color rojo. Y a\u00f1ade que no puede considerarse que el signo est\u00e1 constituido \u00abexclusivamente\u00bb por la forma dado que el objeto principal es un color precisado mediante un c\u00f3digo de identificaci\u00f3n internacional.<\/p>\n<p style=\"text-align: justify;\">El TJUE rechaz\u00f3 as\u00ed la demanda de Van Haren de anular la marca Louboutin. Sin embargo, no se pronunci\u00f3 sobre si hay una vulneraci\u00f3n de la marca Louboutin, \u201cdetalle\u201d que aun tendr\u00e1 que resolver el tribunal de La Haya que juzga el caso, siguiendo el criterio del TJUE.<\/p>\n<p style=\"text-align: justify;\">No hay precedentes en la discusi\u00f3n por la protecci\u00f3n otorgada a un solo color por lo que nos encontramos ante una decisi\u00f3n \u00fanica. Tendremos que esperar a ver c\u00f3mo lo aplica el tribunal holand\u00e9s para conocer el final de las suelas rojas.<\/p>\n","protected":false},"excerpt":{"rendered":"<p>Tras un largo proceso, el Tribunal de Justicia de la Uni\u00f3n Europea (TJUE) ha dado la raz\u00f3n a Christian Louboutin sobre sus famosas suelas rojas que han quedado registradas como marca finalmente. Sin duda, ha resultado una sentencia enormemente llamativa, por lo popular de las suelas rojas, y por el cambio de direcci\u00f3n de los [&hellip;]<\/p>\n","protected":false},"author":2,"featured_media":0,"comment_status":"open","ping_status":"open","sticky":false,"template":"","format":"standard","meta":[],"categories":[],"tags":[],"yoast_head":"<!-- This site is optimized with the Yoast SEO plugin v20.0 - https:\/\/yoast.com\/wordpress\/plugins\/seo\/ -->\n<title>UNI\u00d3N EUROPEA: Marcas : Sentencia Louboutin - Externa<\/title>\n<meta name=\"robots\" content=\"index, follow, max-snippet:-1, max-image-preview:large, max-video-preview:-1\" \/>\n<link rel=\"canonical\" href=\"https:\/\/www.externacorporativo.com\/es\/union-europea-marcas-sentencia-louboutin-2\/\" \/>\n<meta property=\"og:locale\" content=\"es_ES\" \/>\n<meta property=\"og:type\" content=\"article\" \/>\n<meta property=\"og:title\" content=\"UNI\u00d3N EUROPEA: Marcas : Sentencia Louboutin - Externa\" \/>\n<meta property=\"og:description\" content=\"Tras un largo proceso, el Tribunal de Justicia de la Uni\u00f3n Europea (TJUE) ha dado la raz\u00f3n a Christian Louboutin sobre sus famosas suelas rojas que han quedado registradas como marca finalmente. Sin duda, ha resultado una sentencia enormemente llamativa, por lo popular de las suelas rojas, y por el cambio de direcci\u00f3n de los [&hellip;]\" \/>\n<meta property=\"og:url\" content=\"https:\/\/www.externacorporativo.com\/es\/union-europea-marcas-sentencia-louboutin-2\/\" \/>\n<meta property=\"og:site_name\" content=\"Externa\" \/>\n<meta property=\"article:published_time\" content=\"2023-06-01T07:27:16+00:00\" \/>\n<meta property=\"article:modified_time\" content=\"2023-06-01T07:27:17+00:00\" \/>\n<meta name=\"author\" content=\"Programacion\" \/>\n<meta name=\"twitter:card\" content=\"summary_large_image\" \/>\n<meta name=\"twitter:label1\" content=\"Escrito por\" \/>\n\t<meta name=\"twitter:data1\" content=\"Programacion\" \/>\n\t<meta name=\"twitter:label2\" content=\"Tiempo de lectura\" \/>\n\t<meta name=\"twitter:data2\" content=\"2 minutos\" \/>\n<script type=\"application\/ld+json\" class=\"yoast-schema-graph\">{\"@context\":\"https:\/\/schema.org\",\"@graph\":[{\"@type\":\"Article\",\"@id\":\"https:\/\/www.externacorporativo.com\/es\/union-europea-marcas-sentencia-louboutin-2\/#article\",\"isPartOf\":{\"@id\":\"https:\/\/www.externacorporativo.com\/es\/union-europea-marcas-sentencia-louboutin-2\/\"},\"author\":{\"name\":\"Programacion\",\"@id\":\"https:\/\/www.externacorporativo.com\/es\/#\/schema\/person\/bdc7fa484ed4f3510b0ec3c089989e97\"},\"headline\":\"UNI\u00d3N EUROPEA: Marcas : Sentencia Louboutin\",\"datePublished\":\"2023-06-01T07:27:16+00:00\",\"dateModified\":\"2023-06-01T07:27:17+00:00\",\"mainEntityOfPage\":{\"@id\":\"https:\/\/www.externacorporativo.com\/es\/union-europea-marcas-sentencia-louboutin-2\/\"},\"wordCount\":453,\"commentCount\":0,\"publisher\":{\"@id\":\"https:\/\/www.externacorporativo.com\/es\/#organization\"},\"inLanguage\":\"es\",\"potentialAction\":[{\"@type\":\"CommentAction\",\"name\":\"Comment\",\"target\":[\"https:\/\/www.externacorporativo.com\/es\/union-europea-marcas-sentencia-louboutin-2\/#respond\"]}]},{\"@type\":\"WebPage\",\"@id\":\"https:\/\/www.externacorporativo.com\/es\/union-europea-marcas-sentencia-louboutin-2\/\",\"url\":\"https:\/\/www.externacorporativo.com\/es\/union-europea-marcas-sentencia-louboutin-2\/\",\"name\":\"UNI\u00d3N EUROPEA: Marcas : Sentencia Louboutin - Externa\",\"isPartOf\":{\"@id\":\"https:\/\/www.externacorporativo.com\/es\/#website\"},\"datePublished\":\"2023-06-01T07:27:16+00:00\",\"dateModified\":\"2023-06-01T07:27:17+00:00\",\"breadcrumb\":{\"@id\":\"https:\/\/www.externacorporativo.com\/es\/union-europea-marcas-sentencia-louboutin-2\/#breadcrumb\"},\"inLanguage\":\"es\",\"potentialAction\":[{\"@type\":\"ReadAction\",\"target\":[\"https:\/\/www.externacorporativo.com\/es\/union-europea-marcas-sentencia-louboutin-2\/\"]}]},{\"@type\":\"BreadcrumbList\",\"@id\":\"https:\/\/www.externacorporativo.com\/es\/union-europea-marcas-sentencia-louboutin-2\/#breadcrumb\",\"itemListElement\":[{\"@type\":\"ListItem\",\"position\":1,\"name\":\"Portada\",\"item\":\"https:\/\/www.externacorporativo.com\/es\/\"},{\"@type\":\"ListItem\",\"position\":2,\"name\":\"UNI\u00d3N EUROPEA: Marcas : Sentencia Louboutin\"}]},{\"@type\":\"WebSite\",\"@id\":\"https:\/\/www.externacorporativo.com\/es\/#website\",\"url\":\"https:\/\/www.externacorporativo.com\/es\/\",\"name\":\"Externa\",\"description\":\"\",\"publisher\":{\"@id\":\"https:\/\/www.externacorporativo.com\/es\/#organization\"},\"potentialAction\":[{\"@type\":\"SearchAction\",\"target\":{\"@type\":\"EntryPoint\",\"urlTemplate\":\"https:\/\/www.externacorporativo.com\/es\/?s={search_term_string}\"},\"query-input\":\"required name=search_term_string\"}],\"inLanguage\":\"es\"},{\"@type\":\"Organization\",\"@id\":\"https:\/\/www.externacorporativo.com\/es\/#organization\",\"name\":\"Externa\",\"url\":\"https:\/\/www.externacorporativo.com\/es\/\",\"logo\":{\"@type\":\"ImageObject\",\"inLanguage\":\"es\",\"@id\":\"https:\/\/www.externacorporativo.com\/es\/#\/schema\/logo\/image\/\",\"url\":\"https:\/\/www.externacorporativo.com\/wp-content\/uploads\/2023\/04\/Sin-nombre.png\",\"contentUrl\":\"https:\/\/www.externacorporativo.com\/wp-content\/uploads\/2023\/04\/Sin-nombre.png\",\"width\":297,\"height\":109,\"caption\":\"Externa\"},\"image\":{\"@id\":\"https:\/\/www.externacorporativo.com\/es\/#\/schema\/logo\/image\/\"}},{\"@type\":\"Person\",\"@id\":\"https:\/\/www.externacorporativo.com\/es\/#\/schema\/person\/bdc7fa484ed4f3510b0ec3c089989e97\",\"name\":\"Programacion\",\"image\":{\"@type\":\"ImageObject\",\"inLanguage\":\"es\",\"@id\":\"https:\/\/www.externacorporativo.com\/es\/#\/schema\/person\/image\/\",\"url\":\"https:\/\/secure.gravatar.com\/avatar\/b46a7287724b495183c8c832facd7442?s=96&d=mm&r=g\",\"contentUrl\":\"https:\/\/secure.gravatar.com\/avatar\/b46a7287724b495183c8c832facd7442?s=96&d=mm&r=g\",\"caption\":\"Programacion\"},\"url\":\"https:\/\/www.externacorporativo.com\/es\/author\/programacion\/\"}]}<\/script>\n<!-- \/ Yoast SEO plugin. -->","yoast_head_json":{"title":"UNI\u00d3N EUROPEA: Marcas : Sentencia Louboutin - Externa","robots":{"index":"index","follow":"follow","max-snippet":"max-snippet:-1","max-image-preview":"max-image-preview:large","max-video-preview":"max-video-preview:-1"},"canonical":"https:\/\/www.externacorporativo.com\/es\/union-europea-marcas-sentencia-louboutin-2\/","og_locale":"es_ES","og_type":"article","og_title":"UNI\u00d3N EUROPEA: Marcas : Sentencia Louboutin - Externa","og_description":"Tras un largo proceso, el Tribunal de Justicia de la Uni\u00f3n Europea (TJUE) ha dado la raz\u00f3n a Christian Louboutin sobre sus famosas suelas rojas que han quedado registradas como marca finalmente. Sin duda, ha resultado una sentencia enormemente llamativa, por lo popular de las suelas rojas, y por el cambio de direcci\u00f3n de los [&hellip;]","og_url":"https:\/\/www.externacorporativo.com\/es\/union-europea-marcas-sentencia-louboutin-2\/","og_site_name":"Externa","article_published_time":"2023-06-01T07:27:16+00:00","article_modified_time":"2023-06-01T07:27:17+00:00","author":"Programacion","twitter_card":"summary_large_image","twitter_misc":{"Escrito por":"Programacion","Tiempo de lectura":"2 minutos"},"schema":{"@context":"https:\/\/schema.org","@graph":[{"@type":"Article","@id":"https:\/\/www.externacorporativo.com\/es\/union-europea-marcas-sentencia-louboutin-2\/#article","isPartOf":{"@id":"https:\/\/www.externacorporativo.com\/es\/union-europea-marcas-sentencia-louboutin-2\/"},"author":{"name":"Programacion","@id":"https:\/\/www.externacorporativo.com\/es\/#\/schema\/person\/bdc7fa484ed4f3510b0ec3c089989e97"},"headline":"UNI\u00d3N EUROPEA: Marcas : Sentencia Louboutin","datePublished":"2023-06-01T07:27:16+00:00","dateModified":"2023-06-01T07:27:17+00:00","mainEntityOfPage":{"@id":"https:\/\/www.externacorporativo.com\/es\/union-europea-marcas-sentencia-louboutin-2\/"},"wordCount":453,"commentCount":0,"publisher":{"@id":"https:\/\/www.externacorporativo.com\/es\/#organization"},"inLanguage":"es","potentialAction":[{"@type":"CommentAction","name":"Comment","target":["https:\/\/www.externacorporativo.com\/es\/union-europea-marcas-sentencia-louboutin-2\/#respond"]}]},{"@type":"WebPage","@id":"https:\/\/www.externacorporativo.com\/es\/union-europea-marcas-sentencia-louboutin-2\/","url":"https:\/\/www.externacorporativo.com\/es\/union-europea-marcas-sentencia-louboutin-2\/","name":"UNI\u00d3N EUROPEA: Marcas : Sentencia Louboutin - Externa","isPartOf":{"@id":"https:\/\/www.externacorporativo.com\/es\/#website"},"datePublished":"2023-06-01T07:27:16+00:00","dateModified":"2023-06-01T07:27:17+00:00","breadcrumb":{"@id":"https:\/\/www.externacorporativo.com\/es\/union-europea-marcas-sentencia-louboutin-2\/#breadcrumb"},"inLanguage":"es","potentialAction":[{"@type":"ReadAction","target":["https:\/\/www.externacorporativo.com\/es\/union-europea-marcas-sentencia-louboutin-2\/"]}]},{"@type":"BreadcrumbList","@id":"https:\/\/www.externacorporativo.com\/es\/union-europea-marcas-sentencia-louboutin-2\/#breadcrumb","itemListElement":[{"@type":"ListItem","position":1,"name":"Portada","item":"https:\/\/www.externacorporativo.com\/es\/"},{"@type":"ListItem","position":2,"name":"UNI\u00d3N EUROPEA: Marcas : Sentencia Louboutin"}]},{"@type":"WebSite","@id":"https:\/\/www.externacorporativo.com\/es\/#website","url":"https:\/\/www.externacorporativo.com\/es\/","name":"Externa","description":"","publisher":{"@id":"https:\/\/www.externacorporativo.com\/es\/#organization"},"potentialAction":[{"@type":"SearchAction","target":{"@type":"EntryPoint","urlTemplate":"https:\/\/www.externacorporativo.com\/es\/?s={search_term_string}"},"query-input":"required name=search_term_string"}],"inLanguage":"es"},{"@type":"Organization","@id":"https:\/\/www.externacorporativo.com\/es\/#organization","name":"Externa","url":"https:\/\/www.externacorporativo.com\/es\/","logo":{"@type":"ImageObject","inLanguage":"es","@id":"https:\/\/www.externacorporativo.com\/es\/#\/schema\/logo\/image\/","url":"https:\/\/www.externacorporativo.com\/wp-content\/uploads\/2023\/04\/Sin-nombre.png","contentUrl":"https:\/\/www.externacorporativo.com\/wp-content\/uploads\/2023\/04\/Sin-nombre.png","width":297,"height":109,"caption":"Externa"},"image":{"@id":"https:\/\/www.externacorporativo.com\/es\/#\/schema\/logo\/image\/"}},{"@type":"Person","@id":"https:\/\/www.externacorporativo.com\/es\/#\/schema\/person\/bdc7fa484ed4f3510b0ec3c089989e97","name":"Programacion","image":{"@type":"ImageObject","inLanguage":"es","@id":"https:\/\/www.externacorporativo.com\/es\/#\/schema\/person\/image\/","url":"https:\/\/secure.gravatar.com\/avatar\/b46a7287724b495183c8c832facd7442?s=96&d=mm&r=g","contentUrl":"https:\/\/secure.gravatar.com\/avatar\/b46a7287724b495183c8c832facd7442?s=96&d=mm&r=g","caption":"Programacion"},"url":"https:\/\/www.externacorporativo.com\/es\/author\/programacion\/"}]}},"_links":{"self":[{"href":"https:\/\/www.externacorporativo.com\/es\/wp-json\/wp\/v2\/posts\/1418"}],"collection":[{"href":"https:\/\/www.externacorporativo.com\/es\/wp-json\/wp\/v2\/posts"}],"about":[{"href":"https:\/\/www.externacorporativo.com\/es\/wp-json\/wp\/v2\/types\/post"}],"author":[{"embeddable":true,"href":"https:\/\/www.externacorporativo.com\/es\/wp-json\/wp\/v2\/users\/2"}],"replies":[{"embeddable":true,"href":"https:\/\/www.externacorporativo.com\/es\/wp-json\/wp\/v2\/comments?post=1418"}],"version-history":[{"count":1,"href":"https:\/\/www.externacorporativo.com\/es\/wp-json\/wp\/v2\/posts\/1418\/revisions"}],"predecessor-version":[{"id":2260,"href":"https:\/\/www.externacorporativo.com\/es\/wp-json\/wp\/v2\/posts\/1418\/revisions\/2260"}],"wp:attachment":[{"href":"https:\/\/www.externacorporativo.com\/es\/wp-json\/wp\/v2\/media?parent=1418"}],"wp:term":[{"taxonomy":"category","embeddable":true,"href":"https:\/\/www.externacorporativo.com\/es\/wp-json\/wp\/v2\/categories?post=1418"},{"taxonomy":"post_tag","embeddable":true,"href":"https:\/\/www.externacorporativo.com\/es\/wp-json\/wp\/v2\/tags?post=1418"}],"curies":[{"name":"wp","href":"https:\/\/api.w.org\/{rel}","templated":true}]}}