{"id":1425,"date":"2023-06-01T07:27:16","date_gmt":"2023-06-01T07:27:16","guid":{"rendered":"https:\/\/www.externacorporativo.com\/union-europea-desplazamiento-de-trabajadores-3\/"},"modified":"2023-06-01T07:27:18","modified_gmt":"2023-06-01T07:27:18","slug":"union-europea-desplazamiento-de-trabajadores-3","status":"publish","type":"post","link":"https:\/\/www.externacorporativo.com\/es\/union-europea-desplazamiento-de-trabajadores-3\/","title":{"rendered":"UNI\u00d3N EUROPEA: Desplazamiento de trabajadores"},"content":{"rendered":"<p style=\"text-align: justify;\">El Consejo de la Uni\u00f3n Europea aprob\u00f3 el pasado 21 de junio la Directiva revisada sobre desplazamiento de trabajadores. Ya hemos visto que es un tema que ha estado sufriendo continuos cambios en los \u00faltimos tiempos, tanto a nivel unilateral por parte de los Estados miembros, como por parte de la UE. Los Estados miembros dispondr\u00e1n de 2 a\u00f1os para realizar las adaptaciones pertinentes.<\/p>\n<p style=\"text-align: justify;\">Esta vez se han realizado modificaciones en tres \u00e1mbitos principales:<\/p>\n<p style=\"text-align: justify;\"><u>1.- La remuneraci\u00f3n de los trabajadores desplazados<\/u>:<\/p>\n<p style=\"text-align: justify;\">Con el fin de evitar el \u201cdumping social\u201d (el \u201cuso\u201d de trabajadores m\u00e1s \u201cbaratos\u201d) para reducir costes y evitar tambi\u00e9n la competencia desleal, se definen una serie de condiciones laborales m\u00ednimas obligatorias en el pa\u00eds de acogida que deber\u00e1n respetarse para los trabajadores desplazados.<\/p>\n<p style=\"text-align: justify;\">En relaci\u00f3n al salario, \u00e9stos tendr\u00e1n derecho a la misma remuneraci\u00f3n que los trabajadores locales por el mismo trabajo en el mismo lugar. El concepto de remuneraci\u00f3n deber\u00e1 fijarse de acuerdo con la legislaci\u00f3n del pa\u00eds de acogida, y deber\u00e1 incluir todos los elementos constitutivos obligatorios de la remuneraci\u00f3n y no solo las tasas m\u00ednimas de pago.<\/p>\n<p style=\"text-align: justify;\">El empleador deber\u00e1 reembolsar los gastos incurridos por el desplazamiento, conforme la normativa vigente en el pa\u00eds al que le aplica la relaci\u00f3n laboral. Cuando los t\u00e9rminos y condiciones aplicables a la relaci\u00f3n laboral no aclaren qu\u00e9 elementos son imputables a los gastos y cuales forman parte de la remuneraci\u00f3n, se considerar\u00e1 que toda la provisi\u00f3n cubre los gastos realmente incurridos a causa del desplazamiento.<\/p>\n<p style=\"text-align: justify;\">Les ser\u00e1 de aplicaci\u00f3n los convenios colectivos de su sector en el pa\u00eds de acogida durante el desplazamiento.<\/p>\n<p style=\"text-align: justify;\"><u>2.- Derechos y obligaciones de los desplazados largo plazo:<\/u><\/p>\n<p style=\"text-align: justify;\">En los casos de desplazamientos superiores a 12 meses, los trabajadores tendr\u00e1n derecho a todas las condiciones de empleo del estado anfitri\u00f3n que son obligatoriamente aplicables a excepci\u00f3n de:<\/p>\n<ul style=\"text-align: justify;\">\n<li>procedimientos, tr\u00e1mites y condiciones relacionados con la celebraci\u00f3n y rescisi\u00f3n del contrato de trabajo, incluidas las cl\u00e1usulas de no competencia;<\/li>\n<li>planes complementarios de pensiones ocupacionales.<\/li>\n<\/ul>\n<p style=\"text-align: justify;\">Los plazos de desplazamiento solo podr\u00e1n prorrogarse hasta 18 meses por causas razonadas. En todo caso, cuando una empresa reemplaza a un trabajador desplazado con otro trabajador desplazado que realice la misma tarea en el mismo lugar, la duraci\u00f3n de la autorizaci\u00f3n ser\u00e1 la duraci\u00f3n acumulada de los per\u00edodos de los trabajadores individuales desplazados para el mismo servicio. Para determinar si un trabajador desplazado realiza \u00abla misma tarea en el mismo lugar\u00bb que el trabajador al que reemplazan, se debe considerar la naturaleza del servicio que se proporcionar\u00e1, el trabajo que se realizar\u00e1 y las direcciones del lugar de trabajo, entre otros factores.<\/p>\n<p style=\"text-align: justify;\"><u>3.- Los trabajadores vinculados a agencias de trabajo temporal:<\/u><\/p>\n<p style=\"text-align: justify;\">Los Estados miembros deben garantizar que el principio de igualdad de trato previsto en la Directiva sobre el trabajo temporal de las agencias se aplique tambi\u00e9n a los trabajadores cedidos por agencias de trabajo temporal.<\/p>\n<p style=\"text-align: justify;\">Las empresas usuarias tambi\u00e9n deben informar a las agencias de trabajo temporal si tienen la intenci\u00f3n de llevar a cabo servicios transnacionales con el trabajador de la agencia de trabajo temporal en un Estado miembro distinto de aquel d\u00f3nde el trabajador trabaja habitualmente para la agencia de trabajo temporal.<\/p>\n<p style=\"text-align: justify;\">Adem\u00e1s les afectar\u00e1 igualmente la acumulaci\u00f3n de plazos de trabajadores desplazados individualmente para las mismas tareas o servicios.<\/p>\n","protected":false},"excerpt":{"rendered":"<p>UNI\u00d3N EUROPEA: Desplazamiento de trabajadores<\/p>\n","protected":false},"author":2,"featured_media":0,"comment_status":"open","ping_status":"open","sticky":false,"template":"","format":"standard","meta":[],"categories":[],"tags":[],"yoast_head":"<!-- This site is optimized with the Yoast SEO plugin v20.0 - https:\/\/yoast.com\/wordpress\/plugins\/seo\/ -->\n<title>UNI\u00d3N EUROPEA: Desplazamiento de trabajadores - Externa<\/title>\n<meta name=\"robots\" content=\"index, follow, max-snippet:-1, max-image-preview:large, max-video-preview:-1\" \/>\n<link rel=\"canonical\" href=\"https:\/\/www.externacorporativo.com\/es\/union-europea-desplazamiento-de-trabajadores-3\/\" \/>\n<meta property=\"og:locale\" content=\"es_ES\" \/>\n<meta property=\"og:type\" content=\"article\" \/>\n<meta property=\"og:title\" content=\"UNI\u00d3N EUROPEA: Desplazamiento de trabajadores - Externa\" \/>\n<meta property=\"og:description\" content=\"UNI\u00d3N EUROPEA: Desplazamiento de trabajadores\" \/>\n<meta property=\"og:url\" content=\"https:\/\/www.externacorporativo.com\/es\/union-europea-desplazamiento-de-trabajadores-3\/\" \/>\n<meta property=\"og:site_name\" content=\"Externa\" \/>\n<meta property=\"article:published_time\" content=\"2023-06-01T07:27:16+00:00\" \/>\n<meta property=\"article:modified_time\" content=\"2023-06-01T07:27:18+00:00\" \/>\n<meta name=\"author\" content=\"Programacion\" \/>\n<meta name=\"twitter:card\" content=\"summary_large_image\" \/>\n<meta name=\"twitter:label1\" content=\"Escrito por\" \/>\n\t<meta name=\"twitter:data1\" content=\"Programacion\" \/>\n\t<meta name=\"twitter:label2\" content=\"Tiempo de lectura\" \/>\n\t<meta name=\"twitter:data2\" content=\"3 minutos\" \/>\n<script type=\"application\/ld+json\" class=\"yoast-schema-graph\">{\"@context\":\"https:\/\/schema.org\",\"@graph\":[{\"@type\":\"Article\",\"@id\":\"https:\/\/www.externacorporativo.com\/es\/union-europea-desplazamiento-de-trabajadores-3\/#article\",\"isPartOf\":{\"@id\":\"https:\/\/www.externacorporativo.com\/es\/union-europea-desplazamiento-de-trabajadores-3\/\"},\"author\":{\"name\":\"Programacion\",\"@id\":\"https:\/\/www.externacorporativo.com\/es\/#\/schema\/person\/bdc7fa484ed4f3510b0ec3c089989e97\"},\"headline\":\"UNI\u00d3N EUROPEA: Desplazamiento de trabajadores\",\"datePublished\":\"2023-06-01T07:27:16+00:00\",\"dateModified\":\"2023-06-01T07:27:18+00:00\",\"mainEntityOfPage\":{\"@id\":\"https:\/\/www.externacorporativo.com\/es\/union-europea-desplazamiento-de-trabajadores-3\/\"},\"wordCount\":587,\"commentCount\":0,\"publisher\":{\"@id\":\"https:\/\/www.externacorporativo.com\/es\/#organization\"},\"inLanguage\":\"es\",\"potentialAction\":[{\"@type\":\"CommentAction\",\"name\":\"Comment\",\"target\":[\"https:\/\/www.externacorporativo.com\/es\/union-europea-desplazamiento-de-trabajadores-3\/#respond\"]}]},{\"@type\":\"WebPage\",\"@id\":\"https:\/\/www.externacorporativo.com\/es\/union-europea-desplazamiento-de-trabajadores-3\/\",\"url\":\"https:\/\/www.externacorporativo.com\/es\/union-europea-desplazamiento-de-trabajadores-3\/\",\"name\":\"UNI\u00d3N EUROPEA: Desplazamiento de trabajadores - Externa\",\"isPartOf\":{\"@id\":\"https:\/\/www.externacorporativo.com\/es\/#website\"},\"datePublished\":\"2023-06-01T07:27:16+00:00\",\"dateModified\":\"2023-06-01T07:27:18+00:00\",\"breadcrumb\":{\"@id\":\"https:\/\/www.externacorporativo.com\/es\/union-europea-desplazamiento-de-trabajadores-3\/#breadcrumb\"},\"inLanguage\":\"es\",\"potentialAction\":[{\"@type\":\"ReadAction\",\"target\":[\"https:\/\/www.externacorporativo.com\/es\/union-europea-desplazamiento-de-trabajadores-3\/\"]}]},{\"@type\":\"BreadcrumbList\",\"@id\":\"https:\/\/www.externacorporativo.com\/es\/union-europea-desplazamiento-de-trabajadores-3\/#breadcrumb\",\"itemListElement\":[{\"@type\":\"ListItem\",\"position\":1,\"name\":\"Portada\",\"item\":\"https:\/\/www.externacorporativo.com\/es\/\"},{\"@type\":\"ListItem\",\"position\":2,\"name\":\"UNI\u00d3N EUROPEA: Desplazamiento de trabajadores\"}]},{\"@type\":\"WebSite\",\"@id\":\"https:\/\/www.externacorporativo.com\/es\/#website\",\"url\":\"https:\/\/www.externacorporativo.com\/es\/\",\"name\":\"Externa\",\"description\":\"\",\"publisher\":{\"@id\":\"https:\/\/www.externacorporativo.com\/es\/#organization\"},\"potentialAction\":[{\"@type\":\"SearchAction\",\"target\":{\"@type\":\"EntryPoint\",\"urlTemplate\":\"https:\/\/www.externacorporativo.com\/es\/?s={search_term_string}\"},\"query-input\":\"required name=search_term_string\"}],\"inLanguage\":\"es\"},{\"@type\":\"Organization\",\"@id\":\"https:\/\/www.externacorporativo.com\/es\/#organization\",\"name\":\"Externa\",\"url\":\"https:\/\/www.externacorporativo.com\/es\/\",\"logo\":{\"@type\":\"ImageObject\",\"inLanguage\":\"es\",\"@id\":\"https:\/\/www.externacorporativo.com\/es\/#\/schema\/logo\/image\/\",\"url\":\"https:\/\/www.externacorporativo.com\/wp-content\/uploads\/2023\/04\/Sin-nombre.png\",\"contentUrl\":\"https:\/\/www.externacorporativo.com\/wp-content\/uploads\/2023\/04\/Sin-nombre.png\",\"width\":297,\"height\":109,\"caption\":\"Externa\"},\"image\":{\"@id\":\"https:\/\/www.externacorporativo.com\/es\/#\/schema\/logo\/image\/\"}},{\"@type\":\"Person\",\"@id\":\"https:\/\/www.externacorporativo.com\/es\/#\/schema\/person\/bdc7fa484ed4f3510b0ec3c089989e97\",\"name\":\"Programacion\",\"image\":{\"@type\":\"ImageObject\",\"inLanguage\":\"es\",\"@id\":\"https:\/\/www.externacorporativo.com\/es\/#\/schema\/person\/image\/\",\"url\":\"https:\/\/secure.gravatar.com\/avatar\/b46a7287724b495183c8c832facd7442?s=96&d=mm&r=g\",\"contentUrl\":\"https:\/\/secure.gravatar.com\/avatar\/b46a7287724b495183c8c832facd7442?s=96&d=mm&r=g\",\"caption\":\"Programacion\"},\"url\":\"https:\/\/www.externacorporativo.com\/es\/author\/programacion\/\"}]}<\/script>\n<!-- \/ Yoast SEO plugin. -->","yoast_head_json":{"title":"UNI\u00d3N EUROPEA: Desplazamiento de trabajadores - Externa","robots":{"index":"index","follow":"follow","max-snippet":"max-snippet:-1","max-image-preview":"max-image-preview:large","max-video-preview":"max-video-preview:-1"},"canonical":"https:\/\/www.externacorporativo.com\/es\/union-europea-desplazamiento-de-trabajadores-3\/","og_locale":"es_ES","og_type":"article","og_title":"UNI\u00d3N EUROPEA: Desplazamiento de trabajadores - Externa","og_description":"UNI\u00d3N EUROPEA: Desplazamiento de trabajadores","og_url":"https:\/\/www.externacorporativo.com\/es\/union-europea-desplazamiento-de-trabajadores-3\/","og_site_name":"Externa","article_published_time":"2023-06-01T07:27:16+00:00","article_modified_time":"2023-06-01T07:27:18+00:00","author":"Programacion","twitter_card":"summary_large_image","twitter_misc":{"Escrito por":"Programacion","Tiempo de lectura":"3 minutos"},"schema":{"@context":"https:\/\/schema.org","@graph":[{"@type":"Article","@id":"https:\/\/www.externacorporativo.com\/es\/union-europea-desplazamiento-de-trabajadores-3\/#article","isPartOf":{"@id":"https:\/\/www.externacorporativo.com\/es\/union-europea-desplazamiento-de-trabajadores-3\/"},"author":{"name":"Programacion","@id":"https:\/\/www.externacorporativo.com\/es\/#\/schema\/person\/bdc7fa484ed4f3510b0ec3c089989e97"},"headline":"UNI\u00d3N EUROPEA: Desplazamiento de trabajadores","datePublished":"2023-06-01T07:27:16+00:00","dateModified":"2023-06-01T07:27:18+00:00","mainEntityOfPage":{"@id":"https:\/\/www.externacorporativo.com\/es\/union-europea-desplazamiento-de-trabajadores-3\/"},"wordCount":587,"commentCount":0,"publisher":{"@id":"https:\/\/www.externacorporativo.com\/es\/#organization"},"inLanguage":"es","potentialAction":[{"@type":"CommentAction","name":"Comment","target":["https:\/\/www.externacorporativo.com\/es\/union-europea-desplazamiento-de-trabajadores-3\/#respond"]}]},{"@type":"WebPage","@id":"https:\/\/www.externacorporativo.com\/es\/union-europea-desplazamiento-de-trabajadores-3\/","url":"https:\/\/www.externacorporativo.com\/es\/union-europea-desplazamiento-de-trabajadores-3\/","name":"UNI\u00d3N EUROPEA: Desplazamiento de trabajadores - Externa","isPartOf":{"@id":"https:\/\/www.externacorporativo.com\/es\/#website"},"datePublished":"2023-06-01T07:27:16+00:00","dateModified":"2023-06-01T07:27:18+00:00","breadcrumb":{"@id":"https:\/\/www.externacorporativo.com\/es\/union-europea-desplazamiento-de-trabajadores-3\/#breadcrumb"},"inLanguage":"es","potentialAction":[{"@type":"ReadAction","target":["https:\/\/www.externacorporativo.com\/es\/union-europea-desplazamiento-de-trabajadores-3\/"]}]},{"@type":"BreadcrumbList","@id":"https:\/\/www.externacorporativo.com\/es\/union-europea-desplazamiento-de-trabajadores-3\/#breadcrumb","itemListElement":[{"@type":"ListItem","position":1,"name":"Portada","item":"https:\/\/www.externacorporativo.com\/es\/"},{"@type":"ListItem","position":2,"name":"UNI\u00d3N EUROPEA: Desplazamiento de trabajadores"}]},{"@type":"WebSite","@id":"https:\/\/www.externacorporativo.com\/es\/#website","url":"https:\/\/www.externacorporativo.com\/es\/","name":"Externa","description":"","publisher":{"@id":"https:\/\/www.externacorporativo.com\/es\/#organization"},"potentialAction":[{"@type":"SearchAction","target":{"@type":"EntryPoint","urlTemplate":"https:\/\/www.externacorporativo.com\/es\/?s={search_term_string}"},"query-input":"required name=search_term_string"}],"inLanguage":"es"},{"@type":"Organization","@id":"https:\/\/www.externacorporativo.com\/es\/#organization","name":"Externa","url":"https:\/\/www.externacorporativo.com\/es\/","logo":{"@type":"ImageObject","inLanguage":"es","@id":"https:\/\/www.externacorporativo.com\/es\/#\/schema\/logo\/image\/","url":"https:\/\/www.externacorporativo.com\/wp-content\/uploads\/2023\/04\/Sin-nombre.png","contentUrl":"https:\/\/www.externacorporativo.com\/wp-content\/uploads\/2023\/04\/Sin-nombre.png","width":297,"height":109,"caption":"Externa"},"image":{"@id":"https:\/\/www.externacorporativo.com\/es\/#\/schema\/logo\/image\/"}},{"@type":"Person","@id":"https:\/\/www.externacorporativo.com\/es\/#\/schema\/person\/bdc7fa484ed4f3510b0ec3c089989e97","name":"Programacion","image":{"@type":"ImageObject","inLanguage":"es","@id":"https:\/\/www.externacorporativo.com\/es\/#\/schema\/person\/image\/","url":"https:\/\/secure.gravatar.com\/avatar\/b46a7287724b495183c8c832facd7442?s=96&d=mm&r=g","contentUrl":"https:\/\/secure.gravatar.com\/avatar\/b46a7287724b495183c8c832facd7442?s=96&d=mm&r=g","caption":"Programacion"},"url":"https:\/\/www.externacorporativo.com\/es\/author\/programacion\/"}]}},"_links":{"self":[{"href":"https:\/\/www.externacorporativo.com\/es\/wp-json\/wp\/v2\/posts\/1425"}],"collection":[{"href":"https:\/\/www.externacorporativo.com\/es\/wp-json\/wp\/v2\/posts"}],"about":[{"href":"https:\/\/www.externacorporativo.com\/es\/wp-json\/wp\/v2\/types\/post"}],"author":[{"embeddable":true,"href":"https:\/\/www.externacorporativo.com\/es\/wp-json\/wp\/v2\/users\/2"}],"replies":[{"embeddable":true,"href":"https:\/\/www.externacorporativo.com\/es\/wp-json\/wp\/v2\/comments?post=1425"}],"version-history":[{"count":1,"href":"https:\/\/www.externacorporativo.com\/es\/wp-json\/wp\/v2\/posts\/1425\/revisions"}],"predecessor-version":[{"id":2267,"href":"https:\/\/www.externacorporativo.com\/es\/wp-json\/wp\/v2\/posts\/1425\/revisions\/2267"}],"wp:attachment":[{"href":"https:\/\/www.externacorporativo.com\/es\/wp-json\/wp\/v2\/media?parent=1425"}],"wp:term":[{"taxonomy":"category","embeddable":true,"href":"https:\/\/www.externacorporativo.com\/es\/wp-json\/wp\/v2\/categories?post=1425"},{"taxonomy":"post_tag","embeddable":true,"href":"https:\/\/www.externacorporativo.com\/es\/wp-json\/wp\/v2\/tags?post=1425"}],"curies":[{"name":"wp","href":"https:\/\/api.w.org\/{rel}","templated":true}]}}