{"id":1427,"date":"2023-06-01T07:27:16","date_gmt":"2023-06-01T07:27:16","guid":{"rendered":"https:\/\/www.externacorporativo.com\/union-europea-japon-acuerdo-de-asociacion-economica\/"},"modified":"2023-06-01T07:27:18","modified_gmt":"2023-06-01T07:27:18","slug":"union-europea-japon-acuerdo-de-asociacion-economica","status":"publish","type":"post","link":"https:\/\/www.externacorporativo.com\/es\/union-europea-japon-acuerdo-de-asociacion-economica\/","title":{"rendered":"UNI\u00d3N EUROPEA \u2013 JAP\u00d3N: Acuerdo de Asociaci\u00f3n Econ\u00f3mica"},"content":{"rendered":"<p>Nos encontramos ante el acuerdo comercial m\u00e1s amplio de los negociados hasta ahora por la UE, ya que afectar\u00e1 a m\u00e1s de seiscientos millones de personas.<\/p>\n<p>El acuerdo eliminar\u00e1 millones de euros en derechos aduaneros pagados anualmente por empresas de la UE a Jap\u00f3n, simplificar\u00e1 los procedimientos aduaneros y har\u00e1 frente a las barreras internas del comercio impulsando las exportaciones.<\/p>\n<p>Los sectores m\u00e1s beneficiados ser\u00e1n el automovil\u00edstico y el agr\u00edcola. Concretamente destacamos:<\/p>\n<ul>\n<li>Se eliminar\u00e1n los derechos japoneses que se aplican a numerosos quesos, como el Gouda y el Cheddar (que actualmente son del 29,8 %), as\u00ed como a las exportaciones de vino (actualmente de una media del 15 %);<\/li>\n<li>permitir\u00e1 a la UE incrementar sustancialmente sus exportaciones de carne de vacuno a Jap\u00f3n y, en cuanto a la carne de cerdo, existir\u00e1 un comercio libre de derechos para la carne transformada y casi libre de derechos para la carne fresca;<\/li>\n<li>garantizar\u00e1 la protecci\u00f3n en Jap\u00f3n de m\u00e1s de doscientos productos agr\u00edcolas europeos de alta calidad, las denominadas indicaciones geogr\u00e1ficas (IG), y la protecci\u00f3n de una selecci\u00f3n de IG japonesas en la UE.<\/li>\n<\/ul>\n<p>El acuerdo tambi\u00e9n protege sensibilidades espec\u00edficas en la UE, como en el sector del autom\u00f3vil, con per\u00edodos de transici\u00f3n de hasta siete a\u00f1os antes de que se eliminen los derechos de aduana y garantiza el acceso de las empresas de la UE a los grandes mercados de contrataci\u00f3n p\u00fablica en Jap\u00f3n, especialmente para el sector ferroviario.<\/p>\n<p>El acuerdo establece est\u00e1ndares muy elevados en materia de trabajo, seguridad, protecci\u00f3n del medio ambiente y protecci\u00f3n de los consumidores; refuerza los compromisos de la UE y de Jap\u00f3n en materia de desarrollo sostenible y cambio clim\u00e1tico, y garantiza plenamente los servicios p\u00fablicos.<\/p>\n<p>Se prev\u00e9 que este acuerdo entre en vigor en 2019.<\/p>\n","protected":false},"excerpt":{"rendered":"<p>Nos encontramos ante el acuerdo comercial m\u00e1s amplio de los negociados hasta ahora por la UE, ya que afectar\u00e1 a m\u00e1s de seiscientos millones de personas. El acuerdo eliminar\u00e1 millones de euros en derechos aduaneros pagados anualmente por empresas de la UE a Jap\u00f3n, simplificar\u00e1 los procedimientos aduaneros y har\u00e1 frente a las barreras internas [&hellip;]<\/p>\n","protected":false},"author":2,"featured_media":0,"comment_status":"open","ping_status":"open","sticky":false,"template":"","format":"standard","meta":[],"categories":[],"tags":[],"yoast_head":"<!-- This site is optimized with the Yoast SEO plugin v20.0 - https:\/\/yoast.com\/wordpress\/plugins\/seo\/ -->\n<title>UNI\u00d3N EUROPEA \u2013 JAP\u00d3N: Acuerdo de Asociaci\u00f3n Econ\u00f3mica - Externa<\/title>\n<meta name=\"robots\" content=\"index, follow, max-snippet:-1, max-image-preview:large, max-video-preview:-1\" \/>\n<link rel=\"canonical\" href=\"https:\/\/www.externacorporativo.com\/es\/union-europea-japon-acuerdo-de-asociacion-economica\/\" \/>\n<meta property=\"og:locale\" content=\"es_ES\" \/>\n<meta property=\"og:type\" content=\"article\" \/>\n<meta property=\"og:title\" content=\"UNI\u00d3N EUROPEA \u2013 JAP\u00d3N: Acuerdo de Asociaci\u00f3n Econ\u00f3mica - Externa\" \/>\n<meta property=\"og:description\" content=\"Nos encontramos ante el acuerdo comercial m\u00e1s amplio de los negociados hasta ahora por la UE, ya que afectar\u00e1 a m\u00e1s de seiscientos millones de personas. El acuerdo eliminar\u00e1 millones de euros en derechos aduaneros pagados anualmente por empresas de la UE a Jap\u00f3n, simplificar\u00e1 los procedimientos aduaneros y har\u00e1 frente a las barreras internas [&hellip;]\" \/>\n<meta property=\"og:url\" content=\"https:\/\/www.externacorporativo.com\/es\/union-europea-japon-acuerdo-de-asociacion-economica\/\" \/>\n<meta property=\"og:site_name\" content=\"Externa\" \/>\n<meta property=\"article:published_time\" content=\"2023-06-01T07:27:16+00:00\" \/>\n<meta property=\"article:modified_time\" content=\"2023-06-01T07:27:18+00:00\" \/>\n<meta name=\"author\" content=\"Programacion\" \/>\n<meta name=\"twitter:card\" content=\"summary_large_image\" \/>\n<meta name=\"twitter:label1\" content=\"Escrito por\" \/>\n\t<meta name=\"twitter:data1\" content=\"Programacion\" \/>\n\t<meta name=\"twitter:label2\" content=\"Tiempo de lectura\" \/>\n\t<meta name=\"twitter:data2\" content=\"2 minutos\" \/>\n<script type=\"application\/ld+json\" class=\"yoast-schema-graph\">{\"@context\":\"https:\/\/schema.org\",\"@graph\":[{\"@type\":\"Article\",\"@id\":\"https:\/\/www.externacorporativo.com\/es\/union-europea-japon-acuerdo-de-asociacion-economica\/#article\",\"isPartOf\":{\"@id\":\"https:\/\/www.externacorporativo.com\/es\/union-europea-japon-acuerdo-de-asociacion-economica\/\"},\"author\":{\"name\":\"Programacion\",\"@id\":\"https:\/\/www.externacorporativo.com\/es\/#\/schema\/person\/bdc7fa484ed4f3510b0ec3c089989e97\"},\"headline\":\"UNI\u00d3N EUROPEA \u2013 JAP\u00d3N: Acuerdo de Asociaci\u00f3n Econ\u00f3mica\",\"datePublished\":\"2023-06-01T07:27:16+00:00\",\"dateModified\":\"2023-06-01T07:27:18+00:00\",\"mainEntityOfPage\":{\"@id\":\"https:\/\/www.externacorporativo.com\/es\/union-europea-japon-acuerdo-de-asociacion-economica\/\"},\"wordCount\":328,\"commentCount\":0,\"publisher\":{\"@id\":\"https:\/\/www.externacorporativo.com\/es\/#organization\"},\"inLanguage\":\"es\",\"potentialAction\":[{\"@type\":\"CommentAction\",\"name\":\"Comment\",\"target\":[\"https:\/\/www.externacorporativo.com\/es\/union-europea-japon-acuerdo-de-asociacion-economica\/#respond\"]}]},{\"@type\":\"WebPage\",\"@id\":\"https:\/\/www.externacorporativo.com\/es\/union-europea-japon-acuerdo-de-asociacion-economica\/\",\"url\":\"https:\/\/www.externacorporativo.com\/es\/union-europea-japon-acuerdo-de-asociacion-economica\/\",\"name\":\"UNI\u00d3N EUROPEA \u2013 JAP\u00d3N: Acuerdo de Asociaci\u00f3n Econ\u00f3mica - Externa\",\"isPartOf\":{\"@id\":\"https:\/\/www.externacorporativo.com\/es\/#website\"},\"datePublished\":\"2023-06-01T07:27:16+00:00\",\"dateModified\":\"2023-06-01T07:27:18+00:00\",\"breadcrumb\":{\"@id\":\"https:\/\/www.externacorporativo.com\/es\/union-europea-japon-acuerdo-de-asociacion-economica\/#breadcrumb\"},\"inLanguage\":\"es\",\"potentialAction\":[{\"@type\":\"ReadAction\",\"target\":[\"https:\/\/www.externacorporativo.com\/es\/union-europea-japon-acuerdo-de-asociacion-economica\/\"]}]},{\"@type\":\"BreadcrumbList\",\"@id\":\"https:\/\/www.externacorporativo.com\/es\/union-europea-japon-acuerdo-de-asociacion-economica\/#breadcrumb\",\"itemListElement\":[{\"@type\":\"ListItem\",\"position\":1,\"name\":\"Portada\",\"item\":\"https:\/\/www.externacorporativo.com\/es\/\"},{\"@type\":\"ListItem\",\"position\":2,\"name\":\"UNI\u00d3N EUROPEA \u2013 JAP\u00d3N: Acuerdo de Asociaci\u00f3n Econ\u00f3mica\"}]},{\"@type\":\"WebSite\",\"@id\":\"https:\/\/www.externacorporativo.com\/es\/#website\",\"url\":\"https:\/\/www.externacorporativo.com\/es\/\",\"name\":\"Externa\",\"description\":\"\",\"publisher\":{\"@id\":\"https:\/\/www.externacorporativo.com\/es\/#organization\"},\"potentialAction\":[{\"@type\":\"SearchAction\",\"target\":{\"@type\":\"EntryPoint\",\"urlTemplate\":\"https:\/\/www.externacorporativo.com\/es\/?s={search_term_string}\"},\"query-input\":\"required name=search_term_string\"}],\"inLanguage\":\"es\"},{\"@type\":\"Organization\",\"@id\":\"https:\/\/www.externacorporativo.com\/es\/#organization\",\"name\":\"Externa\",\"url\":\"https:\/\/www.externacorporativo.com\/es\/\",\"logo\":{\"@type\":\"ImageObject\",\"inLanguage\":\"es\",\"@id\":\"https:\/\/www.externacorporativo.com\/es\/#\/schema\/logo\/image\/\",\"url\":\"https:\/\/www.externacorporativo.com\/wp-content\/uploads\/2023\/04\/Sin-nombre.png\",\"contentUrl\":\"https:\/\/www.externacorporativo.com\/wp-content\/uploads\/2023\/04\/Sin-nombre.png\",\"width\":297,\"height\":109,\"caption\":\"Externa\"},\"image\":{\"@id\":\"https:\/\/www.externacorporativo.com\/es\/#\/schema\/logo\/image\/\"}},{\"@type\":\"Person\",\"@id\":\"https:\/\/www.externacorporativo.com\/es\/#\/schema\/person\/bdc7fa484ed4f3510b0ec3c089989e97\",\"name\":\"Programacion\",\"image\":{\"@type\":\"ImageObject\",\"inLanguage\":\"es\",\"@id\":\"https:\/\/www.externacorporativo.com\/es\/#\/schema\/person\/image\/\",\"url\":\"https:\/\/secure.gravatar.com\/avatar\/b46a7287724b495183c8c832facd7442?s=96&d=mm&r=g\",\"contentUrl\":\"https:\/\/secure.gravatar.com\/avatar\/b46a7287724b495183c8c832facd7442?s=96&d=mm&r=g\",\"caption\":\"Programacion\"},\"url\":\"https:\/\/www.externacorporativo.com\/es\/author\/programacion\/\"}]}<\/script>\n<!-- \/ Yoast SEO plugin. -->","yoast_head_json":{"title":"UNI\u00d3N EUROPEA \u2013 JAP\u00d3N: Acuerdo de Asociaci\u00f3n Econ\u00f3mica - Externa","robots":{"index":"index","follow":"follow","max-snippet":"max-snippet:-1","max-image-preview":"max-image-preview:large","max-video-preview":"max-video-preview:-1"},"canonical":"https:\/\/www.externacorporativo.com\/es\/union-europea-japon-acuerdo-de-asociacion-economica\/","og_locale":"es_ES","og_type":"article","og_title":"UNI\u00d3N EUROPEA \u2013 JAP\u00d3N: Acuerdo de Asociaci\u00f3n Econ\u00f3mica - Externa","og_description":"Nos encontramos ante el acuerdo comercial m\u00e1s amplio de los negociados hasta ahora por la UE, ya que afectar\u00e1 a m\u00e1s de seiscientos millones de personas. El acuerdo eliminar\u00e1 millones de euros en derechos aduaneros pagados anualmente por empresas de la UE a Jap\u00f3n, simplificar\u00e1 los procedimientos aduaneros y har\u00e1 frente a las barreras internas [&hellip;]","og_url":"https:\/\/www.externacorporativo.com\/es\/union-europea-japon-acuerdo-de-asociacion-economica\/","og_site_name":"Externa","article_published_time":"2023-06-01T07:27:16+00:00","article_modified_time":"2023-06-01T07:27:18+00:00","author":"Programacion","twitter_card":"summary_large_image","twitter_misc":{"Escrito por":"Programacion","Tiempo de lectura":"2 minutos"},"schema":{"@context":"https:\/\/schema.org","@graph":[{"@type":"Article","@id":"https:\/\/www.externacorporativo.com\/es\/union-europea-japon-acuerdo-de-asociacion-economica\/#article","isPartOf":{"@id":"https:\/\/www.externacorporativo.com\/es\/union-europea-japon-acuerdo-de-asociacion-economica\/"},"author":{"name":"Programacion","@id":"https:\/\/www.externacorporativo.com\/es\/#\/schema\/person\/bdc7fa484ed4f3510b0ec3c089989e97"},"headline":"UNI\u00d3N EUROPEA \u2013 JAP\u00d3N: Acuerdo de Asociaci\u00f3n Econ\u00f3mica","datePublished":"2023-06-01T07:27:16+00:00","dateModified":"2023-06-01T07:27:18+00:00","mainEntityOfPage":{"@id":"https:\/\/www.externacorporativo.com\/es\/union-europea-japon-acuerdo-de-asociacion-economica\/"},"wordCount":328,"commentCount":0,"publisher":{"@id":"https:\/\/www.externacorporativo.com\/es\/#organization"},"inLanguage":"es","potentialAction":[{"@type":"CommentAction","name":"Comment","target":["https:\/\/www.externacorporativo.com\/es\/union-europea-japon-acuerdo-de-asociacion-economica\/#respond"]}]},{"@type":"WebPage","@id":"https:\/\/www.externacorporativo.com\/es\/union-europea-japon-acuerdo-de-asociacion-economica\/","url":"https:\/\/www.externacorporativo.com\/es\/union-europea-japon-acuerdo-de-asociacion-economica\/","name":"UNI\u00d3N EUROPEA \u2013 JAP\u00d3N: Acuerdo de Asociaci\u00f3n Econ\u00f3mica - Externa","isPartOf":{"@id":"https:\/\/www.externacorporativo.com\/es\/#website"},"datePublished":"2023-06-01T07:27:16+00:00","dateModified":"2023-06-01T07:27:18+00:00","breadcrumb":{"@id":"https:\/\/www.externacorporativo.com\/es\/union-europea-japon-acuerdo-de-asociacion-economica\/#breadcrumb"},"inLanguage":"es","potentialAction":[{"@type":"ReadAction","target":["https:\/\/www.externacorporativo.com\/es\/union-europea-japon-acuerdo-de-asociacion-economica\/"]}]},{"@type":"BreadcrumbList","@id":"https:\/\/www.externacorporativo.com\/es\/union-europea-japon-acuerdo-de-asociacion-economica\/#breadcrumb","itemListElement":[{"@type":"ListItem","position":1,"name":"Portada","item":"https:\/\/www.externacorporativo.com\/es\/"},{"@type":"ListItem","position":2,"name":"UNI\u00d3N EUROPEA \u2013 JAP\u00d3N: Acuerdo de Asociaci\u00f3n Econ\u00f3mica"}]},{"@type":"WebSite","@id":"https:\/\/www.externacorporativo.com\/es\/#website","url":"https:\/\/www.externacorporativo.com\/es\/","name":"Externa","description":"","publisher":{"@id":"https:\/\/www.externacorporativo.com\/es\/#organization"},"potentialAction":[{"@type":"SearchAction","target":{"@type":"EntryPoint","urlTemplate":"https:\/\/www.externacorporativo.com\/es\/?s={search_term_string}"},"query-input":"required name=search_term_string"}],"inLanguage":"es"},{"@type":"Organization","@id":"https:\/\/www.externacorporativo.com\/es\/#organization","name":"Externa","url":"https:\/\/www.externacorporativo.com\/es\/","logo":{"@type":"ImageObject","inLanguage":"es","@id":"https:\/\/www.externacorporativo.com\/es\/#\/schema\/logo\/image\/","url":"https:\/\/www.externacorporativo.com\/wp-content\/uploads\/2023\/04\/Sin-nombre.png","contentUrl":"https:\/\/www.externacorporativo.com\/wp-content\/uploads\/2023\/04\/Sin-nombre.png","width":297,"height":109,"caption":"Externa"},"image":{"@id":"https:\/\/www.externacorporativo.com\/es\/#\/schema\/logo\/image\/"}},{"@type":"Person","@id":"https:\/\/www.externacorporativo.com\/es\/#\/schema\/person\/bdc7fa484ed4f3510b0ec3c089989e97","name":"Programacion","image":{"@type":"ImageObject","inLanguage":"es","@id":"https:\/\/www.externacorporativo.com\/es\/#\/schema\/person\/image\/","url":"https:\/\/secure.gravatar.com\/avatar\/b46a7287724b495183c8c832facd7442?s=96&d=mm&r=g","contentUrl":"https:\/\/secure.gravatar.com\/avatar\/b46a7287724b495183c8c832facd7442?s=96&d=mm&r=g","caption":"Programacion"},"url":"https:\/\/www.externacorporativo.com\/es\/author\/programacion\/"}]}},"_links":{"self":[{"href":"https:\/\/www.externacorporativo.com\/es\/wp-json\/wp\/v2\/posts\/1427"}],"collection":[{"href":"https:\/\/www.externacorporativo.com\/es\/wp-json\/wp\/v2\/posts"}],"about":[{"href":"https:\/\/www.externacorporativo.com\/es\/wp-json\/wp\/v2\/types\/post"}],"author":[{"embeddable":true,"href":"https:\/\/www.externacorporativo.com\/es\/wp-json\/wp\/v2\/users\/2"}],"replies":[{"embeddable":true,"href":"https:\/\/www.externacorporativo.com\/es\/wp-json\/wp\/v2\/comments?post=1427"}],"version-history":[{"count":1,"href":"https:\/\/www.externacorporativo.com\/es\/wp-json\/wp\/v2\/posts\/1427\/revisions"}],"predecessor-version":[{"id":2269,"href":"https:\/\/www.externacorporativo.com\/es\/wp-json\/wp\/v2\/posts\/1427\/revisions\/2269"}],"wp:attachment":[{"href":"https:\/\/www.externacorporativo.com\/es\/wp-json\/wp\/v2\/media?parent=1427"}],"wp:term":[{"taxonomy":"category","embeddable":true,"href":"https:\/\/www.externacorporativo.com\/es\/wp-json\/wp\/v2\/categories?post=1427"},{"taxonomy":"post_tag","embeddable":true,"href":"https:\/\/www.externacorporativo.com\/es\/wp-json\/wp\/v2\/tags?post=1427"}],"curies":[{"name":"wp","href":"https:\/\/api.w.org\/{rel}","templated":true}]}}