{"id":1428,"date":"2023-06-01T07:27:16","date_gmt":"2023-06-01T07:27:16","guid":{"rendered":"https:\/\/www.externacorporativo.com\/espana-procedimiento-sancionador-adaptado-al-rgpd\/"},"modified":"2023-06-01T07:27:18","modified_gmt":"2023-06-01T07:27:18","slug":"espana-procedimiento-sancionador-adaptado-al-rgpd","status":"publish","type":"post","link":"https:\/\/www.externacorporativo.com\/es\/espana-procedimiento-sancionador-adaptado-al-rgpd\/","title":{"rendered":"ESPA\u00d1A: Procedimiento sancionador adaptado al RGPD"},"content":{"rendered":"<p style=\"text-align: justify;\">A finales de julio, se public\u00f3 finalmente en el BOE, el Real Decreto-Ley 5\/2018 de 27 de julio, de medidas urgentes para la adaptaci\u00f3n del Derecho espa\u00f1ol a la normativa de la Uni\u00f3n Europea, en materia de protecci\u00f3n de datos por el cual se complementan aspectos de Derecho interno que se encontraban aplazados desde que el pasado 25 de mayo entr\u00f3 en vigor el Reglamento UE 2016\/679 relativo a la protecci\u00f3n de las personas f\u00edsicas en lo que respecta al tratamiento de sus datos personales y a la libre circulaci\u00f3n de estos datos por el que se deroga la Directiva 95\/46\/CE.<\/p>\n<p style=\"text-align: justify;\">Si bien este esperado Real Decreto-Ley entra ya en vigor, lo hace con car\u00e1cter temporal, hasta que la nueva Ley Org\u00e1nica sobre esta materia se apruebe, lo que no se espera hasta finales de a\u00f1o, ya que todo lo relativo a la protecci\u00f3n de datos personales, por ser un derecho fundamental, solo puede ser regulado por Ley Org\u00e1nica.<\/p>\n<p style=\"text-align: justify;\">Este es el motivo, por el que el contenido de este Real Decreto-Ley solo afecta a aspectos que pueden ser regulados fuera de una Ley Org\u00e1nica, es decir, aquellos que afectan a los poderes de investigaci\u00f3n de la Agencia Espa\u00f1ola de Protecci\u00f3n de Datos, el r\u00e9gimen sancionador y los procedimientos en caso de posibles vulneraciones de la normativa en protecci\u00f3n de datos.<\/p>\n<ul style=\"text-align: justify;\">\n<li>Se establecen los plazos de prescripci\u00f3n de las infracciones:\n<ul>\n<li>tres a\u00f1os cuando nos encontremos ante alguno de los supuestos sancionados por el RGPD con multas de hasta 20 millones de euros o de una cuant\u00eda equivalente al 4% como m\u00e1ximo del volumen de negocio total anual global del ejercicio financiero anterior y<\/li>\n<li>dos a\u00f1os cuando nos encontremos ante alguno de los supuestos sancionados por el RGPD con multa de hasta 10 millones de euros o de una cuant\u00eda equivalente al 2% como m\u00e1ximo del volumen de negocio total anual global del ejercicio financiero anterior.<\/li>\n<\/ul>\n<\/li>\n<\/ul>\n<ul style=\"text-align: justify;\">\n<li>Se establecen los plazos de prescripci\u00f3n de las sanciones una vez impuestas, esto es, el per\u00edodo del que dispone la Administraci\u00f3n para requerirnos su pago:\n<ul>\n<li>un a\u00f1o las sanciones con importe igual o inferior a 40.000 euros,<\/li>\n<li>dos a\u00f1os para las sanciones cuyo importe oscile entre 40.0001 euros y 300.000 euros y<\/li>\n<li>tres a\u00f1os para las sanciones por importe superior a 300.000 euros.<\/li>\n<\/ul>\n<\/li>\n<\/ul>\n<ul style=\"text-align: justify;\">\n<li>Se recoge expresamente la posibilidad de que la AEPD redirija una reclamaci\u00f3n al Delegado de Protecci\u00f3n de Datos de un responsable o encargado para que este responda en el plazo de un mes a la reclamaci\u00f3n planteada (en caso de no contar con dicha figura se podr\u00e1 redirigir directamente al responsable o encargado del tratamiento).<\/li>\n<\/ul>\n<ul style=\"text-align: justify;\">\n<li>Se establece la validez de contratos de encargado de tratamiento: v\u00eda disposici\u00f3n transitoria el RDL decreta la validez de todos los contratos de encargado de tratamiento que se hayan formalizado con anterioridad al 25 de mayo de 2018 conforme a lo establecido en la Ley Org\u00e1nica 15\/1999 de protecci\u00f3n de datos de car\u00e1cter personal hasta que finalice la vigencia de dichos contratos. En caso de que dichos contratos sean indefinidos los mismos tendr\u00e1n que adaptarse al RGPD antes del 25 de mayo de 2022.<\/li>\n<\/ul>\n<ul>\n<li style=\"text-align: justify;\">Por otro lado, se insiste en que la responsabilidad puede recaer tanto en los responsables del tratamiento, como en los encargados del tratamiento, como incluso en los representantes en la Uni\u00f3n Europea de empresas ubicadas fuera de la UE.<\/li>\n<\/ul>\n","protected":false},"excerpt":{"rendered":"<p>ESPA\u00d1A: Procedimiento sancionador adaptado al RGPD<\/p>\n","protected":false},"author":2,"featured_media":0,"comment_status":"open","ping_status":"open","sticky":false,"template":"","format":"standard","meta":[],"categories":[],"tags":[],"yoast_head":"<!-- This site is optimized with the Yoast SEO plugin v20.0 - https:\/\/yoast.com\/wordpress\/plugins\/seo\/ -->\n<title>ESPA\u00d1A: Procedimiento sancionador adaptado al RGPD - Externa<\/title>\n<meta name=\"robots\" content=\"index, follow, max-snippet:-1, max-image-preview:large, max-video-preview:-1\" \/>\n<link rel=\"canonical\" href=\"https:\/\/www.externacorporativo.com\/es\/espana-procedimiento-sancionador-adaptado-al-rgpd\/\" \/>\n<meta property=\"og:locale\" content=\"es_ES\" \/>\n<meta property=\"og:type\" content=\"article\" \/>\n<meta property=\"og:title\" content=\"ESPA\u00d1A: Procedimiento sancionador adaptado al RGPD - Externa\" \/>\n<meta property=\"og:description\" content=\"ESPA\u00d1A: Procedimiento sancionador adaptado al RGPD\" \/>\n<meta property=\"og:url\" content=\"https:\/\/www.externacorporativo.com\/es\/espana-procedimiento-sancionador-adaptado-al-rgpd\/\" \/>\n<meta property=\"og:site_name\" content=\"Externa\" \/>\n<meta property=\"article:published_time\" content=\"2023-06-01T07:27:16+00:00\" \/>\n<meta property=\"article:modified_time\" content=\"2023-06-01T07:27:18+00:00\" \/>\n<meta name=\"author\" content=\"Programacion\" \/>\n<meta name=\"twitter:card\" content=\"summary_large_image\" \/>\n<meta name=\"twitter:label1\" content=\"Escrito por\" \/>\n\t<meta name=\"twitter:data1\" content=\"Programacion\" \/>\n\t<meta name=\"twitter:label2\" content=\"Tiempo de lectura\" \/>\n\t<meta name=\"twitter:data2\" content=\"3 minutos\" \/>\n<script type=\"application\/ld+json\" class=\"yoast-schema-graph\">{\"@context\":\"https:\/\/schema.org\",\"@graph\":[{\"@type\":\"Article\",\"@id\":\"https:\/\/www.externacorporativo.com\/es\/espana-procedimiento-sancionador-adaptado-al-rgpd\/#article\",\"isPartOf\":{\"@id\":\"https:\/\/www.externacorporativo.com\/es\/espana-procedimiento-sancionador-adaptado-al-rgpd\/\"},\"author\":{\"name\":\"Programacion\",\"@id\":\"https:\/\/www.externacorporativo.com\/es\/#\/schema\/person\/bdc7fa484ed4f3510b0ec3c089989e97\"},\"headline\":\"ESPA\u00d1A: Procedimiento sancionador adaptado al RGPD\",\"datePublished\":\"2023-06-01T07:27:16+00:00\",\"dateModified\":\"2023-06-01T07:27:18+00:00\",\"mainEntityOfPage\":{\"@id\":\"https:\/\/www.externacorporativo.com\/es\/espana-procedimiento-sancionador-adaptado-al-rgpd\/\"},\"wordCount\":587,\"commentCount\":0,\"publisher\":{\"@id\":\"https:\/\/www.externacorporativo.com\/es\/#organization\"},\"inLanguage\":\"es\",\"potentialAction\":[{\"@type\":\"CommentAction\",\"name\":\"Comment\",\"target\":[\"https:\/\/www.externacorporativo.com\/es\/espana-procedimiento-sancionador-adaptado-al-rgpd\/#respond\"]}]},{\"@type\":\"WebPage\",\"@id\":\"https:\/\/www.externacorporativo.com\/es\/espana-procedimiento-sancionador-adaptado-al-rgpd\/\",\"url\":\"https:\/\/www.externacorporativo.com\/es\/espana-procedimiento-sancionador-adaptado-al-rgpd\/\",\"name\":\"ESPA\u00d1A: Procedimiento sancionador adaptado al RGPD - Externa\",\"isPartOf\":{\"@id\":\"https:\/\/www.externacorporativo.com\/es\/#website\"},\"datePublished\":\"2023-06-01T07:27:16+00:00\",\"dateModified\":\"2023-06-01T07:27:18+00:00\",\"breadcrumb\":{\"@id\":\"https:\/\/www.externacorporativo.com\/es\/espana-procedimiento-sancionador-adaptado-al-rgpd\/#breadcrumb\"},\"inLanguage\":\"es\",\"potentialAction\":[{\"@type\":\"ReadAction\",\"target\":[\"https:\/\/www.externacorporativo.com\/es\/espana-procedimiento-sancionador-adaptado-al-rgpd\/\"]}]},{\"@type\":\"BreadcrumbList\",\"@id\":\"https:\/\/www.externacorporativo.com\/es\/espana-procedimiento-sancionador-adaptado-al-rgpd\/#breadcrumb\",\"itemListElement\":[{\"@type\":\"ListItem\",\"position\":1,\"name\":\"Portada\",\"item\":\"https:\/\/www.externacorporativo.com\/es\/\"},{\"@type\":\"ListItem\",\"position\":2,\"name\":\"ESPA\u00d1A: Procedimiento sancionador adaptado al RGPD\"}]},{\"@type\":\"WebSite\",\"@id\":\"https:\/\/www.externacorporativo.com\/es\/#website\",\"url\":\"https:\/\/www.externacorporativo.com\/es\/\",\"name\":\"Externa\",\"description\":\"\",\"publisher\":{\"@id\":\"https:\/\/www.externacorporativo.com\/es\/#organization\"},\"potentialAction\":[{\"@type\":\"SearchAction\",\"target\":{\"@type\":\"EntryPoint\",\"urlTemplate\":\"https:\/\/www.externacorporativo.com\/es\/?s={search_term_string}\"},\"query-input\":\"required name=search_term_string\"}],\"inLanguage\":\"es\"},{\"@type\":\"Organization\",\"@id\":\"https:\/\/www.externacorporativo.com\/es\/#organization\",\"name\":\"Externa\",\"url\":\"https:\/\/www.externacorporativo.com\/es\/\",\"logo\":{\"@type\":\"ImageObject\",\"inLanguage\":\"es\",\"@id\":\"https:\/\/www.externacorporativo.com\/es\/#\/schema\/logo\/image\/\",\"url\":\"https:\/\/www.externacorporativo.com\/wp-content\/uploads\/2023\/04\/Sin-nombre.png\",\"contentUrl\":\"https:\/\/www.externacorporativo.com\/wp-content\/uploads\/2023\/04\/Sin-nombre.png\",\"width\":297,\"height\":109,\"caption\":\"Externa\"},\"image\":{\"@id\":\"https:\/\/www.externacorporativo.com\/es\/#\/schema\/logo\/image\/\"}},{\"@type\":\"Person\",\"@id\":\"https:\/\/www.externacorporativo.com\/es\/#\/schema\/person\/bdc7fa484ed4f3510b0ec3c089989e97\",\"name\":\"Programacion\",\"image\":{\"@type\":\"ImageObject\",\"inLanguage\":\"es\",\"@id\":\"https:\/\/www.externacorporativo.com\/es\/#\/schema\/person\/image\/\",\"url\":\"https:\/\/secure.gravatar.com\/avatar\/b46a7287724b495183c8c832facd7442?s=96&d=mm&r=g\",\"contentUrl\":\"https:\/\/secure.gravatar.com\/avatar\/b46a7287724b495183c8c832facd7442?s=96&d=mm&r=g\",\"caption\":\"Programacion\"},\"url\":\"https:\/\/www.externacorporativo.com\/es\/author\/programacion\/\"}]}<\/script>\n<!-- \/ Yoast SEO plugin. -->","yoast_head_json":{"title":"ESPA\u00d1A: Procedimiento sancionador adaptado al RGPD - Externa","robots":{"index":"index","follow":"follow","max-snippet":"max-snippet:-1","max-image-preview":"max-image-preview:large","max-video-preview":"max-video-preview:-1"},"canonical":"https:\/\/www.externacorporativo.com\/es\/espana-procedimiento-sancionador-adaptado-al-rgpd\/","og_locale":"es_ES","og_type":"article","og_title":"ESPA\u00d1A: Procedimiento sancionador adaptado al RGPD - Externa","og_description":"ESPA\u00d1A: Procedimiento sancionador adaptado al RGPD","og_url":"https:\/\/www.externacorporativo.com\/es\/espana-procedimiento-sancionador-adaptado-al-rgpd\/","og_site_name":"Externa","article_published_time":"2023-06-01T07:27:16+00:00","article_modified_time":"2023-06-01T07:27:18+00:00","author":"Programacion","twitter_card":"summary_large_image","twitter_misc":{"Escrito por":"Programacion","Tiempo de lectura":"3 minutos"},"schema":{"@context":"https:\/\/schema.org","@graph":[{"@type":"Article","@id":"https:\/\/www.externacorporativo.com\/es\/espana-procedimiento-sancionador-adaptado-al-rgpd\/#article","isPartOf":{"@id":"https:\/\/www.externacorporativo.com\/es\/espana-procedimiento-sancionador-adaptado-al-rgpd\/"},"author":{"name":"Programacion","@id":"https:\/\/www.externacorporativo.com\/es\/#\/schema\/person\/bdc7fa484ed4f3510b0ec3c089989e97"},"headline":"ESPA\u00d1A: Procedimiento sancionador adaptado al RGPD","datePublished":"2023-06-01T07:27:16+00:00","dateModified":"2023-06-01T07:27:18+00:00","mainEntityOfPage":{"@id":"https:\/\/www.externacorporativo.com\/es\/espana-procedimiento-sancionador-adaptado-al-rgpd\/"},"wordCount":587,"commentCount":0,"publisher":{"@id":"https:\/\/www.externacorporativo.com\/es\/#organization"},"inLanguage":"es","potentialAction":[{"@type":"CommentAction","name":"Comment","target":["https:\/\/www.externacorporativo.com\/es\/espana-procedimiento-sancionador-adaptado-al-rgpd\/#respond"]}]},{"@type":"WebPage","@id":"https:\/\/www.externacorporativo.com\/es\/espana-procedimiento-sancionador-adaptado-al-rgpd\/","url":"https:\/\/www.externacorporativo.com\/es\/espana-procedimiento-sancionador-adaptado-al-rgpd\/","name":"ESPA\u00d1A: Procedimiento sancionador adaptado al RGPD - Externa","isPartOf":{"@id":"https:\/\/www.externacorporativo.com\/es\/#website"},"datePublished":"2023-06-01T07:27:16+00:00","dateModified":"2023-06-01T07:27:18+00:00","breadcrumb":{"@id":"https:\/\/www.externacorporativo.com\/es\/espana-procedimiento-sancionador-adaptado-al-rgpd\/#breadcrumb"},"inLanguage":"es","potentialAction":[{"@type":"ReadAction","target":["https:\/\/www.externacorporativo.com\/es\/espana-procedimiento-sancionador-adaptado-al-rgpd\/"]}]},{"@type":"BreadcrumbList","@id":"https:\/\/www.externacorporativo.com\/es\/espana-procedimiento-sancionador-adaptado-al-rgpd\/#breadcrumb","itemListElement":[{"@type":"ListItem","position":1,"name":"Portada","item":"https:\/\/www.externacorporativo.com\/es\/"},{"@type":"ListItem","position":2,"name":"ESPA\u00d1A: Procedimiento sancionador adaptado al RGPD"}]},{"@type":"WebSite","@id":"https:\/\/www.externacorporativo.com\/es\/#website","url":"https:\/\/www.externacorporativo.com\/es\/","name":"Externa","description":"","publisher":{"@id":"https:\/\/www.externacorporativo.com\/es\/#organization"},"potentialAction":[{"@type":"SearchAction","target":{"@type":"EntryPoint","urlTemplate":"https:\/\/www.externacorporativo.com\/es\/?s={search_term_string}"},"query-input":"required name=search_term_string"}],"inLanguage":"es"},{"@type":"Organization","@id":"https:\/\/www.externacorporativo.com\/es\/#organization","name":"Externa","url":"https:\/\/www.externacorporativo.com\/es\/","logo":{"@type":"ImageObject","inLanguage":"es","@id":"https:\/\/www.externacorporativo.com\/es\/#\/schema\/logo\/image\/","url":"https:\/\/www.externacorporativo.com\/wp-content\/uploads\/2023\/04\/Sin-nombre.png","contentUrl":"https:\/\/www.externacorporativo.com\/wp-content\/uploads\/2023\/04\/Sin-nombre.png","width":297,"height":109,"caption":"Externa"},"image":{"@id":"https:\/\/www.externacorporativo.com\/es\/#\/schema\/logo\/image\/"}},{"@type":"Person","@id":"https:\/\/www.externacorporativo.com\/es\/#\/schema\/person\/bdc7fa484ed4f3510b0ec3c089989e97","name":"Programacion","image":{"@type":"ImageObject","inLanguage":"es","@id":"https:\/\/www.externacorporativo.com\/es\/#\/schema\/person\/image\/","url":"https:\/\/secure.gravatar.com\/avatar\/b46a7287724b495183c8c832facd7442?s=96&d=mm&r=g","contentUrl":"https:\/\/secure.gravatar.com\/avatar\/b46a7287724b495183c8c832facd7442?s=96&d=mm&r=g","caption":"Programacion"},"url":"https:\/\/www.externacorporativo.com\/es\/author\/programacion\/"}]}},"_links":{"self":[{"href":"https:\/\/www.externacorporativo.com\/es\/wp-json\/wp\/v2\/posts\/1428"}],"collection":[{"href":"https:\/\/www.externacorporativo.com\/es\/wp-json\/wp\/v2\/posts"}],"about":[{"href":"https:\/\/www.externacorporativo.com\/es\/wp-json\/wp\/v2\/types\/post"}],"author":[{"embeddable":true,"href":"https:\/\/www.externacorporativo.com\/es\/wp-json\/wp\/v2\/users\/2"}],"replies":[{"embeddable":true,"href":"https:\/\/www.externacorporativo.com\/es\/wp-json\/wp\/v2\/comments?post=1428"}],"version-history":[{"count":1,"href":"https:\/\/www.externacorporativo.com\/es\/wp-json\/wp\/v2\/posts\/1428\/revisions"}],"predecessor-version":[{"id":2270,"href":"https:\/\/www.externacorporativo.com\/es\/wp-json\/wp\/v2\/posts\/1428\/revisions\/2270"}],"wp:attachment":[{"href":"https:\/\/www.externacorporativo.com\/es\/wp-json\/wp\/v2\/media?parent=1428"}],"wp:term":[{"taxonomy":"category","embeddable":true,"href":"https:\/\/www.externacorporativo.com\/es\/wp-json\/wp\/v2\/categories?post=1428"},{"taxonomy":"post_tag","embeddable":true,"href":"https:\/\/www.externacorporativo.com\/es\/wp-json\/wp\/v2\/tags?post=1428"}],"curies":[{"name":"wp","href":"https:\/\/api.w.org\/{rel}","templated":true}]}}