{"id":1454,"date":"2023-06-01T07:27:23","date_gmt":"2023-06-01T07:27:23","guid":{"rendered":"https:\/\/www.externacorporativo.com\/ecuador-destacadas-modificaciones-fiscales-2\/"},"modified":"2023-06-01T07:27:23","modified_gmt":"2023-06-01T07:27:23","slug":"ecuador-destacadas-modificaciones-fiscales-2","status":"publish","type":"post","link":"https:\/\/www.externacorporativo.com\/es\/ecuador-destacadas-modificaciones-fiscales-2\/","title":{"rendered":"ECUADOR: Destacadas modificaciones fiscales"},"content":{"rendered":"<p style=\"text-align: justify;\">A finales de agosto, se public\u00f3 en Ecuador la Ley de Fomento Productivo con importantes modificaciones fiscales, tanto a nivel del impuesto sobre la renta, el IVA y el impuesto de salida de divisas como nuevos incentivos al sector industrial e incluso una amnist\u00eda fiscal.<\/p>\n<p style=\"text-align: justify;\">Destaca la eliminaci\u00f3n del 10% de retenci\u00f3n sobre los dividendos y beneficios empresariales para los no residentes como se ven\u00eda aplicando para los no residentes en Ecuador, siempre y cuando se declare la titularidad real del beneficiario.<\/p>\n<p style=\"text-align: justify;\">Por otro lado, si bien se mantiene el tipo gen\u00e9rico de Impuesto de Sociedades en el 25%, este sufrir\u00e1 un incremento del 3% en los casos en los que las entidades no hayan informado adecuadamente sobre sus titulares reales finales o estos residan en para\u00edsos fiscales o estados de baja tributaci\u00f3n.<\/p>\n<p style=\"text-align: justify;\">Los cr\u00e9ditos fiscales de IVA podr\u00e1n utilizarse durante un plazo de 5 a\u00f1os, y no de un modo ilimitado como se establec\u00eda anteriormente y se autoriza una posibilidad de solicitud de reembolso para determinadas actividades empresariales entre las que se encuentran las producciones audiovisuales y cinematogr\u00e1ficas, as\u00ed como las de construcci\u00f3n de viviendas sociales y algunas exportaciones de servicios.<\/p>\n<p style=\"text-align: justify;\">Adem\u00e1s, se prev\u00e9n determinados incentivos fiscales a sectores productivos, agr\u00edcolas, y mineros durante 24 meses, prorrogables otros 24, siempre que generen incrementos de empleo y dependiendo de las zonas geogr\u00e1ficas, de hasta un total de exenci\u00f3n del impuesto de sociedades<\/p>\n<p style=\"text-align: justify;\">Tambi\u00e9n se prev\u00e9 una amnist\u00eda fiscal sobre intereses y recargos de impuestos previos al ejercicio 2017 o de obligaciones de seguridad social hasta abril de 2018 siempre que los contribuyentes cumplan ciertos requisitos entre las que se encuentra el de no apelar ni recurrir tales declaraciones impositivas.<\/p>\n<p style=\"text-align: justify;\">Estas medidas entrar\u00e1n en vigor en enero de 2019.<\/p>\n","protected":false},"excerpt":{"rendered":"<p>A finales de agosto, se public\u00f3 en Ecuador la Ley de Fomento Productivo con importantes modificaciones fiscales, tanto a nivel del impuesto sobre la renta, el IVA y el impuesto de salida de divisas como nuevos incentivos al sector industrial e incluso una amnist\u00eda fiscal. Destaca la eliminaci\u00f3n del 10% de retenci\u00f3n sobre los dividendos [&hellip;]<\/p>\n","protected":false},"author":2,"featured_media":0,"comment_status":"open","ping_status":"open","sticky":false,"template":"","format":"standard","meta":[],"categories":[],"tags":[],"yoast_head":"<!-- This site is optimized with the Yoast SEO plugin v20.0 - https:\/\/yoast.com\/wordpress\/plugins\/seo\/ -->\n<title>ECUADOR: Destacadas modificaciones fiscales - Externa<\/title>\n<meta name=\"robots\" content=\"index, follow, max-snippet:-1, max-image-preview:large, max-video-preview:-1\" \/>\n<link rel=\"canonical\" href=\"https:\/\/www.externacorporativo.com\/es\/ecuador-destacadas-modificaciones-fiscales-2\/\" \/>\n<meta property=\"og:locale\" content=\"es_ES\" \/>\n<meta property=\"og:type\" content=\"article\" \/>\n<meta property=\"og:title\" content=\"ECUADOR: Destacadas modificaciones fiscales - Externa\" \/>\n<meta property=\"og:description\" content=\"A finales de agosto, se public\u00f3 en Ecuador la Ley de Fomento Productivo con importantes modificaciones fiscales, tanto a nivel del impuesto sobre la renta, el IVA y el impuesto de salida de divisas como nuevos incentivos al sector industrial e incluso una amnist\u00eda fiscal. Destaca la eliminaci\u00f3n del 10% de retenci\u00f3n sobre los dividendos [&hellip;]\" \/>\n<meta property=\"og:url\" content=\"https:\/\/www.externacorporativo.com\/es\/ecuador-destacadas-modificaciones-fiscales-2\/\" \/>\n<meta property=\"og:site_name\" content=\"Externa\" \/>\n<meta property=\"article:published_time\" content=\"2023-06-01T07:27:23+00:00\" \/>\n<meta name=\"author\" content=\"Programacion\" \/>\n<meta name=\"twitter:card\" content=\"summary_large_image\" \/>\n<meta name=\"twitter:label1\" content=\"Escrito por\" \/>\n\t<meta name=\"twitter:data1\" content=\"Programacion\" \/>\n\t<meta name=\"twitter:label2\" content=\"Tiempo de lectura\" \/>\n\t<meta name=\"twitter:data2\" content=\"2 minutos\" \/>\n<script type=\"application\/ld+json\" class=\"yoast-schema-graph\">{\"@context\":\"https:\/\/schema.org\",\"@graph\":[{\"@type\":\"Article\",\"@id\":\"https:\/\/www.externacorporativo.com\/es\/ecuador-destacadas-modificaciones-fiscales-2\/#article\",\"isPartOf\":{\"@id\":\"https:\/\/www.externacorporativo.com\/es\/ecuador-destacadas-modificaciones-fiscales-2\/\"},\"author\":{\"name\":\"Programacion\",\"@id\":\"https:\/\/www.externacorporativo.com\/es\/#\/schema\/person\/bdc7fa484ed4f3510b0ec3c089989e97\"},\"headline\":\"ECUADOR: Destacadas modificaciones fiscales\",\"datePublished\":\"2023-06-01T07:27:23+00:00\",\"dateModified\":\"2023-06-01T07:27:23+00:00\",\"mainEntityOfPage\":{\"@id\":\"https:\/\/www.externacorporativo.com\/es\/ecuador-destacadas-modificaciones-fiscales-2\/\"},\"wordCount\":304,\"commentCount\":0,\"publisher\":{\"@id\":\"https:\/\/www.externacorporativo.com\/es\/#organization\"},\"inLanguage\":\"es\",\"potentialAction\":[{\"@type\":\"CommentAction\",\"name\":\"Comment\",\"target\":[\"https:\/\/www.externacorporativo.com\/es\/ecuador-destacadas-modificaciones-fiscales-2\/#respond\"]}]},{\"@type\":\"WebPage\",\"@id\":\"https:\/\/www.externacorporativo.com\/es\/ecuador-destacadas-modificaciones-fiscales-2\/\",\"url\":\"https:\/\/www.externacorporativo.com\/es\/ecuador-destacadas-modificaciones-fiscales-2\/\",\"name\":\"ECUADOR: Destacadas modificaciones fiscales - Externa\",\"isPartOf\":{\"@id\":\"https:\/\/www.externacorporativo.com\/es\/#website\"},\"datePublished\":\"2023-06-01T07:27:23+00:00\",\"dateModified\":\"2023-06-01T07:27:23+00:00\",\"breadcrumb\":{\"@id\":\"https:\/\/www.externacorporativo.com\/es\/ecuador-destacadas-modificaciones-fiscales-2\/#breadcrumb\"},\"inLanguage\":\"es\",\"potentialAction\":[{\"@type\":\"ReadAction\",\"target\":[\"https:\/\/www.externacorporativo.com\/es\/ecuador-destacadas-modificaciones-fiscales-2\/\"]}]},{\"@type\":\"BreadcrumbList\",\"@id\":\"https:\/\/www.externacorporativo.com\/es\/ecuador-destacadas-modificaciones-fiscales-2\/#breadcrumb\",\"itemListElement\":[{\"@type\":\"ListItem\",\"position\":1,\"name\":\"Portada\",\"item\":\"https:\/\/www.externacorporativo.com\/es\/\"},{\"@type\":\"ListItem\",\"position\":2,\"name\":\"ECUADOR: Destacadas modificaciones fiscales\"}]},{\"@type\":\"WebSite\",\"@id\":\"https:\/\/www.externacorporativo.com\/es\/#website\",\"url\":\"https:\/\/www.externacorporativo.com\/es\/\",\"name\":\"Externa\",\"description\":\"\",\"publisher\":{\"@id\":\"https:\/\/www.externacorporativo.com\/es\/#organization\"},\"potentialAction\":[{\"@type\":\"SearchAction\",\"target\":{\"@type\":\"EntryPoint\",\"urlTemplate\":\"https:\/\/www.externacorporativo.com\/es\/?s={search_term_string}\"},\"query-input\":\"required name=search_term_string\"}],\"inLanguage\":\"es\"},{\"@type\":\"Organization\",\"@id\":\"https:\/\/www.externacorporativo.com\/es\/#organization\",\"name\":\"Externa\",\"url\":\"https:\/\/www.externacorporativo.com\/es\/\",\"logo\":{\"@type\":\"ImageObject\",\"inLanguage\":\"es\",\"@id\":\"https:\/\/www.externacorporativo.com\/es\/#\/schema\/logo\/image\/\",\"url\":\"https:\/\/www.externacorporativo.com\/wp-content\/uploads\/2023\/04\/Sin-nombre.png\",\"contentUrl\":\"https:\/\/www.externacorporativo.com\/wp-content\/uploads\/2023\/04\/Sin-nombre.png\",\"width\":297,\"height\":109,\"caption\":\"Externa\"},\"image\":{\"@id\":\"https:\/\/www.externacorporativo.com\/es\/#\/schema\/logo\/image\/\"}},{\"@type\":\"Person\",\"@id\":\"https:\/\/www.externacorporativo.com\/es\/#\/schema\/person\/bdc7fa484ed4f3510b0ec3c089989e97\",\"name\":\"Programacion\",\"image\":{\"@type\":\"ImageObject\",\"inLanguage\":\"es\",\"@id\":\"https:\/\/www.externacorporativo.com\/es\/#\/schema\/person\/image\/\",\"url\":\"https:\/\/secure.gravatar.com\/avatar\/b46a7287724b495183c8c832facd7442?s=96&d=mm&r=g\",\"contentUrl\":\"https:\/\/secure.gravatar.com\/avatar\/b46a7287724b495183c8c832facd7442?s=96&d=mm&r=g\",\"caption\":\"Programacion\"},\"url\":\"https:\/\/www.externacorporativo.com\/es\/author\/programacion\/\"}]}<\/script>\n<!-- \/ Yoast SEO plugin. -->","yoast_head_json":{"title":"ECUADOR: Destacadas modificaciones fiscales - Externa","robots":{"index":"index","follow":"follow","max-snippet":"max-snippet:-1","max-image-preview":"max-image-preview:large","max-video-preview":"max-video-preview:-1"},"canonical":"https:\/\/www.externacorporativo.com\/es\/ecuador-destacadas-modificaciones-fiscales-2\/","og_locale":"es_ES","og_type":"article","og_title":"ECUADOR: Destacadas modificaciones fiscales - Externa","og_description":"A finales de agosto, se public\u00f3 en Ecuador la Ley de Fomento Productivo con importantes modificaciones fiscales, tanto a nivel del impuesto sobre la renta, el IVA y el impuesto de salida de divisas como nuevos incentivos al sector industrial e incluso una amnist\u00eda fiscal. Destaca la eliminaci\u00f3n del 10% de retenci\u00f3n sobre los dividendos [&hellip;]","og_url":"https:\/\/www.externacorporativo.com\/es\/ecuador-destacadas-modificaciones-fiscales-2\/","og_site_name":"Externa","article_published_time":"2023-06-01T07:27:23+00:00","author":"Programacion","twitter_card":"summary_large_image","twitter_misc":{"Escrito por":"Programacion","Tiempo de lectura":"2 minutos"},"schema":{"@context":"https:\/\/schema.org","@graph":[{"@type":"Article","@id":"https:\/\/www.externacorporativo.com\/es\/ecuador-destacadas-modificaciones-fiscales-2\/#article","isPartOf":{"@id":"https:\/\/www.externacorporativo.com\/es\/ecuador-destacadas-modificaciones-fiscales-2\/"},"author":{"name":"Programacion","@id":"https:\/\/www.externacorporativo.com\/es\/#\/schema\/person\/bdc7fa484ed4f3510b0ec3c089989e97"},"headline":"ECUADOR: Destacadas modificaciones fiscales","datePublished":"2023-06-01T07:27:23+00:00","dateModified":"2023-06-01T07:27:23+00:00","mainEntityOfPage":{"@id":"https:\/\/www.externacorporativo.com\/es\/ecuador-destacadas-modificaciones-fiscales-2\/"},"wordCount":304,"commentCount":0,"publisher":{"@id":"https:\/\/www.externacorporativo.com\/es\/#organization"},"inLanguage":"es","potentialAction":[{"@type":"CommentAction","name":"Comment","target":["https:\/\/www.externacorporativo.com\/es\/ecuador-destacadas-modificaciones-fiscales-2\/#respond"]}]},{"@type":"WebPage","@id":"https:\/\/www.externacorporativo.com\/es\/ecuador-destacadas-modificaciones-fiscales-2\/","url":"https:\/\/www.externacorporativo.com\/es\/ecuador-destacadas-modificaciones-fiscales-2\/","name":"ECUADOR: Destacadas modificaciones fiscales - Externa","isPartOf":{"@id":"https:\/\/www.externacorporativo.com\/es\/#website"},"datePublished":"2023-06-01T07:27:23+00:00","dateModified":"2023-06-01T07:27:23+00:00","breadcrumb":{"@id":"https:\/\/www.externacorporativo.com\/es\/ecuador-destacadas-modificaciones-fiscales-2\/#breadcrumb"},"inLanguage":"es","potentialAction":[{"@type":"ReadAction","target":["https:\/\/www.externacorporativo.com\/es\/ecuador-destacadas-modificaciones-fiscales-2\/"]}]},{"@type":"BreadcrumbList","@id":"https:\/\/www.externacorporativo.com\/es\/ecuador-destacadas-modificaciones-fiscales-2\/#breadcrumb","itemListElement":[{"@type":"ListItem","position":1,"name":"Portada","item":"https:\/\/www.externacorporativo.com\/es\/"},{"@type":"ListItem","position":2,"name":"ECUADOR: Destacadas modificaciones fiscales"}]},{"@type":"WebSite","@id":"https:\/\/www.externacorporativo.com\/es\/#website","url":"https:\/\/www.externacorporativo.com\/es\/","name":"Externa","description":"","publisher":{"@id":"https:\/\/www.externacorporativo.com\/es\/#organization"},"potentialAction":[{"@type":"SearchAction","target":{"@type":"EntryPoint","urlTemplate":"https:\/\/www.externacorporativo.com\/es\/?s={search_term_string}"},"query-input":"required name=search_term_string"}],"inLanguage":"es"},{"@type":"Organization","@id":"https:\/\/www.externacorporativo.com\/es\/#organization","name":"Externa","url":"https:\/\/www.externacorporativo.com\/es\/","logo":{"@type":"ImageObject","inLanguage":"es","@id":"https:\/\/www.externacorporativo.com\/es\/#\/schema\/logo\/image\/","url":"https:\/\/www.externacorporativo.com\/wp-content\/uploads\/2023\/04\/Sin-nombre.png","contentUrl":"https:\/\/www.externacorporativo.com\/wp-content\/uploads\/2023\/04\/Sin-nombre.png","width":297,"height":109,"caption":"Externa"},"image":{"@id":"https:\/\/www.externacorporativo.com\/es\/#\/schema\/logo\/image\/"}},{"@type":"Person","@id":"https:\/\/www.externacorporativo.com\/es\/#\/schema\/person\/bdc7fa484ed4f3510b0ec3c089989e97","name":"Programacion","image":{"@type":"ImageObject","inLanguage":"es","@id":"https:\/\/www.externacorporativo.com\/es\/#\/schema\/person\/image\/","url":"https:\/\/secure.gravatar.com\/avatar\/b46a7287724b495183c8c832facd7442?s=96&d=mm&r=g","contentUrl":"https:\/\/secure.gravatar.com\/avatar\/b46a7287724b495183c8c832facd7442?s=96&d=mm&r=g","caption":"Programacion"},"url":"https:\/\/www.externacorporativo.com\/es\/author\/programacion\/"}]}},"_links":{"self":[{"href":"https:\/\/www.externacorporativo.com\/es\/wp-json\/wp\/v2\/posts\/1454"}],"collection":[{"href":"https:\/\/www.externacorporativo.com\/es\/wp-json\/wp\/v2\/posts"}],"about":[{"href":"https:\/\/www.externacorporativo.com\/es\/wp-json\/wp\/v2\/types\/post"}],"author":[{"embeddable":true,"href":"https:\/\/www.externacorporativo.com\/es\/wp-json\/wp\/v2\/users\/2"}],"replies":[{"embeddable":true,"href":"https:\/\/www.externacorporativo.com\/es\/wp-json\/wp\/v2\/comments?post=1454"}],"version-history":[{"count":1,"href":"https:\/\/www.externacorporativo.com\/es\/wp-json\/wp\/v2\/posts\/1454\/revisions"}],"predecessor-version":[{"id":2296,"href":"https:\/\/www.externacorporativo.com\/es\/wp-json\/wp\/v2\/posts\/1454\/revisions\/2296"}],"wp:attachment":[{"href":"https:\/\/www.externacorporativo.com\/es\/wp-json\/wp\/v2\/media?parent=1454"}],"wp:term":[{"taxonomy":"category","embeddable":true,"href":"https:\/\/www.externacorporativo.com\/es\/wp-json\/wp\/v2\/categories?post=1454"},{"taxonomy":"post_tag","embeddable":true,"href":"https:\/\/www.externacorporativo.com\/es\/wp-json\/wp\/v2\/tags?post=1454"}],"curies":[{"name":"wp","href":"https:\/\/api.w.org\/{rel}","templated":true}]}}