{"id":1483,"date":"2023-06-01T07:27:26","date_gmt":"2023-06-01T07:27:26","guid":{"rendered":"https:\/\/www.externacorporativo.com\/espana-proyecto-de-ley-del-impuesto-digital-3\/"},"modified":"2023-06-01T07:27:28","modified_gmt":"2023-06-01T07:27:28","slug":"espana-proyecto-de-ley-del-impuesto-digital-3","status":"publish","type":"post","link":"https:\/\/www.externacorporativo.com\/es\/espana-proyecto-de-ley-del-impuesto-digital-3\/","title":{"rendered":"ESPA\u00d1A: PROYECTO DE LEY DEL IMPUESTO DIGITAL"},"content":{"rendered":"<p style=\"text-align: justify;\">Octubre tambi\u00e9n ha sido el mes en el que el Consejo de Ministros ha aprobado el anteproyecto de ley dirigido a gravar determinados servicios digitales, mientras todav\u00eda est\u00e1 en debate en la UE la propuesta de directiva sobre este tema, que se discutir\u00e1 en el mes de noviembre en el ECOFIN.<\/p>\n<p style=\"text-align: justify;\">La propuesta espa\u00f1ola se centra en la tributaci\u00f3n de las grandes empresas digitales, y su anticipaci\u00f3n al acuerdo a nivel europeo se justifica en la necesidad de que ayude a financiar las pensiones. Este es el objetivo por el que el Gobierno pretende empezar a recaudarlo en 2019, siguiendo la l\u00ednea de lo que ya est\u00e1n haciendo otros pa\u00edses como UK,\u00a0 Italia, Francia o Alemania.<\/p>\n<p style=\"text-align: justify;\">Este nuevo Impuesto sobre Determinados Servicios Digitales gravar\u00e1 a empresas con ingresos anuales totales de, al menos, 750 millones de euros y con ingresos en Espa\u00f1a superiores a los 3 millones de euros, con un 3% de sus servicios de publicidad en l\u00ednea, servicios de intermediaci\u00f3n en l\u00ednea y la venta de datos generados a partir de informaci\u00f3n proporcionada por el usuario.<\/p>\n<p style=\"text-align: justify;\">Por el momento, este borrador parece que no ha valorado la posible distorsi\u00f3n de la competencia de los contribuyentes del Impuesto espa\u00f1ol, ni la confusi\u00f3n jur\u00eddica y la inseguridad fiscal para las empresas, que este tipo de soluciones unilaterales y r\u00e1pidas por pa\u00eds pueden generar. Tampoco hace menci\u00f3n a la necesidad de reformar el impuesto de sociedades respecto a la declaraci\u00f3n y gravamen de los beneficios all\u00ed donde las empresas lleven a cabo una interacci\u00f3n significativa con los usuarios mediante canales digitales, lo cual ha propuesto la Comisi\u00f3n Europea, para evitar lo que ser\u00eda una doble imposici\u00f3n.<\/p>\n","protected":false},"excerpt":{"rendered":"<p>Octubre tambi\u00e9n ha sido el mes en el que el Consejo de Ministros ha aprobado el anteproyecto de ley dirigido a gravar determinados servicios digitales, mientras todav\u00eda est\u00e1 en debate en la UE la propuesta de directiva sobre este tema, que se discutir\u00e1 en el mes de noviembre en el ECOFIN. La propuesta espa\u00f1ola se [&hellip;]<\/p>\n","protected":false},"author":2,"featured_media":0,"comment_status":"open","ping_status":"open","sticky":false,"template":"","format":"standard","meta":[],"categories":[],"tags":[],"yoast_head":"<!-- This site is optimized with the Yoast SEO plugin v20.0 - https:\/\/yoast.com\/wordpress\/plugins\/seo\/ -->\n<title>ESPA\u00d1A: PROYECTO DE LEY DEL IMPUESTO DIGITAL - Externa<\/title>\n<meta name=\"robots\" content=\"index, follow, max-snippet:-1, max-image-preview:large, max-video-preview:-1\" \/>\n<link rel=\"canonical\" href=\"https:\/\/www.externacorporativo.com\/es\/espana-proyecto-de-ley-del-impuesto-digital-3\/\" \/>\n<meta property=\"og:locale\" content=\"es_ES\" \/>\n<meta property=\"og:type\" content=\"article\" \/>\n<meta property=\"og:title\" content=\"ESPA\u00d1A: PROYECTO DE LEY DEL IMPUESTO DIGITAL - Externa\" \/>\n<meta property=\"og:description\" content=\"Octubre tambi\u00e9n ha sido el mes en el que el Consejo de Ministros ha aprobado el anteproyecto de ley dirigido a gravar determinados servicios digitales, mientras todav\u00eda est\u00e1 en debate en la UE la propuesta de directiva sobre este tema, que se discutir\u00e1 en el mes de noviembre en el ECOFIN. La propuesta espa\u00f1ola se [&hellip;]\" \/>\n<meta property=\"og:url\" content=\"https:\/\/www.externacorporativo.com\/es\/espana-proyecto-de-ley-del-impuesto-digital-3\/\" \/>\n<meta property=\"og:site_name\" content=\"Externa\" \/>\n<meta property=\"article:published_time\" content=\"2023-06-01T07:27:26+00:00\" \/>\n<meta property=\"article:modified_time\" content=\"2023-06-01T07:27:28+00:00\" \/>\n<meta name=\"author\" content=\"Programacion\" \/>\n<meta name=\"twitter:card\" content=\"summary_large_image\" \/>\n<meta name=\"twitter:label1\" content=\"Escrito por\" \/>\n\t<meta name=\"twitter:data1\" content=\"Programacion\" \/>\n\t<meta name=\"twitter:label2\" content=\"Tiempo de lectura\" \/>\n\t<meta name=\"twitter:data2\" content=\"1 minuto\" \/>\n<script type=\"application\/ld+json\" class=\"yoast-schema-graph\">{\"@context\":\"https:\/\/schema.org\",\"@graph\":[{\"@type\":\"Article\",\"@id\":\"https:\/\/www.externacorporativo.com\/es\/espana-proyecto-de-ley-del-impuesto-digital-3\/#article\",\"isPartOf\":{\"@id\":\"https:\/\/www.externacorporativo.com\/es\/espana-proyecto-de-ley-del-impuesto-digital-3\/\"},\"author\":{\"name\":\"Programacion\",\"@id\":\"https:\/\/www.externacorporativo.com\/es\/#\/schema\/person\/bdc7fa484ed4f3510b0ec3c089989e97\"},\"headline\":\"ESPA\u00d1A: PROYECTO DE LEY DEL IMPUESTO DIGITAL\",\"datePublished\":\"2023-06-01T07:27:26+00:00\",\"dateModified\":\"2023-06-01T07:27:28+00:00\",\"mainEntityOfPage\":{\"@id\":\"https:\/\/www.externacorporativo.com\/es\/espana-proyecto-de-ley-del-impuesto-digital-3\/\"},\"wordCount\":304,\"commentCount\":0,\"publisher\":{\"@id\":\"https:\/\/www.externacorporativo.com\/es\/#organization\"},\"inLanguage\":\"es\",\"potentialAction\":[{\"@type\":\"CommentAction\",\"name\":\"Comment\",\"target\":[\"https:\/\/www.externacorporativo.com\/es\/espana-proyecto-de-ley-del-impuesto-digital-3\/#respond\"]}]},{\"@type\":\"WebPage\",\"@id\":\"https:\/\/www.externacorporativo.com\/es\/espana-proyecto-de-ley-del-impuesto-digital-3\/\",\"url\":\"https:\/\/www.externacorporativo.com\/es\/espana-proyecto-de-ley-del-impuesto-digital-3\/\",\"name\":\"ESPA\u00d1A: PROYECTO DE LEY DEL IMPUESTO DIGITAL - Externa\",\"isPartOf\":{\"@id\":\"https:\/\/www.externacorporativo.com\/es\/#website\"},\"datePublished\":\"2023-06-01T07:27:26+00:00\",\"dateModified\":\"2023-06-01T07:27:28+00:00\",\"breadcrumb\":{\"@id\":\"https:\/\/www.externacorporativo.com\/es\/espana-proyecto-de-ley-del-impuesto-digital-3\/#breadcrumb\"},\"inLanguage\":\"es\",\"potentialAction\":[{\"@type\":\"ReadAction\",\"target\":[\"https:\/\/www.externacorporativo.com\/es\/espana-proyecto-de-ley-del-impuesto-digital-3\/\"]}]},{\"@type\":\"BreadcrumbList\",\"@id\":\"https:\/\/www.externacorporativo.com\/es\/espana-proyecto-de-ley-del-impuesto-digital-3\/#breadcrumb\",\"itemListElement\":[{\"@type\":\"ListItem\",\"position\":1,\"name\":\"Portada\",\"item\":\"https:\/\/www.externacorporativo.com\/es\/\"},{\"@type\":\"ListItem\",\"position\":2,\"name\":\"ESPA\u00d1A: PROYECTO DE LEY DEL IMPUESTO DIGITAL\"}]},{\"@type\":\"WebSite\",\"@id\":\"https:\/\/www.externacorporativo.com\/es\/#website\",\"url\":\"https:\/\/www.externacorporativo.com\/es\/\",\"name\":\"Externa\",\"description\":\"\",\"publisher\":{\"@id\":\"https:\/\/www.externacorporativo.com\/es\/#organization\"},\"potentialAction\":[{\"@type\":\"SearchAction\",\"target\":{\"@type\":\"EntryPoint\",\"urlTemplate\":\"https:\/\/www.externacorporativo.com\/es\/?s={search_term_string}\"},\"query-input\":\"required name=search_term_string\"}],\"inLanguage\":\"es\"},{\"@type\":\"Organization\",\"@id\":\"https:\/\/www.externacorporativo.com\/es\/#organization\",\"name\":\"Externa\",\"url\":\"https:\/\/www.externacorporativo.com\/es\/\",\"logo\":{\"@type\":\"ImageObject\",\"inLanguage\":\"es\",\"@id\":\"https:\/\/www.externacorporativo.com\/es\/#\/schema\/logo\/image\/\",\"url\":\"https:\/\/www.externacorporativo.com\/wp-content\/uploads\/2023\/04\/Sin-nombre.png\",\"contentUrl\":\"https:\/\/www.externacorporativo.com\/wp-content\/uploads\/2023\/04\/Sin-nombre.png\",\"width\":297,\"height\":109,\"caption\":\"Externa\"},\"image\":{\"@id\":\"https:\/\/www.externacorporativo.com\/es\/#\/schema\/logo\/image\/\"}},{\"@type\":\"Person\",\"@id\":\"https:\/\/www.externacorporativo.com\/es\/#\/schema\/person\/bdc7fa484ed4f3510b0ec3c089989e97\",\"name\":\"Programacion\",\"image\":{\"@type\":\"ImageObject\",\"inLanguage\":\"es\",\"@id\":\"https:\/\/www.externacorporativo.com\/es\/#\/schema\/person\/image\/\",\"url\":\"https:\/\/secure.gravatar.com\/avatar\/b46a7287724b495183c8c832facd7442?s=96&d=mm&r=g\",\"contentUrl\":\"https:\/\/secure.gravatar.com\/avatar\/b46a7287724b495183c8c832facd7442?s=96&d=mm&r=g\",\"caption\":\"Programacion\"},\"url\":\"https:\/\/www.externacorporativo.com\/es\/author\/programacion\/\"}]}<\/script>\n<!-- \/ Yoast SEO plugin. -->","yoast_head_json":{"title":"ESPA\u00d1A: PROYECTO DE LEY DEL IMPUESTO DIGITAL - Externa","robots":{"index":"index","follow":"follow","max-snippet":"max-snippet:-1","max-image-preview":"max-image-preview:large","max-video-preview":"max-video-preview:-1"},"canonical":"https:\/\/www.externacorporativo.com\/es\/espana-proyecto-de-ley-del-impuesto-digital-3\/","og_locale":"es_ES","og_type":"article","og_title":"ESPA\u00d1A: PROYECTO DE LEY DEL IMPUESTO DIGITAL - Externa","og_description":"Octubre tambi\u00e9n ha sido el mes en el que el Consejo de Ministros ha aprobado el anteproyecto de ley dirigido a gravar determinados servicios digitales, mientras todav\u00eda est\u00e1 en debate en la UE la propuesta de directiva sobre este tema, que se discutir\u00e1 en el mes de noviembre en el ECOFIN. La propuesta espa\u00f1ola se [&hellip;]","og_url":"https:\/\/www.externacorporativo.com\/es\/espana-proyecto-de-ley-del-impuesto-digital-3\/","og_site_name":"Externa","article_published_time":"2023-06-01T07:27:26+00:00","article_modified_time":"2023-06-01T07:27:28+00:00","author":"Programacion","twitter_card":"summary_large_image","twitter_misc":{"Escrito por":"Programacion","Tiempo de lectura":"1 minuto"},"schema":{"@context":"https:\/\/schema.org","@graph":[{"@type":"Article","@id":"https:\/\/www.externacorporativo.com\/es\/espana-proyecto-de-ley-del-impuesto-digital-3\/#article","isPartOf":{"@id":"https:\/\/www.externacorporativo.com\/es\/espana-proyecto-de-ley-del-impuesto-digital-3\/"},"author":{"name":"Programacion","@id":"https:\/\/www.externacorporativo.com\/es\/#\/schema\/person\/bdc7fa484ed4f3510b0ec3c089989e97"},"headline":"ESPA\u00d1A: PROYECTO DE LEY DEL IMPUESTO DIGITAL","datePublished":"2023-06-01T07:27:26+00:00","dateModified":"2023-06-01T07:27:28+00:00","mainEntityOfPage":{"@id":"https:\/\/www.externacorporativo.com\/es\/espana-proyecto-de-ley-del-impuesto-digital-3\/"},"wordCount":304,"commentCount":0,"publisher":{"@id":"https:\/\/www.externacorporativo.com\/es\/#organization"},"inLanguage":"es","potentialAction":[{"@type":"CommentAction","name":"Comment","target":["https:\/\/www.externacorporativo.com\/es\/espana-proyecto-de-ley-del-impuesto-digital-3\/#respond"]}]},{"@type":"WebPage","@id":"https:\/\/www.externacorporativo.com\/es\/espana-proyecto-de-ley-del-impuesto-digital-3\/","url":"https:\/\/www.externacorporativo.com\/es\/espana-proyecto-de-ley-del-impuesto-digital-3\/","name":"ESPA\u00d1A: PROYECTO DE LEY DEL IMPUESTO DIGITAL - Externa","isPartOf":{"@id":"https:\/\/www.externacorporativo.com\/es\/#website"},"datePublished":"2023-06-01T07:27:26+00:00","dateModified":"2023-06-01T07:27:28+00:00","breadcrumb":{"@id":"https:\/\/www.externacorporativo.com\/es\/espana-proyecto-de-ley-del-impuesto-digital-3\/#breadcrumb"},"inLanguage":"es","potentialAction":[{"@type":"ReadAction","target":["https:\/\/www.externacorporativo.com\/es\/espana-proyecto-de-ley-del-impuesto-digital-3\/"]}]},{"@type":"BreadcrumbList","@id":"https:\/\/www.externacorporativo.com\/es\/espana-proyecto-de-ley-del-impuesto-digital-3\/#breadcrumb","itemListElement":[{"@type":"ListItem","position":1,"name":"Portada","item":"https:\/\/www.externacorporativo.com\/es\/"},{"@type":"ListItem","position":2,"name":"ESPA\u00d1A: PROYECTO DE LEY DEL IMPUESTO DIGITAL"}]},{"@type":"WebSite","@id":"https:\/\/www.externacorporativo.com\/es\/#website","url":"https:\/\/www.externacorporativo.com\/es\/","name":"Externa","description":"","publisher":{"@id":"https:\/\/www.externacorporativo.com\/es\/#organization"},"potentialAction":[{"@type":"SearchAction","target":{"@type":"EntryPoint","urlTemplate":"https:\/\/www.externacorporativo.com\/es\/?s={search_term_string}"},"query-input":"required name=search_term_string"}],"inLanguage":"es"},{"@type":"Organization","@id":"https:\/\/www.externacorporativo.com\/es\/#organization","name":"Externa","url":"https:\/\/www.externacorporativo.com\/es\/","logo":{"@type":"ImageObject","inLanguage":"es","@id":"https:\/\/www.externacorporativo.com\/es\/#\/schema\/logo\/image\/","url":"https:\/\/www.externacorporativo.com\/wp-content\/uploads\/2023\/04\/Sin-nombre.png","contentUrl":"https:\/\/www.externacorporativo.com\/wp-content\/uploads\/2023\/04\/Sin-nombre.png","width":297,"height":109,"caption":"Externa"},"image":{"@id":"https:\/\/www.externacorporativo.com\/es\/#\/schema\/logo\/image\/"}},{"@type":"Person","@id":"https:\/\/www.externacorporativo.com\/es\/#\/schema\/person\/bdc7fa484ed4f3510b0ec3c089989e97","name":"Programacion","image":{"@type":"ImageObject","inLanguage":"es","@id":"https:\/\/www.externacorporativo.com\/es\/#\/schema\/person\/image\/","url":"https:\/\/secure.gravatar.com\/avatar\/b46a7287724b495183c8c832facd7442?s=96&d=mm&r=g","contentUrl":"https:\/\/secure.gravatar.com\/avatar\/b46a7287724b495183c8c832facd7442?s=96&d=mm&r=g","caption":"Programacion"},"url":"https:\/\/www.externacorporativo.com\/es\/author\/programacion\/"}]}},"_links":{"self":[{"href":"https:\/\/www.externacorporativo.com\/es\/wp-json\/wp\/v2\/posts\/1483"}],"collection":[{"href":"https:\/\/www.externacorporativo.com\/es\/wp-json\/wp\/v2\/posts"}],"about":[{"href":"https:\/\/www.externacorporativo.com\/es\/wp-json\/wp\/v2\/types\/post"}],"author":[{"embeddable":true,"href":"https:\/\/www.externacorporativo.com\/es\/wp-json\/wp\/v2\/users\/2"}],"replies":[{"embeddable":true,"href":"https:\/\/www.externacorporativo.com\/es\/wp-json\/wp\/v2\/comments?post=1483"}],"version-history":[{"count":1,"href":"https:\/\/www.externacorporativo.com\/es\/wp-json\/wp\/v2\/posts\/1483\/revisions"}],"predecessor-version":[{"id":2325,"href":"https:\/\/www.externacorporativo.com\/es\/wp-json\/wp\/v2\/posts\/1483\/revisions\/2325"}],"wp:attachment":[{"href":"https:\/\/www.externacorporativo.com\/es\/wp-json\/wp\/v2\/media?parent=1483"}],"wp:term":[{"taxonomy":"category","embeddable":true,"href":"https:\/\/www.externacorporativo.com\/es\/wp-json\/wp\/v2\/categories?post=1483"},{"taxonomy":"post_tag","embeddable":true,"href":"https:\/\/www.externacorporativo.com\/es\/wp-json\/wp\/v2\/tags?post=1483"}],"curies":[{"name":"wp","href":"https:\/\/api.w.org\/{rel}","templated":true}]}}