{"id":1491,"date":"2023-06-01T07:27:29","date_gmt":"2023-06-01T07:27:29","guid":{"rendered":"https:\/\/www.externacorporativo.com\/espana-retribucion-de-consejeros-ejecutivos\/"},"modified":"2023-06-01T07:27:29","modified_gmt":"2023-06-01T07:27:29","slug":"espana-retribucion-de-consejeros-ejecutivos","status":"publish","type":"post","link":"https:\/\/www.externacorporativo.com\/es\/espana-retribucion-de-consejeros-ejecutivos\/","title":{"rendered":"ESPA\u00d1A: Retribuci\u00f3n de consejeros ejecutivos"},"content":{"rendered":"<p style=\"text-align: justify;\">A la luz del debate existente en relaci\u00f3n a la remuneraci\u00f3n de consejeros ejecutivos respecto a la interpretaci\u00f3n que suscitan los art\u00edculos 217 y 249 de la Ley de Sociedades de Capital, el cual ya se daba casi por zanjado con la sentencia de la sala de lo Civil del Tribunal Supremo de febrero de 2018, 98\/2018, la resoluci\u00f3n de la Direccion General de los Registros y del Notariado del pasado 31 de octubre ha reavivado de nuevo las dudas al respecto.<\/p>\n<p style=\"text-align: justify;\">El TS se orient\u00f3 hacia una interpretaci\u00f3n acumulativa y por lo tanto aplicable a los consejeros con funciones ejecutivas, considerando que su remuneraci\u00f3n deb\u00eda estar recogida en los Estatutos y su importe m\u00e1ximo anual aprobado en las Juntas. La DGRN contradice esta sentencia y emite una resoluci\u00f3n en la que insiste en comprobar la consolidaci\u00f3n de la doctrina al respecto.<\/p>\n<p>&nbsp;<\/p>\n","protected":false},"excerpt":{"rendered":"<p>A la luz del debate existente en relaci\u00f3n a la remuneraci\u00f3n de consejeros ejecutivos respecto a la interpretaci\u00f3n que suscitan los art\u00edculos 217 y 249 de la Ley de Sociedades de Capital, el cual ya se daba casi por zanjado con la sentencia de la sala de lo Civil del Tribunal Supremo de febrero de [&hellip;]<\/p>\n","protected":false},"author":2,"featured_media":0,"comment_status":"open","ping_status":"open","sticky":false,"template":"","format":"standard","meta":[],"categories":[],"tags":[],"yoast_head":"<!-- This site is optimized with the Yoast SEO plugin v20.0 - https:\/\/yoast.com\/wordpress\/plugins\/seo\/ -->\n<title>ESPA\u00d1A: Retribuci\u00f3n de consejeros ejecutivos - Externa<\/title>\n<meta name=\"robots\" content=\"index, follow, max-snippet:-1, max-image-preview:large, max-video-preview:-1\" \/>\n<link rel=\"canonical\" href=\"https:\/\/www.externacorporativo.com\/es\/espana-retribucion-de-consejeros-ejecutivos\/\" \/>\n<meta property=\"og:locale\" content=\"es_ES\" \/>\n<meta property=\"og:type\" content=\"article\" \/>\n<meta property=\"og:title\" content=\"ESPA\u00d1A: Retribuci\u00f3n de consejeros ejecutivos - Externa\" \/>\n<meta property=\"og:description\" content=\"A la luz del debate existente en relaci\u00f3n a la remuneraci\u00f3n de consejeros ejecutivos respecto a la interpretaci\u00f3n que suscitan los art\u00edculos 217 y 249 de la Ley de Sociedades de Capital, el cual ya se daba casi por zanjado con la sentencia de la sala de lo Civil del Tribunal Supremo de febrero de [&hellip;]\" \/>\n<meta property=\"og:url\" content=\"https:\/\/www.externacorporativo.com\/es\/espana-retribucion-de-consejeros-ejecutivos\/\" \/>\n<meta property=\"og:site_name\" content=\"Externa\" \/>\n<meta property=\"article:published_time\" content=\"2023-06-01T07:27:29+00:00\" \/>\n<meta name=\"author\" content=\"Programacion\" \/>\n<meta name=\"twitter:card\" content=\"summary_large_image\" \/>\n<meta name=\"twitter:label1\" content=\"Escrito por\" \/>\n\t<meta name=\"twitter:data1\" content=\"Programacion\" \/>\n\t<meta name=\"twitter:label2\" content=\"Tiempo de lectura\" \/>\n\t<meta name=\"twitter:data2\" content=\"1 minuto\" \/>\n<script type=\"application\/ld+json\" class=\"yoast-schema-graph\">{\"@context\":\"https:\/\/schema.org\",\"@graph\":[{\"@type\":\"Article\",\"@id\":\"https:\/\/www.externacorporativo.com\/es\/espana-retribucion-de-consejeros-ejecutivos\/#article\",\"isPartOf\":{\"@id\":\"https:\/\/www.externacorporativo.com\/es\/espana-retribucion-de-consejeros-ejecutivos\/\"},\"author\":{\"name\":\"Programacion\",\"@id\":\"https:\/\/www.externacorporativo.com\/es\/#\/schema\/person\/bdc7fa484ed4f3510b0ec3c089989e97\"},\"headline\":\"ESPA\u00d1A: Retribuci\u00f3n de consejeros ejecutivos\",\"datePublished\":\"2023-06-01T07:27:29+00:00\",\"dateModified\":\"2023-06-01T07:27:29+00:00\",\"mainEntityOfPage\":{\"@id\":\"https:\/\/www.externacorporativo.com\/es\/espana-retribucion-de-consejeros-ejecutivos\/\"},\"wordCount\":156,\"commentCount\":0,\"publisher\":{\"@id\":\"https:\/\/www.externacorporativo.com\/es\/#organization\"},\"inLanguage\":\"es\",\"potentialAction\":[{\"@type\":\"CommentAction\",\"name\":\"Comment\",\"target\":[\"https:\/\/www.externacorporativo.com\/es\/espana-retribucion-de-consejeros-ejecutivos\/#respond\"]}]},{\"@type\":\"WebPage\",\"@id\":\"https:\/\/www.externacorporativo.com\/es\/espana-retribucion-de-consejeros-ejecutivos\/\",\"url\":\"https:\/\/www.externacorporativo.com\/es\/espana-retribucion-de-consejeros-ejecutivos\/\",\"name\":\"ESPA\u00d1A: Retribuci\u00f3n de consejeros ejecutivos - Externa\",\"isPartOf\":{\"@id\":\"https:\/\/www.externacorporativo.com\/es\/#website\"},\"datePublished\":\"2023-06-01T07:27:29+00:00\",\"dateModified\":\"2023-06-01T07:27:29+00:00\",\"breadcrumb\":{\"@id\":\"https:\/\/www.externacorporativo.com\/es\/espana-retribucion-de-consejeros-ejecutivos\/#breadcrumb\"},\"inLanguage\":\"es\",\"potentialAction\":[{\"@type\":\"ReadAction\",\"target\":[\"https:\/\/www.externacorporativo.com\/es\/espana-retribucion-de-consejeros-ejecutivos\/\"]}]},{\"@type\":\"BreadcrumbList\",\"@id\":\"https:\/\/www.externacorporativo.com\/es\/espana-retribucion-de-consejeros-ejecutivos\/#breadcrumb\",\"itemListElement\":[{\"@type\":\"ListItem\",\"position\":1,\"name\":\"Portada\",\"item\":\"https:\/\/www.externacorporativo.com\/es\/\"},{\"@type\":\"ListItem\",\"position\":2,\"name\":\"ESPA\u00d1A: Retribuci\u00f3n de consejeros ejecutivos\"}]},{\"@type\":\"WebSite\",\"@id\":\"https:\/\/www.externacorporativo.com\/es\/#website\",\"url\":\"https:\/\/www.externacorporativo.com\/es\/\",\"name\":\"Externa\",\"description\":\"\",\"publisher\":{\"@id\":\"https:\/\/www.externacorporativo.com\/es\/#organization\"},\"potentialAction\":[{\"@type\":\"SearchAction\",\"target\":{\"@type\":\"EntryPoint\",\"urlTemplate\":\"https:\/\/www.externacorporativo.com\/es\/?s={search_term_string}\"},\"query-input\":\"required name=search_term_string\"}],\"inLanguage\":\"es\"},{\"@type\":\"Organization\",\"@id\":\"https:\/\/www.externacorporativo.com\/es\/#organization\",\"name\":\"Externa\",\"url\":\"https:\/\/www.externacorporativo.com\/es\/\",\"logo\":{\"@type\":\"ImageObject\",\"inLanguage\":\"es\",\"@id\":\"https:\/\/www.externacorporativo.com\/es\/#\/schema\/logo\/image\/\",\"url\":\"https:\/\/www.externacorporativo.com\/wp-content\/uploads\/2023\/04\/Sin-nombre.png\",\"contentUrl\":\"https:\/\/www.externacorporativo.com\/wp-content\/uploads\/2023\/04\/Sin-nombre.png\",\"width\":297,\"height\":109,\"caption\":\"Externa\"},\"image\":{\"@id\":\"https:\/\/www.externacorporativo.com\/es\/#\/schema\/logo\/image\/\"}},{\"@type\":\"Person\",\"@id\":\"https:\/\/www.externacorporativo.com\/es\/#\/schema\/person\/bdc7fa484ed4f3510b0ec3c089989e97\",\"name\":\"Programacion\",\"image\":{\"@type\":\"ImageObject\",\"inLanguage\":\"es\",\"@id\":\"https:\/\/www.externacorporativo.com\/es\/#\/schema\/person\/image\/\",\"url\":\"https:\/\/secure.gravatar.com\/avatar\/b46a7287724b495183c8c832facd7442?s=96&d=mm&r=g\",\"contentUrl\":\"https:\/\/secure.gravatar.com\/avatar\/b46a7287724b495183c8c832facd7442?s=96&d=mm&r=g\",\"caption\":\"Programacion\"},\"url\":\"https:\/\/www.externacorporativo.com\/es\/author\/programacion\/\"}]}<\/script>\n<!-- \/ Yoast SEO plugin. -->","yoast_head_json":{"title":"ESPA\u00d1A: Retribuci\u00f3n de consejeros ejecutivos - Externa","robots":{"index":"index","follow":"follow","max-snippet":"max-snippet:-1","max-image-preview":"max-image-preview:large","max-video-preview":"max-video-preview:-1"},"canonical":"https:\/\/www.externacorporativo.com\/es\/espana-retribucion-de-consejeros-ejecutivos\/","og_locale":"es_ES","og_type":"article","og_title":"ESPA\u00d1A: Retribuci\u00f3n de consejeros ejecutivos - Externa","og_description":"A la luz del debate existente en relaci\u00f3n a la remuneraci\u00f3n de consejeros ejecutivos respecto a la interpretaci\u00f3n que suscitan los art\u00edculos 217 y 249 de la Ley de Sociedades de Capital, el cual ya se daba casi por zanjado con la sentencia de la sala de lo Civil del Tribunal Supremo de febrero de [&hellip;]","og_url":"https:\/\/www.externacorporativo.com\/es\/espana-retribucion-de-consejeros-ejecutivos\/","og_site_name":"Externa","article_published_time":"2023-06-01T07:27:29+00:00","author":"Programacion","twitter_card":"summary_large_image","twitter_misc":{"Escrito por":"Programacion","Tiempo de lectura":"1 minuto"},"schema":{"@context":"https:\/\/schema.org","@graph":[{"@type":"Article","@id":"https:\/\/www.externacorporativo.com\/es\/espana-retribucion-de-consejeros-ejecutivos\/#article","isPartOf":{"@id":"https:\/\/www.externacorporativo.com\/es\/espana-retribucion-de-consejeros-ejecutivos\/"},"author":{"name":"Programacion","@id":"https:\/\/www.externacorporativo.com\/es\/#\/schema\/person\/bdc7fa484ed4f3510b0ec3c089989e97"},"headline":"ESPA\u00d1A: Retribuci\u00f3n de consejeros ejecutivos","datePublished":"2023-06-01T07:27:29+00:00","dateModified":"2023-06-01T07:27:29+00:00","mainEntityOfPage":{"@id":"https:\/\/www.externacorporativo.com\/es\/espana-retribucion-de-consejeros-ejecutivos\/"},"wordCount":156,"commentCount":0,"publisher":{"@id":"https:\/\/www.externacorporativo.com\/es\/#organization"},"inLanguage":"es","potentialAction":[{"@type":"CommentAction","name":"Comment","target":["https:\/\/www.externacorporativo.com\/es\/espana-retribucion-de-consejeros-ejecutivos\/#respond"]}]},{"@type":"WebPage","@id":"https:\/\/www.externacorporativo.com\/es\/espana-retribucion-de-consejeros-ejecutivos\/","url":"https:\/\/www.externacorporativo.com\/es\/espana-retribucion-de-consejeros-ejecutivos\/","name":"ESPA\u00d1A: Retribuci\u00f3n de consejeros ejecutivos - Externa","isPartOf":{"@id":"https:\/\/www.externacorporativo.com\/es\/#website"},"datePublished":"2023-06-01T07:27:29+00:00","dateModified":"2023-06-01T07:27:29+00:00","breadcrumb":{"@id":"https:\/\/www.externacorporativo.com\/es\/espana-retribucion-de-consejeros-ejecutivos\/#breadcrumb"},"inLanguage":"es","potentialAction":[{"@type":"ReadAction","target":["https:\/\/www.externacorporativo.com\/es\/espana-retribucion-de-consejeros-ejecutivos\/"]}]},{"@type":"BreadcrumbList","@id":"https:\/\/www.externacorporativo.com\/es\/espana-retribucion-de-consejeros-ejecutivos\/#breadcrumb","itemListElement":[{"@type":"ListItem","position":1,"name":"Portada","item":"https:\/\/www.externacorporativo.com\/es\/"},{"@type":"ListItem","position":2,"name":"ESPA\u00d1A: Retribuci\u00f3n de consejeros ejecutivos"}]},{"@type":"WebSite","@id":"https:\/\/www.externacorporativo.com\/es\/#website","url":"https:\/\/www.externacorporativo.com\/es\/","name":"Externa","description":"","publisher":{"@id":"https:\/\/www.externacorporativo.com\/es\/#organization"},"potentialAction":[{"@type":"SearchAction","target":{"@type":"EntryPoint","urlTemplate":"https:\/\/www.externacorporativo.com\/es\/?s={search_term_string}"},"query-input":"required name=search_term_string"}],"inLanguage":"es"},{"@type":"Organization","@id":"https:\/\/www.externacorporativo.com\/es\/#organization","name":"Externa","url":"https:\/\/www.externacorporativo.com\/es\/","logo":{"@type":"ImageObject","inLanguage":"es","@id":"https:\/\/www.externacorporativo.com\/es\/#\/schema\/logo\/image\/","url":"https:\/\/www.externacorporativo.com\/wp-content\/uploads\/2023\/04\/Sin-nombre.png","contentUrl":"https:\/\/www.externacorporativo.com\/wp-content\/uploads\/2023\/04\/Sin-nombre.png","width":297,"height":109,"caption":"Externa"},"image":{"@id":"https:\/\/www.externacorporativo.com\/es\/#\/schema\/logo\/image\/"}},{"@type":"Person","@id":"https:\/\/www.externacorporativo.com\/es\/#\/schema\/person\/bdc7fa484ed4f3510b0ec3c089989e97","name":"Programacion","image":{"@type":"ImageObject","inLanguage":"es","@id":"https:\/\/www.externacorporativo.com\/es\/#\/schema\/person\/image\/","url":"https:\/\/secure.gravatar.com\/avatar\/b46a7287724b495183c8c832facd7442?s=96&d=mm&r=g","contentUrl":"https:\/\/secure.gravatar.com\/avatar\/b46a7287724b495183c8c832facd7442?s=96&d=mm&r=g","caption":"Programacion"},"url":"https:\/\/www.externacorporativo.com\/es\/author\/programacion\/"}]}},"_links":{"self":[{"href":"https:\/\/www.externacorporativo.com\/es\/wp-json\/wp\/v2\/posts\/1491"}],"collection":[{"href":"https:\/\/www.externacorporativo.com\/es\/wp-json\/wp\/v2\/posts"}],"about":[{"href":"https:\/\/www.externacorporativo.com\/es\/wp-json\/wp\/v2\/types\/post"}],"author":[{"embeddable":true,"href":"https:\/\/www.externacorporativo.com\/es\/wp-json\/wp\/v2\/users\/2"}],"replies":[{"embeddable":true,"href":"https:\/\/www.externacorporativo.com\/es\/wp-json\/wp\/v2\/comments?post=1491"}],"version-history":[{"count":1,"href":"https:\/\/www.externacorporativo.com\/es\/wp-json\/wp\/v2\/posts\/1491\/revisions"}],"predecessor-version":[{"id":2333,"href":"https:\/\/www.externacorporativo.com\/es\/wp-json\/wp\/v2\/posts\/1491\/revisions\/2333"}],"wp:attachment":[{"href":"https:\/\/www.externacorporativo.com\/es\/wp-json\/wp\/v2\/media?parent=1491"}],"wp:term":[{"taxonomy":"category","embeddable":true,"href":"https:\/\/www.externacorporativo.com\/es\/wp-json\/wp\/v2\/categories?post=1491"},{"taxonomy":"post_tag","embeddable":true,"href":"https:\/\/www.externacorporativo.com\/es\/wp-json\/wp\/v2\/tags?post=1491"}],"curies":[{"name":"wp","href":"https:\/\/api.w.org\/{rel}","templated":true}]}}