{"id":1492,"date":"2023-06-01T07:27:29","date_gmt":"2023-06-01T07:27:29","guid":{"rendered":"https:\/\/www.externacorporativo.com\/holanda-cambios-en-el-plano-fiscal-para-el-proximo-2019\/"},"modified":"2023-06-01T07:27:29","modified_gmt":"2023-06-01T07:27:29","slug":"holanda-cambios-en-el-plano-fiscal-para-el-proximo-2019","status":"publish","type":"post","link":"https:\/\/www.externacorporativo.com\/es\/holanda-cambios-en-el-plano-fiscal-para-el-proximo-2019\/","title":{"rendered":"HOLANDA: Cambios en el plano fiscal para el pr\u00f3ximo 2019"},"content":{"rendered":"<p style=\"text-align: justify;\">El Gobierno holand\u00e9s hab\u00eda anunciado ya cambios impositivos importantes para el pr\u00f3ximo ejercicio, pero el pasado 15 de octubre, ha reconsiderado algunas de las propuestas y ha anunciado otras nuevas con el fin de estimular el entorno empresarial, las cuales forman parte del Plan de Impuestos 2019.<\/p>\n<p style=\"text-align: justify;\">En lugar de abolir la retenci\u00f3n de dividendos holandeses, como se hab\u00eda propuesto, se han anunciado medidas entre las que destaca la relativa al Impuesto de Sociedades, que se ver\u00e1 progresivamente reducido hasta en 5 puntos menos en los pr\u00f3ximos a\u00f1os. La renta imponible de 200.000\u20ac, que hasta ahora est\u00e1 gravada a un 20% se reducir\u00e1 al 19% el pr\u00f3ximo a\u00f1o, al 17,5% en el 2020 y al 15% a partir del 2021.<\/p>\n<p style=\"text-align: justify;\">Las bases imponibles superiores a 200.000\u20ac ahora sujetas al 25% tambi\u00e9n se ver\u00e1n modificadas, al 23,9% durante el 2020 y al 20,5% en 2021.<\/p>\n<p style=\"text-align: justify;\">Estaremos pendientes de su entrada en vigor, as\u00ed como del desarrollo del resto de medidas anunciadas.<\/p>\n","protected":false},"excerpt":{"rendered":"<p>HOLANDA: Cambios en el plano fiscal para el pr\u00f3ximo 2019<\/p>\n","protected":false},"author":2,"featured_media":0,"comment_status":"open","ping_status":"open","sticky":false,"template":"","format":"standard","meta":[],"categories":[],"tags":[],"yoast_head":"<!-- This site is optimized with the Yoast SEO plugin v20.0 - https:\/\/yoast.com\/wordpress\/plugins\/seo\/ -->\n<title>HOLANDA: Cambios en el plano fiscal para el pr\u00f3ximo 2019 - Externa<\/title>\n<meta name=\"robots\" content=\"index, follow, max-snippet:-1, max-image-preview:large, max-video-preview:-1\" \/>\n<link rel=\"canonical\" href=\"https:\/\/www.externacorporativo.com\/es\/holanda-cambios-en-el-plano-fiscal-para-el-proximo-2019\/\" \/>\n<meta property=\"og:locale\" content=\"es_ES\" \/>\n<meta property=\"og:type\" content=\"article\" \/>\n<meta property=\"og:title\" content=\"HOLANDA: Cambios en el plano fiscal para el pr\u00f3ximo 2019 - Externa\" \/>\n<meta property=\"og:description\" content=\"HOLANDA: Cambios en el plano fiscal para el pr\u00f3ximo 2019\" \/>\n<meta property=\"og:url\" content=\"https:\/\/www.externacorporativo.com\/es\/holanda-cambios-en-el-plano-fiscal-para-el-proximo-2019\/\" \/>\n<meta property=\"og:site_name\" content=\"Externa\" \/>\n<meta property=\"article:published_time\" content=\"2023-06-01T07:27:29+00:00\" \/>\n<meta name=\"author\" content=\"Programacion\" \/>\n<meta name=\"twitter:card\" content=\"summary_large_image\" \/>\n<meta name=\"twitter:label1\" content=\"Escrito por\" \/>\n\t<meta name=\"twitter:data1\" content=\"Programacion\" \/>\n\t<meta name=\"twitter:label2\" content=\"Tiempo de lectura\" \/>\n\t<meta name=\"twitter:data2\" content=\"1 minuto\" \/>\n<script type=\"application\/ld+json\" class=\"yoast-schema-graph\">{\"@context\":\"https:\/\/schema.org\",\"@graph\":[{\"@type\":\"Article\",\"@id\":\"https:\/\/www.externacorporativo.com\/es\/holanda-cambios-en-el-plano-fiscal-para-el-proximo-2019\/#article\",\"isPartOf\":{\"@id\":\"https:\/\/www.externacorporativo.com\/es\/holanda-cambios-en-el-plano-fiscal-para-el-proximo-2019\/\"},\"author\":{\"name\":\"Programacion\",\"@id\":\"https:\/\/www.externacorporativo.com\/es\/#\/schema\/person\/bdc7fa484ed4f3510b0ec3c089989e97\"},\"headline\":\"HOLANDA: Cambios en el plano fiscal para el pr\u00f3ximo 2019\",\"datePublished\":\"2023-06-01T07:27:29+00:00\",\"dateModified\":\"2023-06-01T07:27:29+00:00\",\"mainEntityOfPage\":{\"@id\":\"https:\/\/www.externacorporativo.com\/es\/holanda-cambios-en-el-plano-fiscal-para-el-proximo-2019\/\"},\"wordCount\":165,\"commentCount\":0,\"publisher\":{\"@id\":\"https:\/\/www.externacorporativo.com\/es\/#organization\"},\"inLanguage\":\"es\",\"potentialAction\":[{\"@type\":\"CommentAction\",\"name\":\"Comment\",\"target\":[\"https:\/\/www.externacorporativo.com\/es\/holanda-cambios-en-el-plano-fiscal-para-el-proximo-2019\/#respond\"]}]},{\"@type\":\"WebPage\",\"@id\":\"https:\/\/www.externacorporativo.com\/es\/holanda-cambios-en-el-plano-fiscal-para-el-proximo-2019\/\",\"url\":\"https:\/\/www.externacorporativo.com\/es\/holanda-cambios-en-el-plano-fiscal-para-el-proximo-2019\/\",\"name\":\"HOLANDA: Cambios en el plano fiscal para el pr\u00f3ximo 2019 - Externa\",\"isPartOf\":{\"@id\":\"https:\/\/www.externacorporativo.com\/es\/#website\"},\"datePublished\":\"2023-06-01T07:27:29+00:00\",\"dateModified\":\"2023-06-01T07:27:29+00:00\",\"breadcrumb\":{\"@id\":\"https:\/\/www.externacorporativo.com\/es\/holanda-cambios-en-el-plano-fiscal-para-el-proximo-2019\/#breadcrumb\"},\"inLanguage\":\"es\",\"potentialAction\":[{\"@type\":\"ReadAction\",\"target\":[\"https:\/\/www.externacorporativo.com\/es\/holanda-cambios-en-el-plano-fiscal-para-el-proximo-2019\/\"]}]},{\"@type\":\"BreadcrumbList\",\"@id\":\"https:\/\/www.externacorporativo.com\/es\/holanda-cambios-en-el-plano-fiscal-para-el-proximo-2019\/#breadcrumb\",\"itemListElement\":[{\"@type\":\"ListItem\",\"position\":1,\"name\":\"Portada\",\"item\":\"https:\/\/www.externacorporativo.com\/es\/\"},{\"@type\":\"ListItem\",\"position\":2,\"name\":\"HOLANDA: Cambios en el plano fiscal para el pr\u00f3ximo 2019\"}]},{\"@type\":\"WebSite\",\"@id\":\"https:\/\/www.externacorporativo.com\/es\/#website\",\"url\":\"https:\/\/www.externacorporativo.com\/es\/\",\"name\":\"Externa\",\"description\":\"\",\"publisher\":{\"@id\":\"https:\/\/www.externacorporativo.com\/es\/#organization\"},\"potentialAction\":[{\"@type\":\"SearchAction\",\"target\":{\"@type\":\"EntryPoint\",\"urlTemplate\":\"https:\/\/www.externacorporativo.com\/es\/?s={search_term_string}\"},\"query-input\":\"required name=search_term_string\"}],\"inLanguage\":\"es\"},{\"@type\":\"Organization\",\"@id\":\"https:\/\/www.externacorporativo.com\/es\/#organization\",\"name\":\"Externa\",\"url\":\"https:\/\/www.externacorporativo.com\/es\/\",\"logo\":{\"@type\":\"ImageObject\",\"inLanguage\":\"es\",\"@id\":\"https:\/\/www.externacorporativo.com\/es\/#\/schema\/logo\/image\/\",\"url\":\"https:\/\/www.externacorporativo.com\/wp-content\/uploads\/2023\/04\/Sin-nombre.png\",\"contentUrl\":\"https:\/\/www.externacorporativo.com\/wp-content\/uploads\/2023\/04\/Sin-nombre.png\",\"width\":297,\"height\":109,\"caption\":\"Externa\"},\"image\":{\"@id\":\"https:\/\/www.externacorporativo.com\/es\/#\/schema\/logo\/image\/\"}},{\"@type\":\"Person\",\"@id\":\"https:\/\/www.externacorporativo.com\/es\/#\/schema\/person\/bdc7fa484ed4f3510b0ec3c089989e97\",\"name\":\"Programacion\",\"image\":{\"@type\":\"ImageObject\",\"inLanguage\":\"es\",\"@id\":\"https:\/\/www.externacorporativo.com\/es\/#\/schema\/person\/image\/\",\"url\":\"https:\/\/secure.gravatar.com\/avatar\/b46a7287724b495183c8c832facd7442?s=96&d=mm&r=g\",\"contentUrl\":\"https:\/\/secure.gravatar.com\/avatar\/b46a7287724b495183c8c832facd7442?s=96&d=mm&r=g\",\"caption\":\"Programacion\"},\"url\":\"https:\/\/www.externacorporativo.com\/es\/author\/programacion\/\"}]}<\/script>\n<!-- \/ Yoast SEO plugin. -->","yoast_head_json":{"title":"HOLANDA: Cambios en el plano fiscal para el pr\u00f3ximo 2019 - Externa","robots":{"index":"index","follow":"follow","max-snippet":"max-snippet:-1","max-image-preview":"max-image-preview:large","max-video-preview":"max-video-preview:-1"},"canonical":"https:\/\/www.externacorporativo.com\/es\/holanda-cambios-en-el-plano-fiscal-para-el-proximo-2019\/","og_locale":"es_ES","og_type":"article","og_title":"HOLANDA: Cambios en el plano fiscal para el pr\u00f3ximo 2019 - Externa","og_description":"HOLANDA: Cambios en el plano fiscal para el pr\u00f3ximo 2019","og_url":"https:\/\/www.externacorporativo.com\/es\/holanda-cambios-en-el-plano-fiscal-para-el-proximo-2019\/","og_site_name":"Externa","article_published_time":"2023-06-01T07:27:29+00:00","author":"Programacion","twitter_card":"summary_large_image","twitter_misc":{"Escrito por":"Programacion","Tiempo de lectura":"1 minuto"},"schema":{"@context":"https:\/\/schema.org","@graph":[{"@type":"Article","@id":"https:\/\/www.externacorporativo.com\/es\/holanda-cambios-en-el-plano-fiscal-para-el-proximo-2019\/#article","isPartOf":{"@id":"https:\/\/www.externacorporativo.com\/es\/holanda-cambios-en-el-plano-fiscal-para-el-proximo-2019\/"},"author":{"name":"Programacion","@id":"https:\/\/www.externacorporativo.com\/es\/#\/schema\/person\/bdc7fa484ed4f3510b0ec3c089989e97"},"headline":"HOLANDA: Cambios en el plano fiscal para el pr\u00f3ximo 2019","datePublished":"2023-06-01T07:27:29+00:00","dateModified":"2023-06-01T07:27:29+00:00","mainEntityOfPage":{"@id":"https:\/\/www.externacorporativo.com\/es\/holanda-cambios-en-el-plano-fiscal-para-el-proximo-2019\/"},"wordCount":165,"commentCount":0,"publisher":{"@id":"https:\/\/www.externacorporativo.com\/es\/#organization"},"inLanguage":"es","potentialAction":[{"@type":"CommentAction","name":"Comment","target":["https:\/\/www.externacorporativo.com\/es\/holanda-cambios-en-el-plano-fiscal-para-el-proximo-2019\/#respond"]}]},{"@type":"WebPage","@id":"https:\/\/www.externacorporativo.com\/es\/holanda-cambios-en-el-plano-fiscal-para-el-proximo-2019\/","url":"https:\/\/www.externacorporativo.com\/es\/holanda-cambios-en-el-plano-fiscal-para-el-proximo-2019\/","name":"HOLANDA: Cambios en el plano fiscal para el pr\u00f3ximo 2019 - Externa","isPartOf":{"@id":"https:\/\/www.externacorporativo.com\/es\/#website"},"datePublished":"2023-06-01T07:27:29+00:00","dateModified":"2023-06-01T07:27:29+00:00","breadcrumb":{"@id":"https:\/\/www.externacorporativo.com\/es\/holanda-cambios-en-el-plano-fiscal-para-el-proximo-2019\/#breadcrumb"},"inLanguage":"es","potentialAction":[{"@type":"ReadAction","target":["https:\/\/www.externacorporativo.com\/es\/holanda-cambios-en-el-plano-fiscal-para-el-proximo-2019\/"]}]},{"@type":"BreadcrumbList","@id":"https:\/\/www.externacorporativo.com\/es\/holanda-cambios-en-el-plano-fiscal-para-el-proximo-2019\/#breadcrumb","itemListElement":[{"@type":"ListItem","position":1,"name":"Portada","item":"https:\/\/www.externacorporativo.com\/es\/"},{"@type":"ListItem","position":2,"name":"HOLANDA: Cambios en el plano fiscal para el pr\u00f3ximo 2019"}]},{"@type":"WebSite","@id":"https:\/\/www.externacorporativo.com\/es\/#website","url":"https:\/\/www.externacorporativo.com\/es\/","name":"Externa","description":"","publisher":{"@id":"https:\/\/www.externacorporativo.com\/es\/#organization"},"potentialAction":[{"@type":"SearchAction","target":{"@type":"EntryPoint","urlTemplate":"https:\/\/www.externacorporativo.com\/es\/?s={search_term_string}"},"query-input":"required name=search_term_string"}],"inLanguage":"es"},{"@type":"Organization","@id":"https:\/\/www.externacorporativo.com\/es\/#organization","name":"Externa","url":"https:\/\/www.externacorporativo.com\/es\/","logo":{"@type":"ImageObject","inLanguage":"es","@id":"https:\/\/www.externacorporativo.com\/es\/#\/schema\/logo\/image\/","url":"https:\/\/www.externacorporativo.com\/wp-content\/uploads\/2023\/04\/Sin-nombre.png","contentUrl":"https:\/\/www.externacorporativo.com\/wp-content\/uploads\/2023\/04\/Sin-nombre.png","width":297,"height":109,"caption":"Externa"},"image":{"@id":"https:\/\/www.externacorporativo.com\/es\/#\/schema\/logo\/image\/"}},{"@type":"Person","@id":"https:\/\/www.externacorporativo.com\/es\/#\/schema\/person\/bdc7fa484ed4f3510b0ec3c089989e97","name":"Programacion","image":{"@type":"ImageObject","inLanguage":"es","@id":"https:\/\/www.externacorporativo.com\/es\/#\/schema\/person\/image\/","url":"https:\/\/secure.gravatar.com\/avatar\/b46a7287724b495183c8c832facd7442?s=96&d=mm&r=g","contentUrl":"https:\/\/secure.gravatar.com\/avatar\/b46a7287724b495183c8c832facd7442?s=96&d=mm&r=g","caption":"Programacion"},"url":"https:\/\/www.externacorporativo.com\/es\/author\/programacion\/"}]}},"_links":{"self":[{"href":"https:\/\/www.externacorporativo.com\/es\/wp-json\/wp\/v2\/posts\/1492"}],"collection":[{"href":"https:\/\/www.externacorporativo.com\/es\/wp-json\/wp\/v2\/posts"}],"about":[{"href":"https:\/\/www.externacorporativo.com\/es\/wp-json\/wp\/v2\/types\/post"}],"author":[{"embeddable":true,"href":"https:\/\/www.externacorporativo.com\/es\/wp-json\/wp\/v2\/users\/2"}],"replies":[{"embeddable":true,"href":"https:\/\/www.externacorporativo.com\/es\/wp-json\/wp\/v2\/comments?post=1492"}],"version-history":[{"count":1,"href":"https:\/\/www.externacorporativo.com\/es\/wp-json\/wp\/v2\/posts\/1492\/revisions"}],"predecessor-version":[{"id":2334,"href":"https:\/\/www.externacorporativo.com\/es\/wp-json\/wp\/v2\/posts\/1492\/revisions\/2334"}],"wp:attachment":[{"href":"https:\/\/www.externacorporativo.com\/es\/wp-json\/wp\/v2\/media?parent=1492"}],"wp:term":[{"taxonomy":"category","embeddable":true,"href":"https:\/\/www.externacorporativo.com\/es\/wp-json\/wp\/v2\/categories?post=1492"},{"taxonomy":"post_tag","embeddable":true,"href":"https:\/\/www.externacorporativo.com\/es\/wp-json\/wp\/v2\/tags?post=1492"}],"curies":[{"name":"wp","href":"https:\/\/api.w.org\/{rel}","templated":true}]}}