{"id":1499,"date":"2023-06-01T07:27:29","date_gmt":"2023-06-01T07:27:29","guid":{"rendered":"https:\/\/www.externacorporativo.com\/union-europea-precios-de-transferencia-2\/"},"modified":"2023-06-01T07:27:30","modified_gmt":"2023-06-01T07:27:30","slug":"union-europea-precios-de-transferencia-2","status":"publish","type":"post","link":"https:\/\/www.externacorporativo.com\/es\/union-europea-precios-de-transferencia-2\/","title":{"rendered":"UNI\u00d3N EUROPEA: Precios de transferencia"},"content":{"rendered":"<p style=\"text-align: justify;\">El pasado mes de octubre, el Foro Europeo de Precios de Transferencia, grupo asesor de la Comisi\u00f3n Europea en esta materia, en el marco de coordinaci\u00f3n administrativa basado en la actual Directiva 2011\/16\/UE, sent\u00f3 las bases para mejorar la eficacia en la coordinaci\u00f3n de las inspecciones simult\u00e1neas en el entorno de los Pa\u00edses UE.<\/p>\n<p style=\"text-align: justify;\">La idea es reducir el margen de los distintos enfoques en regularizaci\u00f3n fiscal basado en distintas interpretaciones de los hechos y del principio de plena competencia, de modo que se puedan alcanzar mayores niveles de seguridad jur\u00eddica y se reduzcan las controversias fiscales internacionales.<\/p>\n<p style=\"text-align: justify;\">Este organismo pretende establecer unas pautas de comprobaci\u00f3n fiscal que las administraciones tributarias puedan utilizar de modo m\u00e1s eficiente y r\u00e1pido sin caer en conflictos de doble imposici\u00f3n.<\/p>\n<p style=\"text-align: justify;\">Las empresas que operan a nivel internacional y en especial en la UE se ver\u00e1n muy pronto afectadas por estas decisiones.<\/p>\n","protected":false},"excerpt":{"rendered":"<p>El pasado mes de octubre, el Foro Europeo de Precios de Transferencia, grupo asesor de la Comisi\u00f3n Europea en esta materia, en el marco de coordinaci\u00f3n administrativa basado en la actual Directiva 2011\/16\/UE, sent\u00f3 las bases para mejorar la eficacia en la coordinaci\u00f3n de las inspecciones simult\u00e1neas en el entorno de los Pa\u00edses UE. La [&hellip;]<\/p>\n","protected":false},"author":2,"featured_media":0,"comment_status":"open","ping_status":"open","sticky":false,"template":"","format":"standard","meta":[],"categories":[],"tags":[],"yoast_head":"<!-- This site is optimized with the Yoast SEO plugin v20.0 - https:\/\/yoast.com\/wordpress\/plugins\/seo\/ -->\n<title>UNI\u00d3N EUROPEA: Precios de transferencia - Externa<\/title>\n<meta name=\"robots\" content=\"index, follow, max-snippet:-1, max-image-preview:large, max-video-preview:-1\" \/>\n<link rel=\"canonical\" href=\"https:\/\/www.externacorporativo.com\/es\/union-europea-precios-de-transferencia-2\/\" \/>\n<meta property=\"og:locale\" content=\"es_ES\" \/>\n<meta property=\"og:type\" content=\"article\" \/>\n<meta property=\"og:title\" content=\"UNI\u00d3N EUROPEA: Precios de transferencia - Externa\" \/>\n<meta property=\"og:description\" content=\"El pasado mes de octubre, el Foro Europeo de Precios de Transferencia, grupo asesor de la Comisi\u00f3n Europea en esta materia, en el marco de coordinaci\u00f3n administrativa basado en la actual Directiva 2011\/16\/UE, sent\u00f3 las bases para mejorar la eficacia en la coordinaci\u00f3n de las inspecciones simult\u00e1neas en el entorno de los Pa\u00edses UE. La [&hellip;]\" \/>\n<meta property=\"og:url\" content=\"https:\/\/www.externacorporativo.com\/es\/union-europea-precios-de-transferencia-2\/\" \/>\n<meta property=\"og:site_name\" content=\"Externa\" \/>\n<meta property=\"article:published_time\" content=\"2023-06-01T07:27:29+00:00\" \/>\n<meta property=\"article:modified_time\" content=\"2023-06-01T07:27:30+00:00\" \/>\n<meta name=\"author\" content=\"Programacion\" \/>\n<meta name=\"twitter:card\" content=\"summary_large_image\" \/>\n<meta name=\"twitter:label1\" content=\"Escrito por\" \/>\n\t<meta name=\"twitter:data1\" content=\"Programacion\" \/>\n\t<meta name=\"twitter:label2\" content=\"Tiempo de lectura\" \/>\n\t<meta name=\"twitter:data2\" content=\"1 minuto\" \/>\n<script type=\"application\/ld+json\" class=\"yoast-schema-graph\">{\"@context\":\"https:\/\/schema.org\",\"@graph\":[{\"@type\":\"Article\",\"@id\":\"https:\/\/www.externacorporativo.com\/es\/union-europea-precios-de-transferencia-2\/#article\",\"isPartOf\":{\"@id\":\"https:\/\/www.externacorporativo.com\/es\/union-europea-precios-de-transferencia-2\/\"},\"author\":{\"name\":\"Programacion\",\"@id\":\"https:\/\/www.externacorporativo.com\/es\/#\/schema\/person\/bdc7fa484ed4f3510b0ec3c089989e97\"},\"headline\":\"UNI\u00d3N EUROPEA: Precios de transferencia\",\"datePublished\":\"2023-06-01T07:27:29+00:00\",\"dateModified\":\"2023-06-01T07:27:30+00:00\",\"mainEntityOfPage\":{\"@id\":\"https:\/\/www.externacorporativo.com\/es\/union-europea-precios-de-transferencia-2\/\"},\"wordCount\":165,\"commentCount\":0,\"publisher\":{\"@id\":\"https:\/\/www.externacorporativo.com\/es\/#organization\"},\"inLanguage\":\"es\",\"potentialAction\":[{\"@type\":\"CommentAction\",\"name\":\"Comment\",\"target\":[\"https:\/\/www.externacorporativo.com\/es\/union-europea-precios-de-transferencia-2\/#respond\"]}]},{\"@type\":\"WebPage\",\"@id\":\"https:\/\/www.externacorporativo.com\/es\/union-europea-precios-de-transferencia-2\/\",\"url\":\"https:\/\/www.externacorporativo.com\/es\/union-europea-precios-de-transferencia-2\/\",\"name\":\"UNI\u00d3N EUROPEA: Precios de transferencia - Externa\",\"isPartOf\":{\"@id\":\"https:\/\/www.externacorporativo.com\/es\/#website\"},\"datePublished\":\"2023-06-01T07:27:29+00:00\",\"dateModified\":\"2023-06-01T07:27:30+00:00\",\"breadcrumb\":{\"@id\":\"https:\/\/www.externacorporativo.com\/es\/union-europea-precios-de-transferencia-2\/#breadcrumb\"},\"inLanguage\":\"es\",\"potentialAction\":[{\"@type\":\"ReadAction\",\"target\":[\"https:\/\/www.externacorporativo.com\/es\/union-europea-precios-de-transferencia-2\/\"]}]},{\"@type\":\"BreadcrumbList\",\"@id\":\"https:\/\/www.externacorporativo.com\/es\/union-europea-precios-de-transferencia-2\/#breadcrumb\",\"itemListElement\":[{\"@type\":\"ListItem\",\"position\":1,\"name\":\"Portada\",\"item\":\"https:\/\/www.externacorporativo.com\/es\/\"},{\"@type\":\"ListItem\",\"position\":2,\"name\":\"UNI\u00d3N EUROPEA: Precios de transferencia\"}]},{\"@type\":\"WebSite\",\"@id\":\"https:\/\/www.externacorporativo.com\/es\/#website\",\"url\":\"https:\/\/www.externacorporativo.com\/es\/\",\"name\":\"Externa\",\"description\":\"\",\"publisher\":{\"@id\":\"https:\/\/www.externacorporativo.com\/es\/#organization\"},\"potentialAction\":[{\"@type\":\"SearchAction\",\"target\":{\"@type\":\"EntryPoint\",\"urlTemplate\":\"https:\/\/www.externacorporativo.com\/es\/?s={search_term_string}\"},\"query-input\":\"required name=search_term_string\"}],\"inLanguage\":\"es\"},{\"@type\":\"Organization\",\"@id\":\"https:\/\/www.externacorporativo.com\/es\/#organization\",\"name\":\"Externa\",\"url\":\"https:\/\/www.externacorporativo.com\/es\/\",\"logo\":{\"@type\":\"ImageObject\",\"inLanguage\":\"es\",\"@id\":\"https:\/\/www.externacorporativo.com\/es\/#\/schema\/logo\/image\/\",\"url\":\"https:\/\/www.externacorporativo.com\/wp-content\/uploads\/2023\/04\/Sin-nombre.png\",\"contentUrl\":\"https:\/\/www.externacorporativo.com\/wp-content\/uploads\/2023\/04\/Sin-nombre.png\",\"width\":297,\"height\":109,\"caption\":\"Externa\"},\"image\":{\"@id\":\"https:\/\/www.externacorporativo.com\/es\/#\/schema\/logo\/image\/\"}},{\"@type\":\"Person\",\"@id\":\"https:\/\/www.externacorporativo.com\/es\/#\/schema\/person\/bdc7fa484ed4f3510b0ec3c089989e97\",\"name\":\"Programacion\",\"image\":{\"@type\":\"ImageObject\",\"inLanguage\":\"es\",\"@id\":\"https:\/\/www.externacorporativo.com\/es\/#\/schema\/person\/image\/\",\"url\":\"https:\/\/secure.gravatar.com\/avatar\/b46a7287724b495183c8c832facd7442?s=96&d=mm&r=g\",\"contentUrl\":\"https:\/\/secure.gravatar.com\/avatar\/b46a7287724b495183c8c832facd7442?s=96&d=mm&r=g\",\"caption\":\"Programacion\"},\"url\":\"https:\/\/www.externacorporativo.com\/es\/author\/programacion\/\"}]}<\/script>\n<!-- \/ Yoast SEO plugin. -->","yoast_head_json":{"title":"UNI\u00d3N EUROPEA: Precios de transferencia - Externa","robots":{"index":"index","follow":"follow","max-snippet":"max-snippet:-1","max-image-preview":"max-image-preview:large","max-video-preview":"max-video-preview:-1"},"canonical":"https:\/\/www.externacorporativo.com\/es\/union-europea-precios-de-transferencia-2\/","og_locale":"es_ES","og_type":"article","og_title":"UNI\u00d3N EUROPEA: Precios de transferencia - Externa","og_description":"El pasado mes de octubre, el Foro Europeo de Precios de Transferencia, grupo asesor de la Comisi\u00f3n Europea en esta materia, en el marco de coordinaci\u00f3n administrativa basado en la actual Directiva 2011\/16\/UE, sent\u00f3 las bases para mejorar la eficacia en la coordinaci\u00f3n de las inspecciones simult\u00e1neas en el entorno de los Pa\u00edses UE. La [&hellip;]","og_url":"https:\/\/www.externacorporativo.com\/es\/union-europea-precios-de-transferencia-2\/","og_site_name":"Externa","article_published_time":"2023-06-01T07:27:29+00:00","article_modified_time":"2023-06-01T07:27:30+00:00","author":"Programacion","twitter_card":"summary_large_image","twitter_misc":{"Escrito por":"Programacion","Tiempo de lectura":"1 minuto"},"schema":{"@context":"https:\/\/schema.org","@graph":[{"@type":"Article","@id":"https:\/\/www.externacorporativo.com\/es\/union-europea-precios-de-transferencia-2\/#article","isPartOf":{"@id":"https:\/\/www.externacorporativo.com\/es\/union-europea-precios-de-transferencia-2\/"},"author":{"name":"Programacion","@id":"https:\/\/www.externacorporativo.com\/es\/#\/schema\/person\/bdc7fa484ed4f3510b0ec3c089989e97"},"headline":"UNI\u00d3N EUROPEA: Precios de transferencia","datePublished":"2023-06-01T07:27:29+00:00","dateModified":"2023-06-01T07:27:30+00:00","mainEntityOfPage":{"@id":"https:\/\/www.externacorporativo.com\/es\/union-europea-precios-de-transferencia-2\/"},"wordCount":165,"commentCount":0,"publisher":{"@id":"https:\/\/www.externacorporativo.com\/es\/#organization"},"inLanguage":"es","potentialAction":[{"@type":"CommentAction","name":"Comment","target":["https:\/\/www.externacorporativo.com\/es\/union-europea-precios-de-transferencia-2\/#respond"]}]},{"@type":"WebPage","@id":"https:\/\/www.externacorporativo.com\/es\/union-europea-precios-de-transferencia-2\/","url":"https:\/\/www.externacorporativo.com\/es\/union-europea-precios-de-transferencia-2\/","name":"UNI\u00d3N EUROPEA: Precios de transferencia - Externa","isPartOf":{"@id":"https:\/\/www.externacorporativo.com\/es\/#website"},"datePublished":"2023-06-01T07:27:29+00:00","dateModified":"2023-06-01T07:27:30+00:00","breadcrumb":{"@id":"https:\/\/www.externacorporativo.com\/es\/union-europea-precios-de-transferencia-2\/#breadcrumb"},"inLanguage":"es","potentialAction":[{"@type":"ReadAction","target":["https:\/\/www.externacorporativo.com\/es\/union-europea-precios-de-transferencia-2\/"]}]},{"@type":"BreadcrumbList","@id":"https:\/\/www.externacorporativo.com\/es\/union-europea-precios-de-transferencia-2\/#breadcrumb","itemListElement":[{"@type":"ListItem","position":1,"name":"Portada","item":"https:\/\/www.externacorporativo.com\/es\/"},{"@type":"ListItem","position":2,"name":"UNI\u00d3N EUROPEA: Precios de transferencia"}]},{"@type":"WebSite","@id":"https:\/\/www.externacorporativo.com\/es\/#website","url":"https:\/\/www.externacorporativo.com\/es\/","name":"Externa","description":"","publisher":{"@id":"https:\/\/www.externacorporativo.com\/es\/#organization"},"potentialAction":[{"@type":"SearchAction","target":{"@type":"EntryPoint","urlTemplate":"https:\/\/www.externacorporativo.com\/es\/?s={search_term_string}"},"query-input":"required name=search_term_string"}],"inLanguage":"es"},{"@type":"Organization","@id":"https:\/\/www.externacorporativo.com\/es\/#organization","name":"Externa","url":"https:\/\/www.externacorporativo.com\/es\/","logo":{"@type":"ImageObject","inLanguage":"es","@id":"https:\/\/www.externacorporativo.com\/es\/#\/schema\/logo\/image\/","url":"https:\/\/www.externacorporativo.com\/wp-content\/uploads\/2023\/04\/Sin-nombre.png","contentUrl":"https:\/\/www.externacorporativo.com\/wp-content\/uploads\/2023\/04\/Sin-nombre.png","width":297,"height":109,"caption":"Externa"},"image":{"@id":"https:\/\/www.externacorporativo.com\/es\/#\/schema\/logo\/image\/"}},{"@type":"Person","@id":"https:\/\/www.externacorporativo.com\/es\/#\/schema\/person\/bdc7fa484ed4f3510b0ec3c089989e97","name":"Programacion","image":{"@type":"ImageObject","inLanguage":"es","@id":"https:\/\/www.externacorporativo.com\/es\/#\/schema\/person\/image\/","url":"https:\/\/secure.gravatar.com\/avatar\/b46a7287724b495183c8c832facd7442?s=96&d=mm&r=g","contentUrl":"https:\/\/secure.gravatar.com\/avatar\/b46a7287724b495183c8c832facd7442?s=96&d=mm&r=g","caption":"Programacion"},"url":"https:\/\/www.externacorporativo.com\/es\/author\/programacion\/"}]}},"_links":{"self":[{"href":"https:\/\/www.externacorporativo.com\/es\/wp-json\/wp\/v2\/posts\/1499"}],"collection":[{"href":"https:\/\/www.externacorporativo.com\/es\/wp-json\/wp\/v2\/posts"}],"about":[{"href":"https:\/\/www.externacorporativo.com\/es\/wp-json\/wp\/v2\/types\/post"}],"author":[{"embeddable":true,"href":"https:\/\/www.externacorporativo.com\/es\/wp-json\/wp\/v2\/users\/2"}],"replies":[{"embeddable":true,"href":"https:\/\/www.externacorporativo.com\/es\/wp-json\/wp\/v2\/comments?post=1499"}],"version-history":[{"count":1,"href":"https:\/\/www.externacorporativo.com\/es\/wp-json\/wp\/v2\/posts\/1499\/revisions"}],"predecessor-version":[{"id":2341,"href":"https:\/\/www.externacorporativo.com\/es\/wp-json\/wp\/v2\/posts\/1499\/revisions\/2341"}],"wp:attachment":[{"href":"https:\/\/www.externacorporativo.com\/es\/wp-json\/wp\/v2\/media?parent=1499"}],"wp:term":[{"taxonomy":"category","embeddable":true,"href":"https:\/\/www.externacorporativo.com\/es\/wp-json\/wp\/v2\/categories?post=1499"},{"taxonomy":"post_tag","embeddable":true,"href":"https:\/\/www.externacorporativo.com\/es\/wp-json\/wp\/v2\/tags?post=1499"}],"curies":[{"name":"wp","href":"https:\/\/api.w.org\/{rel}","templated":true}]}}