{"id":1506,"date":"2023-06-01T07:27:29","date_gmt":"2023-06-01T07:27:29","guid":{"rendered":"https:\/\/www.externacorporativo.com\/union-europea-desplazamiento-de-trabajadores-6\/"},"modified":"2023-06-01T07:27:31","modified_gmt":"2023-06-01T07:27:31","slug":"union-europea-desplazamiento-de-trabajadores-6","status":"publish","type":"post","link":"https:\/\/www.externacorporativo.com\/es\/union-europea-desplazamiento-de-trabajadores-6\/","title":{"rendered":"UNI\u00d3N EUROPEA:  Desplazamiento de trabajadores"},"content":{"rendered":"<p style=\"text-align: justify;\">El Tribunal de Justicia de la Uni\u00f3n Europea, TJUE, ha dictado recientemente una sentencia que afecta a todo el entorno empresarial de la UE respecto a los trabajadores desplazados.<\/p>\n<p style=\"text-align: justify;\">Se trata de una sentencia sobre el <em>asunto C-527\/16<\/em> <em>Alpenrind y otro, <\/em>en el que una empresa austr\u00edaca que desplaz\u00f3 personal desde Hungr\u00eda para realizar trabajos en Austria. Y aunque se expidieron certificados h\u00fangaros que acreditaban la aplicaci\u00f3n de la Seguridad Social de este pa\u00eds, el gobierno austr\u00edaco sosten\u00eda que dichos trabajadores estaban sujetos obligatoriamente a su r\u00e9gimen de Seguridad Social de Austria.<\/p>\n<p style=\"text-align: justify;\">La STC concluye que en el caso de desplazamientos temporales, la cotizaci\u00f3n a la seguridad social se puede mantener en el Estado de origen, siempre que el desplazamiento no exceda de 24 meses y siempre que el trabajador desplazado no sea enviado en sustituci\u00f3n de otra persona enviada previamente. Lo novedoso de esta sentencia es el criterio de que no puede aplicarse la seguridad social de origen del trabajador desplazado cuando \u00e9ste es enviado en sustituci\u00f3n de otro trabajador, incluso si este otro trabajador hab\u00eda sido enviado por una empresa distinta.<\/p>\n<p style=\"text-align: justify;\">Carece de relevancia que exista o no un v\u00ednculo entre la empresa que ahora desplaza y la que en su momento desplaz\u00f3 al otro trabajador. Lo relevante es que el trabajador desplazado y el presuntamente sustituido realizasen id\u00e9ntica actividad en id\u00e9ntico destino. En estos casos, hay un elevado riesgo de que la seguridad social del Estado de destino, cuestione la validez del certificado A1 de origen.<\/p>\n<p style=\"text-align: justify;\">De ahora en adelante, cuando una empresa desplace a un trabajador a otro Estado Miembro, ha de comprobar no solo que no es enviado en sustituci\u00f3n de otro trabajador de la misma empresa,\u00a0sino adem\u00e1s que no es enviado en sustituci\u00f3n de otro trabajador enviado por cualquier otra empresa tercera. Se convierte en un requisito esencial, consultar con la empresa receptora de los servicios en el pa\u00eds de destino, si se est\u00e1 enviando a alguien en sustituci\u00f3n de otro trabajador previamente acogido al sistema de cotizaci\u00f3n de desplazados temporales.<\/p>\n","protected":false},"excerpt":{"rendered":"<p>El Tribunal de Justicia de la Uni\u00f3n Europea, TJUE, ha dictado recientemente una sentencia que afecta a todo el entorno empresarial de la UE respecto a los trabajadores desplazados. Se trata de una sentencia sobre el asunto C-527\/16 Alpenrind y otro, en el que una empresa austr\u00edaca que desplaz\u00f3 personal desde Hungr\u00eda para realizar trabajos [&hellip;]<\/p>\n","protected":false},"author":2,"featured_media":0,"comment_status":"open","ping_status":"open","sticky":false,"template":"","format":"standard","meta":[],"categories":[],"tags":[],"yoast_head":"<!-- This site is optimized with the Yoast SEO plugin v20.0 - https:\/\/yoast.com\/wordpress\/plugins\/seo\/ -->\n<title>UNI\u00d3N EUROPEA: Desplazamiento de trabajadores - Externa<\/title>\n<meta name=\"robots\" content=\"index, follow, max-snippet:-1, max-image-preview:large, max-video-preview:-1\" \/>\n<link rel=\"canonical\" href=\"https:\/\/www.externacorporativo.com\/es\/union-europea-desplazamiento-de-trabajadores-6\/\" \/>\n<meta property=\"og:locale\" content=\"es_ES\" \/>\n<meta property=\"og:type\" content=\"article\" \/>\n<meta property=\"og:title\" content=\"UNI\u00d3N EUROPEA: Desplazamiento de trabajadores - Externa\" \/>\n<meta property=\"og:description\" content=\"El Tribunal de Justicia de la Uni\u00f3n Europea, TJUE, ha dictado recientemente una sentencia que afecta a todo el entorno empresarial de la UE respecto a los trabajadores desplazados. Se trata de una sentencia sobre el asunto C-527\/16 Alpenrind y otro, en el que una empresa austr\u00edaca que desplaz\u00f3 personal desde Hungr\u00eda para realizar trabajos [&hellip;]\" \/>\n<meta property=\"og:url\" content=\"https:\/\/www.externacorporativo.com\/es\/union-europea-desplazamiento-de-trabajadores-6\/\" \/>\n<meta property=\"og:site_name\" content=\"Externa\" \/>\n<meta property=\"article:published_time\" content=\"2023-06-01T07:27:29+00:00\" \/>\n<meta property=\"article:modified_time\" content=\"2023-06-01T07:27:31+00:00\" \/>\n<meta name=\"author\" content=\"Programacion\" \/>\n<meta name=\"twitter:card\" content=\"summary_large_image\" \/>\n<meta name=\"twitter:label1\" content=\"Escrito por\" \/>\n\t<meta name=\"twitter:data1\" content=\"Programacion\" \/>\n\t<meta name=\"twitter:label2\" content=\"Tiempo de lectura\" \/>\n\t<meta name=\"twitter:data2\" content=\"2 minutos\" \/>\n<script type=\"application\/ld+json\" class=\"yoast-schema-graph\">{\"@context\":\"https:\/\/schema.org\",\"@graph\":[{\"@type\":\"Article\",\"@id\":\"https:\/\/www.externacorporativo.com\/es\/union-europea-desplazamiento-de-trabajadores-6\/#article\",\"isPartOf\":{\"@id\":\"https:\/\/www.externacorporativo.com\/es\/union-europea-desplazamiento-de-trabajadores-6\/\"},\"author\":{\"name\":\"Programacion\",\"@id\":\"https:\/\/www.externacorporativo.com\/es\/#\/schema\/person\/bdc7fa484ed4f3510b0ec3c089989e97\"},\"headline\":\"UNI\u00d3N EUROPEA: Desplazamiento de trabajadores\",\"datePublished\":\"2023-06-01T07:27:29+00:00\",\"dateModified\":\"2023-06-01T07:27:31+00:00\",\"mainEntityOfPage\":{\"@id\":\"https:\/\/www.externacorporativo.com\/es\/union-europea-desplazamiento-de-trabajadores-6\/\"},\"wordCount\":365,\"commentCount\":0,\"publisher\":{\"@id\":\"https:\/\/www.externacorporativo.com\/es\/#organization\"},\"inLanguage\":\"es\",\"potentialAction\":[{\"@type\":\"CommentAction\",\"name\":\"Comment\",\"target\":[\"https:\/\/www.externacorporativo.com\/es\/union-europea-desplazamiento-de-trabajadores-6\/#respond\"]}]},{\"@type\":\"WebPage\",\"@id\":\"https:\/\/www.externacorporativo.com\/es\/union-europea-desplazamiento-de-trabajadores-6\/\",\"url\":\"https:\/\/www.externacorporativo.com\/es\/union-europea-desplazamiento-de-trabajadores-6\/\",\"name\":\"UNI\u00d3N EUROPEA: Desplazamiento de trabajadores - Externa\",\"isPartOf\":{\"@id\":\"https:\/\/www.externacorporativo.com\/es\/#website\"},\"datePublished\":\"2023-06-01T07:27:29+00:00\",\"dateModified\":\"2023-06-01T07:27:31+00:00\",\"breadcrumb\":{\"@id\":\"https:\/\/www.externacorporativo.com\/es\/union-europea-desplazamiento-de-trabajadores-6\/#breadcrumb\"},\"inLanguage\":\"es\",\"potentialAction\":[{\"@type\":\"ReadAction\",\"target\":[\"https:\/\/www.externacorporativo.com\/es\/union-europea-desplazamiento-de-trabajadores-6\/\"]}]},{\"@type\":\"BreadcrumbList\",\"@id\":\"https:\/\/www.externacorporativo.com\/es\/union-europea-desplazamiento-de-trabajadores-6\/#breadcrumb\",\"itemListElement\":[{\"@type\":\"ListItem\",\"position\":1,\"name\":\"Portada\",\"item\":\"https:\/\/www.externacorporativo.com\/es\/\"},{\"@type\":\"ListItem\",\"position\":2,\"name\":\"UNI\u00d3N EUROPEA: Desplazamiento de trabajadores\"}]},{\"@type\":\"WebSite\",\"@id\":\"https:\/\/www.externacorporativo.com\/es\/#website\",\"url\":\"https:\/\/www.externacorporativo.com\/es\/\",\"name\":\"Externa\",\"description\":\"\",\"publisher\":{\"@id\":\"https:\/\/www.externacorporativo.com\/es\/#organization\"},\"potentialAction\":[{\"@type\":\"SearchAction\",\"target\":{\"@type\":\"EntryPoint\",\"urlTemplate\":\"https:\/\/www.externacorporativo.com\/es\/?s={search_term_string}\"},\"query-input\":\"required name=search_term_string\"}],\"inLanguage\":\"es\"},{\"@type\":\"Organization\",\"@id\":\"https:\/\/www.externacorporativo.com\/es\/#organization\",\"name\":\"Externa\",\"url\":\"https:\/\/www.externacorporativo.com\/es\/\",\"logo\":{\"@type\":\"ImageObject\",\"inLanguage\":\"es\",\"@id\":\"https:\/\/www.externacorporativo.com\/es\/#\/schema\/logo\/image\/\",\"url\":\"https:\/\/www.externacorporativo.com\/wp-content\/uploads\/2023\/04\/Sin-nombre.png\",\"contentUrl\":\"https:\/\/www.externacorporativo.com\/wp-content\/uploads\/2023\/04\/Sin-nombre.png\",\"width\":297,\"height\":109,\"caption\":\"Externa\"},\"image\":{\"@id\":\"https:\/\/www.externacorporativo.com\/es\/#\/schema\/logo\/image\/\"}},{\"@type\":\"Person\",\"@id\":\"https:\/\/www.externacorporativo.com\/es\/#\/schema\/person\/bdc7fa484ed4f3510b0ec3c089989e97\",\"name\":\"Programacion\",\"image\":{\"@type\":\"ImageObject\",\"inLanguage\":\"es\",\"@id\":\"https:\/\/www.externacorporativo.com\/es\/#\/schema\/person\/image\/\",\"url\":\"https:\/\/secure.gravatar.com\/avatar\/b46a7287724b495183c8c832facd7442?s=96&d=mm&r=g\",\"contentUrl\":\"https:\/\/secure.gravatar.com\/avatar\/b46a7287724b495183c8c832facd7442?s=96&d=mm&r=g\",\"caption\":\"Programacion\"},\"url\":\"https:\/\/www.externacorporativo.com\/es\/author\/programacion\/\"}]}<\/script>\n<!-- \/ Yoast SEO plugin. -->","yoast_head_json":{"title":"UNI\u00d3N EUROPEA: Desplazamiento de trabajadores - Externa","robots":{"index":"index","follow":"follow","max-snippet":"max-snippet:-1","max-image-preview":"max-image-preview:large","max-video-preview":"max-video-preview:-1"},"canonical":"https:\/\/www.externacorporativo.com\/es\/union-europea-desplazamiento-de-trabajadores-6\/","og_locale":"es_ES","og_type":"article","og_title":"UNI\u00d3N EUROPEA: Desplazamiento de trabajadores - Externa","og_description":"El Tribunal de Justicia de la Uni\u00f3n Europea, TJUE, ha dictado recientemente una sentencia que afecta a todo el entorno empresarial de la UE respecto a los trabajadores desplazados. Se trata de una sentencia sobre el asunto C-527\/16 Alpenrind y otro, en el que una empresa austr\u00edaca que desplaz\u00f3 personal desde Hungr\u00eda para realizar trabajos [&hellip;]","og_url":"https:\/\/www.externacorporativo.com\/es\/union-europea-desplazamiento-de-trabajadores-6\/","og_site_name":"Externa","article_published_time":"2023-06-01T07:27:29+00:00","article_modified_time":"2023-06-01T07:27:31+00:00","author":"Programacion","twitter_card":"summary_large_image","twitter_misc":{"Escrito por":"Programacion","Tiempo de lectura":"2 minutos"},"schema":{"@context":"https:\/\/schema.org","@graph":[{"@type":"Article","@id":"https:\/\/www.externacorporativo.com\/es\/union-europea-desplazamiento-de-trabajadores-6\/#article","isPartOf":{"@id":"https:\/\/www.externacorporativo.com\/es\/union-europea-desplazamiento-de-trabajadores-6\/"},"author":{"name":"Programacion","@id":"https:\/\/www.externacorporativo.com\/es\/#\/schema\/person\/bdc7fa484ed4f3510b0ec3c089989e97"},"headline":"UNI\u00d3N EUROPEA: Desplazamiento de trabajadores","datePublished":"2023-06-01T07:27:29+00:00","dateModified":"2023-06-01T07:27:31+00:00","mainEntityOfPage":{"@id":"https:\/\/www.externacorporativo.com\/es\/union-europea-desplazamiento-de-trabajadores-6\/"},"wordCount":365,"commentCount":0,"publisher":{"@id":"https:\/\/www.externacorporativo.com\/es\/#organization"},"inLanguage":"es","potentialAction":[{"@type":"CommentAction","name":"Comment","target":["https:\/\/www.externacorporativo.com\/es\/union-europea-desplazamiento-de-trabajadores-6\/#respond"]}]},{"@type":"WebPage","@id":"https:\/\/www.externacorporativo.com\/es\/union-europea-desplazamiento-de-trabajadores-6\/","url":"https:\/\/www.externacorporativo.com\/es\/union-europea-desplazamiento-de-trabajadores-6\/","name":"UNI\u00d3N EUROPEA: Desplazamiento de trabajadores - Externa","isPartOf":{"@id":"https:\/\/www.externacorporativo.com\/es\/#website"},"datePublished":"2023-06-01T07:27:29+00:00","dateModified":"2023-06-01T07:27:31+00:00","breadcrumb":{"@id":"https:\/\/www.externacorporativo.com\/es\/union-europea-desplazamiento-de-trabajadores-6\/#breadcrumb"},"inLanguage":"es","potentialAction":[{"@type":"ReadAction","target":["https:\/\/www.externacorporativo.com\/es\/union-europea-desplazamiento-de-trabajadores-6\/"]}]},{"@type":"BreadcrumbList","@id":"https:\/\/www.externacorporativo.com\/es\/union-europea-desplazamiento-de-trabajadores-6\/#breadcrumb","itemListElement":[{"@type":"ListItem","position":1,"name":"Portada","item":"https:\/\/www.externacorporativo.com\/es\/"},{"@type":"ListItem","position":2,"name":"UNI\u00d3N EUROPEA: Desplazamiento de trabajadores"}]},{"@type":"WebSite","@id":"https:\/\/www.externacorporativo.com\/es\/#website","url":"https:\/\/www.externacorporativo.com\/es\/","name":"Externa","description":"","publisher":{"@id":"https:\/\/www.externacorporativo.com\/es\/#organization"},"potentialAction":[{"@type":"SearchAction","target":{"@type":"EntryPoint","urlTemplate":"https:\/\/www.externacorporativo.com\/es\/?s={search_term_string}"},"query-input":"required name=search_term_string"}],"inLanguage":"es"},{"@type":"Organization","@id":"https:\/\/www.externacorporativo.com\/es\/#organization","name":"Externa","url":"https:\/\/www.externacorporativo.com\/es\/","logo":{"@type":"ImageObject","inLanguage":"es","@id":"https:\/\/www.externacorporativo.com\/es\/#\/schema\/logo\/image\/","url":"https:\/\/www.externacorporativo.com\/wp-content\/uploads\/2023\/04\/Sin-nombre.png","contentUrl":"https:\/\/www.externacorporativo.com\/wp-content\/uploads\/2023\/04\/Sin-nombre.png","width":297,"height":109,"caption":"Externa"},"image":{"@id":"https:\/\/www.externacorporativo.com\/es\/#\/schema\/logo\/image\/"}},{"@type":"Person","@id":"https:\/\/www.externacorporativo.com\/es\/#\/schema\/person\/bdc7fa484ed4f3510b0ec3c089989e97","name":"Programacion","image":{"@type":"ImageObject","inLanguage":"es","@id":"https:\/\/www.externacorporativo.com\/es\/#\/schema\/person\/image\/","url":"https:\/\/secure.gravatar.com\/avatar\/b46a7287724b495183c8c832facd7442?s=96&d=mm&r=g","contentUrl":"https:\/\/secure.gravatar.com\/avatar\/b46a7287724b495183c8c832facd7442?s=96&d=mm&r=g","caption":"Programacion"},"url":"https:\/\/www.externacorporativo.com\/es\/author\/programacion\/"}]}},"_links":{"self":[{"href":"https:\/\/www.externacorporativo.com\/es\/wp-json\/wp\/v2\/posts\/1506"}],"collection":[{"href":"https:\/\/www.externacorporativo.com\/es\/wp-json\/wp\/v2\/posts"}],"about":[{"href":"https:\/\/www.externacorporativo.com\/es\/wp-json\/wp\/v2\/types\/post"}],"author":[{"embeddable":true,"href":"https:\/\/www.externacorporativo.com\/es\/wp-json\/wp\/v2\/users\/2"}],"replies":[{"embeddable":true,"href":"https:\/\/www.externacorporativo.com\/es\/wp-json\/wp\/v2\/comments?post=1506"}],"version-history":[{"count":1,"href":"https:\/\/www.externacorporativo.com\/es\/wp-json\/wp\/v2\/posts\/1506\/revisions"}],"predecessor-version":[{"id":2348,"href":"https:\/\/www.externacorporativo.com\/es\/wp-json\/wp\/v2\/posts\/1506\/revisions\/2348"}],"wp:attachment":[{"href":"https:\/\/www.externacorporativo.com\/es\/wp-json\/wp\/v2\/media?parent=1506"}],"wp:term":[{"taxonomy":"category","embeddable":true,"href":"https:\/\/www.externacorporativo.com\/es\/wp-json\/wp\/v2\/categories?post=1506"},{"taxonomy":"post_tag","embeddable":true,"href":"https:\/\/www.externacorporativo.com\/es\/wp-json\/wp\/v2\/tags?post=1506"}],"curies":[{"name":"wp","href":"https:\/\/api.w.org\/{rel}","templated":true}]}}