{"id":1508,"date":"2023-06-01T07:27:29","date_gmt":"2023-06-01T07:27:29","guid":{"rendered":"https:\/\/www.externacorporativo.com\/espana-ley-de-sociedades-de-capital\/"},"modified":"2023-06-01T07:27:31","modified_gmt":"2023-06-01T07:27:31","slug":"espana-ley-de-sociedades-de-capital","status":"publish","type":"post","link":"https:\/\/www.externacorporativo.com\/es\/espana-ley-de-sociedades-de-capital\/","title":{"rendered":"ESPA\u00d1A: Ley de Sociedades de Capital"},"content":{"rendered":"<p style=\"text-align: justify;\">La Ley 11\/2018 tambi\u00e9n introduce otras modificaciones en la Ley de Sociedades de Capital, destacando:<\/p>\n<p style=\"text-align: justify;\">La modificaci\u00f3n del art\u00edculo 62 relativo a la acreditaci\u00f3n de la realidad de las aportaciones dinerarias para prever que, en el caso de la constituci\u00f3n de sociedades de responsabilidad limitada, no ser\u00e1 necesaria dicha acreditaci\u00f3n si los fundadores manifiestan en la escritura que responder\u00e1n solidariamente frente a la sociedad y frente a los acreedores sociales de la realidad de las mismas.<\/p>\n<p style=\"text-align: justify;\">La modificaci\u00f3n del art\u00edculo 276, relativo al momento y a la forma del pago de los dividendos, estableciendo \u00a0que el plazo m\u00e1ximo para el abono completo de los dividendos ser\u00e1 de doce meses a partir de la fecha del acuerdo de la junta general para su distribuci\u00f3n.<\/p>\n<p style=\"text-align: justify;\">Tambi\u00e9n da una nueva redacci\u00f3n al art\u00edculo 348 bis relativo al derecho de separaci\u00f3n en caso de falta de distribuci\u00f3n de dividendos, pasando a ser una norma dispositiva de aplicaci\u00f3n salvo que los estatutos sociales dispongan lo contrario y \u00a0especifica que el socio con derecho de separaci\u00f3n, ser\u00e1 aquel que hubiera hecho constar en el acta su protesta por la insuficiencia de los dividendos reconocido. As\u00ed mismo, reduce el porcentaje m\u00ednimo de beneficios a repartir de un tercio a un veinticinco por ciento de los beneficios del ejercicio anterior, permitiendo, adem\u00e1s, cumplir con dicho porcentaje en t\u00e9rminos agregados durante un periodo de cinco ejercicios\u00a0 y condiciona el derecho de separaci\u00f3n a que se hayan obtenido beneficios durante los tres ejercicios anteriores.<\/p>\n<p style=\"text-align: justify;\">Para suprimir o modificar esta causa de separaci\u00f3n ser\u00e1 necesario el consentimiento de todos los socios, salvo que se reconozca el derecho a separarse de la sociedad al socio que no hubiera votado a favor de tal acuerdo.<\/p>\n","protected":false},"excerpt":{"rendered":"<p>La Ley 11\/2018 tambi\u00e9n introduce otras modificaciones en la Ley de Sociedades de Capital, destacando: La modificaci\u00f3n del art\u00edculo 62 relativo a la acreditaci\u00f3n de la realidad de las aportaciones dinerarias para prever que, en el caso de la constituci\u00f3n de sociedades de responsabilidad limitada, no ser\u00e1 necesaria dicha acreditaci\u00f3n si los fundadores manifiestan en [&hellip;]<\/p>\n","protected":false},"author":2,"featured_media":0,"comment_status":"open","ping_status":"open","sticky":false,"template":"","format":"standard","meta":[],"categories":[],"tags":[],"yoast_head":"<!-- This site is optimized with the Yoast SEO plugin v20.0 - https:\/\/yoast.com\/wordpress\/plugins\/seo\/ -->\n<title>ESPA\u00d1A: Ley de Sociedades de Capital - Externa<\/title>\n<meta name=\"robots\" content=\"index, follow, max-snippet:-1, max-image-preview:large, max-video-preview:-1\" \/>\n<link rel=\"canonical\" href=\"https:\/\/www.externacorporativo.com\/es\/espana-ley-de-sociedades-de-capital\/\" \/>\n<meta property=\"og:locale\" content=\"es_ES\" \/>\n<meta property=\"og:type\" content=\"article\" \/>\n<meta property=\"og:title\" content=\"ESPA\u00d1A: Ley de Sociedades de Capital - Externa\" \/>\n<meta property=\"og:description\" content=\"La Ley 11\/2018 tambi\u00e9n introduce otras modificaciones en la Ley de Sociedades de Capital, destacando: La modificaci\u00f3n del art\u00edculo 62 relativo a la acreditaci\u00f3n de la realidad de las aportaciones dinerarias para prever que, en el caso de la constituci\u00f3n de sociedades de responsabilidad limitada, no ser\u00e1 necesaria dicha acreditaci\u00f3n si los fundadores manifiestan en [&hellip;]\" \/>\n<meta property=\"og:url\" content=\"https:\/\/www.externacorporativo.com\/es\/espana-ley-de-sociedades-de-capital\/\" \/>\n<meta property=\"og:site_name\" content=\"Externa\" \/>\n<meta property=\"article:published_time\" content=\"2023-06-01T07:27:29+00:00\" \/>\n<meta property=\"article:modified_time\" content=\"2023-06-01T07:27:31+00:00\" \/>\n<meta name=\"author\" content=\"Programacion\" \/>\n<meta name=\"twitter:card\" content=\"summary_large_image\" \/>\n<meta name=\"twitter:label1\" content=\"Escrito por\" \/>\n\t<meta name=\"twitter:data1\" content=\"Programacion\" \/>\n\t<meta name=\"twitter:label2\" content=\"Tiempo de lectura\" \/>\n\t<meta name=\"twitter:data2\" content=\"2 minutos\" \/>\n<script type=\"application\/ld+json\" class=\"yoast-schema-graph\">{\"@context\":\"https:\/\/schema.org\",\"@graph\":[{\"@type\":\"Article\",\"@id\":\"https:\/\/www.externacorporativo.com\/es\/espana-ley-de-sociedades-de-capital\/#article\",\"isPartOf\":{\"@id\":\"https:\/\/www.externacorporativo.com\/es\/espana-ley-de-sociedades-de-capital\/\"},\"author\":{\"name\":\"Programacion\",\"@id\":\"https:\/\/www.externacorporativo.com\/es\/#\/schema\/person\/bdc7fa484ed4f3510b0ec3c089989e97\"},\"headline\":\"ESPA\u00d1A: Ley de Sociedades de Capital\",\"datePublished\":\"2023-06-01T07:27:29+00:00\",\"dateModified\":\"2023-06-01T07:27:31+00:00\",\"mainEntityOfPage\":{\"@id\":\"https:\/\/www.externacorporativo.com\/es\/espana-ley-de-sociedades-de-capital\/\"},\"wordCount\":308,\"commentCount\":0,\"publisher\":{\"@id\":\"https:\/\/www.externacorporativo.com\/es\/#organization\"},\"inLanguage\":\"es\",\"potentialAction\":[{\"@type\":\"CommentAction\",\"name\":\"Comment\",\"target\":[\"https:\/\/www.externacorporativo.com\/es\/espana-ley-de-sociedades-de-capital\/#respond\"]}]},{\"@type\":\"WebPage\",\"@id\":\"https:\/\/www.externacorporativo.com\/es\/espana-ley-de-sociedades-de-capital\/\",\"url\":\"https:\/\/www.externacorporativo.com\/es\/espana-ley-de-sociedades-de-capital\/\",\"name\":\"ESPA\u00d1A: Ley de Sociedades de Capital - Externa\",\"isPartOf\":{\"@id\":\"https:\/\/www.externacorporativo.com\/es\/#website\"},\"datePublished\":\"2023-06-01T07:27:29+00:00\",\"dateModified\":\"2023-06-01T07:27:31+00:00\",\"breadcrumb\":{\"@id\":\"https:\/\/www.externacorporativo.com\/es\/espana-ley-de-sociedades-de-capital\/#breadcrumb\"},\"inLanguage\":\"es\",\"potentialAction\":[{\"@type\":\"ReadAction\",\"target\":[\"https:\/\/www.externacorporativo.com\/es\/espana-ley-de-sociedades-de-capital\/\"]}]},{\"@type\":\"BreadcrumbList\",\"@id\":\"https:\/\/www.externacorporativo.com\/es\/espana-ley-de-sociedades-de-capital\/#breadcrumb\",\"itemListElement\":[{\"@type\":\"ListItem\",\"position\":1,\"name\":\"Portada\",\"item\":\"https:\/\/www.externacorporativo.com\/es\/\"},{\"@type\":\"ListItem\",\"position\":2,\"name\":\"ESPA\u00d1A: Ley de Sociedades de Capital\"}]},{\"@type\":\"WebSite\",\"@id\":\"https:\/\/www.externacorporativo.com\/es\/#website\",\"url\":\"https:\/\/www.externacorporativo.com\/es\/\",\"name\":\"Externa\",\"description\":\"\",\"publisher\":{\"@id\":\"https:\/\/www.externacorporativo.com\/es\/#organization\"},\"potentialAction\":[{\"@type\":\"SearchAction\",\"target\":{\"@type\":\"EntryPoint\",\"urlTemplate\":\"https:\/\/www.externacorporativo.com\/es\/?s={search_term_string}\"},\"query-input\":\"required name=search_term_string\"}],\"inLanguage\":\"es\"},{\"@type\":\"Organization\",\"@id\":\"https:\/\/www.externacorporativo.com\/es\/#organization\",\"name\":\"Externa\",\"url\":\"https:\/\/www.externacorporativo.com\/es\/\",\"logo\":{\"@type\":\"ImageObject\",\"inLanguage\":\"es\",\"@id\":\"https:\/\/www.externacorporativo.com\/es\/#\/schema\/logo\/image\/\",\"url\":\"https:\/\/www.externacorporativo.com\/wp-content\/uploads\/2023\/04\/Sin-nombre.png\",\"contentUrl\":\"https:\/\/www.externacorporativo.com\/wp-content\/uploads\/2023\/04\/Sin-nombre.png\",\"width\":297,\"height\":109,\"caption\":\"Externa\"},\"image\":{\"@id\":\"https:\/\/www.externacorporativo.com\/es\/#\/schema\/logo\/image\/\"}},{\"@type\":\"Person\",\"@id\":\"https:\/\/www.externacorporativo.com\/es\/#\/schema\/person\/bdc7fa484ed4f3510b0ec3c089989e97\",\"name\":\"Programacion\",\"image\":{\"@type\":\"ImageObject\",\"inLanguage\":\"es\",\"@id\":\"https:\/\/www.externacorporativo.com\/es\/#\/schema\/person\/image\/\",\"url\":\"https:\/\/secure.gravatar.com\/avatar\/b46a7287724b495183c8c832facd7442?s=96&d=mm&r=g\",\"contentUrl\":\"https:\/\/secure.gravatar.com\/avatar\/b46a7287724b495183c8c832facd7442?s=96&d=mm&r=g\",\"caption\":\"Programacion\"},\"url\":\"https:\/\/www.externacorporativo.com\/es\/author\/programacion\/\"}]}<\/script>\n<!-- \/ Yoast SEO plugin. -->","yoast_head_json":{"title":"ESPA\u00d1A: Ley de Sociedades de Capital - Externa","robots":{"index":"index","follow":"follow","max-snippet":"max-snippet:-1","max-image-preview":"max-image-preview:large","max-video-preview":"max-video-preview:-1"},"canonical":"https:\/\/www.externacorporativo.com\/es\/espana-ley-de-sociedades-de-capital\/","og_locale":"es_ES","og_type":"article","og_title":"ESPA\u00d1A: Ley de Sociedades de Capital - Externa","og_description":"La Ley 11\/2018 tambi\u00e9n introduce otras modificaciones en la Ley de Sociedades de Capital, destacando: La modificaci\u00f3n del art\u00edculo 62 relativo a la acreditaci\u00f3n de la realidad de las aportaciones dinerarias para prever que, en el caso de la constituci\u00f3n de sociedades de responsabilidad limitada, no ser\u00e1 necesaria dicha acreditaci\u00f3n si los fundadores manifiestan en [&hellip;]","og_url":"https:\/\/www.externacorporativo.com\/es\/espana-ley-de-sociedades-de-capital\/","og_site_name":"Externa","article_published_time":"2023-06-01T07:27:29+00:00","article_modified_time":"2023-06-01T07:27:31+00:00","author":"Programacion","twitter_card":"summary_large_image","twitter_misc":{"Escrito por":"Programacion","Tiempo de lectura":"2 minutos"},"schema":{"@context":"https:\/\/schema.org","@graph":[{"@type":"Article","@id":"https:\/\/www.externacorporativo.com\/es\/espana-ley-de-sociedades-de-capital\/#article","isPartOf":{"@id":"https:\/\/www.externacorporativo.com\/es\/espana-ley-de-sociedades-de-capital\/"},"author":{"name":"Programacion","@id":"https:\/\/www.externacorporativo.com\/es\/#\/schema\/person\/bdc7fa484ed4f3510b0ec3c089989e97"},"headline":"ESPA\u00d1A: Ley de Sociedades de Capital","datePublished":"2023-06-01T07:27:29+00:00","dateModified":"2023-06-01T07:27:31+00:00","mainEntityOfPage":{"@id":"https:\/\/www.externacorporativo.com\/es\/espana-ley-de-sociedades-de-capital\/"},"wordCount":308,"commentCount":0,"publisher":{"@id":"https:\/\/www.externacorporativo.com\/es\/#organization"},"inLanguage":"es","potentialAction":[{"@type":"CommentAction","name":"Comment","target":["https:\/\/www.externacorporativo.com\/es\/espana-ley-de-sociedades-de-capital\/#respond"]}]},{"@type":"WebPage","@id":"https:\/\/www.externacorporativo.com\/es\/espana-ley-de-sociedades-de-capital\/","url":"https:\/\/www.externacorporativo.com\/es\/espana-ley-de-sociedades-de-capital\/","name":"ESPA\u00d1A: Ley de Sociedades de Capital - Externa","isPartOf":{"@id":"https:\/\/www.externacorporativo.com\/es\/#website"},"datePublished":"2023-06-01T07:27:29+00:00","dateModified":"2023-06-01T07:27:31+00:00","breadcrumb":{"@id":"https:\/\/www.externacorporativo.com\/es\/espana-ley-de-sociedades-de-capital\/#breadcrumb"},"inLanguage":"es","potentialAction":[{"@type":"ReadAction","target":["https:\/\/www.externacorporativo.com\/es\/espana-ley-de-sociedades-de-capital\/"]}]},{"@type":"BreadcrumbList","@id":"https:\/\/www.externacorporativo.com\/es\/espana-ley-de-sociedades-de-capital\/#breadcrumb","itemListElement":[{"@type":"ListItem","position":1,"name":"Portada","item":"https:\/\/www.externacorporativo.com\/es\/"},{"@type":"ListItem","position":2,"name":"ESPA\u00d1A: Ley de Sociedades de Capital"}]},{"@type":"WebSite","@id":"https:\/\/www.externacorporativo.com\/es\/#website","url":"https:\/\/www.externacorporativo.com\/es\/","name":"Externa","description":"","publisher":{"@id":"https:\/\/www.externacorporativo.com\/es\/#organization"},"potentialAction":[{"@type":"SearchAction","target":{"@type":"EntryPoint","urlTemplate":"https:\/\/www.externacorporativo.com\/es\/?s={search_term_string}"},"query-input":"required name=search_term_string"}],"inLanguage":"es"},{"@type":"Organization","@id":"https:\/\/www.externacorporativo.com\/es\/#organization","name":"Externa","url":"https:\/\/www.externacorporativo.com\/es\/","logo":{"@type":"ImageObject","inLanguage":"es","@id":"https:\/\/www.externacorporativo.com\/es\/#\/schema\/logo\/image\/","url":"https:\/\/www.externacorporativo.com\/wp-content\/uploads\/2023\/04\/Sin-nombre.png","contentUrl":"https:\/\/www.externacorporativo.com\/wp-content\/uploads\/2023\/04\/Sin-nombre.png","width":297,"height":109,"caption":"Externa"},"image":{"@id":"https:\/\/www.externacorporativo.com\/es\/#\/schema\/logo\/image\/"}},{"@type":"Person","@id":"https:\/\/www.externacorporativo.com\/es\/#\/schema\/person\/bdc7fa484ed4f3510b0ec3c089989e97","name":"Programacion","image":{"@type":"ImageObject","inLanguage":"es","@id":"https:\/\/www.externacorporativo.com\/es\/#\/schema\/person\/image\/","url":"https:\/\/secure.gravatar.com\/avatar\/b46a7287724b495183c8c832facd7442?s=96&d=mm&r=g","contentUrl":"https:\/\/secure.gravatar.com\/avatar\/b46a7287724b495183c8c832facd7442?s=96&d=mm&r=g","caption":"Programacion"},"url":"https:\/\/www.externacorporativo.com\/es\/author\/programacion\/"}]}},"_links":{"self":[{"href":"https:\/\/www.externacorporativo.com\/es\/wp-json\/wp\/v2\/posts\/1508"}],"collection":[{"href":"https:\/\/www.externacorporativo.com\/es\/wp-json\/wp\/v2\/posts"}],"about":[{"href":"https:\/\/www.externacorporativo.com\/es\/wp-json\/wp\/v2\/types\/post"}],"author":[{"embeddable":true,"href":"https:\/\/www.externacorporativo.com\/es\/wp-json\/wp\/v2\/users\/2"}],"replies":[{"embeddable":true,"href":"https:\/\/www.externacorporativo.com\/es\/wp-json\/wp\/v2\/comments?post=1508"}],"version-history":[{"count":1,"href":"https:\/\/www.externacorporativo.com\/es\/wp-json\/wp\/v2\/posts\/1508\/revisions"}],"predecessor-version":[{"id":2350,"href":"https:\/\/www.externacorporativo.com\/es\/wp-json\/wp\/v2\/posts\/1508\/revisions\/2350"}],"wp:attachment":[{"href":"https:\/\/www.externacorporativo.com\/es\/wp-json\/wp\/v2\/media?parent=1508"}],"wp:term":[{"taxonomy":"category","embeddable":true,"href":"https:\/\/www.externacorporativo.com\/es\/wp-json\/wp\/v2\/categories?post=1508"},{"taxonomy":"post_tag","embeddable":true,"href":"https:\/\/www.externacorporativo.com\/es\/wp-json\/wp\/v2\/tags?post=1508"}],"curies":[{"name":"wp","href":"https:\/\/api.w.org\/{rel}","templated":true}]}}