{"id":1510,"date":"2023-06-01T07:27:32","date_gmt":"2023-06-01T07:27:32","guid":{"rendered":"https:\/\/www.externacorporativo.com\/croacia-reforma-fiscal\/"},"modified":"2023-06-01T07:27:32","modified_gmt":"2023-06-01T07:27:32","slug":"croacia-reforma-fiscal","status":"publish","type":"post","link":"https:\/\/www.externacorporativo.com\/es\/croacia-reforma-fiscal\/","title":{"rendered":"CROACIA: Reforma fiscal"},"content":{"rendered":"<p style=\"text-align: justify;\">En el 2013 con la entrada en la Uni\u00f3n Europea de Croacia, la tasa de IVA se elev\u00f3 del 23% al 25%, por lo hasta la fecha Croacia aplica tres tasas de IVA: la general del \u00a025%, la segunda m\u00e1s alta en la UE despu\u00e9s de Hungr\u00eda, una tasa reducida del 13% y una tasa del 5%.<\/p>\n<p style=\"text-align: justify;\">Con la entrada del nuevo a\u00f1o, el primer ministro de\u00a0 Croacia, ha tenido que retrasar su compromiso de reducir la tasa general de IVA del 25% al 24%, prevista para el inicio de este a\u00f1o, hasta enero de 2020. Sin embargo otros ajustes del sistema tributario entran en vigor en el mes de enero, y afectar\u00e1n a las empresas extranjeras que hacen negocios con Croacia.<\/p>\n<p style=\"text-align: justify;\">Destaca en este sentido, la supresi\u00f3n del mecanismo de reversi\u00f3n de la carga del IVA que se aplicaba de forma general en las entregas de suministros entre empresas.<\/p>\n<p style=\"text-align: justify;\">Hasta la fecha el destinatario del suministro pagaba el IVA croata en las entregas realizadas por una empresa no establecida en Croacia,\u00a0 incluso si la empresa no residente dispon\u00eda de un n\u00famero de identificaci\u00f3n fiscal croata.<\/p>\n<p style=\"text-align: justify;\">Los proveedores no residentes ten\u00edan \u00fanicamente la obligaci\u00f3n de informar la entrega de suministros a la autoridad fiscal croata a trav\u00e9s del formulario \u201cINO-PPO\u201d.<\/p>\n<p style=\"text-align: justify;\">Con el nuevo a\u00f1o, la situaci\u00f3n se homologa a la mayor\u00eda de los Estados Miembros y dejar\u00e1 de aplicarse este mecanismo de reversi\u00f3n, cuando la empresa no residente tenga un n\u00famero de identificaci\u00f3n fiscal croata, debiendo en estos casos presentar una declaraci\u00f3n de IVA en el pa\u00eds. La reversi\u00f3n de la carga se mantiene para la entrega de productos determinados, como cemento, hierro y acero.<\/p>\n<p style=\"text-align: justify;\">Tambi\u00e9n se aplican modificaciones al r\u00e9gimen de simplificaci\u00f3n de las operaciones triangulares, hasta ahora la legislaci\u00f3n croata era m\u00e1s restrictiva respecto a esta simplificaci\u00f3n,\u00a0 ya que \u00fanicamente se podr\u00eda aplicar cuando el proveedor intermedio no estuviese establecido ni registrado a efectos de IVA en Croacia.<\/p>\n<p style=\"text-align: justify;\">Sin embargo la reforma fiscal trata de acercarse a la Directiva de IVA de la UE,- que \u00fanicamente requiere que el intermediario no est\u00e9 establecido en el pa\u00eds del cliente final-, por lo que ser\u00e1 posible aplicar la simplificaci\u00f3n de las operaciones triangulares, incluso si el proveedor intermedio est\u00e1 registrado a efectos de IVA en Croacia.<\/p>\n<p style=\"text-align: justify;\">Se modifica la obligaci\u00f3n impuesta el a\u00f1o pasado de registrarse a efectos fiscales de IVA cuando los suministros de bienes o servicios en el a\u00f1o calendario anterior fue superior a 300.000 HRK (aprox. .40.000 euros), aplic\u00e1ndose a quienes en el a\u00f1o calendario actual, realicen entregas por un valor superior a este importe.<\/p>\n<p style=\"text-align: justify;\">Por \u00faltimo, se modifican \u00a0las condiciones para la\u00a0 devoluci\u00f3n del IVA croata a los empresarios no residentes en la UE, que se ajustar\u00e1n a las aplicables a las devoluciones a los empresarios residentes en la UE, incluso si realizan suministros de bienes sujetos al mecanismo de cobro revertido.<\/p>\n<p style=\"text-align: justify;\">Todas estas modificaciones de la Ley del IVA, entrar\u00e1n en vigor el 1 de enero de 2019, con la excepci\u00f3n del recorte del tipo de IVA est\u00e1ndar del 24%, que entrar\u00e1 en vigor el 1 de enero de 2020.<\/p>\n","protected":false},"excerpt":{"rendered":"<p>En el 2013 con la entrada en la Uni\u00f3n Europea de Croacia, la tasa de IVA se elev\u00f3 del 23% al 25%, por lo hasta la fecha Croacia aplica tres tasas de IVA: la general del \u00a025%, la segunda m\u00e1s alta en la UE despu\u00e9s de Hungr\u00eda, una tasa reducida del 13% y una tasa [&hellip;]<\/p>\n","protected":false},"author":2,"featured_media":0,"comment_status":"open","ping_status":"open","sticky":false,"template":"","format":"standard","meta":[],"categories":[],"tags":[],"yoast_head":"<!-- This site is optimized with the Yoast SEO plugin v20.0 - https:\/\/yoast.com\/wordpress\/plugins\/seo\/ -->\n<title>CROACIA: Reforma fiscal - Externa<\/title>\n<meta name=\"robots\" content=\"index, follow, max-snippet:-1, max-image-preview:large, max-video-preview:-1\" \/>\n<link rel=\"canonical\" href=\"https:\/\/www.externacorporativo.com\/es\/croacia-reforma-fiscal\/\" \/>\n<meta property=\"og:locale\" content=\"es_ES\" \/>\n<meta property=\"og:type\" content=\"article\" \/>\n<meta property=\"og:title\" content=\"CROACIA: Reforma fiscal - Externa\" \/>\n<meta property=\"og:description\" content=\"En el 2013 con la entrada en la Uni\u00f3n Europea de Croacia, la tasa de IVA se elev\u00f3 del 23% al 25%, por lo hasta la fecha Croacia aplica tres tasas de IVA: la general del \u00a025%, la segunda m\u00e1s alta en la UE despu\u00e9s de Hungr\u00eda, una tasa reducida del 13% y una tasa [&hellip;]\" \/>\n<meta property=\"og:url\" content=\"https:\/\/www.externacorporativo.com\/es\/croacia-reforma-fiscal\/\" \/>\n<meta property=\"og:site_name\" content=\"Externa\" \/>\n<meta property=\"article:published_time\" content=\"2023-06-01T07:27:32+00:00\" \/>\n<meta name=\"author\" content=\"Programacion\" \/>\n<meta name=\"twitter:card\" content=\"summary_large_image\" \/>\n<meta name=\"twitter:label1\" content=\"Escrito por\" \/>\n\t<meta name=\"twitter:data1\" content=\"Programacion\" \/>\n\t<meta name=\"twitter:label2\" content=\"Tiempo de lectura\" \/>\n\t<meta name=\"twitter:data2\" content=\"3 minutos\" \/>\n<script type=\"application\/ld+json\" class=\"yoast-schema-graph\">{\"@context\":\"https:\/\/schema.org\",\"@graph\":[{\"@type\":\"Article\",\"@id\":\"https:\/\/www.externacorporativo.com\/es\/croacia-reforma-fiscal\/#article\",\"isPartOf\":{\"@id\":\"https:\/\/www.externacorporativo.com\/es\/croacia-reforma-fiscal\/\"},\"author\":{\"name\":\"Programacion\",\"@id\":\"https:\/\/www.externacorporativo.com\/es\/#\/schema\/person\/bdc7fa484ed4f3510b0ec3c089989e97\"},\"headline\":\"CROACIA: Reforma fiscal\",\"datePublished\":\"2023-06-01T07:27:32+00:00\",\"dateModified\":\"2023-06-01T07:27:32+00:00\",\"mainEntityOfPage\":{\"@id\":\"https:\/\/www.externacorporativo.com\/es\/croacia-reforma-fiscal\/\"},\"wordCount\":546,\"commentCount\":0,\"publisher\":{\"@id\":\"https:\/\/www.externacorporativo.com\/es\/#organization\"},\"inLanguage\":\"es\",\"potentialAction\":[{\"@type\":\"CommentAction\",\"name\":\"Comment\",\"target\":[\"https:\/\/www.externacorporativo.com\/es\/croacia-reforma-fiscal\/#respond\"]}]},{\"@type\":\"WebPage\",\"@id\":\"https:\/\/www.externacorporativo.com\/es\/croacia-reforma-fiscal\/\",\"url\":\"https:\/\/www.externacorporativo.com\/es\/croacia-reforma-fiscal\/\",\"name\":\"CROACIA: Reforma fiscal - Externa\",\"isPartOf\":{\"@id\":\"https:\/\/www.externacorporativo.com\/es\/#website\"},\"datePublished\":\"2023-06-01T07:27:32+00:00\",\"dateModified\":\"2023-06-01T07:27:32+00:00\",\"breadcrumb\":{\"@id\":\"https:\/\/www.externacorporativo.com\/es\/croacia-reforma-fiscal\/#breadcrumb\"},\"inLanguage\":\"es\",\"potentialAction\":[{\"@type\":\"ReadAction\",\"target\":[\"https:\/\/www.externacorporativo.com\/es\/croacia-reforma-fiscal\/\"]}]},{\"@type\":\"BreadcrumbList\",\"@id\":\"https:\/\/www.externacorporativo.com\/es\/croacia-reforma-fiscal\/#breadcrumb\",\"itemListElement\":[{\"@type\":\"ListItem\",\"position\":1,\"name\":\"Portada\",\"item\":\"https:\/\/www.externacorporativo.com\/es\/\"},{\"@type\":\"ListItem\",\"position\":2,\"name\":\"CROACIA: Reforma fiscal\"}]},{\"@type\":\"WebSite\",\"@id\":\"https:\/\/www.externacorporativo.com\/es\/#website\",\"url\":\"https:\/\/www.externacorporativo.com\/es\/\",\"name\":\"Externa\",\"description\":\"\",\"publisher\":{\"@id\":\"https:\/\/www.externacorporativo.com\/es\/#organization\"},\"potentialAction\":[{\"@type\":\"SearchAction\",\"target\":{\"@type\":\"EntryPoint\",\"urlTemplate\":\"https:\/\/www.externacorporativo.com\/es\/?s={search_term_string}\"},\"query-input\":\"required name=search_term_string\"}],\"inLanguage\":\"es\"},{\"@type\":\"Organization\",\"@id\":\"https:\/\/www.externacorporativo.com\/es\/#organization\",\"name\":\"Externa\",\"url\":\"https:\/\/www.externacorporativo.com\/es\/\",\"logo\":{\"@type\":\"ImageObject\",\"inLanguage\":\"es\",\"@id\":\"https:\/\/www.externacorporativo.com\/es\/#\/schema\/logo\/image\/\",\"url\":\"https:\/\/www.externacorporativo.com\/wp-content\/uploads\/2023\/04\/Sin-nombre.png\",\"contentUrl\":\"https:\/\/www.externacorporativo.com\/wp-content\/uploads\/2023\/04\/Sin-nombre.png\",\"width\":297,\"height\":109,\"caption\":\"Externa\"},\"image\":{\"@id\":\"https:\/\/www.externacorporativo.com\/es\/#\/schema\/logo\/image\/\"}},{\"@type\":\"Person\",\"@id\":\"https:\/\/www.externacorporativo.com\/es\/#\/schema\/person\/bdc7fa484ed4f3510b0ec3c089989e97\",\"name\":\"Programacion\",\"image\":{\"@type\":\"ImageObject\",\"inLanguage\":\"es\",\"@id\":\"https:\/\/www.externacorporativo.com\/es\/#\/schema\/person\/image\/\",\"url\":\"https:\/\/secure.gravatar.com\/avatar\/b46a7287724b495183c8c832facd7442?s=96&d=mm&r=g\",\"contentUrl\":\"https:\/\/secure.gravatar.com\/avatar\/b46a7287724b495183c8c832facd7442?s=96&d=mm&r=g\",\"caption\":\"Programacion\"},\"url\":\"https:\/\/www.externacorporativo.com\/es\/author\/programacion\/\"}]}<\/script>\n<!-- \/ Yoast SEO plugin. -->","yoast_head_json":{"title":"CROACIA: Reforma fiscal - Externa","robots":{"index":"index","follow":"follow","max-snippet":"max-snippet:-1","max-image-preview":"max-image-preview:large","max-video-preview":"max-video-preview:-1"},"canonical":"https:\/\/www.externacorporativo.com\/es\/croacia-reforma-fiscal\/","og_locale":"es_ES","og_type":"article","og_title":"CROACIA: Reforma fiscal - Externa","og_description":"En el 2013 con la entrada en la Uni\u00f3n Europea de Croacia, la tasa de IVA se elev\u00f3 del 23% al 25%, por lo hasta la fecha Croacia aplica tres tasas de IVA: la general del \u00a025%, la segunda m\u00e1s alta en la UE despu\u00e9s de Hungr\u00eda, una tasa reducida del 13% y una tasa [&hellip;]","og_url":"https:\/\/www.externacorporativo.com\/es\/croacia-reforma-fiscal\/","og_site_name":"Externa","article_published_time":"2023-06-01T07:27:32+00:00","author":"Programacion","twitter_card":"summary_large_image","twitter_misc":{"Escrito por":"Programacion","Tiempo de lectura":"3 minutos"},"schema":{"@context":"https:\/\/schema.org","@graph":[{"@type":"Article","@id":"https:\/\/www.externacorporativo.com\/es\/croacia-reforma-fiscal\/#article","isPartOf":{"@id":"https:\/\/www.externacorporativo.com\/es\/croacia-reforma-fiscal\/"},"author":{"name":"Programacion","@id":"https:\/\/www.externacorporativo.com\/es\/#\/schema\/person\/bdc7fa484ed4f3510b0ec3c089989e97"},"headline":"CROACIA: Reforma fiscal","datePublished":"2023-06-01T07:27:32+00:00","dateModified":"2023-06-01T07:27:32+00:00","mainEntityOfPage":{"@id":"https:\/\/www.externacorporativo.com\/es\/croacia-reforma-fiscal\/"},"wordCount":546,"commentCount":0,"publisher":{"@id":"https:\/\/www.externacorporativo.com\/es\/#organization"},"inLanguage":"es","potentialAction":[{"@type":"CommentAction","name":"Comment","target":["https:\/\/www.externacorporativo.com\/es\/croacia-reforma-fiscal\/#respond"]}]},{"@type":"WebPage","@id":"https:\/\/www.externacorporativo.com\/es\/croacia-reforma-fiscal\/","url":"https:\/\/www.externacorporativo.com\/es\/croacia-reforma-fiscal\/","name":"CROACIA: Reforma fiscal - Externa","isPartOf":{"@id":"https:\/\/www.externacorporativo.com\/es\/#website"},"datePublished":"2023-06-01T07:27:32+00:00","dateModified":"2023-06-01T07:27:32+00:00","breadcrumb":{"@id":"https:\/\/www.externacorporativo.com\/es\/croacia-reforma-fiscal\/#breadcrumb"},"inLanguage":"es","potentialAction":[{"@type":"ReadAction","target":["https:\/\/www.externacorporativo.com\/es\/croacia-reforma-fiscal\/"]}]},{"@type":"BreadcrumbList","@id":"https:\/\/www.externacorporativo.com\/es\/croacia-reforma-fiscal\/#breadcrumb","itemListElement":[{"@type":"ListItem","position":1,"name":"Portada","item":"https:\/\/www.externacorporativo.com\/es\/"},{"@type":"ListItem","position":2,"name":"CROACIA: Reforma fiscal"}]},{"@type":"WebSite","@id":"https:\/\/www.externacorporativo.com\/es\/#website","url":"https:\/\/www.externacorporativo.com\/es\/","name":"Externa","description":"","publisher":{"@id":"https:\/\/www.externacorporativo.com\/es\/#organization"},"potentialAction":[{"@type":"SearchAction","target":{"@type":"EntryPoint","urlTemplate":"https:\/\/www.externacorporativo.com\/es\/?s={search_term_string}"},"query-input":"required name=search_term_string"}],"inLanguage":"es"},{"@type":"Organization","@id":"https:\/\/www.externacorporativo.com\/es\/#organization","name":"Externa","url":"https:\/\/www.externacorporativo.com\/es\/","logo":{"@type":"ImageObject","inLanguage":"es","@id":"https:\/\/www.externacorporativo.com\/es\/#\/schema\/logo\/image\/","url":"https:\/\/www.externacorporativo.com\/wp-content\/uploads\/2023\/04\/Sin-nombre.png","contentUrl":"https:\/\/www.externacorporativo.com\/wp-content\/uploads\/2023\/04\/Sin-nombre.png","width":297,"height":109,"caption":"Externa"},"image":{"@id":"https:\/\/www.externacorporativo.com\/es\/#\/schema\/logo\/image\/"}},{"@type":"Person","@id":"https:\/\/www.externacorporativo.com\/es\/#\/schema\/person\/bdc7fa484ed4f3510b0ec3c089989e97","name":"Programacion","image":{"@type":"ImageObject","inLanguage":"es","@id":"https:\/\/www.externacorporativo.com\/es\/#\/schema\/person\/image\/","url":"https:\/\/secure.gravatar.com\/avatar\/b46a7287724b495183c8c832facd7442?s=96&d=mm&r=g","contentUrl":"https:\/\/secure.gravatar.com\/avatar\/b46a7287724b495183c8c832facd7442?s=96&d=mm&r=g","caption":"Programacion"},"url":"https:\/\/www.externacorporativo.com\/es\/author\/programacion\/"}]}},"_links":{"self":[{"href":"https:\/\/www.externacorporativo.com\/es\/wp-json\/wp\/v2\/posts\/1510"}],"collection":[{"href":"https:\/\/www.externacorporativo.com\/es\/wp-json\/wp\/v2\/posts"}],"about":[{"href":"https:\/\/www.externacorporativo.com\/es\/wp-json\/wp\/v2\/types\/post"}],"author":[{"embeddable":true,"href":"https:\/\/www.externacorporativo.com\/es\/wp-json\/wp\/v2\/users\/2"}],"replies":[{"embeddable":true,"href":"https:\/\/www.externacorporativo.com\/es\/wp-json\/wp\/v2\/comments?post=1510"}],"version-history":[{"count":1,"href":"https:\/\/www.externacorporativo.com\/es\/wp-json\/wp\/v2\/posts\/1510\/revisions"}],"predecessor-version":[{"id":2352,"href":"https:\/\/www.externacorporativo.com\/es\/wp-json\/wp\/v2\/posts\/1510\/revisions\/2352"}],"wp:attachment":[{"href":"https:\/\/www.externacorporativo.com\/es\/wp-json\/wp\/v2\/media?parent=1510"}],"wp:term":[{"taxonomy":"category","embeddable":true,"href":"https:\/\/www.externacorporativo.com\/es\/wp-json\/wp\/v2\/categories?post=1510"},{"taxonomy":"post_tag","embeddable":true,"href":"https:\/\/www.externacorporativo.com\/es\/wp-json\/wp\/v2\/tags?post=1510"}],"curies":[{"name":"wp","href":"https:\/\/api.w.org\/{rel}","templated":true}]}}