{"id":1525,"date":"2023-06-01T07:27:32","date_gmt":"2023-06-01T07:27:32","guid":{"rendered":"https:\/\/www.externacorporativo.com\/union-europea-iva-modificacion-en-las-reglas-de-localizacion-de-los-servicios-de-telecomunicacion-radiodifusion-o-television-y-los-prestados-por-via-electronica\/"},"modified":"2023-06-01T07:27:34","modified_gmt":"2023-06-01T07:27:34","slug":"union-europea-iva-modificacion-en-las-reglas-de-localizacion-de-los-servicios-de-telecomunicacion-radiodifusion-o-television-y-los-prestados-por-via-electronica","status":"publish","type":"post","link":"https:\/\/www.externacorporativo.com\/es\/union-europea-iva-modificacion-en-las-reglas-de-localizacion-de-los-servicios-de-telecomunicacion-radiodifusion-o-television-y-los-prestados-por-via-electronica\/","title":{"rendered":"UNI\u00d3N EUROPEA:  IVA: Modificaci\u00f3n en las reglas de localizaci\u00f3n de los servicios de telecomunicaci\u00f3n, radiodifusi\u00f3n o televisi\u00f3n y los prestados por v\u00eda electr\u00f3nica"},"content":{"rendered":"<p style=\"text-align: justify;\">Hasta ahora, como regla general, ten\u00edamos que los servicios de telecomunicaci\u00f3n, radiodifusi\u00f3n, televisi\u00f3n y aquellos prestados por v\u00eda electr\u00f3nica, a clientes particulares residentes en alg\u00fan pa\u00eds de la Uni\u00f3n Europea, se consideraban prestados en el lugar de residencia del consumidor y, por lo tanto, deb\u00edan incluir el IVA del pa\u00eds en el que el consumidor final resid\u00eda.<\/p>\n<p style=\"text-align: justify;\">Desde el 1 de enero de 2019\u00a0esto ha sido modificado. Se ha establecido un umbral de 10.000\u20ac (a considerar seg\u00fan el a\u00f1o inmediatamente anterior) por debajo del cual, el prestador de servicios podr\u00e1 facturar con el IVA del Estado <u>en el que se encuentre ubicado y desde el que realice el servicio. <\/u><\/p>\n<p style=\"text-align: justify;\">Por encima de ese umbral, el IVA con el que deber\u00e1 emitir las facturas el prestador de servicios ser\u00e1 el del lugar de residencia del consumidor final y destinatario del servicio.<\/p>\n<p style=\"text-align: justify;\">Para aplicar esta norma el empresario o profesional deber\u00e1 estar establecido en un \u00fanico Estado miembro, exigencia que podr\u00eda entrar en colisi\u00f3n con las exigidas para la declaraci\u00f3n de Establecimiento Permanente en algunos casos en los Estados en los que se desarrolla actividad empresarial, por lo que habr\u00e1 de analizarse adecuadamente cada caso.<\/p>\n","protected":false},"excerpt":{"rendered":"<p>UNI\u00d3N EUROPEA:IVA: Modificaci\u00f3n en las reglas de localizaci\u00f3n de los servicios de telecomunicaci\u00f3n, radiodifusi\u00f3n o televisi\u00f3n y los prestados por v\u00eda electr\u00f3nica.<\/p>\n","protected":false},"author":2,"featured_media":0,"comment_status":"open","ping_status":"open","sticky":false,"template":"","format":"standard","meta":[],"categories":[],"tags":[],"yoast_head":"<!-- This site is optimized with the Yoast SEO plugin v20.0 - https:\/\/yoast.com\/wordpress\/plugins\/seo\/ -->\n<title>UNI\u00d3N EUROPEA: IVA: Modificaci\u00f3n en las reglas de localizaci\u00f3n de los servicios de telecomunicaci\u00f3n, radiodifusi\u00f3n o televisi\u00f3n y los prestados por v\u00eda electr\u00f3nica - Externa<\/title>\n<meta name=\"robots\" content=\"index, follow, max-snippet:-1, max-image-preview:large, max-video-preview:-1\" \/>\n<link rel=\"canonical\" href=\"https:\/\/www.externacorporativo.com\/es\/union-europea-iva-modificacion-en-las-reglas-de-localizacion-de-los-servicios-de-telecomunicacion-radiodifusion-o-television-y-los-prestados-por-via-electronica\/\" \/>\n<meta property=\"og:locale\" content=\"es_ES\" \/>\n<meta property=\"og:type\" content=\"article\" \/>\n<meta property=\"og:title\" content=\"UNI\u00d3N EUROPEA: IVA: Modificaci\u00f3n en las reglas de localizaci\u00f3n de los servicios de telecomunicaci\u00f3n, radiodifusi\u00f3n o televisi\u00f3n y los prestados por v\u00eda electr\u00f3nica - Externa\" \/>\n<meta property=\"og:description\" content=\"UNI\u00d3N EUROPEA:IVA: Modificaci\u00f3n en las reglas de localizaci\u00f3n de los servicios de telecomunicaci\u00f3n, radiodifusi\u00f3n o televisi\u00f3n y los prestados por v\u00eda electr\u00f3nica.\" \/>\n<meta property=\"og:url\" content=\"https:\/\/www.externacorporativo.com\/es\/union-europea-iva-modificacion-en-las-reglas-de-localizacion-de-los-servicios-de-telecomunicacion-radiodifusion-o-television-y-los-prestados-por-via-electronica\/\" \/>\n<meta property=\"og:site_name\" content=\"Externa\" \/>\n<meta property=\"article:published_time\" content=\"2023-06-01T07:27:32+00:00\" \/>\n<meta property=\"article:modified_time\" content=\"2023-06-01T07:27:34+00:00\" \/>\n<meta name=\"author\" content=\"Programacion\" \/>\n<meta name=\"twitter:card\" content=\"summary_large_image\" \/>\n<meta name=\"twitter:label1\" content=\"Escrito por\" \/>\n\t<meta name=\"twitter:data1\" content=\"Programacion\" \/>\n\t<meta name=\"twitter:label2\" content=\"Tiempo de lectura\" \/>\n\t<meta name=\"twitter:data2\" content=\"1 minuto\" \/>\n<script type=\"application\/ld+json\" class=\"yoast-schema-graph\">{\"@context\":\"https:\/\/schema.org\",\"@graph\":[{\"@type\":\"Article\",\"@id\":\"https:\/\/www.externacorporativo.com\/es\/union-europea-iva-modificacion-en-las-reglas-de-localizacion-de-los-servicios-de-telecomunicacion-radiodifusion-o-television-y-los-prestados-por-via-electronica\/#article\",\"isPartOf\":{\"@id\":\"https:\/\/www.externacorporativo.com\/es\/union-europea-iva-modificacion-en-las-reglas-de-localizacion-de-los-servicios-de-telecomunicacion-radiodifusion-o-television-y-los-prestados-por-via-electronica\/\"},\"author\":{\"name\":\"Programacion\",\"@id\":\"https:\/\/www.externacorporativo.com\/es\/#\/schema\/person\/bdc7fa484ed4f3510b0ec3c089989e97\"},\"headline\":\"UNI\u00d3N EUROPEA: IVA: Modificaci\u00f3n en las reglas de localizaci\u00f3n de los servicios de telecomunicaci\u00f3n, radiodifusi\u00f3n o televisi\u00f3n y los prestados por v\u00eda electr\u00f3nica\",\"datePublished\":\"2023-06-01T07:27:32+00:00\",\"dateModified\":\"2023-06-01T07:27:34+00:00\",\"mainEntityOfPage\":{\"@id\":\"https:\/\/www.externacorporativo.com\/es\/union-europea-iva-modificacion-en-las-reglas-de-localizacion-de-los-servicios-de-telecomunicacion-radiodifusion-o-television-y-los-prestados-por-via-electronica\/\"},\"wordCount\":239,\"commentCount\":0,\"publisher\":{\"@id\":\"https:\/\/www.externacorporativo.com\/es\/#organization\"},\"inLanguage\":\"es\",\"potentialAction\":[{\"@type\":\"CommentAction\",\"name\":\"Comment\",\"target\":[\"https:\/\/www.externacorporativo.com\/es\/union-europea-iva-modificacion-en-las-reglas-de-localizacion-de-los-servicios-de-telecomunicacion-radiodifusion-o-television-y-los-prestados-por-via-electronica\/#respond\"]}]},{\"@type\":\"WebPage\",\"@id\":\"https:\/\/www.externacorporativo.com\/es\/union-europea-iva-modificacion-en-las-reglas-de-localizacion-de-los-servicios-de-telecomunicacion-radiodifusion-o-television-y-los-prestados-por-via-electronica\/\",\"url\":\"https:\/\/www.externacorporativo.com\/es\/union-europea-iva-modificacion-en-las-reglas-de-localizacion-de-los-servicios-de-telecomunicacion-radiodifusion-o-television-y-los-prestados-por-via-electronica\/\",\"name\":\"UNI\u00d3N EUROPEA: IVA: Modificaci\u00f3n en las reglas de localizaci\u00f3n de los servicios de telecomunicaci\u00f3n, radiodifusi\u00f3n o televisi\u00f3n y los prestados por v\u00eda electr\u00f3nica - Externa\",\"isPartOf\":{\"@id\":\"https:\/\/www.externacorporativo.com\/es\/#website\"},\"datePublished\":\"2023-06-01T07:27:32+00:00\",\"dateModified\":\"2023-06-01T07:27:34+00:00\",\"breadcrumb\":{\"@id\":\"https:\/\/www.externacorporativo.com\/es\/union-europea-iva-modificacion-en-las-reglas-de-localizacion-de-los-servicios-de-telecomunicacion-radiodifusion-o-television-y-los-prestados-por-via-electronica\/#breadcrumb\"},\"inLanguage\":\"es\",\"potentialAction\":[{\"@type\":\"ReadAction\",\"target\":[\"https:\/\/www.externacorporativo.com\/es\/union-europea-iva-modificacion-en-las-reglas-de-localizacion-de-los-servicios-de-telecomunicacion-radiodifusion-o-television-y-los-prestados-por-via-electronica\/\"]}]},{\"@type\":\"BreadcrumbList\",\"@id\":\"https:\/\/www.externacorporativo.com\/es\/union-europea-iva-modificacion-en-las-reglas-de-localizacion-de-los-servicios-de-telecomunicacion-radiodifusion-o-television-y-los-prestados-por-via-electronica\/#breadcrumb\",\"itemListElement\":[{\"@type\":\"ListItem\",\"position\":1,\"name\":\"Portada\",\"item\":\"https:\/\/www.externacorporativo.com\/es\/\"},{\"@type\":\"ListItem\",\"position\":2,\"name\":\"UNI\u00d3N EUROPEA: IVA: Modificaci\u00f3n en las reglas de localizaci\u00f3n de los servicios de telecomunicaci\u00f3n, radiodifusi\u00f3n o televisi\u00f3n y los prestados por v\u00eda electr\u00f3nica\"}]},{\"@type\":\"WebSite\",\"@id\":\"https:\/\/www.externacorporativo.com\/es\/#website\",\"url\":\"https:\/\/www.externacorporativo.com\/es\/\",\"name\":\"Externa\",\"description\":\"\",\"publisher\":{\"@id\":\"https:\/\/www.externacorporativo.com\/es\/#organization\"},\"potentialAction\":[{\"@type\":\"SearchAction\",\"target\":{\"@type\":\"EntryPoint\",\"urlTemplate\":\"https:\/\/www.externacorporativo.com\/es\/?s={search_term_string}\"},\"query-input\":\"required name=search_term_string\"}],\"inLanguage\":\"es\"},{\"@type\":\"Organization\",\"@id\":\"https:\/\/www.externacorporativo.com\/es\/#organization\",\"name\":\"Externa\",\"url\":\"https:\/\/www.externacorporativo.com\/es\/\",\"logo\":{\"@type\":\"ImageObject\",\"inLanguage\":\"es\",\"@id\":\"https:\/\/www.externacorporativo.com\/es\/#\/schema\/logo\/image\/\",\"url\":\"https:\/\/www.externacorporativo.com\/wp-content\/uploads\/2023\/04\/Sin-nombre.png\",\"contentUrl\":\"https:\/\/www.externacorporativo.com\/wp-content\/uploads\/2023\/04\/Sin-nombre.png\",\"width\":297,\"height\":109,\"caption\":\"Externa\"},\"image\":{\"@id\":\"https:\/\/www.externacorporativo.com\/es\/#\/schema\/logo\/image\/\"}},{\"@type\":\"Person\",\"@id\":\"https:\/\/www.externacorporativo.com\/es\/#\/schema\/person\/bdc7fa484ed4f3510b0ec3c089989e97\",\"name\":\"Programacion\",\"image\":{\"@type\":\"ImageObject\",\"inLanguage\":\"es\",\"@id\":\"https:\/\/www.externacorporativo.com\/es\/#\/schema\/person\/image\/\",\"url\":\"https:\/\/secure.gravatar.com\/avatar\/b46a7287724b495183c8c832facd7442?s=96&d=mm&r=g\",\"contentUrl\":\"https:\/\/secure.gravatar.com\/avatar\/b46a7287724b495183c8c832facd7442?s=96&d=mm&r=g\",\"caption\":\"Programacion\"},\"url\":\"https:\/\/www.externacorporativo.com\/es\/author\/programacion\/\"}]}<\/script>\n<!-- \/ Yoast SEO plugin. -->","yoast_head_json":{"title":"UNI\u00d3N EUROPEA: IVA: Modificaci\u00f3n en las reglas de localizaci\u00f3n de los servicios de telecomunicaci\u00f3n, radiodifusi\u00f3n o televisi\u00f3n y los prestados por v\u00eda electr\u00f3nica - Externa","robots":{"index":"index","follow":"follow","max-snippet":"max-snippet:-1","max-image-preview":"max-image-preview:large","max-video-preview":"max-video-preview:-1"},"canonical":"https:\/\/www.externacorporativo.com\/es\/union-europea-iva-modificacion-en-las-reglas-de-localizacion-de-los-servicios-de-telecomunicacion-radiodifusion-o-television-y-los-prestados-por-via-electronica\/","og_locale":"es_ES","og_type":"article","og_title":"UNI\u00d3N EUROPEA: IVA: Modificaci\u00f3n en las reglas de localizaci\u00f3n de los servicios de telecomunicaci\u00f3n, radiodifusi\u00f3n o televisi\u00f3n y los prestados por v\u00eda electr\u00f3nica - Externa","og_description":"UNI\u00d3N EUROPEA:IVA: Modificaci\u00f3n en las reglas de localizaci\u00f3n de los servicios de telecomunicaci\u00f3n, radiodifusi\u00f3n o televisi\u00f3n y los prestados por v\u00eda electr\u00f3nica.","og_url":"https:\/\/www.externacorporativo.com\/es\/union-europea-iva-modificacion-en-las-reglas-de-localizacion-de-los-servicios-de-telecomunicacion-radiodifusion-o-television-y-los-prestados-por-via-electronica\/","og_site_name":"Externa","article_published_time":"2023-06-01T07:27:32+00:00","article_modified_time":"2023-06-01T07:27:34+00:00","author":"Programacion","twitter_card":"summary_large_image","twitter_misc":{"Escrito por":"Programacion","Tiempo de lectura":"1 minuto"},"schema":{"@context":"https:\/\/schema.org","@graph":[{"@type":"Article","@id":"https:\/\/www.externacorporativo.com\/es\/union-europea-iva-modificacion-en-las-reglas-de-localizacion-de-los-servicios-de-telecomunicacion-radiodifusion-o-television-y-los-prestados-por-via-electronica\/#article","isPartOf":{"@id":"https:\/\/www.externacorporativo.com\/es\/union-europea-iva-modificacion-en-las-reglas-de-localizacion-de-los-servicios-de-telecomunicacion-radiodifusion-o-television-y-los-prestados-por-via-electronica\/"},"author":{"name":"Programacion","@id":"https:\/\/www.externacorporativo.com\/es\/#\/schema\/person\/bdc7fa484ed4f3510b0ec3c089989e97"},"headline":"UNI\u00d3N EUROPEA: IVA: Modificaci\u00f3n en las reglas de localizaci\u00f3n de los servicios de telecomunicaci\u00f3n, radiodifusi\u00f3n o televisi\u00f3n y los prestados por v\u00eda electr\u00f3nica","datePublished":"2023-06-01T07:27:32+00:00","dateModified":"2023-06-01T07:27:34+00:00","mainEntityOfPage":{"@id":"https:\/\/www.externacorporativo.com\/es\/union-europea-iva-modificacion-en-las-reglas-de-localizacion-de-los-servicios-de-telecomunicacion-radiodifusion-o-television-y-los-prestados-por-via-electronica\/"},"wordCount":239,"commentCount":0,"publisher":{"@id":"https:\/\/www.externacorporativo.com\/es\/#organization"},"inLanguage":"es","potentialAction":[{"@type":"CommentAction","name":"Comment","target":["https:\/\/www.externacorporativo.com\/es\/union-europea-iva-modificacion-en-las-reglas-de-localizacion-de-los-servicios-de-telecomunicacion-radiodifusion-o-television-y-los-prestados-por-via-electronica\/#respond"]}]},{"@type":"WebPage","@id":"https:\/\/www.externacorporativo.com\/es\/union-europea-iva-modificacion-en-las-reglas-de-localizacion-de-los-servicios-de-telecomunicacion-radiodifusion-o-television-y-los-prestados-por-via-electronica\/","url":"https:\/\/www.externacorporativo.com\/es\/union-europea-iva-modificacion-en-las-reglas-de-localizacion-de-los-servicios-de-telecomunicacion-radiodifusion-o-television-y-los-prestados-por-via-electronica\/","name":"UNI\u00d3N EUROPEA: IVA: Modificaci\u00f3n en las reglas de localizaci\u00f3n de los servicios de telecomunicaci\u00f3n, radiodifusi\u00f3n o televisi\u00f3n y los prestados por v\u00eda electr\u00f3nica - Externa","isPartOf":{"@id":"https:\/\/www.externacorporativo.com\/es\/#website"},"datePublished":"2023-06-01T07:27:32+00:00","dateModified":"2023-06-01T07:27:34+00:00","breadcrumb":{"@id":"https:\/\/www.externacorporativo.com\/es\/union-europea-iva-modificacion-en-las-reglas-de-localizacion-de-los-servicios-de-telecomunicacion-radiodifusion-o-television-y-los-prestados-por-via-electronica\/#breadcrumb"},"inLanguage":"es","potentialAction":[{"@type":"ReadAction","target":["https:\/\/www.externacorporativo.com\/es\/union-europea-iva-modificacion-en-las-reglas-de-localizacion-de-los-servicios-de-telecomunicacion-radiodifusion-o-television-y-los-prestados-por-via-electronica\/"]}]},{"@type":"BreadcrumbList","@id":"https:\/\/www.externacorporativo.com\/es\/union-europea-iva-modificacion-en-las-reglas-de-localizacion-de-los-servicios-de-telecomunicacion-radiodifusion-o-television-y-los-prestados-por-via-electronica\/#breadcrumb","itemListElement":[{"@type":"ListItem","position":1,"name":"Portada","item":"https:\/\/www.externacorporativo.com\/es\/"},{"@type":"ListItem","position":2,"name":"UNI\u00d3N EUROPEA: IVA: Modificaci\u00f3n en las reglas de localizaci\u00f3n de los servicios de telecomunicaci\u00f3n, radiodifusi\u00f3n o televisi\u00f3n y los prestados por v\u00eda electr\u00f3nica"}]},{"@type":"WebSite","@id":"https:\/\/www.externacorporativo.com\/es\/#website","url":"https:\/\/www.externacorporativo.com\/es\/","name":"Externa","description":"","publisher":{"@id":"https:\/\/www.externacorporativo.com\/es\/#organization"},"potentialAction":[{"@type":"SearchAction","target":{"@type":"EntryPoint","urlTemplate":"https:\/\/www.externacorporativo.com\/es\/?s={search_term_string}"},"query-input":"required name=search_term_string"}],"inLanguage":"es"},{"@type":"Organization","@id":"https:\/\/www.externacorporativo.com\/es\/#organization","name":"Externa","url":"https:\/\/www.externacorporativo.com\/es\/","logo":{"@type":"ImageObject","inLanguage":"es","@id":"https:\/\/www.externacorporativo.com\/es\/#\/schema\/logo\/image\/","url":"https:\/\/www.externacorporativo.com\/wp-content\/uploads\/2023\/04\/Sin-nombre.png","contentUrl":"https:\/\/www.externacorporativo.com\/wp-content\/uploads\/2023\/04\/Sin-nombre.png","width":297,"height":109,"caption":"Externa"},"image":{"@id":"https:\/\/www.externacorporativo.com\/es\/#\/schema\/logo\/image\/"}},{"@type":"Person","@id":"https:\/\/www.externacorporativo.com\/es\/#\/schema\/person\/bdc7fa484ed4f3510b0ec3c089989e97","name":"Programacion","image":{"@type":"ImageObject","inLanguage":"es","@id":"https:\/\/www.externacorporativo.com\/es\/#\/schema\/person\/image\/","url":"https:\/\/secure.gravatar.com\/avatar\/b46a7287724b495183c8c832facd7442?s=96&d=mm&r=g","contentUrl":"https:\/\/secure.gravatar.com\/avatar\/b46a7287724b495183c8c832facd7442?s=96&d=mm&r=g","caption":"Programacion"},"url":"https:\/\/www.externacorporativo.com\/es\/author\/programacion\/"}]}},"_links":{"self":[{"href":"https:\/\/www.externacorporativo.com\/es\/wp-json\/wp\/v2\/posts\/1525"}],"collection":[{"href":"https:\/\/www.externacorporativo.com\/es\/wp-json\/wp\/v2\/posts"}],"about":[{"href":"https:\/\/www.externacorporativo.com\/es\/wp-json\/wp\/v2\/types\/post"}],"author":[{"embeddable":true,"href":"https:\/\/www.externacorporativo.com\/es\/wp-json\/wp\/v2\/users\/2"}],"replies":[{"embeddable":true,"href":"https:\/\/www.externacorporativo.com\/es\/wp-json\/wp\/v2\/comments?post=1525"}],"version-history":[{"count":1,"href":"https:\/\/www.externacorporativo.com\/es\/wp-json\/wp\/v2\/posts\/1525\/revisions"}],"predecessor-version":[{"id":2367,"href":"https:\/\/www.externacorporativo.com\/es\/wp-json\/wp\/v2\/posts\/1525\/revisions\/2367"}],"wp:attachment":[{"href":"https:\/\/www.externacorporativo.com\/es\/wp-json\/wp\/v2\/media?parent=1525"}],"wp:term":[{"taxonomy":"category","embeddable":true,"href":"https:\/\/www.externacorporativo.com\/es\/wp-json\/wp\/v2\/categories?post=1525"},{"taxonomy":"post_tag","embeddable":true,"href":"https:\/\/www.externacorporativo.com\/es\/wp-json\/wp\/v2\/tags?post=1525"}],"curies":[{"name":"wp","href":"https:\/\/api.w.org\/{rel}","templated":true}]}}