{"id":1529,"date":"2023-06-01T07:27:32","date_gmt":"2023-06-01T07:27:32","guid":{"rendered":"https:\/\/www.externacorporativo.com\/reino-de-bahrein-iva-entrada-en-vigor\/"},"modified":"2023-06-01T07:27:34","modified_gmt":"2023-06-01T07:27:34","slug":"reino-de-bahrein-iva-entrada-en-vigor","status":"publish","type":"post","link":"https:\/\/www.externacorporativo.com\/es\/reino-de-bahrein-iva-entrada-en-vigor\/","title":{"rendered":"REINO DE BAHREIN: IVA: entrada en vigor"},"content":{"rendered":"<p style=\"text-align: justify;\">El 1 de enero de 2019, el Reino de Bahrein se convirti\u00f3 en el tercer estado miembro del Consejo de Cooperaci\u00f3n del Golfo (GCC) en introducir el Impuesto sobre el Valor A\u00f1adido, con una tasa est\u00e1ndar del 5%, siguiendo los pasos de los Emiratos \u00c1rabes y el Reino de Arabia Saud\u00ed.<\/p>\n<p style=\"text-align: justify;\">Sobre la base del acuerdo firmado en junio de 2016 por los seis estados miembros del CCG, sobre el IVA, Arabia Saud\u00ed y Emiratos \u00c1rabes introdujeron este impuesto a principios de 2018, mientras que Bahrein se convertir\u00e1 en el 2019, en el tercer estado miembro en introducirlo, al que se espera que sigan Om\u00e1n, Qatar y Kuwait.<\/p>\n<p style=\"text-align: justify;\">Sin embargo, la Ley del IVA de Bahrein, difiere de las aplicadas en Emiratos y Arabia Saud\u00ed, en particular en lo que respecta a las exenciones y la calificaci\u00f3n de cuota cero. Por el momento este pa\u00eds aplicar\u00e1 una tarifa cero al suministro e importaci\u00f3n de productos alimenticios y a la construcci\u00f3n de nuevos edificios, adem\u00e1s de a los servicios de educaci\u00f3n y salud, servicios de transporte, el petr\u00f3leo y el gas y los derivados, exportaci\u00f3n de servicios a un cliente que reside fuera de los estados CCG, o el suministro o importaci\u00f3n de inversi\u00f3n en oro, plata y platino con un nivel de pureza no inferior al 99%\u2026, entre otros.<\/p>\n<p style=\"text-align: justify;\">La venta y el arrendamiento de bienes ra\u00edces, as\u00ed como ciertos servicios financieros (con una tarifa impl\u00edcita) estar\u00e1n exentos del IVA.<\/p>\n<p style=\"text-align: justify;\">Sin embargo, este impuesto tendr\u00e1 un per\u00edodo de aplicaci\u00f3n transitoria por lo que se establecen umbrales para el registro en el IVA, en este contexto, existir\u00e1 la obligaci\u00f3n de registrarse a efectos de IVA en el Reino de Bahrein para los residentes en dos casos:<\/p>\n<ul style=\"text-align: justify;\">\n<li>Si el valor de los suministros en los 12 meses anteriores supera los 37,500 BHD, o bien,<\/li>\n<li>Si se prev\u00e9 que el valor de los suministros en los pr\u00f3ximos 12 meses supere los 37,500 BHD.<\/li>\n<\/ul>\n<p style=\"text-align: justify;\">Las empresas que se encuentren por debajo del umbral obligatorio no est\u00e1n obligadas a registrarse en 2019, sin embargo, para quienes deseen registrarse voluntariamente en 2019, deben superar el umbral de registro voluntario de 18,750 BHD<\/p>\n<p>En lo que respecta a los no residentes, no habr\u00e1 umbrales de transici\u00f3n para ellos, y deber\u00e1n registrarse a efectos de IVA, independientemente del valor de los suministros, cuando realicen suministros sujetos a este impuesto.<\/p>\n<p style=\"text-align: justify;\">Queda abierta la posibilidad, para quienes realicen exclusivamente suministros con cuota cero, de solicitar ser eximidos del registro en el IVA.<\/p>\n<p style=\"text-align: justify;\">Por \u00faltimo, destacar que esta nueva ley establece en su art 63, infracciones que pueden llegar a considerarse como evasi\u00f3n fiscal y que podr\u00edan dar lugar a penas de encarcelamiento como, por ejemplo:<\/p>\n<ul style=\"text-align: justify;\">\n<li>No registrarse en el IVA en los 60 d\u00edas posteriores a la fecha l\u00edmite de inscripci\u00f3n<\/li>\n<li>No pagar el IVA dentro de los 60 d\u00edas posteriores a la fecha l\u00edmite de pago<\/li>\n<li>No proporcionar una factura que incluya este impuesto<\/li>\n<li>Cobrar el IVA en art\u00edculos no imponibles<\/li>\n<li>O la recuperaci\u00f3n injustificada de IVA.<\/li>\n<\/ul>\n<p style=\"text-align: justify;\">As\u00ed mismo, las empresas tendr\u00e1n la obligaci\u00f3n de conservar las facturas y los registros contables durante 5 a\u00f1os desde el final del a\u00f1o de emisi\u00f3n de cada factura; y en lo que respecta a operaciones con bienes ra\u00edces y propiedades, esta obligaci\u00f3n de conservaci\u00f3n de documentos, deber\u00e1 mantenerse durante 15 a\u00f1os.<\/p>\n<p style=\"text-align: justify;\">Transitoriamente, respecto a los contratos con organismos gubernamentales, los suministros realizados en virtud de contrato firmado con el Gobierno antes del 1 de enero de 2019, se tratar\u00e1n como exentos hasta que el contrato se renueve o hasta el 31 de diciembre de 2023, lo que suceda antes.<\/p>\n","protected":false},"excerpt":{"rendered":"<p>El 1 de enero de 2019, el Reino de Bahrein se convirti\u00f3 en el tercer estado miembro del Consejo de Cooperaci\u00f3n del Golfo (GCC) en introducir el Impuesto sobre el Valor A\u00f1adido, con una tasa est\u00e1ndar del 5%, siguiendo los pasos de los Emiratos \u00c1rabes y el Reino de Arabia Saud\u00ed. Sobre la base del [&hellip;]<\/p>\n","protected":false},"author":2,"featured_media":0,"comment_status":"open","ping_status":"open","sticky":false,"template":"","format":"standard","meta":[],"categories":[],"tags":[],"yoast_head":"<!-- This site is optimized with the Yoast SEO plugin v20.0 - https:\/\/yoast.com\/wordpress\/plugins\/seo\/ -->\n<title>REINO DE BAHREIN: IVA: entrada en vigor - Externa<\/title>\n<meta name=\"robots\" content=\"index, follow, max-snippet:-1, max-image-preview:large, max-video-preview:-1\" \/>\n<link rel=\"canonical\" href=\"https:\/\/www.externacorporativo.com\/es\/reino-de-bahrein-iva-entrada-en-vigor\/\" \/>\n<meta property=\"og:locale\" content=\"es_ES\" \/>\n<meta property=\"og:type\" content=\"article\" \/>\n<meta property=\"og:title\" content=\"REINO DE BAHREIN: IVA: entrada en vigor - Externa\" \/>\n<meta property=\"og:description\" content=\"El 1 de enero de 2019, el Reino de Bahrein se convirti\u00f3 en el tercer estado miembro del Consejo de Cooperaci\u00f3n del Golfo (GCC) en introducir el Impuesto sobre el Valor A\u00f1adido, con una tasa est\u00e1ndar del 5%, siguiendo los pasos de los Emiratos \u00c1rabes y el Reino de Arabia Saud\u00ed. Sobre la base del [&hellip;]\" \/>\n<meta property=\"og:url\" content=\"https:\/\/www.externacorporativo.com\/es\/reino-de-bahrein-iva-entrada-en-vigor\/\" \/>\n<meta property=\"og:site_name\" content=\"Externa\" \/>\n<meta property=\"article:published_time\" content=\"2023-06-01T07:27:32+00:00\" \/>\n<meta property=\"article:modified_time\" content=\"2023-06-01T07:27:34+00:00\" \/>\n<meta name=\"author\" content=\"Programacion\" \/>\n<meta name=\"twitter:card\" content=\"summary_large_image\" \/>\n<meta name=\"twitter:label1\" content=\"Escrito por\" \/>\n\t<meta name=\"twitter:data1\" content=\"Programacion\" \/>\n\t<meta name=\"twitter:label2\" content=\"Tiempo de lectura\" \/>\n\t<meta name=\"twitter:data2\" content=\"3 minutos\" \/>\n<script type=\"application\/ld+json\" class=\"yoast-schema-graph\">{\"@context\":\"https:\/\/schema.org\",\"@graph\":[{\"@type\":\"Article\",\"@id\":\"https:\/\/www.externacorporativo.com\/es\/reino-de-bahrein-iva-entrada-en-vigor\/#article\",\"isPartOf\":{\"@id\":\"https:\/\/www.externacorporativo.com\/es\/reino-de-bahrein-iva-entrada-en-vigor\/\"},\"author\":{\"name\":\"Programacion\",\"@id\":\"https:\/\/www.externacorporativo.com\/es\/#\/schema\/person\/bdc7fa484ed4f3510b0ec3c089989e97\"},\"headline\":\"REINO DE BAHREIN: IVA: entrada en vigor\",\"datePublished\":\"2023-06-01T07:27:32+00:00\",\"dateModified\":\"2023-06-01T07:27:34+00:00\",\"mainEntityOfPage\":{\"@id\":\"https:\/\/www.externacorporativo.com\/es\/reino-de-bahrein-iva-entrada-en-vigor\/\"},\"wordCount\":624,\"commentCount\":0,\"publisher\":{\"@id\":\"https:\/\/www.externacorporativo.com\/es\/#organization\"},\"inLanguage\":\"es\",\"potentialAction\":[{\"@type\":\"CommentAction\",\"name\":\"Comment\",\"target\":[\"https:\/\/www.externacorporativo.com\/es\/reino-de-bahrein-iva-entrada-en-vigor\/#respond\"]}]},{\"@type\":\"WebPage\",\"@id\":\"https:\/\/www.externacorporativo.com\/es\/reino-de-bahrein-iva-entrada-en-vigor\/\",\"url\":\"https:\/\/www.externacorporativo.com\/es\/reino-de-bahrein-iva-entrada-en-vigor\/\",\"name\":\"REINO DE BAHREIN: IVA: entrada en vigor - Externa\",\"isPartOf\":{\"@id\":\"https:\/\/www.externacorporativo.com\/es\/#website\"},\"datePublished\":\"2023-06-01T07:27:32+00:00\",\"dateModified\":\"2023-06-01T07:27:34+00:00\",\"breadcrumb\":{\"@id\":\"https:\/\/www.externacorporativo.com\/es\/reino-de-bahrein-iva-entrada-en-vigor\/#breadcrumb\"},\"inLanguage\":\"es\",\"potentialAction\":[{\"@type\":\"ReadAction\",\"target\":[\"https:\/\/www.externacorporativo.com\/es\/reino-de-bahrein-iva-entrada-en-vigor\/\"]}]},{\"@type\":\"BreadcrumbList\",\"@id\":\"https:\/\/www.externacorporativo.com\/es\/reino-de-bahrein-iva-entrada-en-vigor\/#breadcrumb\",\"itemListElement\":[{\"@type\":\"ListItem\",\"position\":1,\"name\":\"Portada\",\"item\":\"https:\/\/www.externacorporativo.com\/es\/\"},{\"@type\":\"ListItem\",\"position\":2,\"name\":\"REINO DE BAHREIN: IVA: entrada en vigor\"}]},{\"@type\":\"WebSite\",\"@id\":\"https:\/\/www.externacorporativo.com\/es\/#website\",\"url\":\"https:\/\/www.externacorporativo.com\/es\/\",\"name\":\"Externa\",\"description\":\"\",\"publisher\":{\"@id\":\"https:\/\/www.externacorporativo.com\/es\/#organization\"},\"potentialAction\":[{\"@type\":\"SearchAction\",\"target\":{\"@type\":\"EntryPoint\",\"urlTemplate\":\"https:\/\/www.externacorporativo.com\/es\/?s={search_term_string}\"},\"query-input\":\"required name=search_term_string\"}],\"inLanguage\":\"es\"},{\"@type\":\"Organization\",\"@id\":\"https:\/\/www.externacorporativo.com\/es\/#organization\",\"name\":\"Externa\",\"url\":\"https:\/\/www.externacorporativo.com\/es\/\",\"logo\":{\"@type\":\"ImageObject\",\"inLanguage\":\"es\",\"@id\":\"https:\/\/www.externacorporativo.com\/es\/#\/schema\/logo\/image\/\",\"url\":\"https:\/\/www.externacorporativo.com\/wp-content\/uploads\/2023\/04\/Sin-nombre.png\",\"contentUrl\":\"https:\/\/www.externacorporativo.com\/wp-content\/uploads\/2023\/04\/Sin-nombre.png\",\"width\":297,\"height\":109,\"caption\":\"Externa\"},\"image\":{\"@id\":\"https:\/\/www.externacorporativo.com\/es\/#\/schema\/logo\/image\/\"}},{\"@type\":\"Person\",\"@id\":\"https:\/\/www.externacorporativo.com\/es\/#\/schema\/person\/bdc7fa484ed4f3510b0ec3c089989e97\",\"name\":\"Programacion\",\"image\":{\"@type\":\"ImageObject\",\"inLanguage\":\"es\",\"@id\":\"https:\/\/www.externacorporativo.com\/es\/#\/schema\/person\/image\/\",\"url\":\"https:\/\/secure.gravatar.com\/avatar\/b46a7287724b495183c8c832facd7442?s=96&d=mm&r=g\",\"contentUrl\":\"https:\/\/secure.gravatar.com\/avatar\/b46a7287724b495183c8c832facd7442?s=96&d=mm&r=g\",\"caption\":\"Programacion\"},\"url\":\"https:\/\/www.externacorporativo.com\/es\/author\/programacion\/\"}]}<\/script>\n<!-- \/ Yoast SEO plugin. -->","yoast_head_json":{"title":"REINO DE BAHREIN: IVA: entrada en vigor - Externa","robots":{"index":"index","follow":"follow","max-snippet":"max-snippet:-1","max-image-preview":"max-image-preview:large","max-video-preview":"max-video-preview:-1"},"canonical":"https:\/\/www.externacorporativo.com\/es\/reino-de-bahrein-iva-entrada-en-vigor\/","og_locale":"es_ES","og_type":"article","og_title":"REINO DE BAHREIN: IVA: entrada en vigor - Externa","og_description":"El 1 de enero de 2019, el Reino de Bahrein se convirti\u00f3 en el tercer estado miembro del Consejo de Cooperaci\u00f3n del Golfo (GCC) en introducir el Impuesto sobre el Valor A\u00f1adido, con una tasa est\u00e1ndar del 5%, siguiendo los pasos de los Emiratos \u00c1rabes y el Reino de Arabia Saud\u00ed. Sobre la base del [&hellip;]","og_url":"https:\/\/www.externacorporativo.com\/es\/reino-de-bahrein-iva-entrada-en-vigor\/","og_site_name":"Externa","article_published_time":"2023-06-01T07:27:32+00:00","article_modified_time":"2023-06-01T07:27:34+00:00","author":"Programacion","twitter_card":"summary_large_image","twitter_misc":{"Escrito por":"Programacion","Tiempo de lectura":"3 minutos"},"schema":{"@context":"https:\/\/schema.org","@graph":[{"@type":"Article","@id":"https:\/\/www.externacorporativo.com\/es\/reino-de-bahrein-iva-entrada-en-vigor\/#article","isPartOf":{"@id":"https:\/\/www.externacorporativo.com\/es\/reino-de-bahrein-iva-entrada-en-vigor\/"},"author":{"name":"Programacion","@id":"https:\/\/www.externacorporativo.com\/es\/#\/schema\/person\/bdc7fa484ed4f3510b0ec3c089989e97"},"headline":"REINO DE BAHREIN: IVA: entrada en vigor","datePublished":"2023-06-01T07:27:32+00:00","dateModified":"2023-06-01T07:27:34+00:00","mainEntityOfPage":{"@id":"https:\/\/www.externacorporativo.com\/es\/reino-de-bahrein-iva-entrada-en-vigor\/"},"wordCount":624,"commentCount":0,"publisher":{"@id":"https:\/\/www.externacorporativo.com\/es\/#organization"},"inLanguage":"es","potentialAction":[{"@type":"CommentAction","name":"Comment","target":["https:\/\/www.externacorporativo.com\/es\/reino-de-bahrein-iva-entrada-en-vigor\/#respond"]}]},{"@type":"WebPage","@id":"https:\/\/www.externacorporativo.com\/es\/reino-de-bahrein-iva-entrada-en-vigor\/","url":"https:\/\/www.externacorporativo.com\/es\/reino-de-bahrein-iva-entrada-en-vigor\/","name":"REINO DE BAHREIN: IVA: entrada en vigor - Externa","isPartOf":{"@id":"https:\/\/www.externacorporativo.com\/es\/#website"},"datePublished":"2023-06-01T07:27:32+00:00","dateModified":"2023-06-01T07:27:34+00:00","breadcrumb":{"@id":"https:\/\/www.externacorporativo.com\/es\/reino-de-bahrein-iva-entrada-en-vigor\/#breadcrumb"},"inLanguage":"es","potentialAction":[{"@type":"ReadAction","target":["https:\/\/www.externacorporativo.com\/es\/reino-de-bahrein-iva-entrada-en-vigor\/"]}]},{"@type":"BreadcrumbList","@id":"https:\/\/www.externacorporativo.com\/es\/reino-de-bahrein-iva-entrada-en-vigor\/#breadcrumb","itemListElement":[{"@type":"ListItem","position":1,"name":"Portada","item":"https:\/\/www.externacorporativo.com\/es\/"},{"@type":"ListItem","position":2,"name":"REINO DE BAHREIN: IVA: entrada en vigor"}]},{"@type":"WebSite","@id":"https:\/\/www.externacorporativo.com\/es\/#website","url":"https:\/\/www.externacorporativo.com\/es\/","name":"Externa","description":"","publisher":{"@id":"https:\/\/www.externacorporativo.com\/es\/#organization"},"potentialAction":[{"@type":"SearchAction","target":{"@type":"EntryPoint","urlTemplate":"https:\/\/www.externacorporativo.com\/es\/?s={search_term_string}"},"query-input":"required name=search_term_string"}],"inLanguage":"es"},{"@type":"Organization","@id":"https:\/\/www.externacorporativo.com\/es\/#organization","name":"Externa","url":"https:\/\/www.externacorporativo.com\/es\/","logo":{"@type":"ImageObject","inLanguage":"es","@id":"https:\/\/www.externacorporativo.com\/es\/#\/schema\/logo\/image\/","url":"https:\/\/www.externacorporativo.com\/wp-content\/uploads\/2023\/04\/Sin-nombre.png","contentUrl":"https:\/\/www.externacorporativo.com\/wp-content\/uploads\/2023\/04\/Sin-nombre.png","width":297,"height":109,"caption":"Externa"},"image":{"@id":"https:\/\/www.externacorporativo.com\/es\/#\/schema\/logo\/image\/"}},{"@type":"Person","@id":"https:\/\/www.externacorporativo.com\/es\/#\/schema\/person\/bdc7fa484ed4f3510b0ec3c089989e97","name":"Programacion","image":{"@type":"ImageObject","inLanguage":"es","@id":"https:\/\/www.externacorporativo.com\/es\/#\/schema\/person\/image\/","url":"https:\/\/secure.gravatar.com\/avatar\/b46a7287724b495183c8c832facd7442?s=96&d=mm&r=g","contentUrl":"https:\/\/secure.gravatar.com\/avatar\/b46a7287724b495183c8c832facd7442?s=96&d=mm&r=g","caption":"Programacion"},"url":"https:\/\/www.externacorporativo.com\/es\/author\/programacion\/"}]}},"_links":{"self":[{"href":"https:\/\/www.externacorporativo.com\/es\/wp-json\/wp\/v2\/posts\/1529"}],"collection":[{"href":"https:\/\/www.externacorporativo.com\/es\/wp-json\/wp\/v2\/posts"}],"about":[{"href":"https:\/\/www.externacorporativo.com\/es\/wp-json\/wp\/v2\/types\/post"}],"author":[{"embeddable":true,"href":"https:\/\/www.externacorporativo.com\/es\/wp-json\/wp\/v2\/users\/2"}],"replies":[{"embeddable":true,"href":"https:\/\/www.externacorporativo.com\/es\/wp-json\/wp\/v2\/comments?post=1529"}],"version-history":[{"count":1,"href":"https:\/\/www.externacorporativo.com\/es\/wp-json\/wp\/v2\/posts\/1529\/revisions"}],"predecessor-version":[{"id":2371,"href":"https:\/\/www.externacorporativo.com\/es\/wp-json\/wp\/v2\/posts\/1529\/revisions\/2371"}],"wp:attachment":[{"href":"https:\/\/www.externacorporativo.com\/es\/wp-json\/wp\/v2\/media?parent=1529"}],"wp:term":[{"taxonomy":"category","embeddable":true,"href":"https:\/\/www.externacorporativo.com\/es\/wp-json\/wp\/v2\/categories?post=1529"},{"taxonomy":"post_tag","embeddable":true,"href":"https:\/\/www.externacorporativo.com\/es\/wp-json\/wp\/v2\/tags?post=1529"}],"curies":[{"name":"wp","href":"https:\/\/api.w.org\/{rel}","templated":true}]}}