{"id":1579,"date":"2023-06-01T07:27:42","date_gmt":"2023-06-01T07:27:42","guid":{"rendered":"https:\/\/www.externacorporativo.com\/ecuador-modifica-los-requisitos-para-aplicar-los-cdi-3\/"},"modified":"2023-06-01T07:27:43","modified_gmt":"2023-06-01T07:27:43","slug":"ecuador-modifica-los-requisitos-para-aplicar-los-cdi-3","status":"publish","type":"post","link":"https:\/\/www.externacorporativo.com\/es\/ecuador-modifica-los-requisitos-para-aplicar-los-cdi-3\/","title":{"rendered":"ECUADOR:  Modifica los requisitos para aplicar los CDI"},"content":{"rendered":"<p style=\"text-align: justify;\">En relaci\u00f3n a los importes m\u00e1ximos y m\u00ednimos para la aplicaci\u00f3n autom\u00e1tica de los Convenios para evitar la doble imposici\u00f3n (CDIs), el Servicio de Rentas Internas (SRI) de Ecuador, acaba de emitir una resoluci\u00f3n con efectos para todo el ejercicio 2019.<\/p>\n<p style=\"text-align: justify;\">La cantidad m\u00e1xima para aplicar autom\u00e1ticamente los beneficios se ha fijado ahora en US$565.500 (aproximadamente EUR 492.000).<\/p>\n<p style=\"text-align: justify;\">Los agentes retenedores (empresas ecuatorianas) deber\u00e1n cumplir al menos uno de los siguientes requisitos para que se apliquen los beneficios de modo autom\u00e1tico. Adem\u00e1s, deber\u00e1 contar con el certificado de residencia fiscal del beneficiario que avale tal retenci\u00f3n.<\/p>\n<ul>\n<li style=\"text-align: justify;\">Que el pago se realice por una distribuci\u00f3n de dividendos y se haya informado previamente a los beneficiarios efectivos.<\/li>\n<li style=\"text-align: justify;\">Que ese importe pueda ser considerado como un gasto para el agente que aplica la retenci\u00f3n y cumpla con la condici\u00f3n de no deducible en el impuesto sobre la renta.<\/li>\n<li style=\"text-align: justify;\">Que la suma de todos los pagos realizados por un mismo agente de retenci\u00f3n ecuatoriano a un mismo proveedor en el mismo a\u00f1o fiscal, no supere los 565.500 $USA.<\/li>\n<li style=\"text-align: justify;\">Que el beneficiario no residente, solicite al SRI la \u201ccalificaci\u00f3n autom\u00e1tica del convenio\u201d y se le conceda, tras comprobar una serie de requisitos previamente establecidos. Esta opci\u00f3n tiene un plazo m\u00e1ximo de vigencia de 36 meses o hasta el fin del contrato del que derivan los pagos realizados por la empresa ecuatoriana.<\/li>\n<\/ul>\n","protected":false},"excerpt":{"rendered":"<p>En relaci\u00f3n a los importes m\u00e1ximos y m\u00ednimos para la aplicaci\u00f3n autom\u00e1tica de los Convenios para evitar la doble imposici\u00f3n (CDIs), el Servicio de Rentas Internas (SRI) de Ecuador, acaba de emitir una resoluci\u00f3n con efectos para todo el ejercicio 2019. La cantidad m\u00e1xima para aplicar autom\u00e1ticamente los beneficios se ha fijado ahora en US$565.500 [&hellip;]<\/p>\n","protected":false},"author":2,"featured_media":0,"comment_status":"open","ping_status":"open","sticky":false,"template":"","format":"standard","meta":[],"categories":[],"tags":[],"yoast_head":"<!-- This site is optimized with the Yoast SEO plugin v20.0 - https:\/\/yoast.com\/wordpress\/plugins\/seo\/ -->\n<title>ECUADOR: Modifica los requisitos para aplicar los CDI - Externa<\/title>\n<meta name=\"robots\" content=\"index, follow, max-snippet:-1, max-image-preview:large, max-video-preview:-1\" \/>\n<link rel=\"canonical\" href=\"https:\/\/www.externacorporativo.com\/es\/ecuador-modifica-los-requisitos-para-aplicar-los-cdi-3\/\" \/>\n<meta property=\"og:locale\" content=\"es_ES\" \/>\n<meta property=\"og:type\" content=\"article\" \/>\n<meta property=\"og:title\" content=\"ECUADOR: Modifica los requisitos para aplicar los CDI - Externa\" \/>\n<meta property=\"og:description\" content=\"En relaci\u00f3n a los importes m\u00e1ximos y m\u00ednimos para la aplicaci\u00f3n autom\u00e1tica de los Convenios para evitar la doble imposici\u00f3n (CDIs), el Servicio de Rentas Internas (SRI) de Ecuador, acaba de emitir una resoluci\u00f3n con efectos para todo el ejercicio 2019. La cantidad m\u00e1xima para aplicar autom\u00e1ticamente los beneficios se ha fijado ahora en US$565.500 [&hellip;]\" \/>\n<meta property=\"og:url\" content=\"https:\/\/www.externacorporativo.com\/es\/ecuador-modifica-los-requisitos-para-aplicar-los-cdi-3\/\" \/>\n<meta property=\"og:site_name\" content=\"Externa\" \/>\n<meta property=\"article:published_time\" content=\"2023-06-01T07:27:42+00:00\" \/>\n<meta property=\"article:modified_time\" content=\"2023-06-01T07:27:43+00:00\" \/>\n<meta name=\"author\" content=\"Programacion\" \/>\n<meta name=\"twitter:card\" content=\"summary_large_image\" \/>\n<meta name=\"twitter:label1\" content=\"Escrito por\" \/>\n\t<meta name=\"twitter:data1\" content=\"Programacion\" \/>\n\t<meta name=\"twitter:label2\" content=\"Tiempo de lectura\" \/>\n\t<meta name=\"twitter:data2\" content=\"1 minuto\" \/>\n<script type=\"application\/ld+json\" class=\"yoast-schema-graph\">{\"@context\":\"https:\/\/schema.org\",\"@graph\":[{\"@type\":\"Article\",\"@id\":\"https:\/\/www.externacorporativo.com\/es\/ecuador-modifica-los-requisitos-para-aplicar-los-cdi-3\/#article\",\"isPartOf\":{\"@id\":\"https:\/\/www.externacorporativo.com\/es\/ecuador-modifica-los-requisitos-para-aplicar-los-cdi-3\/\"},\"author\":{\"name\":\"Programacion\",\"@id\":\"https:\/\/www.externacorporativo.com\/es\/#\/schema\/person\/bdc7fa484ed4f3510b0ec3c089989e97\"},\"headline\":\"ECUADOR: Modifica los requisitos para aplicar los CDI\",\"datePublished\":\"2023-06-01T07:27:42+00:00\",\"dateModified\":\"2023-06-01T07:27:43+00:00\",\"mainEntityOfPage\":{\"@id\":\"https:\/\/www.externacorporativo.com\/es\/ecuador-modifica-los-requisitos-para-aplicar-los-cdi-3\/\"},\"wordCount\":252,\"commentCount\":0,\"publisher\":{\"@id\":\"https:\/\/www.externacorporativo.com\/es\/#organization\"},\"inLanguage\":\"es\",\"potentialAction\":[{\"@type\":\"CommentAction\",\"name\":\"Comment\",\"target\":[\"https:\/\/www.externacorporativo.com\/es\/ecuador-modifica-los-requisitos-para-aplicar-los-cdi-3\/#respond\"]}]},{\"@type\":\"WebPage\",\"@id\":\"https:\/\/www.externacorporativo.com\/es\/ecuador-modifica-los-requisitos-para-aplicar-los-cdi-3\/\",\"url\":\"https:\/\/www.externacorporativo.com\/es\/ecuador-modifica-los-requisitos-para-aplicar-los-cdi-3\/\",\"name\":\"ECUADOR: Modifica los requisitos para aplicar los CDI - Externa\",\"isPartOf\":{\"@id\":\"https:\/\/www.externacorporativo.com\/es\/#website\"},\"datePublished\":\"2023-06-01T07:27:42+00:00\",\"dateModified\":\"2023-06-01T07:27:43+00:00\",\"breadcrumb\":{\"@id\":\"https:\/\/www.externacorporativo.com\/es\/ecuador-modifica-los-requisitos-para-aplicar-los-cdi-3\/#breadcrumb\"},\"inLanguage\":\"es\",\"potentialAction\":[{\"@type\":\"ReadAction\",\"target\":[\"https:\/\/www.externacorporativo.com\/es\/ecuador-modifica-los-requisitos-para-aplicar-los-cdi-3\/\"]}]},{\"@type\":\"BreadcrumbList\",\"@id\":\"https:\/\/www.externacorporativo.com\/es\/ecuador-modifica-los-requisitos-para-aplicar-los-cdi-3\/#breadcrumb\",\"itemListElement\":[{\"@type\":\"ListItem\",\"position\":1,\"name\":\"Portada\",\"item\":\"https:\/\/www.externacorporativo.com\/es\/\"},{\"@type\":\"ListItem\",\"position\":2,\"name\":\"ECUADOR: Modifica los requisitos para aplicar los CDI\"}]},{\"@type\":\"WebSite\",\"@id\":\"https:\/\/www.externacorporativo.com\/es\/#website\",\"url\":\"https:\/\/www.externacorporativo.com\/es\/\",\"name\":\"Externa\",\"description\":\"\",\"publisher\":{\"@id\":\"https:\/\/www.externacorporativo.com\/es\/#organization\"},\"potentialAction\":[{\"@type\":\"SearchAction\",\"target\":{\"@type\":\"EntryPoint\",\"urlTemplate\":\"https:\/\/www.externacorporativo.com\/es\/?s={search_term_string}\"},\"query-input\":\"required name=search_term_string\"}],\"inLanguage\":\"es\"},{\"@type\":\"Organization\",\"@id\":\"https:\/\/www.externacorporativo.com\/es\/#organization\",\"name\":\"Externa\",\"url\":\"https:\/\/www.externacorporativo.com\/es\/\",\"logo\":{\"@type\":\"ImageObject\",\"inLanguage\":\"es\",\"@id\":\"https:\/\/www.externacorporativo.com\/es\/#\/schema\/logo\/image\/\",\"url\":\"https:\/\/www.externacorporativo.com\/wp-content\/uploads\/2023\/04\/Sin-nombre.png\",\"contentUrl\":\"https:\/\/www.externacorporativo.com\/wp-content\/uploads\/2023\/04\/Sin-nombre.png\",\"width\":297,\"height\":109,\"caption\":\"Externa\"},\"image\":{\"@id\":\"https:\/\/www.externacorporativo.com\/es\/#\/schema\/logo\/image\/\"}},{\"@type\":\"Person\",\"@id\":\"https:\/\/www.externacorporativo.com\/es\/#\/schema\/person\/bdc7fa484ed4f3510b0ec3c089989e97\",\"name\":\"Programacion\",\"image\":{\"@type\":\"ImageObject\",\"inLanguage\":\"es\",\"@id\":\"https:\/\/www.externacorporativo.com\/es\/#\/schema\/person\/image\/\",\"url\":\"https:\/\/secure.gravatar.com\/avatar\/b46a7287724b495183c8c832facd7442?s=96&d=mm&r=g\",\"contentUrl\":\"https:\/\/secure.gravatar.com\/avatar\/b46a7287724b495183c8c832facd7442?s=96&d=mm&r=g\",\"caption\":\"Programacion\"},\"url\":\"https:\/\/www.externacorporativo.com\/es\/author\/programacion\/\"}]}<\/script>\n<!-- \/ Yoast SEO plugin. -->","yoast_head_json":{"title":"ECUADOR: Modifica los requisitos para aplicar los CDI - Externa","robots":{"index":"index","follow":"follow","max-snippet":"max-snippet:-1","max-image-preview":"max-image-preview:large","max-video-preview":"max-video-preview:-1"},"canonical":"https:\/\/www.externacorporativo.com\/es\/ecuador-modifica-los-requisitos-para-aplicar-los-cdi-3\/","og_locale":"es_ES","og_type":"article","og_title":"ECUADOR: Modifica los requisitos para aplicar los CDI - Externa","og_description":"En relaci\u00f3n a los importes m\u00e1ximos y m\u00ednimos para la aplicaci\u00f3n autom\u00e1tica de los Convenios para evitar la doble imposici\u00f3n (CDIs), el Servicio de Rentas Internas (SRI) de Ecuador, acaba de emitir una resoluci\u00f3n con efectos para todo el ejercicio 2019. La cantidad m\u00e1xima para aplicar autom\u00e1ticamente los beneficios se ha fijado ahora en US$565.500 [&hellip;]","og_url":"https:\/\/www.externacorporativo.com\/es\/ecuador-modifica-los-requisitos-para-aplicar-los-cdi-3\/","og_site_name":"Externa","article_published_time":"2023-06-01T07:27:42+00:00","article_modified_time":"2023-06-01T07:27:43+00:00","author":"Programacion","twitter_card":"summary_large_image","twitter_misc":{"Escrito por":"Programacion","Tiempo de lectura":"1 minuto"},"schema":{"@context":"https:\/\/schema.org","@graph":[{"@type":"Article","@id":"https:\/\/www.externacorporativo.com\/es\/ecuador-modifica-los-requisitos-para-aplicar-los-cdi-3\/#article","isPartOf":{"@id":"https:\/\/www.externacorporativo.com\/es\/ecuador-modifica-los-requisitos-para-aplicar-los-cdi-3\/"},"author":{"name":"Programacion","@id":"https:\/\/www.externacorporativo.com\/es\/#\/schema\/person\/bdc7fa484ed4f3510b0ec3c089989e97"},"headline":"ECUADOR: Modifica los requisitos para aplicar los CDI","datePublished":"2023-06-01T07:27:42+00:00","dateModified":"2023-06-01T07:27:43+00:00","mainEntityOfPage":{"@id":"https:\/\/www.externacorporativo.com\/es\/ecuador-modifica-los-requisitos-para-aplicar-los-cdi-3\/"},"wordCount":252,"commentCount":0,"publisher":{"@id":"https:\/\/www.externacorporativo.com\/es\/#organization"},"inLanguage":"es","potentialAction":[{"@type":"CommentAction","name":"Comment","target":["https:\/\/www.externacorporativo.com\/es\/ecuador-modifica-los-requisitos-para-aplicar-los-cdi-3\/#respond"]}]},{"@type":"WebPage","@id":"https:\/\/www.externacorporativo.com\/es\/ecuador-modifica-los-requisitos-para-aplicar-los-cdi-3\/","url":"https:\/\/www.externacorporativo.com\/es\/ecuador-modifica-los-requisitos-para-aplicar-los-cdi-3\/","name":"ECUADOR: Modifica los requisitos para aplicar los CDI - Externa","isPartOf":{"@id":"https:\/\/www.externacorporativo.com\/es\/#website"},"datePublished":"2023-06-01T07:27:42+00:00","dateModified":"2023-06-01T07:27:43+00:00","breadcrumb":{"@id":"https:\/\/www.externacorporativo.com\/es\/ecuador-modifica-los-requisitos-para-aplicar-los-cdi-3\/#breadcrumb"},"inLanguage":"es","potentialAction":[{"@type":"ReadAction","target":["https:\/\/www.externacorporativo.com\/es\/ecuador-modifica-los-requisitos-para-aplicar-los-cdi-3\/"]}]},{"@type":"BreadcrumbList","@id":"https:\/\/www.externacorporativo.com\/es\/ecuador-modifica-los-requisitos-para-aplicar-los-cdi-3\/#breadcrumb","itemListElement":[{"@type":"ListItem","position":1,"name":"Portada","item":"https:\/\/www.externacorporativo.com\/es\/"},{"@type":"ListItem","position":2,"name":"ECUADOR: Modifica los requisitos para aplicar los CDI"}]},{"@type":"WebSite","@id":"https:\/\/www.externacorporativo.com\/es\/#website","url":"https:\/\/www.externacorporativo.com\/es\/","name":"Externa","description":"","publisher":{"@id":"https:\/\/www.externacorporativo.com\/es\/#organization"},"potentialAction":[{"@type":"SearchAction","target":{"@type":"EntryPoint","urlTemplate":"https:\/\/www.externacorporativo.com\/es\/?s={search_term_string}"},"query-input":"required name=search_term_string"}],"inLanguage":"es"},{"@type":"Organization","@id":"https:\/\/www.externacorporativo.com\/es\/#organization","name":"Externa","url":"https:\/\/www.externacorporativo.com\/es\/","logo":{"@type":"ImageObject","inLanguage":"es","@id":"https:\/\/www.externacorporativo.com\/es\/#\/schema\/logo\/image\/","url":"https:\/\/www.externacorporativo.com\/wp-content\/uploads\/2023\/04\/Sin-nombre.png","contentUrl":"https:\/\/www.externacorporativo.com\/wp-content\/uploads\/2023\/04\/Sin-nombre.png","width":297,"height":109,"caption":"Externa"},"image":{"@id":"https:\/\/www.externacorporativo.com\/es\/#\/schema\/logo\/image\/"}},{"@type":"Person","@id":"https:\/\/www.externacorporativo.com\/es\/#\/schema\/person\/bdc7fa484ed4f3510b0ec3c089989e97","name":"Programacion","image":{"@type":"ImageObject","inLanguage":"es","@id":"https:\/\/www.externacorporativo.com\/es\/#\/schema\/person\/image\/","url":"https:\/\/secure.gravatar.com\/avatar\/b46a7287724b495183c8c832facd7442?s=96&d=mm&r=g","contentUrl":"https:\/\/secure.gravatar.com\/avatar\/b46a7287724b495183c8c832facd7442?s=96&d=mm&r=g","caption":"Programacion"},"url":"https:\/\/www.externacorporativo.com\/es\/author\/programacion\/"}]}},"_links":{"self":[{"href":"https:\/\/www.externacorporativo.com\/es\/wp-json\/wp\/v2\/posts\/1579"}],"collection":[{"href":"https:\/\/www.externacorporativo.com\/es\/wp-json\/wp\/v2\/posts"}],"about":[{"href":"https:\/\/www.externacorporativo.com\/es\/wp-json\/wp\/v2\/types\/post"}],"author":[{"embeddable":true,"href":"https:\/\/www.externacorporativo.com\/es\/wp-json\/wp\/v2\/users\/2"}],"replies":[{"embeddable":true,"href":"https:\/\/www.externacorporativo.com\/es\/wp-json\/wp\/v2\/comments?post=1579"}],"version-history":[{"count":1,"href":"https:\/\/www.externacorporativo.com\/es\/wp-json\/wp\/v2\/posts\/1579\/revisions"}],"predecessor-version":[{"id":2421,"href":"https:\/\/www.externacorporativo.com\/es\/wp-json\/wp\/v2\/posts\/1579\/revisions\/2421"}],"wp:attachment":[{"href":"https:\/\/www.externacorporativo.com\/es\/wp-json\/wp\/v2\/media?parent=1579"}],"wp:term":[{"taxonomy":"category","embeddable":true,"href":"https:\/\/www.externacorporativo.com\/es\/wp-json\/wp\/v2\/categories?post=1579"},{"taxonomy":"post_tag","embeddable":true,"href":"https:\/\/www.externacorporativo.com\/es\/wp-json\/wp\/v2\/tags?post=1579"}],"curies":[{"name":"wp","href":"https:\/\/api.w.org\/{rel}","templated":true}]}}