{"id":1583,"date":"2023-06-01T07:27:42","date_gmt":"2023-06-01T07:27:42","guid":{"rendered":"https:\/\/www.externacorporativo.com\/reino-unido-brexit-nuevo-plazo\/"},"modified":"2023-06-01T07:27:43","modified_gmt":"2023-06-01T07:27:43","slug":"reino-unido-brexit-nuevo-plazo","status":"publish","type":"post","link":"https:\/\/www.externacorporativo.com\/es\/reino-unido-brexit-nuevo-plazo\/","title":{"rendered":"REINO UNIDO: Brexit: nuevo plazo"},"content":{"rendered":"<p style=\"text-align: justify;\">Los dirigentes de la UE-27 han acordado, de mutuo acuerdo con el Reino Unido, aplazar el Brexit hasta el 31 de octubre de 2019.<\/p>\n<p style=\"text-align: justify;\">Se toma en cuenta la carta enviada por Theresa May, Primera ministra brit\u00e1nica, en la que solicitaba una nueva pr\u00f3rroga, la cual ha sido concedida sin que, en ning\u00fan caso, pueda rebasar el 31 de octubre de 2019.<\/p>\n<p style=\"text-align: justify;\">En caso de que ambas partes ratifiquen el Acuerdo de Retirada antes de esa fecha, \u00e9sta deber\u00e1 producirse el primer d\u00eda del mes siguiente.<\/p>\n<p style=\"text-align: justify;\">Esta situaci\u00f3n obliga al el Reino Unido a participar en las elecciones al Parlamento Europeo. Si no lo hiciera, su retirada de la UE se producir\u00eda de forma autom\u00e1tica el 1 de junio de 2019.<\/p>\n","protected":false},"excerpt":{"rendered":"<p>Los dirigentes de la UE-27 han acordado, de mutuo acuerdo con el Reino Unido, aplazar el Brexit hasta el 31 de octubre de 2019. Se toma en cuenta la carta enviada por Theresa May, Primera ministra brit\u00e1nica, en la que solicitaba una nueva pr\u00f3rroga, la cual ha sido concedida sin que, en ning\u00fan caso, pueda [&hellip;]<\/p>\n","protected":false},"author":2,"featured_media":0,"comment_status":"open","ping_status":"open","sticky":false,"template":"","format":"standard","meta":[],"categories":[],"tags":[],"yoast_head":"<!-- This site is optimized with the Yoast SEO plugin v20.0 - https:\/\/yoast.com\/wordpress\/plugins\/seo\/ -->\n<title>REINO UNIDO: Brexit: nuevo plazo - Externa<\/title>\n<meta name=\"robots\" content=\"index, follow, max-snippet:-1, max-image-preview:large, max-video-preview:-1\" \/>\n<link rel=\"canonical\" href=\"https:\/\/www.externacorporativo.com\/es\/reino-unido-brexit-nuevo-plazo\/\" \/>\n<meta property=\"og:locale\" content=\"es_ES\" \/>\n<meta property=\"og:type\" content=\"article\" \/>\n<meta property=\"og:title\" content=\"REINO UNIDO: Brexit: nuevo plazo - Externa\" \/>\n<meta property=\"og:description\" content=\"Los dirigentes de la UE-27 han acordado, de mutuo acuerdo con el Reino Unido, aplazar el Brexit hasta el 31 de octubre de 2019. Se toma en cuenta la carta enviada por Theresa May, Primera ministra brit\u00e1nica, en la que solicitaba una nueva pr\u00f3rroga, la cual ha sido concedida sin que, en ning\u00fan caso, pueda [&hellip;]\" \/>\n<meta property=\"og:url\" content=\"https:\/\/www.externacorporativo.com\/es\/reino-unido-brexit-nuevo-plazo\/\" \/>\n<meta property=\"og:site_name\" content=\"Externa\" \/>\n<meta property=\"article:published_time\" content=\"2023-06-01T07:27:42+00:00\" \/>\n<meta property=\"article:modified_time\" content=\"2023-06-01T07:27:43+00:00\" \/>\n<meta name=\"author\" content=\"Programacion\" \/>\n<meta name=\"twitter:card\" content=\"summary_large_image\" \/>\n<meta name=\"twitter:label1\" content=\"Escrito por\" \/>\n\t<meta name=\"twitter:data1\" content=\"Programacion\" \/>\n\t<meta name=\"twitter:label2\" content=\"Tiempo de lectura\" \/>\n\t<meta name=\"twitter:data2\" content=\"1 minuto\" \/>\n<script type=\"application\/ld+json\" class=\"yoast-schema-graph\">{\"@context\":\"https:\/\/schema.org\",\"@graph\":[{\"@type\":\"Article\",\"@id\":\"https:\/\/www.externacorporativo.com\/es\/reino-unido-brexit-nuevo-plazo\/#article\",\"isPartOf\":{\"@id\":\"https:\/\/www.externacorporativo.com\/es\/reino-unido-brexit-nuevo-plazo\/\"},\"author\":{\"name\":\"Programacion\",\"@id\":\"https:\/\/www.externacorporativo.com\/es\/#\/schema\/person\/bdc7fa484ed4f3510b0ec3c089989e97\"},\"headline\":\"REINO UNIDO: Brexit: nuevo plazo\",\"datePublished\":\"2023-06-01T07:27:42+00:00\",\"dateModified\":\"2023-06-01T07:27:43+00:00\",\"mainEntityOfPage\":{\"@id\":\"https:\/\/www.externacorporativo.com\/es\/reino-unido-brexit-nuevo-plazo\/\"},\"wordCount\":127,\"commentCount\":0,\"publisher\":{\"@id\":\"https:\/\/www.externacorporativo.com\/es\/#organization\"},\"inLanguage\":\"es\",\"potentialAction\":[{\"@type\":\"CommentAction\",\"name\":\"Comment\",\"target\":[\"https:\/\/www.externacorporativo.com\/es\/reino-unido-brexit-nuevo-plazo\/#respond\"]}]},{\"@type\":\"WebPage\",\"@id\":\"https:\/\/www.externacorporativo.com\/es\/reino-unido-brexit-nuevo-plazo\/\",\"url\":\"https:\/\/www.externacorporativo.com\/es\/reino-unido-brexit-nuevo-plazo\/\",\"name\":\"REINO UNIDO: Brexit: nuevo plazo - Externa\",\"isPartOf\":{\"@id\":\"https:\/\/www.externacorporativo.com\/es\/#website\"},\"datePublished\":\"2023-06-01T07:27:42+00:00\",\"dateModified\":\"2023-06-01T07:27:43+00:00\",\"breadcrumb\":{\"@id\":\"https:\/\/www.externacorporativo.com\/es\/reino-unido-brexit-nuevo-plazo\/#breadcrumb\"},\"inLanguage\":\"es\",\"potentialAction\":[{\"@type\":\"ReadAction\",\"target\":[\"https:\/\/www.externacorporativo.com\/es\/reino-unido-brexit-nuevo-plazo\/\"]}]},{\"@type\":\"BreadcrumbList\",\"@id\":\"https:\/\/www.externacorporativo.com\/es\/reino-unido-brexit-nuevo-plazo\/#breadcrumb\",\"itemListElement\":[{\"@type\":\"ListItem\",\"position\":1,\"name\":\"Portada\",\"item\":\"https:\/\/www.externacorporativo.com\/es\/\"},{\"@type\":\"ListItem\",\"position\":2,\"name\":\"REINO UNIDO: Brexit: nuevo plazo\"}]},{\"@type\":\"WebSite\",\"@id\":\"https:\/\/www.externacorporativo.com\/es\/#website\",\"url\":\"https:\/\/www.externacorporativo.com\/es\/\",\"name\":\"Externa\",\"description\":\"\",\"publisher\":{\"@id\":\"https:\/\/www.externacorporativo.com\/es\/#organization\"},\"potentialAction\":[{\"@type\":\"SearchAction\",\"target\":{\"@type\":\"EntryPoint\",\"urlTemplate\":\"https:\/\/www.externacorporativo.com\/es\/?s={search_term_string}\"},\"query-input\":\"required name=search_term_string\"}],\"inLanguage\":\"es\"},{\"@type\":\"Organization\",\"@id\":\"https:\/\/www.externacorporativo.com\/es\/#organization\",\"name\":\"Externa\",\"url\":\"https:\/\/www.externacorporativo.com\/es\/\",\"logo\":{\"@type\":\"ImageObject\",\"inLanguage\":\"es\",\"@id\":\"https:\/\/www.externacorporativo.com\/es\/#\/schema\/logo\/image\/\",\"url\":\"https:\/\/www.externacorporativo.com\/wp-content\/uploads\/2023\/04\/Sin-nombre.png\",\"contentUrl\":\"https:\/\/www.externacorporativo.com\/wp-content\/uploads\/2023\/04\/Sin-nombre.png\",\"width\":297,\"height\":109,\"caption\":\"Externa\"},\"image\":{\"@id\":\"https:\/\/www.externacorporativo.com\/es\/#\/schema\/logo\/image\/\"}},{\"@type\":\"Person\",\"@id\":\"https:\/\/www.externacorporativo.com\/es\/#\/schema\/person\/bdc7fa484ed4f3510b0ec3c089989e97\",\"name\":\"Programacion\",\"image\":{\"@type\":\"ImageObject\",\"inLanguage\":\"es\",\"@id\":\"https:\/\/www.externacorporativo.com\/es\/#\/schema\/person\/image\/\",\"url\":\"https:\/\/secure.gravatar.com\/avatar\/b46a7287724b495183c8c832facd7442?s=96&d=mm&r=g\",\"contentUrl\":\"https:\/\/secure.gravatar.com\/avatar\/b46a7287724b495183c8c832facd7442?s=96&d=mm&r=g\",\"caption\":\"Programacion\"},\"url\":\"https:\/\/www.externacorporativo.com\/es\/author\/programacion\/\"}]}<\/script>\n<!-- \/ Yoast SEO plugin. -->","yoast_head_json":{"title":"REINO UNIDO: Brexit: nuevo plazo - Externa","robots":{"index":"index","follow":"follow","max-snippet":"max-snippet:-1","max-image-preview":"max-image-preview:large","max-video-preview":"max-video-preview:-1"},"canonical":"https:\/\/www.externacorporativo.com\/es\/reino-unido-brexit-nuevo-plazo\/","og_locale":"es_ES","og_type":"article","og_title":"REINO UNIDO: Brexit: nuevo plazo - Externa","og_description":"Los dirigentes de la UE-27 han acordado, de mutuo acuerdo con el Reino Unido, aplazar el Brexit hasta el 31 de octubre de 2019. Se toma en cuenta la carta enviada por Theresa May, Primera ministra brit\u00e1nica, en la que solicitaba una nueva pr\u00f3rroga, la cual ha sido concedida sin que, en ning\u00fan caso, pueda [&hellip;]","og_url":"https:\/\/www.externacorporativo.com\/es\/reino-unido-brexit-nuevo-plazo\/","og_site_name":"Externa","article_published_time":"2023-06-01T07:27:42+00:00","article_modified_time":"2023-06-01T07:27:43+00:00","author":"Programacion","twitter_card":"summary_large_image","twitter_misc":{"Escrito por":"Programacion","Tiempo de lectura":"1 minuto"},"schema":{"@context":"https:\/\/schema.org","@graph":[{"@type":"Article","@id":"https:\/\/www.externacorporativo.com\/es\/reino-unido-brexit-nuevo-plazo\/#article","isPartOf":{"@id":"https:\/\/www.externacorporativo.com\/es\/reino-unido-brexit-nuevo-plazo\/"},"author":{"name":"Programacion","@id":"https:\/\/www.externacorporativo.com\/es\/#\/schema\/person\/bdc7fa484ed4f3510b0ec3c089989e97"},"headline":"REINO UNIDO: Brexit: nuevo plazo","datePublished":"2023-06-01T07:27:42+00:00","dateModified":"2023-06-01T07:27:43+00:00","mainEntityOfPage":{"@id":"https:\/\/www.externacorporativo.com\/es\/reino-unido-brexit-nuevo-plazo\/"},"wordCount":127,"commentCount":0,"publisher":{"@id":"https:\/\/www.externacorporativo.com\/es\/#organization"},"inLanguage":"es","potentialAction":[{"@type":"CommentAction","name":"Comment","target":["https:\/\/www.externacorporativo.com\/es\/reino-unido-brexit-nuevo-plazo\/#respond"]}]},{"@type":"WebPage","@id":"https:\/\/www.externacorporativo.com\/es\/reino-unido-brexit-nuevo-plazo\/","url":"https:\/\/www.externacorporativo.com\/es\/reino-unido-brexit-nuevo-plazo\/","name":"REINO UNIDO: Brexit: nuevo plazo - Externa","isPartOf":{"@id":"https:\/\/www.externacorporativo.com\/es\/#website"},"datePublished":"2023-06-01T07:27:42+00:00","dateModified":"2023-06-01T07:27:43+00:00","breadcrumb":{"@id":"https:\/\/www.externacorporativo.com\/es\/reino-unido-brexit-nuevo-plazo\/#breadcrumb"},"inLanguage":"es","potentialAction":[{"@type":"ReadAction","target":["https:\/\/www.externacorporativo.com\/es\/reino-unido-brexit-nuevo-plazo\/"]}]},{"@type":"BreadcrumbList","@id":"https:\/\/www.externacorporativo.com\/es\/reino-unido-brexit-nuevo-plazo\/#breadcrumb","itemListElement":[{"@type":"ListItem","position":1,"name":"Portada","item":"https:\/\/www.externacorporativo.com\/es\/"},{"@type":"ListItem","position":2,"name":"REINO UNIDO: Brexit: nuevo plazo"}]},{"@type":"WebSite","@id":"https:\/\/www.externacorporativo.com\/es\/#website","url":"https:\/\/www.externacorporativo.com\/es\/","name":"Externa","description":"","publisher":{"@id":"https:\/\/www.externacorporativo.com\/es\/#organization"},"potentialAction":[{"@type":"SearchAction","target":{"@type":"EntryPoint","urlTemplate":"https:\/\/www.externacorporativo.com\/es\/?s={search_term_string}"},"query-input":"required name=search_term_string"}],"inLanguage":"es"},{"@type":"Organization","@id":"https:\/\/www.externacorporativo.com\/es\/#organization","name":"Externa","url":"https:\/\/www.externacorporativo.com\/es\/","logo":{"@type":"ImageObject","inLanguage":"es","@id":"https:\/\/www.externacorporativo.com\/es\/#\/schema\/logo\/image\/","url":"https:\/\/www.externacorporativo.com\/wp-content\/uploads\/2023\/04\/Sin-nombre.png","contentUrl":"https:\/\/www.externacorporativo.com\/wp-content\/uploads\/2023\/04\/Sin-nombre.png","width":297,"height":109,"caption":"Externa"},"image":{"@id":"https:\/\/www.externacorporativo.com\/es\/#\/schema\/logo\/image\/"}},{"@type":"Person","@id":"https:\/\/www.externacorporativo.com\/es\/#\/schema\/person\/bdc7fa484ed4f3510b0ec3c089989e97","name":"Programacion","image":{"@type":"ImageObject","inLanguage":"es","@id":"https:\/\/www.externacorporativo.com\/es\/#\/schema\/person\/image\/","url":"https:\/\/secure.gravatar.com\/avatar\/b46a7287724b495183c8c832facd7442?s=96&d=mm&r=g","contentUrl":"https:\/\/secure.gravatar.com\/avatar\/b46a7287724b495183c8c832facd7442?s=96&d=mm&r=g","caption":"Programacion"},"url":"https:\/\/www.externacorporativo.com\/es\/author\/programacion\/"}]}},"_links":{"self":[{"href":"https:\/\/www.externacorporativo.com\/es\/wp-json\/wp\/v2\/posts\/1583"}],"collection":[{"href":"https:\/\/www.externacorporativo.com\/es\/wp-json\/wp\/v2\/posts"}],"about":[{"href":"https:\/\/www.externacorporativo.com\/es\/wp-json\/wp\/v2\/types\/post"}],"author":[{"embeddable":true,"href":"https:\/\/www.externacorporativo.com\/es\/wp-json\/wp\/v2\/users\/2"}],"replies":[{"embeddable":true,"href":"https:\/\/www.externacorporativo.com\/es\/wp-json\/wp\/v2\/comments?post=1583"}],"version-history":[{"count":1,"href":"https:\/\/www.externacorporativo.com\/es\/wp-json\/wp\/v2\/posts\/1583\/revisions"}],"predecessor-version":[{"id":2425,"href":"https:\/\/www.externacorporativo.com\/es\/wp-json\/wp\/v2\/posts\/1583\/revisions\/2425"}],"wp:attachment":[{"href":"https:\/\/www.externacorporativo.com\/es\/wp-json\/wp\/v2\/media?parent=1583"}],"wp:term":[{"taxonomy":"category","embeddable":true,"href":"https:\/\/www.externacorporativo.com\/es\/wp-json\/wp\/v2\/categories?post=1583"},{"taxonomy":"post_tag","embeddable":true,"href":"https:\/\/www.externacorporativo.com\/es\/wp-json\/wp\/v2\/tags?post=1583"}],"curies":[{"name":"wp","href":"https:\/\/api.w.org\/{rel}","templated":true}]}}