{"id":1586,"date":"2023-06-01T07:27:42","date_gmt":"2023-06-01T07:27:42","guid":{"rendered":"https:\/\/www.externacorporativo.com\/sudafrica-ampliacion-del-registro-de-iva-para-e-services\/"},"modified":"2023-06-01T07:27:44","modified_gmt":"2023-06-01T07:27:44","slug":"sudafrica-ampliacion-del-registro-de-iva-para-e-services","status":"publish","type":"post","link":"https:\/\/www.externacorporativo.com\/es\/sudafrica-ampliacion-del-registro-de-iva-para-e-services\/","title":{"rendered":"SUD\u00c1FRICA: Ampliaci\u00f3n del Registro de IVA para E-Services"},"content":{"rendered":"<p style=\"text-align: justify;\">Entr\u00f3 en vigor el 1 de abril de 2019, los reglamentos emitidos por la Tesorer\u00eda Nacional de Sud\u00e1frica, que ampl\u00edan la definici\u00f3n de \u00abservicios electr\u00f3nicos\u00bb en relaci\u00f3n al IVA, lo cual tendr\u00e1 un importante impacto para las empresas extranjeras que suministran en este pa\u00eds. Entre otros servicios, los afectados son:<\/p>\n<ul style=\"text-align: justify;\">\n<li>Publicidad online<\/li>\n<li>Consultor\u00eda en l\u00ednea<\/li>\n<li>Suscripciones de software<\/li>\n<li>Servicios de <em>streaming<\/em><\/li>\n<li>Juegos en l\u00ednea<\/li>\n<li>Formaci\u00f3n en l\u00ednea y publicaciones<\/li>\n<\/ul>\n<p style=\"text-align: justify;\">La ampliaci\u00f3n de la nueva definici\u00f3n de estos servicios, supone para los proveedores extranjeros e intermediarios que los facilitan, la obligaci\u00f3n de registrarse a efectos de IVA local si el valor total de estos suministros supera un mill\u00f3n de ZAR (aproximadamente 63.000 \u20ac) durante un per\u00edodo de 12 meses.<\/p>\n<p style=\"text-align: justify;\">\u00danicamente se ha establecido una exclusi\u00f3n para los suministros intragrupos. En este contexto, un proveedor extranjero no ser\u00e1 considerado como proveedor de servicios electr\u00f3nicos si:<\/p>\n<ul style=\"text-align: justify;\">\n<li>El destinatario de los servicios y el proveedor extranjero forman parte del mismo grupo de empresas<\/li>\n<li>El destinatario adquiri\u00f3 exclusivamente los servicios para fines de consumo en Sud\u00e1frica<\/li>\n<\/ul>\n<p style=\"text-align: justify;\">Adem\u00e1s, se incluye una nueva definici\u00f3n de \u201cIntermediario\u201d a efectos de IVA, para aquellas ofertas de servicios en los que la persona que facilita el suministro de servicios electr\u00f3nicos, es responsable de la emisi\u00f3n de la factura y del cobro del pago.<\/p>\n<p style=\"text-align: justify;\"><strong><em><u>Importante<\/u><\/em><\/strong>: todos los proveedores que forman parte de un \u201cGrupo de Empresas\u201d deben examinar si sus servicios pueden acogerse a la exclusi\u00f3n de intragrupo, o si est\u00e1n obligados a registrarse a efectos de IVA.<\/p>\n<p style=\"text-align: justify;\">As\u00ed mismo, todos los proveedores extranjeros que suministren servicios a trav\u00e9s de un intermediario, deber\u00e1n verificar si la funci\u00f3n de intermediario se incluye en su obligaci\u00f3n de IVA o si tiene una obligaci\u00f3n de registro propia a partir de ahora.<\/p>\n","protected":false},"excerpt":{"rendered":"<p>Entr\u00f3 en vigor el 1 de abril de 2019, los reglamentos emitidos por la Tesorer\u00eda Nacional de Sud\u00e1frica, que ampl\u00edan la definici\u00f3n de \u00abservicios electr\u00f3nicos\u00bb en relaci\u00f3n al IVA, lo cual tendr\u00e1 un importante impacto para las empresas extranjeras que suministran en este pa\u00eds. Entre otros servicios, los afectados son: Publicidad online Consultor\u00eda en l\u00ednea [&hellip;]<\/p>\n","protected":false},"author":2,"featured_media":0,"comment_status":"open","ping_status":"open","sticky":false,"template":"","format":"standard","meta":[],"categories":[],"tags":[],"yoast_head":"<!-- This site is optimized with the Yoast SEO plugin v20.0 - https:\/\/yoast.com\/wordpress\/plugins\/seo\/ -->\n<title>SUD\u00c1FRICA: Ampliaci\u00f3n del Registro de IVA para E-Services - Externa<\/title>\n<meta name=\"robots\" content=\"index, follow, max-snippet:-1, max-image-preview:large, max-video-preview:-1\" \/>\n<link rel=\"canonical\" href=\"https:\/\/www.externacorporativo.com\/es\/sudafrica-ampliacion-del-registro-de-iva-para-e-services\/\" \/>\n<meta property=\"og:locale\" content=\"es_ES\" \/>\n<meta property=\"og:type\" content=\"article\" \/>\n<meta property=\"og:title\" content=\"SUD\u00c1FRICA: Ampliaci\u00f3n del Registro de IVA para E-Services - Externa\" \/>\n<meta property=\"og:description\" content=\"Entr\u00f3 en vigor el 1 de abril de 2019, los reglamentos emitidos por la Tesorer\u00eda Nacional de Sud\u00e1frica, que ampl\u00edan la definici\u00f3n de \u00abservicios electr\u00f3nicos\u00bb en relaci\u00f3n al IVA, lo cual tendr\u00e1 un importante impacto para las empresas extranjeras que suministran en este pa\u00eds. Entre otros servicios, los afectados son: Publicidad online Consultor\u00eda en l\u00ednea [&hellip;]\" \/>\n<meta property=\"og:url\" content=\"https:\/\/www.externacorporativo.com\/es\/sudafrica-ampliacion-del-registro-de-iva-para-e-services\/\" \/>\n<meta property=\"og:site_name\" content=\"Externa\" \/>\n<meta property=\"article:published_time\" content=\"2023-06-01T07:27:42+00:00\" \/>\n<meta property=\"article:modified_time\" content=\"2023-06-01T07:27:44+00:00\" \/>\n<meta name=\"author\" content=\"Programacion\" \/>\n<meta name=\"twitter:card\" content=\"summary_large_image\" \/>\n<meta name=\"twitter:label1\" content=\"Escrito por\" \/>\n\t<meta name=\"twitter:data1\" content=\"Programacion\" \/>\n\t<meta name=\"twitter:label2\" content=\"Tiempo de lectura\" \/>\n\t<meta name=\"twitter:data2\" content=\"2 minutos\" \/>\n<script type=\"application\/ld+json\" class=\"yoast-schema-graph\">{\"@context\":\"https:\/\/schema.org\",\"@graph\":[{\"@type\":\"Article\",\"@id\":\"https:\/\/www.externacorporativo.com\/es\/sudafrica-ampliacion-del-registro-de-iva-para-e-services\/#article\",\"isPartOf\":{\"@id\":\"https:\/\/www.externacorporativo.com\/es\/sudafrica-ampliacion-del-registro-de-iva-para-e-services\/\"},\"author\":{\"name\":\"Programacion\",\"@id\":\"https:\/\/www.externacorporativo.com\/es\/#\/schema\/person\/bdc7fa484ed4f3510b0ec3c089989e97\"},\"headline\":\"SUD\u00c1FRICA: Ampliaci\u00f3n del Registro de IVA para E-Services\",\"datePublished\":\"2023-06-01T07:27:42+00:00\",\"dateModified\":\"2023-06-01T07:27:44+00:00\",\"mainEntityOfPage\":{\"@id\":\"https:\/\/www.externacorporativo.com\/es\/sudafrica-ampliacion-del-registro-de-iva-para-e-services\/\"},\"wordCount\":323,\"commentCount\":0,\"publisher\":{\"@id\":\"https:\/\/www.externacorporativo.com\/es\/#organization\"},\"inLanguage\":\"es\",\"potentialAction\":[{\"@type\":\"CommentAction\",\"name\":\"Comment\",\"target\":[\"https:\/\/www.externacorporativo.com\/es\/sudafrica-ampliacion-del-registro-de-iva-para-e-services\/#respond\"]}]},{\"@type\":\"WebPage\",\"@id\":\"https:\/\/www.externacorporativo.com\/es\/sudafrica-ampliacion-del-registro-de-iva-para-e-services\/\",\"url\":\"https:\/\/www.externacorporativo.com\/es\/sudafrica-ampliacion-del-registro-de-iva-para-e-services\/\",\"name\":\"SUD\u00c1FRICA: Ampliaci\u00f3n del Registro de IVA para E-Services - Externa\",\"isPartOf\":{\"@id\":\"https:\/\/www.externacorporativo.com\/es\/#website\"},\"datePublished\":\"2023-06-01T07:27:42+00:00\",\"dateModified\":\"2023-06-01T07:27:44+00:00\",\"breadcrumb\":{\"@id\":\"https:\/\/www.externacorporativo.com\/es\/sudafrica-ampliacion-del-registro-de-iva-para-e-services\/#breadcrumb\"},\"inLanguage\":\"es\",\"potentialAction\":[{\"@type\":\"ReadAction\",\"target\":[\"https:\/\/www.externacorporativo.com\/es\/sudafrica-ampliacion-del-registro-de-iva-para-e-services\/\"]}]},{\"@type\":\"BreadcrumbList\",\"@id\":\"https:\/\/www.externacorporativo.com\/es\/sudafrica-ampliacion-del-registro-de-iva-para-e-services\/#breadcrumb\",\"itemListElement\":[{\"@type\":\"ListItem\",\"position\":1,\"name\":\"Portada\",\"item\":\"https:\/\/www.externacorporativo.com\/es\/\"},{\"@type\":\"ListItem\",\"position\":2,\"name\":\"SUD\u00c1FRICA: Ampliaci\u00f3n del Registro de IVA para E-Services\"}]},{\"@type\":\"WebSite\",\"@id\":\"https:\/\/www.externacorporativo.com\/es\/#website\",\"url\":\"https:\/\/www.externacorporativo.com\/es\/\",\"name\":\"Externa\",\"description\":\"\",\"publisher\":{\"@id\":\"https:\/\/www.externacorporativo.com\/es\/#organization\"},\"potentialAction\":[{\"@type\":\"SearchAction\",\"target\":{\"@type\":\"EntryPoint\",\"urlTemplate\":\"https:\/\/www.externacorporativo.com\/es\/?s={search_term_string}\"},\"query-input\":\"required name=search_term_string\"}],\"inLanguage\":\"es\"},{\"@type\":\"Organization\",\"@id\":\"https:\/\/www.externacorporativo.com\/es\/#organization\",\"name\":\"Externa\",\"url\":\"https:\/\/www.externacorporativo.com\/es\/\",\"logo\":{\"@type\":\"ImageObject\",\"inLanguage\":\"es\",\"@id\":\"https:\/\/www.externacorporativo.com\/es\/#\/schema\/logo\/image\/\",\"url\":\"https:\/\/www.externacorporativo.com\/wp-content\/uploads\/2023\/04\/Sin-nombre.png\",\"contentUrl\":\"https:\/\/www.externacorporativo.com\/wp-content\/uploads\/2023\/04\/Sin-nombre.png\",\"width\":297,\"height\":109,\"caption\":\"Externa\"},\"image\":{\"@id\":\"https:\/\/www.externacorporativo.com\/es\/#\/schema\/logo\/image\/\"}},{\"@type\":\"Person\",\"@id\":\"https:\/\/www.externacorporativo.com\/es\/#\/schema\/person\/bdc7fa484ed4f3510b0ec3c089989e97\",\"name\":\"Programacion\",\"image\":{\"@type\":\"ImageObject\",\"inLanguage\":\"es\",\"@id\":\"https:\/\/www.externacorporativo.com\/es\/#\/schema\/person\/image\/\",\"url\":\"https:\/\/secure.gravatar.com\/avatar\/b46a7287724b495183c8c832facd7442?s=96&d=mm&r=g\",\"contentUrl\":\"https:\/\/secure.gravatar.com\/avatar\/b46a7287724b495183c8c832facd7442?s=96&d=mm&r=g\",\"caption\":\"Programacion\"},\"url\":\"https:\/\/www.externacorporativo.com\/es\/author\/programacion\/\"}]}<\/script>\n<!-- \/ Yoast SEO plugin. -->","yoast_head_json":{"title":"SUD\u00c1FRICA: Ampliaci\u00f3n del Registro de IVA para E-Services - Externa","robots":{"index":"index","follow":"follow","max-snippet":"max-snippet:-1","max-image-preview":"max-image-preview:large","max-video-preview":"max-video-preview:-1"},"canonical":"https:\/\/www.externacorporativo.com\/es\/sudafrica-ampliacion-del-registro-de-iva-para-e-services\/","og_locale":"es_ES","og_type":"article","og_title":"SUD\u00c1FRICA: Ampliaci\u00f3n del Registro de IVA para E-Services - Externa","og_description":"Entr\u00f3 en vigor el 1 de abril de 2019, los reglamentos emitidos por la Tesorer\u00eda Nacional de Sud\u00e1frica, que ampl\u00edan la definici\u00f3n de \u00abservicios electr\u00f3nicos\u00bb en relaci\u00f3n al IVA, lo cual tendr\u00e1 un importante impacto para las empresas extranjeras que suministran en este pa\u00eds. Entre otros servicios, los afectados son: Publicidad online Consultor\u00eda en l\u00ednea [&hellip;]","og_url":"https:\/\/www.externacorporativo.com\/es\/sudafrica-ampliacion-del-registro-de-iva-para-e-services\/","og_site_name":"Externa","article_published_time":"2023-06-01T07:27:42+00:00","article_modified_time":"2023-06-01T07:27:44+00:00","author":"Programacion","twitter_card":"summary_large_image","twitter_misc":{"Escrito por":"Programacion","Tiempo de lectura":"2 minutos"},"schema":{"@context":"https:\/\/schema.org","@graph":[{"@type":"Article","@id":"https:\/\/www.externacorporativo.com\/es\/sudafrica-ampliacion-del-registro-de-iva-para-e-services\/#article","isPartOf":{"@id":"https:\/\/www.externacorporativo.com\/es\/sudafrica-ampliacion-del-registro-de-iva-para-e-services\/"},"author":{"name":"Programacion","@id":"https:\/\/www.externacorporativo.com\/es\/#\/schema\/person\/bdc7fa484ed4f3510b0ec3c089989e97"},"headline":"SUD\u00c1FRICA: Ampliaci\u00f3n del Registro de IVA para E-Services","datePublished":"2023-06-01T07:27:42+00:00","dateModified":"2023-06-01T07:27:44+00:00","mainEntityOfPage":{"@id":"https:\/\/www.externacorporativo.com\/es\/sudafrica-ampliacion-del-registro-de-iva-para-e-services\/"},"wordCount":323,"commentCount":0,"publisher":{"@id":"https:\/\/www.externacorporativo.com\/es\/#organization"},"inLanguage":"es","potentialAction":[{"@type":"CommentAction","name":"Comment","target":["https:\/\/www.externacorporativo.com\/es\/sudafrica-ampliacion-del-registro-de-iva-para-e-services\/#respond"]}]},{"@type":"WebPage","@id":"https:\/\/www.externacorporativo.com\/es\/sudafrica-ampliacion-del-registro-de-iva-para-e-services\/","url":"https:\/\/www.externacorporativo.com\/es\/sudafrica-ampliacion-del-registro-de-iva-para-e-services\/","name":"SUD\u00c1FRICA: Ampliaci\u00f3n del Registro de IVA para E-Services - Externa","isPartOf":{"@id":"https:\/\/www.externacorporativo.com\/es\/#website"},"datePublished":"2023-06-01T07:27:42+00:00","dateModified":"2023-06-01T07:27:44+00:00","breadcrumb":{"@id":"https:\/\/www.externacorporativo.com\/es\/sudafrica-ampliacion-del-registro-de-iva-para-e-services\/#breadcrumb"},"inLanguage":"es","potentialAction":[{"@type":"ReadAction","target":["https:\/\/www.externacorporativo.com\/es\/sudafrica-ampliacion-del-registro-de-iva-para-e-services\/"]}]},{"@type":"BreadcrumbList","@id":"https:\/\/www.externacorporativo.com\/es\/sudafrica-ampliacion-del-registro-de-iva-para-e-services\/#breadcrumb","itemListElement":[{"@type":"ListItem","position":1,"name":"Portada","item":"https:\/\/www.externacorporativo.com\/es\/"},{"@type":"ListItem","position":2,"name":"SUD\u00c1FRICA: Ampliaci\u00f3n del Registro de IVA para E-Services"}]},{"@type":"WebSite","@id":"https:\/\/www.externacorporativo.com\/es\/#website","url":"https:\/\/www.externacorporativo.com\/es\/","name":"Externa","description":"","publisher":{"@id":"https:\/\/www.externacorporativo.com\/es\/#organization"},"potentialAction":[{"@type":"SearchAction","target":{"@type":"EntryPoint","urlTemplate":"https:\/\/www.externacorporativo.com\/es\/?s={search_term_string}"},"query-input":"required name=search_term_string"}],"inLanguage":"es"},{"@type":"Organization","@id":"https:\/\/www.externacorporativo.com\/es\/#organization","name":"Externa","url":"https:\/\/www.externacorporativo.com\/es\/","logo":{"@type":"ImageObject","inLanguage":"es","@id":"https:\/\/www.externacorporativo.com\/es\/#\/schema\/logo\/image\/","url":"https:\/\/www.externacorporativo.com\/wp-content\/uploads\/2023\/04\/Sin-nombre.png","contentUrl":"https:\/\/www.externacorporativo.com\/wp-content\/uploads\/2023\/04\/Sin-nombre.png","width":297,"height":109,"caption":"Externa"},"image":{"@id":"https:\/\/www.externacorporativo.com\/es\/#\/schema\/logo\/image\/"}},{"@type":"Person","@id":"https:\/\/www.externacorporativo.com\/es\/#\/schema\/person\/bdc7fa484ed4f3510b0ec3c089989e97","name":"Programacion","image":{"@type":"ImageObject","inLanguage":"es","@id":"https:\/\/www.externacorporativo.com\/es\/#\/schema\/person\/image\/","url":"https:\/\/secure.gravatar.com\/avatar\/b46a7287724b495183c8c832facd7442?s=96&d=mm&r=g","contentUrl":"https:\/\/secure.gravatar.com\/avatar\/b46a7287724b495183c8c832facd7442?s=96&d=mm&r=g","caption":"Programacion"},"url":"https:\/\/www.externacorporativo.com\/es\/author\/programacion\/"}]}},"_links":{"self":[{"href":"https:\/\/www.externacorporativo.com\/es\/wp-json\/wp\/v2\/posts\/1586"}],"collection":[{"href":"https:\/\/www.externacorporativo.com\/es\/wp-json\/wp\/v2\/posts"}],"about":[{"href":"https:\/\/www.externacorporativo.com\/es\/wp-json\/wp\/v2\/types\/post"}],"author":[{"embeddable":true,"href":"https:\/\/www.externacorporativo.com\/es\/wp-json\/wp\/v2\/users\/2"}],"replies":[{"embeddable":true,"href":"https:\/\/www.externacorporativo.com\/es\/wp-json\/wp\/v2\/comments?post=1586"}],"version-history":[{"count":1,"href":"https:\/\/www.externacorporativo.com\/es\/wp-json\/wp\/v2\/posts\/1586\/revisions"}],"predecessor-version":[{"id":2428,"href":"https:\/\/www.externacorporativo.com\/es\/wp-json\/wp\/v2\/posts\/1586\/revisions\/2428"}],"wp:attachment":[{"href":"https:\/\/www.externacorporativo.com\/es\/wp-json\/wp\/v2\/media?parent=1586"}],"wp:term":[{"taxonomy":"category","embeddable":true,"href":"https:\/\/www.externacorporativo.com\/es\/wp-json\/wp\/v2\/categories?post=1586"},{"taxonomy":"post_tag","embeddable":true,"href":"https:\/\/www.externacorporativo.com\/es\/wp-json\/wp\/v2\/tags?post=1586"}],"curies":[{"name":"wp","href":"https:\/\/api.w.org\/{rel}","templated":true}]}}