{"id":1594,"date":"2023-06-01T07:27:45","date_gmt":"2023-06-01T07:27:45","guid":{"rendered":"https:\/\/www.externacorporativo.com\/union-europea-holanda-registro-de-titular-real-ultimo-3\/"},"modified":"2023-06-01T07:27:45","modified_gmt":"2023-06-01T07:27:45","slug":"union-europea-holanda-registro-de-titular-real-ultimo-3","status":"publish","type":"post","link":"https:\/\/www.externacorporativo.com\/es\/union-europea-holanda-registro-de-titular-real-ultimo-3\/","title":{"rendered":"UNI\u00d3N EUROPEA:  HOLANDA. Registro de titular real \u00faltimo."},"content":{"rendered":"<p style=\"text-align: justify;\">El Ministro de Finanzas de los Pa\u00edses Bajos, envi\u00f3 a la C\u00e1mara de Representantes el pasado 4 de abril, una propuesta, a\u00fan pendiente de aprobaci\u00f3n formal, para implementar un registro de beneficiarios finales (UBO) para las empresas y otras personas jur\u00eddicas.<\/p>\n<p style=\"text-align: justify;\">El Registro UBO, se integrar\u00e1 en el registro comercial holand\u00e9s y, por lo tanto, estar\u00e1 bajo la administraci\u00f3n de la C\u00e1mara de Comercio. Ser\u00e1 un registro centralizado de los beneficiarios finales de las empresas y otras corporaciones, establecidas en los Pa\u00edses Bajos, y se har\u00e1 efectivo como muy tarde, el 10 de enero de 2020.<\/p>\n<p style=\"text-align: justify;\">Este Registro persigue aumentar la transparencia sobre el beneficiario final de las empresas, y combatir los delitos financieros y econ\u00f3micos, la evasi\u00f3n fiscal y el blanqueo de capitales, entre otros objetivos, implementando as\u00ed las Directivas UE 849\/2015 y 843\/2018 de prevenci\u00f3n de estos delitos financieros.<\/p>\n<p style=\"text-align: justify;\">Las entidades obligadas a registrar la informaci\u00f3n de sus UBO ser\u00e1n: Sociedades limitadas (BV), sociedades an\u00f3nimas (NV), compa\u00f1\u00edas p\u00fablicas europeas (sociedades an\u00f3nimas europeas, agrupaciones europeas de inter\u00e9s econ\u00f3mico, empresas y cooperativas europeas.<\/p>\n<p style=\"text-align: justify;\">Sin embargo, las empresas unipersonales, empresas p\u00fablicas, iglesias, asociaciones de propietarios, ciertos tipos de entidades legales hist\u00f3ricas y entidades legales extranjeras con oficina principal o sucursal en los Pa\u00edses Bajos estar\u00e1n exentos de la obligaci\u00f3n de registrar informaci\u00f3n de su UBO.<\/p>\n<p style=\"text-align: justify;\">Tambi\u00e9n estar\u00e1n exentas las empresas sujetas a los requisitos de divulgaci\u00f3n de la Directiva de Transparencia de la UE.<\/p>\n<p style=\"text-align: justify;\">El no cumplir con esta obligaci\u00f3n supondr\u00e1 un delito econ\u00f3mico, y podr\u00e1 ser sancionado con prisi\u00f3n, servicios a la comunidad o multa econ\u00f3mica. Adem\u00e1s, se podr\u00e1n imponer sanciones adicionales, como la descalificaci\u00f3n de la pr\u00e1ctica profesional del director, o el cierre total o parcial de la empresa.<\/p>\n<p style=\"text-align: justify;\">El retraso en la presentaci\u00f3n de la dicha informaci\u00f3n sobre el UBO (titular o beneficiario real \u00faltimo) tambi\u00e9n conllevar\u00e1 sanciones administrativas.<\/p>\n","protected":false},"excerpt":{"rendered":"<p>El Ministro de Finanzas de los Pa\u00edses Bajos, envi\u00f3 a la C\u00e1mara de Representantes el pasado 4 de abril, una propuesta, a\u00fan pendiente de aprobaci\u00f3n formal, para implementar un registro de beneficiarios finales (UBO) para las empresas y otras personas jur\u00eddicas. El Registro UBO, se integrar\u00e1 en el registro comercial holand\u00e9s y, por lo tanto, [&hellip;]<\/p>\n","protected":false},"author":2,"featured_media":0,"comment_status":"open","ping_status":"open","sticky":false,"template":"","format":"standard","meta":[],"categories":[],"tags":[],"yoast_head":"<!-- This site is optimized with the Yoast SEO plugin v20.0 - https:\/\/yoast.com\/wordpress\/plugins\/seo\/ -->\n<title>UNI\u00d3N EUROPEA: HOLANDA. Registro de titular real \u00faltimo. - Externa<\/title>\n<meta name=\"robots\" content=\"index, follow, max-snippet:-1, max-image-preview:large, max-video-preview:-1\" \/>\n<link rel=\"canonical\" href=\"https:\/\/www.externacorporativo.com\/es\/union-europea-holanda-registro-de-titular-real-ultimo-3\/\" \/>\n<meta property=\"og:locale\" content=\"es_ES\" \/>\n<meta property=\"og:type\" content=\"article\" \/>\n<meta property=\"og:title\" content=\"UNI\u00d3N EUROPEA: HOLANDA. Registro de titular real \u00faltimo. - Externa\" \/>\n<meta property=\"og:description\" content=\"El Ministro de Finanzas de los Pa\u00edses Bajos, envi\u00f3 a la C\u00e1mara de Representantes el pasado 4 de abril, una propuesta, a\u00fan pendiente de aprobaci\u00f3n formal, para implementar un registro de beneficiarios finales (UBO) para las empresas y otras personas jur\u00eddicas. El Registro UBO, se integrar\u00e1 en el registro comercial holand\u00e9s y, por lo tanto, [&hellip;]\" \/>\n<meta property=\"og:url\" content=\"https:\/\/www.externacorporativo.com\/es\/union-europea-holanda-registro-de-titular-real-ultimo-3\/\" \/>\n<meta property=\"og:site_name\" content=\"Externa\" \/>\n<meta property=\"article:published_time\" content=\"2023-06-01T07:27:45+00:00\" \/>\n<meta name=\"author\" content=\"Programacion\" \/>\n<meta name=\"twitter:card\" content=\"summary_large_image\" \/>\n<meta name=\"twitter:label1\" content=\"Escrito por\" \/>\n\t<meta name=\"twitter:data1\" content=\"Programacion\" \/>\n\t<meta name=\"twitter:label2\" content=\"Tiempo de lectura\" \/>\n\t<meta name=\"twitter:data2\" content=\"2 minutos\" \/>\n<script type=\"application\/ld+json\" class=\"yoast-schema-graph\">{\"@context\":\"https:\/\/schema.org\",\"@graph\":[{\"@type\":\"Article\",\"@id\":\"https:\/\/www.externacorporativo.com\/es\/union-europea-holanda-registro-de-titular-real-ultimo-3\/#article\",\"isPartOf\":{\"@id\":\"https:\/\/www.externacorporativo.com\/es\/union-europea-holanda-registro-de-titular-real-ultimo-3\/\"},\"author\":{\"name\":\"Programacion\",\"@id\":\"https:\/\/www.externacorporativo.com\/es\/#\/schema\/person\/bdc7fa484ed4f3510b0ec3c089989e97\"},\"headline\":\"UNI\u00d3N EUROPEA: HOLANDA. Registro de titular real \u00faltimo.\",\"datePublished\":\"2023-06-01T07:27:45+00:00\",\"dateModified\":\"2023-06-01T07:27:45+00:00\",\"mainEntityOfPage\":{\"@id\":\"https:\/\/www.externacorporativo.com\/es\/union-europea-holanda-registro-de-titular-real-ultimo-3\/\"},\"wordCount\":345,\"commentCount\":0,\"publisher\":{\"@id\":\"https:\/\/www.externacorporativo.com\/es\/#organization\"},\"inLanguage\":\"es\",\"potentialAction\":[{\"@type\":\"CommentAction\",\"name\":\"Comment\",\"target\":[\"https:\/\/www.externacorporativo.com\/es\/union-europea-holanda-registro-de-titular-real-ultimo-3\/#respond\"]}]},{\"@type\":\"WebPage\",\"@id\":\"https:\/\/www.externacorporativo.com\/es\/union-europea-holanda-registro-de-titular-real-ultimo-3\/\",\"url\":\"https:\/\/www.externacorporativo.com\/es\/union-europea-holanda-registro-de-titular-real-ultimo-3\/\",\"name\":\"UNI\u00d3N EUROPEA: HOLANDA. Registro de titular real \u00faltimo. - Externa\",\"isPartOf\":{\"@id\":\"https:\/\/www.externacorporativo.com\/es\/#website\"},\"datePublished\":\"2023-06-01T07:27:45+00:00\",\"dateModified\":\"2023-06-01T07:27:45+00:00\",\"breadcrumb\":{\"@id\":\"https:\/\/www.externacorporativo.com\/es\/union-europea-holanda-registro-de-titular-real-ultimo-3\/#breadcrumb\"},\"inLanguage\":\"es\",\"potentialAction\":[{\"@type\":\"ReadAction\",\"target\":[\"https:\/\/www.externacorporativo.com\/es\/union-europea-holanda-registro-de-titular-real-ultimo-3\/\"]}]},{\"@type\":\"BreadcrumbList\",\"@id\":\"https:\/\/www.externacorporativo.com\/es\/union-europea-holanda-registro-de-titular-real-ultimo-3\/#breadcrumb\",\"itemListElement\":[{\"@type\":\"ListItem\",\"position\":1,\"name\":\"Portada\",\"item\":\"https:\/\/www.externacorporativo.com\/es\/\"},{\"@type\":\"ListItem\",\"position\":2,\"name\":\"UNI\u00d3N EUROPEA: HOLANDA. Registro de titular real \u00faltimo.\"}]},{\"@type\":\"WebSite\",\"@id\":\"https:\/\/www.externacorporativo.com\/es\/#website\",\"url\":\"https:\/\/www.externacorporativo.com\/es\/\",\"name\":\"Externa\",\"description\":\"\",\"publisher\":{\"@id\":\"https:\/\/www.externacorporativo.com\/es\/#organization\"},\"potentialAction\":[{\"@type\":\"SearchAction\",\"target\":{\"@type\":\"EntryPoint\",\"urlTemplate\":\"https:\/\/www.externacorporativo.com\/es\/?s={search_term_string}\"},\"query-input\":\"required name=search_term_string\"}],\"inLanguage\":\"es\"},{\"@type\":\"Organization\",\"@id\":\"https:\/\/www.externacorporativo.com\/es\/#organization\",\"name\":\"Externa\",\"url\":\"https:\/\/www.externacorporativo.com\/es\/\",\"logo\":{\"@type\":\"ImageObject\",\"inLanguage\":\"es\",\"@id\":\"https:\/\/www.externacorporativo.com\/es\/#\/schema\/logo\/image\/\",\"url\":\"https:\/\/www.externacorporativo.com\/wp-content\/uploads\/2023\/04\/Sin-nombre.png\",\"contentUrl\":\"https:\/\/www.externacorporativo.com\/wp-content\/uploads\/2023\/04\/Sin-nombre.png\",\"width\":297,\"height\":109,\"caption\":\"Externa\"},\"image\":{\"@id\":\"https:\/\/www.externacorporativo.com\/es\/#\/schema\/logo\/image\/\"}},{\"@type\":\"Person\",\"@id\":\"https:\/\/www.externacorporativo.com\/es\/#\/schema\/person\/bdc7fa484ed4f3510b0ec3c089989e97\",\"name\":\"Programacion\",\"image\":{\"@type\":\"ImageObject\",\"inLanguage\":\"es\",\"@id\":\"https:\/\/www.externacorporativo.com\/es\/#\/schema\/person\/image\/\",\"url\":\"https:\/\/secure.gravatar.com\/avatar\/b46a7287724b495183c8c832facd7442?s=96&d=mm&r=g\",\"contentUrl\":\"https:\/\/secure.gravatar.com\/avatar\/b46a7287724b495183c8c832facd7442?s=96&d=mm&r=g\",\"caption\":\"Programacion\"},\"url\":\"https:\/\/www.externacorporativo.com\/es\/author\/programacion\/\"}]}<\/script>\n<!-- \/ Yoast SEO plugin. -->","yoast_head_json":{"title":"UNI\u00d3N EUROPEA: HOLANDA. Registro de titular real \u00faltimo. - Externa","robots":{"index":"index","follow":"follow","max-snippet":"max-snippet:-1","max-image-preview":"max-image-preview:large","max-video-preview":"max-video-preview:-1"},"canonical":"https:\/\/www.externacorporativo.com\/es\/union-europea-holanda-registro-de-titular-real-ultimo-3\/","og_locale":"es_ES","og_type":"article","og_title":"UNI\u00d3N EUROPEA: HOLANDA. Registro de titular real \u00faltimo. - Externa","og_description":"El Ministro de Finanzas de los Pa\u00edses Bajos, envi\u00f3 a la C\u00e1mara de Representantes el pasado 4 de abril, una propuesta, a\u00fan pendiente de aprobaci\u00f3n formal, para implementar un registro de beneficiarios finales (UBO) para las empresas y otras personas jur\u00eddicas. El Registro UBO, se integrar\u00e1 en el registro comercial holand\u00e9s y, por lo tanto, [&hellip;]","og_url":"https:\/\/www.externacorporativo.com\/es\/union-europea-holanda-registro-de-titular-real-ultimo-3\/","og_site_name":"Externa","article_published_time":"2023-06-01T07:27:45+00:00","author":"Programacion","twitter_card":"summary_large_image","twitter_misc":{"Escrito por":"Programacion","Tiempo de lectura":"2 minutos"},"schema":{"@context":"https:\/\/schema.org","@graph":[{"@type":"Article","@id":"https:\/\/www.externacorporativo.com\/es\/union-europea-holanda-registro-de-titular-real-ultimo-3\/#article","isPartOf":{"@id":"https:\/\/www.externacorporativo.com\/es\/union-europea-holanda-registro-de-titular-real-ultimo-3\/"},"author":{"name":"Programacion","@id":"https:\/\/www.externacorporativo.com\/es\/#\/schema\/person\/bdc7fa484ed4f3510b0ec3c089989e97"},"headline":"UNI\u00d3N EUROPEA: HOLANDA. Registro de titular real \u00faltimo.","datePublished":"2023-06-01T07:27:45+00:00","dateModified":"2023-06-01T07:27:45+00:00","mainEntityOfPage":{"@id":"https:\/\/www.externacorporativo.com\/es\/union-europea-holanda-registro-de-titular-real-ultimo-3\/"},"wordCount":345,"commentCount":0,"publisher":{"@id":"https:\/\/www.externacorporativo.com\/es\/#organization"},"inLanguage":"es","potentialAction":[{"@type":"CommentAction","name":"Comment","target":["https:\/\/www.externacorporativo.com\/es\/union-europea-holanda-registro-de-titular-real-ultimo-3\/#respond"]}]},{"@type":"WebPage","@id":"https:\/\/www.externacorporativo.com\/es\/union-europea-holanda-registro-de-titular-real-ultimo-3\/","url":"https:\/\/www.externacorporativo.com\/es\/union-europea-holanda-registro-de-titular-real-ultimo-3\/","name":"UNI\u00d3N EUROPEA: HOLANDA. Registro de titular real \u00faltimo. - Externa","isPartOf":{"@id":"https:\/\/www.externacorporativo.com\/es\/#website"},"datePublished":"2023-06-01T07:27:45+00:00","dateModified":"2023-06-01T07:27:45+00:00","breadcrumb":{"@id":"https:\/\/www.externacorporativo.com\/es\/union-europea-holanda-registro-de-titular-real-ultimo-3\/#breadcrumb"},"inLanguage":"es","potentialAction":[{"@type":"ReadAction","target":["https:\/\/www.externacorporativo.com\/es\/union-europea-holanda-registro-de-titular-real-ultimo-3\/"]}]},{"@type":"BreadcrumbList","@id":"https:\/\/www.externacorporativo.com\/es\/union-europea-holanda-registro-de-titular-real-ultimo-3\/#breadcrumb","itemListElement":[{"@type":"ListItem","position":1,"name":"Portada","item":"https:\/\/www.externacorporativo.com\/es\/"},{"@type":"ListItem","position":2,"name":"UNI\u00d3N EUROPEA: HOLANDA. Registro de titular real \u00faltimo."}]},{"@type":"WebSite","@id":"https:\/\/www.externacorporativo.com\/es\/#website","url":"https:\/\/www.externacorporativo.com\/es\/","name":"Externa","description":"","publisher":{"@id":"https:\/\/www.externacorporativo.com\/es\/#organization"},"potentialAction":[{"@type":"SearchAction","target":{"@type":"EntryPoint","urlTemplate":"https:\/\/www.externacorporativo.com\/es\/?s={search_term_string}"},"query-input":"required name=search_term_string"}],"inLanguage":"es"},{"@type":"Organization","@id":"https:\/\/www.externacorporativo.com\/es\/#organization","name":"Externa","url":"https:\/\/www.externacorporativo.com\/es\/","logo":{"@type":"ImageObject","inLanguage":"es","@id":"https:\/\/www.externacorporativo.com\/es\/#\/schema\/logo\/image\/","url":"https:\/\/www.externacorporativo.com\/wp-content\/uploads\/2023\/04\/Sin-nombre.png","contentUrl":"https:\/\/www.externacorporativo.com\/wp-content\/uploads\/2023\/04\/Sin-nombre.png","width":297,"height":109,"caption":"Externa"},"image":{"@id":"https:\/\/www.externacorporativo.com\/es\/#\/schema\/logo\/image\/"}},{"@type":"Person","@id":"https:\/\/www.externacorporativo.com\/es\/#\/schema\/person\/bdc7fa484ed4f3510b0ec3c089989e97","name":"Programacion","image":{"@type":"ImageObject","inLanguage":"es","@id":"https:\/\/www.externacorporativo.com\/es\/#\/schema\/person\/image\/","url":"https:\/\/secure.gravatar.com\/avatar\/b46a7287724b495183c8c832facd7442?s=96&d=mm&r=g","contentUrl":"https:\/\/secure.gravatar.com\/avatar\/b46a7287724b495183c8c832facd7442?s=96&d=mm&r=g","caption":"Programacion"},"url":"https:\/\/www.externacorporativo.com\/es\/author\/programacion\/"}]}},"_links":{"self":[{"href":"https:\/\/www.externacorporativo.com\/es\/wp-json\/wp\/v2\/posts\/1594"}],"collection":[{"href":"https:\/\/www.externacorporativo.com\/es\/wp-json\/wp\/v2\/posts"}],"about":[{"href":"https:\/\/www.externacorporativo.com\/es\/wp-json\/wp\/v2\/types\/post"}],"author":[{"embeddable":true,"href":"https:\/\/www.externacorporativo.com\/es\/wp-json\/wp\/v2\/users\/2"}],"replies":[{"embeddable":true,"href":"https:\/\/www.externacorporativo.com\/es\/wp-json\/wp\/v2\/comments?post=1594"}],"version-history":[{"count":1,"href":"https:\/\/www.externacorporativo.com\/es\/wp-json\/wp\/v2\/posts\/1594\/revisions"}],"predecessor-version":[{"id":2436,"href":"https:\/\/www.externacorporativo.com\/es\/wp-json\/wp\/v2\/posts\/1594\/revisions\/2436"}],"wp:attachment":[{"href":"https:\/\/www.externacorporativo.com\/es\/wp-json\/wp\/v2\/media?parent=1594"}],"wp:term":[{"taxonomy":"category","embeddable":true,"href":"https:\/\/www.externacorporativo.com\/es\/wp-json\/wp\/v2\/categories?post=1594"},{"taxonomy":"post_tag","embeddable":true,"href":"https:\/\/www.externacorporativo.com\/es\/wp-json\/wp\/v2\/tags?post=1594"}],"curies":[{"name":"wp","href":"https:\/\/api.w.org\/{rel}","templated":true}]}}