{"id":1627,"date":"2023-06-01T07:27:48","date_gmt":"2023-06-01T07:27:48","guid":{"rendered":"https:\/\/www.externacorporativo.com\/ue-espana-sin-dialogo-la-comision-europea-lleva-a-espana-ante-el-tribunal-de-justicia-de-la-ue-por-el-modelo-720-2\/"},"modified":"2023-06-01T07:27:50","modified_gmt":"2023-06-01T07:27:50","slug":"ue-espana-sin-dialogo-la-comision-europea-lleva-a-espana-ante-el-tribunal-de-justicia-de-la-ue-por-el-modelo-720-2","status":"publish","type":"post","link":"https:\/\/www.externacorporativo.com\/es\/ue-espana-sin-dialogo-la-comision-europea-lleva-a-espana-ante-el-tribunal-de-justicia-de-la-ue-por-el-modelo-720-2\/","title":{"rendered":"UE &#8211; ESPA\u00d1A- Sin Di\u00e1logo &#8211; La Comisi\u00f3n Europea lleva a Espa\u00f1a ante el Tribunal de Justicia de la UE por el modelo 720"},"content":{"rendered":"<p style=\"text-align: justify;\">En el mes de junio, la Comisi\u00f3n ha decidido llevar a Espa\u00f1a ante el Tribunal de Justicia de la UE, por imponer sanciones desproporcionadas a los contribuyentes espa\u00f1oles relacionadas con el Modelo 720.<\/p>\n<p style=\"text-align: justify;\">La Comisi\u00f3n entiende que las multas fijas por incumplimiento de las obligaciones de informaci\u00f3n en virtud del Modelo 720 respecto a los bienes y derechos que se posean en el extranjero, o por la presentaci\u00f3n fuera de plazo de este formulario, son superiores a las impuestas por la Ley General Tributaria en el r\u00e9gimen general para infracciones similares, y las considera desproporcionadas.<\/p>\n<p style=\"text-align: justify;\">Adem\u00e1s, no entiende que se consideren como ganancias patrimoniales no justificadas, los bienes y derechos que no se comuniquen en el Modelo 720, o que se presente fuera de plazo, o que se deniegue la prueba de que la propiedad de los activos viene de un ejercicio fiscal que ya ha prescrito.<\/p>\n<p style=\"text-align: justify;\">El Modelo 720 impone multas de hasta el 150 % de la ganancia patrimonial no justificada, si no se ha declarado o se ha hecho fuera de plazo.<\/p>\n<p style=\"text-align: justify;\">Este procedimiento sancionador contra Espa\u00f1a de la UE, tuvo su primer aviso con el dictamen motivado el 15 de febrero de 2017, del comisario europeo de Asuntos Econ\u00f3micos y Financieros, Fiscalidad y Aduanas, Pierre Moscovici, en el que se dio un plazo al Gobierno de Espa\u00f1a para que cambiara esta normativa y evitar terminar ante los tribunales.<\/p>\n<p style=\"text-align: justify;\">Consideran que Espa\u00f1a est\u00e1 vulnerando las libertades de circulaci\u00f3n\u00a0 de personas y trabajadores, la libertad de establecimiento, la libre prestaci\u00f3n de servicios, as\u00ed como la libre circulaci\u00f3n de capitales,\u00a0 ya que las obligaciones y consecuencias del Modelo 720, pueden disuadir a las personas y a las empresas de invertir y circular libremente por la UE, entrando en conflicto con estas libertades fundamentales de la UE, defini\u00e9ndolo como un r\u00e9gimen de declaraci\u00f3n discriminatorio y desproporcionado.<\/p>\n<p style=\"text-align: justify;\">Espa\u00f1a, por su parte, ha hecho caso omiso de los plazos otorgados, y mantiene el formulario 720; adem\u00e1s las \u00ad\u00ad\u00faltimas resoluciones del Tribunal Econ\u00f3mico-Administrativo Central (TEAC) contradicen la visi\u00f3n de la Comisi\u00f3n, al definir el r\u00e9gimen sancionador del Modelo 720, como una medida para luchar contra el fraude fiscal e incrementar la recaudaci\u00f3n, y en todo caso, que esta obligaci\u00f3n de informaci\u00f3n no atenta contra las libertades comunitarias.<\/p>\n<p style=\"text-align: justify;\">Con el conflicto en el Tribunal de Justicia de la UE,\u00a0 las sanciones consecuencia de la no presentaci\u00f3n o presentaci\u00f3n extempor\u00e1nea del Modelo 720, deber\u00edan\u00a0 revisarse y reclamarse,\u00a0 primero en v\u00eda administrativa,- ante la Agencia Tributaria, y los tribunales econ\u00f3micos administrativos\u00a0 y, en su caso,\u00a0 agotada \u00e9sta, en la contencioso administrativa, tratando de conseguir la suspensi\u00f3n de estas sanciones hasta la resoluci\u00f3n del conflicto, sobre la base de esta supuesta aplicaci\u00f3n de una norma contraria a derecho comunitario.<\/p>\n","protected":false},"excerpt":{"rendered":"<p>En el mes de junio, la Comisi\u00f3n ha decidido llevar a Espa\u00f1a ante el Tribunal de Justicia de la UE, por imponer sanciones desproporcionadas a los contribuyentes espa\u00f1oles relacionadas con el Modelo 720. La Comisi\u00f3n entiende que las multas fijas por incumplimiento de las obligaciones de informaci\u00f3n en virtud del Modelo 720 respecto a los [&hellip;]<\/p>\n","protected":false},"author":2,"featured_media":0,"comment_status":"open","ping_status":"open","sticky":false,"template":"","format":"standard","meta":[],"categories":[],"tags":[],"yoast_head":"<!-- This site is optimized with the Yoast SEO plugin v20.0 - https:\/\/yoast.com\/wordpress\/plugins\/seo\/ -->\n<title>UE - ESPA\u00d1A- Sin Di\u00e1logo - La Comisi\u00f3n Europea lleva a Espa\u00f1a ante el Tribunal de Justicia de la UE por el modelo 720 - Externa<\/title>\n<meta name=\"robots\" content=\"index, follow, max-snippet:-1, max-image-preview:large, max-video-preview:-1\" \/>\n<link rel=\"canonical\" href=\"https:\/\/www.externacorporativo.com\/es\/ue-espana-sin-dialogo-la-comision-europea-lleva-a-espana-ante-el-tribunal-de-justicia-de-la-ue-por-el-modelo-720-2\/\" \/>\n<meta property=\"og:locale\" content=\"es_ES\" \/>\n<meta property=\"og:type\" content=\"article\" \/>\n<meta property=\"og:title\" content=\"UE - ESPA\u00d1A- Sin Di\u00e1logo - La Comisi\u00f3n Europea lleva a Espa\u00f1a ante el Tribunal de Justicia de la UE por el modelo 720 - Externa\" \/>\n<meta property=\"og:description\" content=\"En el mes de junio, la Comisi\u00f3n ha decidido llevar a Espa\u00f1a ante el Tribunal de Justicia de la UE, por imponer sanciones desproporcionadas a los contribuyentes espa\u00f1oles relacionadas con el Modelo 720. La Comisi\u00f3n entiende que las multas fijas por incumplimiento de las obligaciones de informaci\u00f3n en virtud del Modelo 720 respecto a los [&hellip;]\" \/>\n<meta property=\"og:url\" content=\"https:\/\/www.externacorporativo.com\/es\/ue-espana-sin-dialogo-la-comision-europea-lleva-a-espana-ante-el-tribunal-de-justicia-de-la-ue-por-el-modelo-720-2\/\" \/>\n<meta property=\"og:site_name\" content=\"Externa\" \/>\n<meta property=\"article:published_time\" content=\"2023-06-01T07:27:48+00:00\" \/>\n<meta property=\"article:modified_time\" content=\"2023-06-01T07:27:50+00:00\" \/>\n<meta name=\"author\" content=\"Programacion\" \/>\n<meta name=\"twitter:card\" content=\"summary_large_image\" \/>\n<meta name=\"twitter:label1\" content=\"Escrito por\" \/>\n\t<meta name=\"twitter:data1\" content=\"Programacion\" \/>\n\t<meta name=\"twitter:label2\" content=\"Tiempo de lectura\" \/>\n\t<meta name=\"twitter:data2\" content=\"2 minutos\" \/>\n<script type=\"application\/ld+json\" class=\"yoast-schema-graph\">{\"@context\":\"https:\/\/schema.org\",\"@graph\":[{\"@type\":\"Article\",\"@id\":\"https:\/\/www.externacorporativo.com\/es\/ue-espana-sin-dialogo-la-comision-europea-lleva-a-espana-ante-el-tribunal-de-justicia-de-la-ue-por-el-modelo-720-2\/#article\",\"isPartOf\":{\"@id\":\"https:\/\/www.externacorporativo.com\/es\/ue-espana-sin-dialogo-la-comision-europea-lleva-a-espana-ante-el-tribunal-de-justicia-de-la-ue-por-el-modelo-720-2\/\"},\"author\":{\"name\":\"Programacion\",\"@id\":\"https:\/\/www.externacorporativo.com\/es\/#\/schema\/person\/bdc7fa484ed4f3510b0ec3c089989e97\"},\"headline\":\"UE &#8211; ESPA\u00d1A- Sin Di\u00e1logo &#8211; La Comisi\u00f3n Europea lleva a Espa\u00f1a ante el Tribunal de Justicia de la UE por el modelo 720\",\"datePublished\":\"2023-06-01T07:27:48+00:00\",\"dateModified\":\"2023-06-01T07:27:50+00:00\",\"mainEntityOfPage\":{\"@id\":\"https:\/\/www.externacorporativo.com\/es\/ue-espana-sin-dialogo-la-comision-europea-lleva-a-espana-ante-el-tribunal-de-justicia-de-la-ue-por-el-modelo-720-2\/\"},\"wordCount\":504,\"commentCount\":0,\"publisher\":{\"@id\":\"https:\/\/www.externacorporativo.com\/es\/#organization\"},\"inLanguage\":\"es\",\"potentialAction\":[{\"@type\":\"CommentAction\",\"name\":\"Comment\",\"target\":[\"https:\/\/www.externacorporativo.com\/es\/ue-espana-sin-dialogo-la-comision-europea-lleva-a-espana-ante-el-tribunal-de-justicia-de-la-ue-por-el-modelo-720-2\/#respond\"]}]},{\"@type\":\"WebPage\",\"@id\":\"https:\/\/www.externacorporativo.com\/es\/ue-espana-sin-dialogo-la-comision-europea-lleva-a-espana-ante-el-tribunal-de-justicia-de-la-ue-por-el-modelo-720-2\/\",\"url\":\"https:\/\/www.externacorporativo.com\/es\/ue-espana-sin-dialogo-la-comision-europea-lleva-a-espana-ante-el-tribunal-de-justicia-de-la-ue-por-el-modelo-720-2\/\",\"name\":\"UE - ESPA\u00d1A- Sin Di\u00e1logo - La Comisi\u00f3n Europea lleva a Espa\u00f1a ante el Tribunal de Justicia de la UE por el modelo 720 - Externa\",\"isPartOf\":{\"@id\":\"https:\/\/www.externacorporativo.com\/es\/#website\"},\"datePublished\":\"2023-06-01T07:27:48+00:00\",\"dateModified\":\"2023-06-01T07:27:50+00:00\",\"breadcrumb\":{\"@id\":\"https:\/\/www.externacorporativo.com\/es\/ue-espana-sin-dialogo-la-comision-europea-lleva-a-espana-ante-el-tribunal-de-justicia-de-la-ue-por-el-modelo-720-2\/#breadcrumb\"},\"inLanguage\":\"es\",\"potentialAction\":[{\"@type\":\"ReadAction\",\"target\":[\"https:\/\/www.externacorporativo.com\/es\/ue-espana-sin-dialogo-la-comision-europea-lleva-a-espana-ante-el-tribunal-de-justicia-de-la-ue-por-el-modelo-720-2\/\"]}]},{\"@type\":\"BreadcrumbList\",\"@id\":\"https:\/\/www.externacorporativo.com\/es\/ue-espana-sin-dialogo-la-comision-europea-lleva-a-espana-ante-el-tribunal-de-justicia-de-la-ue-por-el-modelo-720-2\/#breadcrumb\",\"itemListElement\":[{\"@type\":\"ListItem\",\"position\":1,\"name\":\"Portada\",\"item\":\"https:\/\/www.externacorporativo.com\/es\/\"},{\"@type\":\"ListItem\",\"position\":2,\"name\":\"UE &#8211; ESPA\u00d1A- Sin Di\u00e1logo &#8211; La Comisi\u00f3n Europea lleva a Espa\u00f1a ante el Tribunal de Justicia de la UE por el modelo 720\"}]},{\"@type\":\"WebSite\",\"@id\":\"https:\/\/www.externacorporativo.com\/es\/#website\",\"url\":\"https:\/\/www.externacorporativo.com\/es\/\",\"name\":\"Externa\",\"description\":\"\",\"publisher\":{\"@id\":\"https:\/\/www.externacorporativo.com\/es\/#organization\"},\"potentialAction\":[{\"@type\":\"SearchAction\",\"target\":{\"@type\":\"EntryPoint\",\"urlTemplate\":\"https:\/\/www.externacorporativo.com\/es\/?s={search_term_string}\"},\"query-input\":\"required name=search_term_string\"}],\"inLanguage\":\"es\"},{\"@type\":\"Organization\",\"@id\":\"https:\/\/www.externacorporativo.com\/es\/#organization\",\"name\":\"Externa\",\"url\":\"https:\/\/www.externacorporativo.com\/es\/\",\"logo\":{\"@type\":\"ImageObject\",\"inLanguage\":\"es\",\"@id\":\"https:\/\/www.externacorporativo.com\/es\/#\/schema\/logo\/image\/\",\"url\":\"https:\/\/www.externacorporativo.com\/wp-content\/uploads\/2023\/04\/Sin-nombre.png\",\"contentUrl\":\"https:\/\/www.externacorporativo.com\/wp-content\/uploads\/2023\/04\/Sin-nombre.png\",\"width\":297,\"height\":109,\"caption\":\"Externa\"},\"image\":{\"@id\":\"https:\/\/www.externacorporativo.com\/es\/#\/schema\/logo\/image\/\"}},{\"@type\":\"Person\",\"@id\":\"https:\/\/www.externacorporativo.com\/es\/#\/schema\/person\/bdc7fa484ed4f3510b0ec3c089989e97\",\"name\":\"Programacion\",\"image\":{\"@type\":\"ImageObject\",\"inLanguage\":\"es\",\"@id\":\"https:\/\/www.externacorporativo.com\/es\/#\/schema\/person\/image\/\",\"url\":\"https:\/\/secure.gravatar.com\/avatar\/b46a7287724b495183c8c832facd7442?s=96&d=mm&r=g\",\"contentUrl\":\"https:\/\/secure.gravatar.com\/avatar\/b46a7287724b495183c8c832facd7442?s=96&d=mm&r=g\",\"caption\":\"Programacion\"},\"url\":\"https:\/\/www.externacorporativo.com\/es\/author\/programacion\/\"}]}<\/script>\n<!-- \/ Yoast SEO plugin. -->","yoast_head_json":{"title":"UE - ESPA\u00d1A- Sin Di\u00e1logo - La Comisi\u00f3n Europea lleva a Espa\u00f1a ante el Tribunal de Justicia de la UE por el modelo 720 - Externa","robots":{"index":"index","follow":"follow","max-snippet":"max-snippet:-1","max-image-preview":"max-image-preview:large","max-video-preview":"max-video-preview:-1"},"canonical":"https:\/\/www.externacorporativo.com\/es\/ue-espana-sin-dialogo-la-comision-europea-lleva-a-espana-ante-el-tribunal-de-justicia-de-la-ue-por-el-modelo-720-2\/","og_locale":"es_ES","og_type":"article","og_title":"UE - ESPA\u00d1A- Sin Di\u00e1logo - La Comisi\u00f3n Europea lleva a Espa\u00f1a ante el Tribunal de Justicia de la UE por el modelo 720 - Externa","og_description":"En el mes de junio, la Comisi\u00f3n ha decidido llevar a Espa\u00f1a ante el Tribunal de Justicia de la UE, por imponer sanciones desproporcionadas a los contribuyentes espa\u00f1oles relacionadas con el Modelo 720. La Comisi\u00f3n entiende que las multas fijas por incumplimiento de las obligaciones de informaci\u00f3n en virtud del Modelo 720 respecto a los [&hellip;]","og_url":"https:\/\/www.externacorporativo.com\/es\/ue-espana-sin-dialogo-la-comision-europea-lleva-a-espana-ante-el-tribunal-de-justicia-de-la-ue-por-el-modelo-720-2\/","og_site_name":"Externa","article_published_time":"2023-06-01T07:27:48+00:00","article_modified_time":"2023-06-01T07:27:50+00:00","author":"Programacion","twitter_card":"summary_large_image","twitter_misc":{"Escrito por":"Programacion","Tiempo de lectura":"2 minutos"},"schema":{"@context":"https:\/\/schema.org","@graph":[{"@type":"Article","@id":"https:\/\/www.externacorporativo.com\/es\/ue-espana-sin-dialogo-la-comision-europea-lleva-a-espana-ante-el-tribunal-de-justicia-de-la-ue-por-el-modelo-720-2\/#article","isPartOf":{"@id":"https:\/\/www.externacorporativo.com\/es\/ue-espana-sin-dialogo-la-comision-europea-lleva-a-espana-ante-el-tribunal-de-justicia-de-la-ue-por-el-modelo-720-2\/"},"author":{"name":"Programacion","@id":"https:\/\/www.externacorporativo.com\/es\/#\/schema\/person\/bdc7fa484ed4f3510b0ec3c089989e97"},"headline":"UE &#8211; ESPA\u00d1A- Sin Di\u00e1logo &#8211; La Comisi\u00f3n Europea lleva a Espa\u00f1a ante el Tribunal de Justicia de la UE por el modelo 720","datePublished":"2023-06-01T07:27:48+00:00","dateModified":"2023-06-01T07:27:50+00:00","mainEntityOfPage":{"@id":"https:\/\/www.externacorporativo.com\/es\/ue-espana-sin-dialogo-la-comision-europea-lleva-a-espana-ante-el-tribunal-de-justicia-de-la-ue-por-el-modelo-720-2\/"},"wordCount":504,"commentCount":0,"publisher":{"@id":"https:\/\/www.externacorporativo.com\/es\/#organization"},"inLanguage":"es","potentialAction":[{"@type":"CommentAction","name":"Comment","target":["https:\/\/www.externacorporativo.com\/es\/ue-espana-sin-dialogo-la-comision-europea-lleva-a-espana-ante-el-tribunal-de-justicia-de-la-ue-por-el-modelo-720-2\/#respond"]}]},{"@type":"WebPage","@id":"https:\/\/www.externacorporativo.com\/es\/ue-espana-sin-dialogo-la-comision-europea-lleva-a-espana-ante-el-tribunal-de-justicia-de-la-ue-por-el-modelo-720-2\/","url":"https:\/\/www.externacorporativo.com\/es\/ue-espana-sin-dialogo-la-comision-europea-lleva-a-espana-ante-el-tribunal-de-justicia-de-la-ue-por-el-modelo-720-2\/","name":"UE - ESPA\u00d1A- Sin Di\u00e1logo - La Comisi\u00f3n Europea lleva a Espa\u00f1a ante el Tribunal de Justicia de la UE por el modelo 720 - Externa","isPartOf":{"@id":"https:\/\/www.externacorporativo.com\/es\/#website"},"datePublished":"2023-06-01T07:27:48+00:00","dateModified":"2023-06-01T07:27:50+00:00","breadcrumb":{"@id":"https:\/\/www.externacorporativo.com\/es\/ue-espana-sin-dialogo-la-comision-europea-lleva-a-espana-ante-el-tribunal-de-justicia-de-la-ue-por-el-modelo-720-2\/#breadcrumb"},"inLanguage":"es","potentialAction":[{"@type":"ReadAction","target":["https:\/\/www.externacorporativo.com\/es\/ue-espana-sin-dialogo-la-comision-europea-lleva-a-espana-ante-el-tribunal-de-justicia-de-la-ue-por-el-modelo-720-2\/"]}]},{"@type":"BreadcrumbList","@id":"https:\/\/www.externacorporativo.com\/es\/ue-espana-sin-dialogo-la-comision-europea-lleva-a-espana-ante-el-tribunal-de-justicia-de-la-ue-por-el-modelo-720-2\/#breadcrumb","itemListElement":[{"@type":"ListItem","position":1,"name":"Portada","item":"https:\/\/www.externacorporativo.com\/es\/"},{"@type":"ListItem","position":2,"name":"UE &#8211; ESPA\u00d1A- Sin Di\u00e1logo &#8211; La Comisi\u00f3n Europea lleva a Espa\u00f1a ante el Tribunal de Justicia de la UE por el modelo 720"}]},{"@type":"WebSite","@id":"https:\/\/www.externacorporativo.com\/es\/#website","url":"https:\/\/www.externacorporativo.com\/es\/","name":"Externa","description":"","publisher":{"@id":"https:\/\/www.externacorporativo.com\/es\/#organization"},"potentialAction":[{"@type":"SearchAction","target":{"@type":"EntryPoint","urlTemplate":"https:\/\/www.externacorporativo.com\/es\/?s={search_term_string}"},"query-input":"required name=search_term_string"}],"inLanguage":"es"},{"@type":"Organization","@id":"https:\/\/www.externacorporativo.com\/es\/#organization","name":"Externa","url":"https:\/\/www.externacorporativo.com\/es\/","logo":{"@type":"ImageObject","inLanguage":"es","@id":"https:\/\/www.externacorporativo.com\/es\/#\/schema\/logo\/image\/","url":"https:\/\/www.externacorporativo.com\/wp-content\/uploads\/2023\/04\/Sin-nombre.png","contentUrl":"https:\/\/www.externacorporativo.com\/wp-content\/uploads\/2023\/04\/Sin-nombre.png","width":297,"height":109,"caption":"Externa"},"image":{"@id":"https:\/\/www.externacorporativo.com\/es\/#\/schema\/logo\/image\/"}},{"@type":"Person","@id":"https:\/\/www.externacorporativo.com\/es\/#\/schema\/person\/bdc7fa484ed4f3510b0ec3c089989e97","name":"Programacion","image":{"@type":"ImageObject","inLanguage":"es","@id":"https:\/\/www.externacorporativo.com\/es\/#\/schema\/person\/image\/","url":"https:\/\/secure.gravatar.com\/avatar\/b46a7287724b495183c8c832facd7442?s=96&d=mm&r=g","contentUrl":"https:\/\/secure.gravatar.com\/avatar\/b46a7287724b495183c8c832facd7442?s=96&d=mm&r=g","caption":"Programacion"},"url":"https:\/\/www.externacorporativo.com\/es\/author\/programacion\/"}]}},"_links":{"self":[{"href":"https:\/\/www.externacorporativo.com\/es\/wp-json\/wp\/v2\/posts\/1627"}],"collection":[{"href":"https:\/\/www.externacorporativo.com\/es\/wp-json\/wp\/v2\/posts"}],"about":[{"href":"https:\/\/www.externacorporativo.com\/es\/wp-json\/wp\/v2\/types\/post"}],"author":[{"embeddable":true,"href":"https:\/\/www.externacorporativo.com\/es\/wp-json\/wp\/v2\/users\/2"}],"replies":[{"embeddable":true,"href":"https:\/\/www.externacorporativo.com\/es\/wp-json\/wp\/v2\/comments?post=1627"}],"version-history":[{"count":1,"href":"https:\/\/www.externacorporativo.com\/es\/wp-json\/wp\/v2\/posts\/1627\/revisions"}],"predecessor-version":[{"id":2469,"href":"https:\/\/www.externacorporativo.com\/es\/wp-json\/wp\/v2\/posts\/1627\/revisions\/2469"}],"wp:attachment":[{"href":"https:\/\/www.externacorporativo.com\/es\/wp-json\/wp\/v2\/media?parent=1627"}],"wp:term":[{"taxonomy":"category","embeddable":true,"href":"https:\/\/www.externacorporativo.com\/es\/wp-json\/wp\/v2\/categories?post=1627"},{"taxonomy":"post_tag","embeddable":true,"href":"https:\/\/www.externacorporativo.com\/es\/wp-json\/wp\/v2\/tags?post=1627"}],"curies":[{"name":"wp","href":"https:\/\/api.w.org\/{rel}","templated":true}]}}